{"id":177237,"date":"2020-11-26T09:26:41","date_gmt":"2020-11-26T12:26:41","guid":{"rendered":"https:\/\/franciscanos.org.br\/carisma\/?p=177237"},"modified":"2020-11-26T09:28:17","modified_gmt":"2020-11-26T12:28:17","slug":"orientacoes-de-vida-iii","status":"publish","type":"post","link":"https:\/\/franciscanos.org.br\/carisma\/orientacoes-de-vida-iii.html","title":{"rendered":"Orienta\u00e7\u00f5es de Vida &#8211; III"},"content":{"rendered":"<h3><img loading=\"lazy\" class=\"alignnone size-full wp-image-177238\" src=\"https:\/\/franciscanos.org.br\/carisma\/wp-content\/uploads\/2020\/11\/franciscanos_01.jpg\" alt=\"\" width=\"840\" height=\"450\" srcset=\"https:\/\/franciscanos.org.br\/carisma\/wp-content\/uploads\/2020\/11\/franciscanos_01.jpg 840w, https:\/\/franciscanos.org.br\/carisma\/wp-content\/uploads\/2020\/11\/franciscanos_01-450x241.jpg 450w, https:\/\/franciscanos.org.br\/carisma\/wp-content\/uploads\/2020\/11\/franciscanos_01-768x411.jpg 768w, https:\/\/franciscanos.org.br\/carisma\/wp-content\/uploads\/2020\/11\/franciscanos_01-150x80.jpg 150w\" sizes=\"(max-width: 840px) 100vw, 840px\" \/><\/h3>\n<h3><strong>VIVER COMO IRM\u00c3OS (3)<\/strong><\/h3>\n<p>11. Todo homem \u00e9 um dom do Senhor. Queremos reconhecer em cada ser humano um irm\u00e3o e fazer com que sejamos efetivamente fraternos. Procuraremos nos dirigir a todos sem distin\u00e7\u00f5es de ra\u00e7a, classe, ambiente em que vivem, poder econ\u00f4mico, cultura, religi\u00e3o ou moral. Evitaremos condena\u00e7\u00e3o e ju\u00edzo maldoso e evitaremos as classifica\u00e7\u00f5es com as quais os homens se fecham uns dos outros.<\/p>\n<p>12. Esfor\u00e7ar-nos-emos de manifestar respeito a todo e qualquer ser humano. Haveremos de acolh\u00ea-los. Prestaremos aten\u00e7\u00e3o \u00e0s suas necessidades e expectativas. Adotaremos uma postura de di\u00e1logo e partilha. No servi\u00e7os aos irm\u00e3os mostrar-nos-emos alegres e sem pretens\u00f5es. Queremos amar n\u00e3o em palavras, mas por meio de atos concretos. Estamos convencidos de que o amor \u00e9 a \u00fanica fonte de felicidade para eles e para n\u00f3s.<\/p>\n<p>13. Prestaremos mais aten\u00e7\u00e3o aos pobres, aos desamparados, aos que s\u00e3o entregues a si mesmos, aos que s\u00e3o mal amados.<\/p>\n<p>14. Convencidos de que o homem tem em si a voca\u00e7\u00e3o se tornar irm\u00e3o dos outros aprenderemos a distinguir os m\u00ednimos sinais de amor fraterno entre os homens. Se ainda n\u00e3o conseguimos perceb\u00ea-los antes de nos entregar a v\u00e3os arrependimentos escutaremos melhor o apelo em nosso pr\u00f3prio cora\u00e7\u00e3o.<\/p>\n<p>15. Aceitaremos com plena lucidez todas as solidariedades humanas e as assumiremos crist\u00e3mente. N\u00e3o quereremos ser fraternos apenas com aqueles que encontramos, mas pouco a pouco para todos os homens. Queremos construir um mundo fraterno. Associar-nos-emos a todos os homens de boa vontade para lutar contra os obst\u00e1culos da fraternidade universal: a desigualdade reparti\u00e7\u00e3o dos bens da terra, as m\u00faltiplas formas de opress\u00e3o e de injusti\u00e7a, o racismo, a guerra, a viol\u00eancia, o \u00f3dio. Em nosso horizonte cotidiano e na escala mundial participamos com todos os homens do estabelecimento da justi\u00e7a, da conc\u00f3rdia e da paz.<\/p>\n<p>16.Irm\u00e3os de todos os homens n\u00f3s nos descobriremos irm\u00e3os da cria\u00e7\u00e3o inteira tal como sai das m\u00e3os de Deus e do trabalho do homem. At\u00e9 mesmo a morte vermos como uma irm\u00e3 que nos leva ao Pai e a reencontrar nossos irm\u00e3os.<\/p>\n<p>17. Fazendo-se irm\u00e3o de todos os homens e de toda a cria\u00e7\u00e3o, Francisco soube fazer a paz em si mesmo e com todo ser. Em Cristo, tornou-se um irm\u00e3o universal.<\/p>\n<p><strong>Para refletir<\/strong><br \/>\nUma nota do amor fraternal de Francisco era o encanto que sentia diante de cada irm\u00e3o e da Fraternidade como tal. Cada um dos irm\u00e3os era uma obra de Deus, como um cristal onde faiscava um mist\u00e9rio insond\u00e1vel de amor e de des\u00edgnio do Pai. Da\u00ed a admir\u00e1vel pedagogia com que soube formar os irm\u00e3os que o Senhor lhe deu, respeitando em cada um sua personalidade. O resultado foi a espl\u00eandida galeria de figuras humanas que s\u00e3o os primeiros companheiros do santo todos diferentes e todos perfeitamente irmanados no mesmo seguimento de Cristo.<br \/>\n<em>Frei David Azevedo, OFM<\/em><\/p>\n","protected":false},"excerpt":{"rendered":"<p>Reflex\u00e3o de Frei Almir Guimar\u00e3es<\/p>\n","protected":false},"author":3,"featured_media":177239,"comment_status":"open","ping_status":"open","sticky":false,"template":"","format":"standard","meta":[],"categories":[14],"tags":[47],"yoast_head":"<!-- This site is optimized with the Yoast SEO plugin v19.2 - https:\/\/yoast.com\/wordpress\/plugins\/seo\/ -->\n<title>Orienta\u00e7\u00f5es de Vida - III - Carisma - Franciscanos<\/title>\n<meta name=\"robots\" content=\"index, follow, max-snippet:-1, max-image-preview:large, max-video-preview:-1\" \/>\n<link rel=\"canonical\" href=\"https:\/\/franciscanos.org.br\/carisma\/orientacoes-de-vida-iii.html\" \/>\n<meta property=\"og:locale\" content=\"pt_BR\" \/>\n<meta property=\"og:type\" content=\"article\" \/>\n<meta property=\"og:title\" content=\"Orienta\u00e7\u00f5es de Vida - III - Carisma - Franciscanos\" \/>\n<meta property=\"og:description\" content=\"Reflex\u00e3o de Frei Almir Guimar\u00e3es\" \/>\n<meta property=\"og:url\" content=\"https:\/\/franciscanos.org.br\/carisma\/orientacoes-de-vida-iii.html\" \/>\n<meta property=\"og:site_name\" content=\"Carisma - Franciscanos\" \/>\n<meta property=\"article:published_time\" content=\"2020-11-26T12:26:41+00:00\" \/>\n<meta property=\"article:modified_time\" content=\"2020-11-26T12:28:17+00:00\" \/>\n<meta property=\"og:image\" content=\"https:\/\/franciscanos.org.br\/carisma\/wp-content\/uploads\/2020\/11\/franciscanos_d.jpg\" \/>\n\t<meta property=\"og:image:width\" content=\"800\" \/>\n\t<meta property=\"og:image:height\" content=\"600\" \/>\n\t<meta property=\"og:image:type\" content=\"image\/jpeg\" \/>\n<meta name=\"author\" content=\"moacir\" \/>\n<meta name=\"twitter:card\" content=\"summary_large_image\" \/>\n<meta name=\"twitter:label1\" content=\"Escrito por\" \/>\n\t<meta name=\"twitter:data1\" content=\"moacir\" \/>\n\t<meta name=\"twitter:label2\" content=\"Est. tempo de leitura\" \/>\n\t<meta name=\"twitter:data2\" content=\"3 minutos\" \/>\n<script type=\"application\/ld+json\" class=\"yoast-schema-graph\">{\"@context\":\"https:\/\/schema.org\",\"@graph\":[{\"@type\":\"WebSite\",\"@id\":\"https:\/\/franciscanos.org.br\/carisma\/#website\",\"url\":\"https:\/\/franciscanos.org.br\/carisma\/\",\"name\":\"Carisma - Franciscanos\",\"description\":\"Prov\u00edncia Franciscana da Imaculada Concei\u00e7\u00e3o do Brasil - Ordem dos Frades Menores\",\"potentialAction\":[{\"@type\":\"SearchAction\",\"target\":{\"@type\":\"EntryPoint\",\"urlTemplate\":\"https:\/\/franciscanos.org.br\/carisma\/?s={search_term_string}\"},\"query-input\":\"required name=search_term_string\"}],\"inLanguage\":\"pt-BR\"},{\"@type\":\"ImageObject\",\"inLanguage\":\"pt-BR\",\"@id\":\"https:\/\/franciscanos.org.br\/carisma\/orientacoes-de-vida-iii.html#primaryimage\",\"url\":\"https:\/\/franciscanos.org.br\/carisma\/wp-content\/uploads\/2020\/11\/franciscanos_d.jpg\",\"contentUrl\":\"https:\/\/franciscanos.org.br\/carisma\/wp-content\/uploads\/2020\/11\/franciscanos_d.jpg\",\"width\":800,\"height\":600},{\"@type\":\"WebPage\",\"@id\":\"https:\/\/franciscanos.org.br\/carisma\/orientacoes-de-vida-iii.html#webpage\",\"url\":\"https:\/\/franciscanos.org.br\/carisma\/orientacoes-de-vida-iii.html\",\"name\":\"Orienta\u00e7\u00f5es de Vida - III - Carisma - Franciscanos\",\"isPartOf\":{\"@id\":\"https:\/\/franciscanos.org.br\/carisma\/#website\"},\"primaryImageOfPage\":{\"@id\":\"https:\/\/franciscanos.org.br\/carisma\/orientacoes-de-vida-iii.html#primaryimage\"},\"datePublished\":\"2020-11-26T12:26:41+00:00\",\"dateModified\":\"2020-11-26T12:28:17+00:00\",\"author\":{\"@id\":\"https:\/\/franciscanos.org.br\/carisma\/#\/schema\/person\/bf14cae4d2151ab6b6e41d96660f93a2\"},\"breadcrumb\":{\"@id\":\"https:\/\/franciscanos.org.br\/carisma\/orientacoes-de-vida-iii.html#breadcrumb\"},\"inLanguage\":\"pt-BR\",\"potentialAction\":[{\"@type\":\"ReadAction\",\"target\":[\"https:\/\/franciscanos.org.br\/carisma\/orientacoes-de-vida-iii.html\"]}]},{\"@type\":\"BreadcrumbList\",\"@id\":\"https:\/\/franciscanos.org.br\/carisma\/orientacoes-de-vida-iii.html#breadcrumb\",\"itemListElement\":[{\"@type\":\"ListItem\",\"position\":1,\"name\":\"Home\",\"item\":\"https:\/\/franciscanos.org.br\/carisma\"},{\"@type\":\"ListItem\",\"position\":2,\"name\":\"Orienta\u00e7\u00f5es de Vida &#8211; III\"}]},{\"@type\":\"Person\",\"@id\":\"https:\/\/franciscanos.org.br\/carisma\/#\/schema\/person\/bf14cae4d2151ab6b6e41d96660f93a2\",\"name\":\"moacir\",\"image\":{\"@type\":\"ImageObject\",\"inLanguage\":\"pt-BR\",\"@id\":\"https:\/\/franciscanos.org.br\/carisma\/#\/schema\/person\/image\/\",\"url\":\"https:\/\/secure.gravatar.com\/avatar\/d08aa2ce4c8dd416d4479aa8536fcf64?s=96&d=mm&r=g\",\"contentUrl\":\"https:\/\/secure.gravatar.com\/avatar\/d08aa2ce4c8dd416d4479aa8536fcf64?s=96&d=mm&r=g\",\"caption\":\"moacir\"},\"url\":\"https:\/\/franciscanos.org.br\/carisma\/author\/moacir\"}]}<\/script>\n<!-- \/ Yoast SEO plugin. -->","yoast_head_json":{"title":"Orienta\u00e7\u00f5es de Vida - III - Carisma - Franciscanos","robots":{"index":"index","follow":"follow","max-snippet":"max-snippet:-1","max-image-preview":"max-image-preview:large","max-video-preview":"max-video-preview:-1"},"canonical":"https:\/\/franciscanos.org.br\/carisma\/orientacoes-de-vida-iii.html","og_locale":"pt_BR","og_type":"article","og_title":"Orienta\u00e7\u00f5es de Vida - III - Carisma - Franciscanos","og_description":"Reflex\u00e3o de Frei Almir Guimar\u00e3es","og_url":"https:\/\/franciscanos.org.br\/carisma\/orientacoes-de-vida-iii.html","og_site_name":"Carisma - Franciscanos","article_published_time":"2020-11-26T12:26:41+00:00","article_modified_time":"2020-11-26T12:28:17+00:00","og_image":[{"width":800,"height":600,"url":"https:\/\/franciscanos.org.br\/carisma\/wp-content\/uploads\/2020\/11\/franciscanos_d.jpg","type":"image\/jpeg"}],"author":"moacir","twitter_card":"summary_large_image","twitter_misc":{"Escrito por":"moacir","Est. tempo de leitura":"3 minutos"},"schema":{"@context":"https:\/\/schema.org","@graph":[{"@type":"WebSite","@id":"https:\/\/franciscanos.org.br\/carisma\/#website","url":"https:\/\/franciscanos.org.br\/carisma\/","name":"Carisma - Franciscanos","description":"Prov\u00edncia Franciscana da Imaculada Concei\u00e7\u00e3o do Brasil - Ordem dos Frades Menores","potentialAction":[{"@type":"SearchAction","target":{"@type":"EntryPoint","urlTemplate":"https:\/\/franciscanos.org.br\/carisma\/?s={search_term_string}"},"query-input":"required name=search_term_string"}],"inLanguage":"pt-BR"},{"@type":"ImageObject","inLanguage":"pt-BR","@id":"https:\/\/franciscanos.org.br\/carisma\/orientacoes-de-vida-iii.html#primaryimage","url":"https:\/\/franciscanos.org.br\/carisma\/wp-content\/uploads\/2020\/11\/franciscanos_d.jpg","contentUrl":"https:\/\/franciscanos.org.br\/carisma\/wp-content\/uploads\/2020\/11\/franciscanos_d.jpg","width":800,"height":600},{"@type":"WebPage","@id":"https:\/\/franciscanos.org.br\/carisma\/orientacoes-de-vida-iii.html#webpage","url":"https:\/\/franciscanos.org.br\/carisma\/orientacoes-de-vida-iii.html","name":"Orienta\u00e7\u00f5es de Vida - III - Carisma - Franciscanos","isPartOf":{"@id":"https:\/\/franciscanos.org.br\/carisma\/#website"},"primaryImageOfPage":{"@id":"https:\/\/franciscanos.org.br\/carisma\/orientacoes-de-vida-iii.html#primaryimage"},"datePublished":"2020-11-26T12:26:41+00:00","dateModified":"2020-11-26T12:28:17+00:00","author":{"@id":"https:\/\/franciscanos.org.br\/carisma\/#\/schema\/person\/bf14cae4d2151ab6b6e41d96660f93a2"},"breadcrumb":{"@id":"https:\/\/franciscanos.org.br\/carisma\/orientacoes-de-vida-iii.html#breadcrumb"},"inLanguage":"pt-BR","potentialAction":[{"@type":"ReadAction","target":["https:\/\/franciscanos.org.br\/carisma\/orientacoes-de-vida-iii.html"]}]},{"@type":"BreadcrumbList","@id":"https:\/\/franciscanos.org.br\/carisma\/orientacoes-de-vida-iii.html#breadcrumb","itemListElement":[{"@type":"ListItem","position":1,"name":"Home","item":"https:\/\/franciscanos.org.br\/carisma"},{"@type":"ListItem","position":2,"name":"Orienta\u00e7\u00f5es de Vida &#8211; III"}]},{"@type":"Person","@id":"https:\/\/franciscanos.org.br\/carisma\/#\/schema\/person\/bf14cae4d2151ab6b6e41d96660f93a2","name":"moacir","image":{"@type":"ImageObject","inLanguage":"pt-BR","@id":"https:\/\/franciscanos.org.br\/carisma\/#\/schema\/person\/image\/","url":"https:\/\/secure.gravatar.com\/avatar\/d08aa2ce4c8dd416d4479aa8536fcf64?s=96&d=mm&r=g","contentUrl":"https:\/\/secure.gravatar.com\/avatar\/d08aa2ce4c8dd416d4479aa8536fcf64?s=96&d=mm&r=g","caption":"moacir"},"url":"https:\/\/franciscanos.org.br\/carisma\/author\/moacir"}]}},"_links":{"self":[{"href":"https:\/\/franciscanos.org.br\/carisma\/wp-json\/wp\/v2\/posts\/177237"}],"collection":[{"href":"https:\/\/franciscanos.org.br\/carisma\/wp-json\/wp\/v2\/posts"}],"about":[{"href":"https:\/\/franciscanos.org.br\/carisma\/wp-json\/wp\/v2\/types\/post"}],"author":[{"embeddable":true,"href":"https:\/\/franciscanos.org.br\/carisma\/wp-json\/wp\/v2\/users\/3"}],"replies":[{"embeddable":true,"href":"https:\/\/franciscanos.org.br\/carisma\/wp-json\/wp\/v2\/comments?post=177237"}],"version-history":[{"count":4,"href":"https:\/\/franciscanos.org.br\/carisma\/wp-json\/wp\/v2\/posts\/177237\/revisions"}],"predecessor-version":[{"id":177243,"href":"https:\/\/franciscanos.org.br\/carisma\/wp-json\/wp\/v2\/posts\/177237\/revisions\/177243"}],"wp:featuredmedia":[{"embeddable":true,"href":"https:\/\/franciscanos.org.br\/carisma\/wp-json\/wp\/v2\/media\/177239"}],"wp:attachment":[{"href":"https:\/\/franciscanos.org.br\/carisma\/wp-json\/wp\/v2\/media?parent=177237"}],"wp:term":[{"taxonomy":"category","embeddable":true,"href":"https:\/\/franciscanos.org.br\/carisma\/wp-json\/wp\/v2\/categories?post=177237"},{"taxonomy":"post_tag","embeddable":true,"href":"https:\/\/franciscanos.org.br\/carisma\/wp-json\/wp\/v2\/tags?post=177237"}],"curies":[{"name":"wp","href":"https:\/\/api.w.org\/{rel}","templated":true}]}}