{"id":177136,"date":"2020-09-16T07:31:13","date_gmt":"2020-09-16T10:31:13","guid":{"rendered":"https:\/\/franciscanos.org.br\/carisma\/?p=177136"},"modified":"2020-09-16T07:31:46","modified_gmt":"2020-09-16T10:31:46","slug":"o-calvario-franciscano-plena-identificacao-com-o-seu-senhor","status":"publish","type":"post","link":"https:\/\/franciscanos.org.br\/carisma\/o-calvario-franciscano-plena-identificacao-com-o-seu-senhor.html","title":{"rendered":"O calv\u00e1rio franciscano:  Plena identifica\u00e7\u00e3o com o seu Senhor"},"content":{"rendered":"<p><img loading=\"lazy\" class=\"size-full wp-image-177138 aligncenter\" src=\"https:\/\/franciscanos.org.br\/carisma\/wp-content\/uploads\/2020\/09\/estigmas_francisco_16.jpg\" alt=\"\" width=\"840\" height=\"557\" srcset=\"https:\/\/franciscanos.org.br\/carisma\/wp-content\/uploads\/2020\/09\/estigmas_francisco_16.jpg 840w, https:\/\/franciscanos.org.br\/carisma\/wp-content\/uploads\/2020\/09\/estigmas_francisco_16-450x298.jpg 450w, https:\/\/franciscanos.org.br\/carisma\/wp-content\/uploads\/2020\/09\/estigmas_francisco_16-768x509.jpg 768w, https:\/\/franciscanos.org.br\/carisma\/wp-content\/uploads\/2020\/09\/estigmas_francisco_16-150x99.jpg 150w\" sizes=\"(max-width: 840px) 100vw, 840px\" \/><\/p>\n<p>O lugar onde Francisco mostrou sua grande amizade por Frei Le\u00e3o foi no Monte Alverne. No ver\u00e3o de 1224, o <em>Poverello<\/em> realizou mais uma vez seu grande desejo de retirar-se para aquela alta, rochosa e selv\u00e1tica solid\u00e3o que lhe tinha dado o Conde Orlando, onde o pr\u00f3prio doador tamb\u00e9m constru\u00edra um eremit\u00e9rio, com um orat\u00f3rio e pequenas celas, tudo muito simples e pobre, como agradava a Francisco. Levou consigo os disc\u00edpulos mais amados, entre os quais o de maior confian\u00e7a, seu secret\u00e1rio e confessor, Frei Le\u00e3o.<\/p>\n<p>Um fato aconteceu logo nos primeiros dias. Aproximava-se a festa da Assun\u00e7\u00e3o da Virgem e Francisco procurava um lugar mais solit\u00e1rio e secreto no qual iniciar a &#8220;Quaresma de S\u00e3o Miguel Arcanjo&#8221;. Come\u00e7ou, assim, o jogo de esconde-esconde com Frei Le\u00e3o:<\/p>\n<p style=\"padding-left: 40px;\"><em>&#8211; Vai e fica acima da porta do orat\u00f3rio dos irm\u00e3os, e quando te chamar vem a mim. <\/em><\/p>\n<p style=\"padding-left: 40px;\"><em>Foi Frei Le\u00e3o e ficou acima da porta, e S\u00e3o Francisco se afasta um pouco e chama forte. Frei Le\u00e3o, ouvindo-se chamar, vai a ele e S\u00e3o Francisco lhe diz:<\/em><\/p>\n<p style=\"padding-left: 40px;\"><em>&#8211; Filho, procuremos outro lugar mais secreto onde n\u00e3o me possas ouvir quando te chamar. <\/em><\/p>\n<p style=\"padding-left: 40px;\"><em>E, procurando, viram no flanco do monte, na parte sul, um lugar secreto e muito bem adaptado conforme a inten\u00e7\u00e3o dele. Mas a\u00ed ningu\u00e9m podia ir, porque tinha na frente uma abertura de rochedo muito horr\u00edvel e pavorosa: pelo que, com grande fadiga, puseram por cima um pau \u00e0 maneira de ponte e atravessaram. Ent\u00e3o S\u00e3o Francisco chamou os outros irm\u00e3os e lhes disse como pretendia fazer a Quaresma de S\u00e3o Miguel naquele lugar solit\u00e1rio, e para isso lhes pede que ali lhe fa\u00e7am uma pequena cela, de sorte que nenhum grito seu pudesse ser ouvido por eles&#8230; e lhes disse: <\/em><\/p>\n<p style=\"padding-left: 40px;\"><em>&#8211; Ide ao vosso eremit\u00e9rio e deixai-me aqui sozinho; porque com a ajuda de Deus, pretendo fazer aqui esta Quaresma sem estr\u00e9pito ou perturba\u00e7\u00e3o da mente, e, por isso, nenhum de v\u00f3s me venha ver. Mas tu, Frei Le\u00e3o, somente uma vez por dia vir\u00e1s a mim com um pouco de p\u00e3o e de \u00e1gua, e de noite uma outra vez, na hora de Matinas. Ent\u00e3o vir\u00e1s em sil\u00eancio; e quando estiveres no come\u00e7o da ponte, dir\u00e1s: Abri, Senhor, os meus l\u00e1bios!; e se eu te responder, passa e vem \u00e0 cela e diremos juntos Matinas; e se eu n\u00e3o te responder, parte imediatamente. <\/em><\/p>\n<p style=\"padding-left: 40px;\"><em>E isto dizia S\u00e3o Francisco porque algumas vezes estava t\u00e3o arroubado em Deus que n\u00e3o ouvia nem sentia nada com os sentidos do corpo.<\/em><\/p>\n<p>Daquele momento em diante, todo o milagre do Alverne foi tamb\u00e9m uma excepcional troca de experi\u00eancias entre S\u00e3o Francisco e Frei Le\u00e3o. N\u00e3o s\u00f3 pelo privil\u00e9gio de ser ele o \u00fanico que o atendia e com ele rezava, mas, sobretudo, porque Frei Ovelhinha de Deus, na sua f\u00e9rvida simplicidade e pureza, n\u00e3o se contentava com isso. E aconteceu que uma vez S\u00e3o Francisco n\u00e3o respondeu \u00e0 sauda\u00e7\u00e3o de Frei Le\u00e3o, e este n\u00e3o voltou atr\u00e1s como lhe havia sido ordenado&#8230;<\/p>\n<p style=\"padding-left: 40px;\">\u00a0\u00a0\u00a0\u00a0\u00a0\u00a0\u00a0\u00a0 <em>&#8220;&#8230;mas com inten\u00e7\u00e3o boa e santa, passou a ponte e entrou devagarinho na cela dele; e n\u00e3o o encontrando, pensou que ele estivesse na floresta em algum lugar em ora\u00e7\u00e3o. Pelo que saiu, pois, e ao lume da lua o foi procurando docemente pela floresta: e finalmente ouviu a voz de S\u00e3o Francisco, e aproximando-se, o viu ajoelhado com a face e com as m\u00e3os erguidas para o c\u00e9u, e em fervor de esp\u00edrito dizia: <\/em><\/p>\n<p style=\"padding-left: 40px;\"><em>&#8211; Quem \u00e9s tu, dulc\u00edssimo Deus meu, e quem sou eu, vil\u00edssimo verme e teu in\u00fatil servo?<\/em><\/p>\n<p style=\"padding-left: 40px;\"><em>E estas mesmas palavras sempre repetia e n\u00e3o dizia nenhuma outra coisa. Pela qual coisa Frei Le\u00e3o, maravilhando-se muit\u00edssimo, levantou os olhos e olhou o c\u00e9u, e olhando viu vir do c\u00e9u uma chama de fogo bel\u00edssima e esplend\u00edssima, a qual, descendo, pousou na cabe\u00e7a de S\u00e3o Francisco, e da dita chama ouviu sair uma voz a qual falava com S\u00e3o Francisco; mas Frei Le\u00e3o n\u00e3o entendia as palavras. Vendo isto e reputando-se indigno de estar assim perto daquele lugar santo onde estava aquela admir\u00e1vel apari\u00e7\u00e3o, e temendo ainda ofender S\u00e3o Francisco ou perturb\u00e1-lo em sua consola\u00e7\u00e3o, se dele fosse pressentido, recuou devagarinho e ficando de longe esperava para ver o fim. <\/em><\/p>\n<p style=\"padding-left: 40px;\"><em>E olhando fixamente, viu S\u00e3o Francisco estender tr\u00eas vezes as m\u00e3os para a chama; e finalmente, ap\u00f4s grande espa\u00e7o de tempo, viu a chama voltar para o c\u00e9u. Pelo que se retirou tranquilo e alegre da vis\u00e3o e voltava \u00e0 sua cela. E andando tranquilamente, S\u00e3o Francisco o sentiu pelo estrop\u00edcio dos p\u00e9s sobre as folhas e ordenou-lhe que o esperasse e n\u00e3o se movesse. Ent\u00e3o Frei Le\u00e3o, obediente, ficou firme e esperou-o com tanto medo que, conforme em seguida narrou aos companheiros, naquela ocasi\u00e3o teria preferido que a terra o engolisse a esperar S\u00e3o Francisco, que pensava estar irritado contra ele; porque com suma dilig\u00eancia ele se guardava de ofender sua paternidade, a fim de que, pela sua culpa, S\u00e3o Francisco n\u00e3o o privasse de sua companhia. <\/em><\/p>\n<p style=\"padding-left: 40px;\"><em>Aproximando-se, pois, dele, S\u00e3o Francisco perguntou-lhe:<\/em><em>\u00a0<\/em><\/p>\n<p style=\"padding-left: 40px;\"><em>&#8211; Quem \u00e9s tu? <\/em><\/p>\n<p style=\"padding-left: 40px;\"><em>E Frei Le\u00e3o todo a tremer respondeu: <\/em><\/p>\n<p style=\"padding-left: 40px;\"><em>&#8211; Eu sou Frei Le\u00e3o, pai meu. <\/em><\/p>\n<p style=\"padding-left: 40px;\"><em>E S\u00e3o Francisco lhe disse: <\/em><\/p>\n<p style=\"padding-left: 40px;\"><em>&#8211; Por que vieste aqui, irm\u00e3o Ovelhinha? N\u00e3o te disse que n\u00e3o me ficasses a observar? Dize-me, pela santa obedi\u00eancia, se viste ou ouviste alguma coisa. <\/em><\/p>\n<p style=\"padding-left: 40px;\"><em>Respondeu Frei Le\u00e3o: <\/em><\/p>\n<p style=\"padding-left: 40px;\"><em>&#8211; Pai, eu te ouvi falar e dizer muitas vezes: &#8220;Quem \u00e9s tu, \u00f3 dulc\u00edssimo Deus? E quem sou eu, verme vil\u00edssimo, in\u00fatil servo teu?&#8221; <\/em><\/p>\n<p style=\"padding-left: 40px;\"><em>E ent\u00e3o, ajoelhando-se Frei Le\u00e3o diante de S\u00e3o Francisco, declarou-se culpado da desobedi\u00eancia que tinha cometido contra o seu mandamento e pediu-lhe perd\u00e3o com muitas l\u00e1grimas. E depois pediu-lhe devotamente que lhe explicasse aquelas palavras que tinha ouvido e n\u00e3o havia entendido. Ent\u00e3o vendo S\u00e3o Francisco que Deus ao humilde Frei Le\u00e3o, pela sua simplicidade e pureza, tinha revelado ou concedido de ver alguma coisa, consentiu revelar-lhe e explicar-lhe o que pedia&#8221;.<\/em><\/p>\n<p>Nesse ponto, por\u00e9m, o confessor de Francisco era impenitente, e gra\u00e7as a isso, conhecemos mais alguns segredos m\u00edsticos que precederam e que seguiram o milagre das chagas. Mas o prod\u00edgio em si, que aconteceu na festa da Exalta\u00e7\u00e3o da Santa Cruz, ficou sempre um segredo entre Cristo, o Serafim alado e crucificado, e o Serafim de Assis. Daquele momento em diante, a vida mudou n\u00e3o s\u00f3 para Francisco, mas tamb\u00e9m para Frei Le\u00e3o.<\/p>\n<p>E, coincid\u00eancia ou n\u00e3o, exatamente naqueles dias, Frei Le\u00e3o passava por um de seus angustiantes momentos de crise. E foi novamente Francisco que lhe veio em socorro, aliviando-o e inebriando-o com sua uni\u00e3o m\u00edstica cristificante. Pediu carta e papel e com m\u00e3o tr\u00eamula pela emo\u00e7\u00e3o escreveu os <em>Louvores a Deus Alt\u00edssimo<\/em>, uma explos\u00e3o vulc\u00e2nica de um cora\u00e7\u00e3o crucificado:<\/p>\n<p style=\"padding-left: 40px;\"><strong><em>Tu \u00e9s o santo Senhor Deus \u00fanico, que fazes maravilhas.<\/em><\/strong><\/p>\n<p style=\"padding-left: 40px;\"><strong><em>Tu \u00e9s o forte, Tu \u00e9s o grande, Tu \u00e9s o alt\u00edssimo,<\/em><\/strong><\/p>\n<p style=\"padding-left: 40px;\"><strong><em>Tu \u00e9s o rei onipotente, Tu, Pai santo, o rei do c\u00e9u e da terra.<\/em><\/strong><\/p>\n<p style=\"padding-left: 40px;\"><strong><em>Tu \u00e9s o trino e uno, Senhor Deus dos deuses;<\/em><\/strong><\/p>\n<p style=\"padding-left: 40px;\"><strong><em>Tu \u00e9s o bem, todo o bem, o sumo bem,<\/em><\/strong><\/p>\n<p style=\"padding-left: 40px;\"><strong><em>Senhor Deus vivo e verdadeiro.<\/em><\/strong><\/p>\n<p style=\"padding-left: 40px;\"><strong><em>Tu \u00e9s o amor, a caridade; Tu \u00e9s a sabedoria, Tu \u00e9s a humildade,<\/em><\/strong><\/p>\n<p style=\"padding-left: 40px;\"><strong><em>Tu \u00e9s a paci\u00eancia, Tu \u00e9s a beleza, Tu \u00e9s a mansid\u00e3o;<\/em><\/strong><\/p>\n<p style=\"padding-left: 40px;\"><strong><em>Tu \u00e9s a seguran\u00e7a, Tu \u00e9s a quietude, Tu \u00e9s o g\u00e1udio,<\/em><\/strong><\/p>\n<p style=\"padding-left: 40px;\"><strong><em>Tu \u00e9s a nossa esperan\u00e7a e alegria,<\/em><\/strong><\/p>\n<p style=\"padding-left: 40px;\"><strong><em>Tu \u00e9s a justi\u00e7a, Tu \u00e9s a temperan\u00e7a, Tu \u00e9s toda a nossa riqueza \u00e0 saciedade.<\/em><\/strong><\/p>\n<p style=\"padding-left: 40px;\"><strong><em>Tu \u00e9s a beleza, Tu \u00e9s a mansid\u00e3o, Tu \u00e9s o protetor,<\/em><\/strong><\/p>\n<p style=\"padding-left: 40px;\"><strong><em>Tu \u00e9s o guarda e nosso defensor; Tu \u00e9s a for\u00e7a, Tu \u00e9s o refrig\u00e9rio.<\/em><\/strong><\/p>\n<p style=\"padding-left: 40px;\"><strong><em>Tu \u00e9s a nossa esperan\u00e7a, Tu \u00e9s a nossa f\u00e9, Tu \u00e9s a nossa caridade,<\/em><\/strong><\/p>\n<p style=\"padding-left: 40px;\"><strong><em>Tu \u00e9s toda a nossa do\u00e7ura, Tu \u00e9s a nossa vida eterna:<\/em><\/strong><\/p>\n<p style=\"padding-left: 40px;\"><strong><em>Grande e admir\u00e1vel Senhor, Deus onipotente, Misericordioso Salvador.<\/em><\/strong><\/p>\n<p>Francisco comp\u00f4s este seu poema m\u00edstico e confiou o escrito a Frei Le\u00e3o, para que sua ang\u00fastia se transformasse em serenidade e j\u00fabilo no Senhor. E n\u00e3o s\u00f3. Dedicou-o a ele, acrescentando a conhecid\u00edssima b\u00ean\u00e7\u00e3o que, por ordem do Senhor, Mois\u00e9s e Aar\u00e3o davam ao povo de Israel (Nm 6,24-26):<\/p>\n<p style=\"padding-left: 40px;\"><strong>\u00ab<em>O Senhor te aben\u00e7oe e te guarde;<\/em><\/strong><\/p>\n<p style=\"padding-left: 40px;\"><strong><em>te<\/em><\/strong><strong><em> mostre a sua face<\/em><\/strong><\/p>\n<p style=\"padding-left: 40px;\"><strong><em>e tenha miseric\u00f3rdia de ti.<\/em><\/strong><\/p>\n<h4 style=\"padding-left: 40px;\"><strong><em>Volva para ti o seu rosto<\/em><\/strong><\/h4>\n<p style=\"padding-left: 40px;\"><strong><em>e te d\u00ea a paz.<\/em><\/strong><\/p>\n<p style=\"padding-left: 40px;\"><strong><em>O Senhor te aben\u00e7oe, frei Le\u00e3o<\/em><\/strong><strong>\u00bb<\/strong><\/p>\n<p>N\u00e3o sabemos, mas podemos imaginar, com que emo\u00e7\u00e3o Frei Ovelhinha recebeu o escrito. Enrolou-o e guardou-o diligentemente, levando-o consigo at\u00e9 o fim da vida.<\/p>\n<p>O escrito da b\u00ean\u00e7\u00e3o de S\u00e3o Francisco a Frei Le\u00e3o ainda existe, como grande rel\u00edquia, guardada no Sacro Convento de Assis. \u00c9 um pergaminho pequeno, de 10&#215;14 cent\u00edmetros apenas, no qual se notam ainda as dobras em quatro partes, com bordas gastas, pu\u00eddas pelo cont\u00ednuo manuseio e, certamente, por ter sido guardado em algum bolso interno do surrado h\u00e1bito.<\/p>\n<p>Mas n\u00e3o terminou aqui a m\u00edstica epop\u00e9ia do Alverne. Antes de partir do seu Calv\u00e1rio transformado em Tabor, Francisco ainda chamou Frei Le\u00e3o, mostrou-lhe uma grande pedra e lhe ordenou:<\/p>\n<p style=\"padding-left: 40px;\"><em>&#8211; Frei Ovelhinha, lava esta pedra com \u00e1gua! <\/em><\/p>\n<p style=\"padding-left: 40px;\"><em>Frei Le\u00e3o, lavou-a com \u00e1gua. E Francisco continuou: <\/em><\/p>\n<p style=\"padding-left: 40px;\"><em>&#8211; Frei Ovelhinha, lava-a com vinho! <\/em><\/p>\n<p style=\"padding-left: 40px;\"><em>E Frei Le\u00e3o lavou-a com vinho. E Francisco prosseguiu: <\/em><\/p>\n<p style=\"padding-left: 40px;\"><em>&#8211; Frei Ovelhinha, agora lava-a com \u00f3leo! <\/em><\/p>\n<p style=\"padding-left: 40px;\"><em>Frei Le\u00e3o procurou \u00f3leo e a ungiu. Mas Francisco n\u00e3o estava satisfeito: <\/em><\/p>\n<p style=\"padding-left: 40px;\"><em>&#8211; Frei Le\u00e3o, deves ainda lav\u00e1-la com um fino perfume. <\/em><\/p>\n<p style=\"padding-left: 40px;\"><em>Despertou novamente o le\u00e3o, e Frei Ovelhinha n\u00e3o resistiu: <\/em><\/p>\n<p style=\"padding-left: 40px;\"><em>&#8211; Mas onde vou encontrar perfume, nesta solid\u00e3o? <\/em><\/p>\n<p><em>E Francisco justificou: <\/em><\/p>\n<p style=\"padding-left: 40px;\"><em>&#8211; Saiba, Frei Ovelhinha de Deus, que foi nessa pedra que o Senhor sentou quando me apareceu.<\/em><\/p>\n<p>Pouco depois, Francisco despediu-se de Frei \u00c2ngelo, Silvestre, Masseu e Iluminado, que ficaram no Alverne, tomou como companheiro Frei Le\u00e3o e iniciou sua \u00faltima viagem do santo monte para o ber\u00e7o da Ordem, Nossa Senhora dos Anjos da Porci\u00fancula. Um devoto alde\u00e3o emprestara-lhe um burrinho, pois Francisco, por causa dos cravos nos p\u00e9s, n\u00e3o podia caminhar. Enfim, chegaram a Assis. Frei Ovelhinha permaneceu sempre a seu lado, at\u00e9 o fim.<\/p>\n<p>(<strong>Do livro:<\/strong> Cavaleiros da Dona Pobreza, <em>Frei Le\u00e3o \u2013 a pureza<\/em>, Ed. Vozes, 1997, p. 166-171).<\/p>\n<hr \/>\n<p><strong>Frei Marco Antonio dos Santos, ofm<\/strong><\/p>\n","protected":false},"excerpt":{"rendered":"<p>Reflex\u00e3o de Frei Marco Antonio dos Santos, ofm<\/p>\n","protected":false},"author":3,"featured_media":177137,"comment_status":"open","ping_status":"open","sticky":false,"template":"","format":"standard","meta":[],"categories":[11],"tags":[112,114],"yoast_head":"<!-- This site is optimized with the Yoast SEO plugin v19.2 - https:\/\/yoast.com\/wordpress\/plugins\/seo\/ -->\n<title>O calv\u00e1rio franciscano: Plena identifica\u00e7\u00e3o com o seu Senhor - Carisma - Franciscanos<\/title>\n<meta name=\"robots\" content=\"index, follow, max-snippet:-1, max-image-preview:large, max-video-preview:-1\" \/>\n<link rel=\"canonical\" href=\"https:\/\/franciscanos.org.br\/carisma\/o-calvario-franciscano-plena-identificacao-com-o-seu-senhor.html\" \/>\n<meta property=\"og:locale\" content=\"pt_BR\" \/>\n<meta property=\"og:type\" content=\"article\" \/>\n<meta property=\"og:title\" content=\"O calv\u00e1rio franciscano: Plena identifica\u00e7\u00e3o com o seu Senhor - Carisma - Franciscanos\" \/>\n<meta property=\"og:description\" content=\"Reflex\u00e3o de Frei Marco Antonio dos Santos, ofm\" \/>\n<meta property=\"og:url\" content=\"https:\/\/franciscanos.org.br\/carisma\/o-calvario-franciscano-plena-identificacao-com-o-seu-senhor.html\" \/>\n<meta property=\"og:site_name\" content=\"Carisma - Franciscanos\" \/>\n<meta property=\"article:published_time\" content=\"2020-09-16T10:31:13+00:00\" \/>\n<meta property=\"article:modified_time\" content=\"2020-09-16T10:31:46+00:00\" \/>\n<meta property=\"og:image\" content=\"https:\/\/franciscanos.org.br\/carisma\/wp-content\/uploads\/2020\/09\/estigmas_francisco_16d.jpg\" \/>\n\t<meta property=\"og:image:width\" content=\"800\" \/>\n\t<meta property=\"og:image:height\" content=\"600\" \/>\n\t<meta property=\"og:image:type\" content=\"image\/jpeg\" \/>\n<meta name=\"author\" content=\"moacir\" \/>\n<meta name=\"twitter:card\" content=\"summary_large_image\" \/>\n<meta name=\"twitter:label1\" content=\"Escrito por\" \/>\n\t<meta name=\"twitter:data1\" content=\"moacir\" \/>\n\t<meta name=\"twitter:label2\" content=\"Est. tempo de leitura\" \/>\n\t<meta name=\"twitter:data2\" content=\"9 minutos\" \/>\n<script type=\"application\/ld+json\" class=\"yoast-schema-graph\">{\"@context\":\"https:\/\/schema.org\",\"@graph\":[{\"@type\":\"WebSite\",\"@id\":\"https:\/\/franciscanos.org.br\/carisma\/#website\",\"url\":\"https:\/\/franciscanos.org.br\/carisma\/\",\"name\":\"Carisma - Franciscanos\",\"description\":\"Prov\u00edncia Franciscana da Imaculada Concei\u00e7\u00e3o do Brasil - Ordem dos Frades Menores\",\"potentialAction\":[{\"@type\":\"SearchAction\",\"target\":{\"@type\":\"EntryPoint\",\"urlTemplate\":\"https:\/\/franciscanos.org.br\/carisma\/?s={search_term_string}\"},\"query-input\":\"required name=search_term_string\"}],\"inLanguage\":\"pt-BR\"},{\"@type\":\"ImageObject\",\"inLanguage\":\"pt-BR\",\"@id\":\"https:\/\/franciscanos.org.br\/carisma\/o-calvario-franciscano-plena-identificacao-com-o-seu-senhor.html#primaryimage\",\"url\":\"https:\/\/franciscanos.org.br\/carisma\/wp-content\/uploads\/2020\/09\/estigmas_francisco_16d.jpg\",\"contentUrl\":\"https:\/\/franciscanos.org.br\/carisma\/wp-content\/uploads\/2020\/09\/estigmas_francisco_16d.jpg\",\"width\":800,\"height\":600},{\"@type\":\"WebPage\",\"@id\":\"https:\/\/franciscanos.org.br\/carisma\/o-calvario-franciscano-plena-identificacao-com-o-seu-senhor.html#webpage\",\"url\":\"https:\/\/franciscanos.org.br\/carisma\/o-calvario-franciscano-plena-identificacao-com-o-seu-senhor.html\",\"name\":\"O calv\u00e1rio franciscano: Plena identifica\u00e7\u00e3o com o seu Senhor - Carisma - Franciscanos\",\"isPartOf\":{\"@id\":\"https:\/\/franciscanos.org.br\/carisma\/#website\"},\"primaryImageOfPage\":{\"@id\":\"https:\/\/franciscanos.org.br\/carisma\/o-calvario-franciscano-plena-identificacao-com-o-seu-senhor.html#primaryimage\"},\"datePublished\":\"2020-09-16T10:31:13+00:00\",\"dateModified\":\"2020-09-16T10:31:46+00:00\",\"author\":{\"@id\":\"https:\/\/franciscanos.org.br\/carisma\/#\/schema\/person\/bf14cae4d2151ab6b6e41d96660f93a2\"},\"breadcrumb\":{\"@id\":\"https:\/\/franciscanos.org.br\/carisma\/o-calvario-franciscano-plena-identificacao-com-o-seu-senhor.html#breadcrumb\"},\"inLanguage\":\"pt-BR\",\"potentialAction\":[{\"@type\":\"ReadAction\",\"target\":[\"https:\/\/franciscanos.org.br\/carisma\/o-calvario-franciscano-plena-identificacao-com-o-seu-senhor.html\"]}]},{\"@type\":\"BreadcrumbList\",\"@id\":\"https:\/\/franciscanos.org.br\/carisma\/o-calvario-franciscano-plena-identificacao-com-o-seu-senhor.html#breadcrumb\",\"itemListElement\":[{\"@type\":\"ListItem\",\"position\":1,\"name\":\"Home\",\"item\":\"https:\/\/franciscanos.org.br\/carisma\"},{\"@type\":\"ListItem\",\"position\":2,\"name\":\"O calv\u00e1rio franciscano: Plena identifica\u00e7\u00e3o com o seu Senhor\"}]},{\"@type\":\"Person\",\"@id\":\"https:\/\/franciscanos.org.br\/carisma\/#\/schema\/person\/bf14cae4d2151ab6b6e41d96660f93a2\",\"name\":\"moacir\",\"image\":{\"@type\":\"ImageObject\",\"inLanguage\":\"pt-BR\",\"@id\":\"https:\/\/franciscanos.org.br\/carisma\/#\/schema\/person\/image\/\",\"url\":\"https:\/\/secure.gravatar.com\/avatar\/d08aa2ce4c8dd416d4479aa8536fcf64?s=96&d=mm&r=g\",\"contentUrl\":\"https:\/\/secure.gravatar.com\/avatar\/d08aa2ce4c8dd416d4479aa8536fcf64?s=96&d=mm&r=g\",\"caption\":\"moacir\"},\"url\":\"https:\/\/franciscanos.org.br\/carisma\/author\/moacir\"}]}<\/script>\n<!-- \/ Yoast SEO plugin. -->","yoast_head_json":{"title":"O calv\u00e1rio franciscano: Plena identifica\u00e7\u00e3o com o seu Senhor - Carisma - Franciscanos","robots":{"index":"index","follow":"follow","max-snippet":"max-snippet:-1","max-image-preview":"max-image-preview:large","max-video-preview":"max-video-preview:-1"},"canonical":"https:\/\/franciscanos.org.br\/carisma\/o-calvario-franciscano-plena-identificacao-com-o-seu-senhor.html","og_locale":"pt_BR","og_type":"article","og_title":"O calv\u00e1rio franciscano: Plena identifica\u00e7\u00e3o com o seu Senhor - Carisma - Franciscanos","og_description":"Reflex\u00e3o de Frei Marco Antonio dos Santos, ofm","og_url":"https:\/\/franciscanos.org.br\/carisma\/o-calvario-franciscano-plena-identificacao-com-o-seu-senhor.html","og_site_name":"Carisma - Franciscanos","article_published_time":"2020-09-16T10:31:13+00:00","article_modified_time":"2020-09-16T10:31:46+00:00","og_image":[{"width":800,"height":600,"url":"https:\/\/franciscanos.org.br\/carisma\/wp-content\/uploads\/2020\/09\/estigmas_francisco_16d.jpg","type":"image\/jpeg"}],"author":"moacir","twitter_card":"summary_large_image","twitter_misc":{"Escrito por":"moacir","Est. tempo de leitura":"9 minutos"},"schema":{"@context":"https:\/\/schema.org","@graph":[{"@type":"WebSite","@id":"https:\/\/franciscanos.org.br\/carisma\/#website","url":"https:\/\/franciscanos.org.br\/carisma\/","name":"Carisma - Franciscanos","description":"Prov\u00edncia Franciscana da Imaculada Concei\u00e7\u00e3o do Brasil - Ordem dos Frades Menores","potentialAction":[{"@type":"SearchAction","target":{"@type":"EntryPoint","urlTemplate":"https:\/\/franciscanos.org.br\/carisma\/?s={search_term_string}"},"query-input":"required name=search_term_string"}],"inLanguage":"pt-BR"},{"@type":"ImageObject","inLanguage":"pt-BR","@id":"https:\/\/franciscanos.org.br\/carisma\/o-calvario-franciscano-plena-identificacao-com-o-seu-senhor.html#primaryimage","url":"https:\/\/franciscanos.org.br\/carisma\/wp-content\/uploads\/2020\/09\/estigmas_francisco_16d.jpg","contentUrl":"https:\/\/franciscanos.org.br\/carisma\/wp-content\/uploads\/2020\/09\/estigmas_francisco_16d.jpg","width":800,"height":600},{"@type":"WebPage","@id":"https:\/\/franciscanos.org.br\/carisma\/o-calvario-franciscano-plena-identificacao-com-o-seu-senhor.html#webpage","url":"https:\/\/franciscanos.org.br\/carisma\/o-calvario-franciscano-plena-identificacao-com-o-seu-senhor.html","name":"O calv\u00e1rio franciscano: Plena identifica\u00e7\u00e3o com o seu Senhor - Carisma - Franciscanos","isPartOf":{"@id":"https:\/\/franciscanos.org.br\/carisma\/#website"},"primaryImageOfPage":{"@id":"https:\/\/franciscanos.org.br\/carisma\/o-calvario-franciscano-plena-identificacao-com-o-seu-senhor.html#primaryimage"},"datePublished":"2020-09-16T10:31:13+00:00","dateModified":"2020-09-16T10:31:46+00:00","author":{"@id":"https:\/\/franciscanos.org.br\/carisma\/#\/schema\/person\/bf14cae4d2151ab6b6e41d96660f93a2"},"breadcrumb":{"@id":"https:\/\/franciscanos.org.br\/carisma\/o-calvario-franciscano-plena-identificacao-com-o-seu-senhor.html#breadcrumb"},"inLanguage":"pt-BR","potentialAction":[{"@type":"ReadAction","target":["https:\/\/franciscanos.org.br\/carisma\/o-calvario-franciscano-plena-identificacao-com-o-seu-senhor.html"]}]},{"@type":"BreadcrumbList","@id":"https:\/\/franciscanos.org.br\/carisma\/o-calvario-franciscano-plena-identificacao-com-o-seu-senhor.html#breadcrumb","itemListElement":[{"@type":"ListItem","position":1,"name":"Home","item":"https:\/\/franciscanos.org.br\/carisma"},{"@type":"ListItem","position":2,"name":"O calv\u00e1rio franciscano: Plena identifica\u00e7\u00e3o com o seu Senhor"}]},{"@type":"Person","@id":"https:\/\/franciscanos.org.br\/carisma\/#\/schema\/person\/bf14cae4d2151ab6b6e41d96660f93a2","name":"moacir","image":{"@type":"ImageObject","inLanguage":"pt-BR","@id":"https:\/\/franciscanos.org.br\/carisma\/#\/schema\/person\/image\/","url":"https:\/\/secure.gravatar.com\/avatar\/d08aa2ce4c8dd416d4479aa8536fcf64?s=96&d=mm&r=g","contentUrl":"https:\/\/secure.gravatar.com\/avatar\/d08aa2ce4c8dd416d4479aa8536fcf64?s=96&d=mm&r=g","caption":"moacir"},"url":"https:\/\/franciscanos.org.br\/carisma\/author\/moacir"}]}},"_links":{"self":[{"href":"https:\/\/franciscanos.org.br\/carisma\/wp-json\/wp\/v2\/posts\/177136"}],"collection":[{"href":"https:\/\/franciscanos.org.br\/carisma\/wp-json\/wp\/v2\/posts"}],"about":[{"href":"https:\/\/franciscanos.org.br\/carisma\/wp-json\/wp\/v2\/types\/post"}],"author":[{"embeddable":true,"href":"https:\/\/franciscanos.org.br\/carisma\/wp-json\/wp\/v2\/users\/3"}],"replies":[{"embeddable":true,"href":"https:\/\/franciscanos.org.br\/carisma\/wp-json\/wp\/v2\/comments?post=177136"}],"version-history":[{"count":2,"href":"https:\/\/franciscanos.org.br\/carisma\/wp-json\/wp\/v2\/posts\/177136\/revisions"}],"predecessor-version":[{"id":177140,"href":"https:\/\/franciscanos.org.br\/carisma\/wp-json\/wp\/v2\/posts\/177136\/revisions\/177140"}],"wp:featuredmedia":[{"embeddable":true,"href":"https:\/\/franciscanos.org.br\/carisma\/wp-json\/wp\/v2\/media\/177137"}],"wp:attachment":[{"href":"https:\/\/franciscanos.org.br\/carisma\/wp-json\/wp\/v2\/media?parent=177136"}],"wp:term":[{"taxonomy":"category","embeddable":true,"href":"https:\/\/franciscanos.org.br\/carisma\/wp-json\/wp\/v2\/categories?post=177136"},{"taxonomy":"post_tag","embeddable":true,"href":"https:\/\/franciscanos.org.br\/carisma\/wp-json\/wp\/v2\/tags?post=177136"}],"curies":[{"name":"wp","href":"https:\/\/api.w.org\/{rel}","templated":true}]}}