{"id":177132,"date":"2020-09-15T14:21:52","date_gmt":"2020-09-15T17:21:52","guid":{"rendered":"https:\/\/franciscanos.org.br\/carisma\/?p=177132"},"modified":"2020-09-15T14:21:52","modified_gmt":"2020-09-15T17:21:52","slug":"alverne-cume-de-um-itinerario-da-cruz-de-sao-damiao-aos-estigmas","status":"publish","type":"post","link":"https:\/\/franciscanos.org.br\/carisma\/alverne-cume-de-um-itinerario-da-cruz-de-sao-damiao-aos-estigmas.html","title":{"rendered":"Alverne, cume de um itiner\u00e1rio  da cruz de S\u00e3o Dami\u00e3o aos estigmas"},"content":{"rendered":"<div id=\"attachment_177133\" style=\"width: 850px\" class=\"wp-caption alignnone\"><img aria-describedby=\"caption-attachment-177133\" loading=\"lazy\" class=\"wp-image-177133 size-full\" src=\"https:\/\/franciscanos.org.br\/carisma\/wp-content\/uploads\/2020\/09\/estigmas_1509.jpg\" alt=\"\" width=\"840\" height=\"450\" srcset=\"https:\/\/franciscanos.org.br\/carisma\/wp-content\/uploads\/2020\/09\/estigmas_1509.jpg 840w, https:\/\/franciscanos.org.br\/carisma\/wp-content\/uploads\/2020\/09\/estigmas_1509-450x241.jpg 450w, https:\/\/franciscanos.org.br\/carisma\/wp-content\/uploads\/2020\/09\/estigmas_1509-768x411.jpg 768w, https:\/\/franciscanos.org.br\/carisma\/wp-content\/uploads\/2020\/09\/estigmas_1509-150x80.jpg 150w\" sizes=\"(max-width: 840px) 100vw, 840px\" \/><p id=\"caption-attachment-177133\" class=\"wp-caption-text\">\u00a0 \u00a0 \u00a0 \u00a0 \u00a0 \u00a0 \u00a0 \u00a0 \u00a0 \u00a0 \u00a0 \u00a0 \u00a0 \u00a0 \u00a0 \u00a0 \u00a0 \u00a0 \u00a0 \u00a0 \u00a0 \u00a0 \u00a0 \u00a0 \u00a0 \u00a0 \u00a0 \u00a0 \u00a0 \u00a0 \u00a0 \u00a0 \u00a0 \u00a0 \u00a0 \u00a0 \u00a0 \u00a0 \u00a0 \u00a0 \u00a0 \u00a0 \u00a0 \u00a0 \u00a0 \u00a0 \u00a0 \u00a0 \u00a0 \u00a0<em> \u00a0 Imagem (fonte: Creative Commons\/Wikipedia), dom\u00ednio p\u00fablico<\/em><\/p><\/div>\n<p>Se em <em>S\u00e3o Dami\u00e3o<\/em> Francisco se encontra com o Cristo que na cruz lhe pede \u201c<em>Vai e restaura a minha Igreja que, como, v\u00eas est\u00e1 em ru\u00ednas<\/em>\u201d, no <em>Monte Alverne<\/em>, que \u00e9 cume de seu itiner\u00e1rio, Francisco, o servo sofredor, faz a experi\u00eancia da \u201cnoite escura\u201d. Na gruta que tem a maior das fendas por ele encontrada e que lhe recorda a hora da paix\u00e3o e morte do seu Senhor na cruz, quando a terra tremeu e se abriu de dor, ele penetra no mais \u00edntimo de si mesmo e perpassa por todas as vias que o seu Senhor lhe deu a caminhar. Francisco contempla e \u00e9 visitado pelo seu Senhor. Sente a sua do\u00e7ura inef\u00e1vel e, como Clara, com amor e sabedoria, <em>\u201c&#8230; reza vigilante e incansavelmente, para recolher o veio do sussurro furtivo de Deus&#8230;<\/em>\u201d. Na dor de sua humanidade teme n\u00e3o ter respondido ao amor do seu Senhor e chora pelo amor que n\u00e3o \u00e9 amado. Ele, que foi um homem paciente e caridoso, pleno de amor feito miseric\u00f3rdia pelos seus, teme n\u00e3o ser compreendido pelo seu Senhor. Vive momentos de trevas e \u00e9 tentado. Reza para que Deus, o Alt\u00edssimo e Glorioso, ilumine as trevas do seu cora\u00e7\u00e3o. E, por entranhar-se no mais profundo de si mesmo, v\u00ea na sua humanidade uma resposta ao Deus Criador. Descobre que o Amor de Deus por a\u00e7\u00e3o de seu Santo Esp\u00edrito o quis e o iluminou no caminho a seguir. E, assim, gratificado pela gratuidade d\u2019Aquele que o escolheu, pede duas gra\u00e7as: \u201c<em>Sentir a mesma dor daquele que tanto ama, na hora em que est\u00e1 na cruz e n\u00e3o ter menor amor do que ele teve, por aqueles que seu Pai e nosso Pai lhe confiou quando nos enviou<\/em>\u201d. O amor nos torna igual \u00e0 pessoa amada, e com Francisco n\u00e3o foi diferente. Gra\u00e7a pedida, gra\u00e7a alcan\u00e7ada. Com os estigmas, o seu Senhor o aben\u00e7oou e o iluminou, e ele se torna \u00fanico naquele que j\u00e1 era \u00fanico nele.<\/p>\n<hr \/>\n<p><strong>Frei Marco Antonio dos Santos, ofm<\/strong><\/p>\n","protected":false},"excerpt":{"rendered":"<p>Reflex\u00e3o de Frei Marco Antonio dos Santos, ofm<\/p>\n","protected":false},"author":3,"featured_media":177134,"comment_status":"open","ping_status":"open","sticky":false,"template":"","format":"standard","meta":[],"categories":[11],"tags":[113],"yoast_head":"<!-- This site is optimized with the Yoast SEO plugin v19.2 - https:\/\/yoast.com\/wordpress\/plugins\/seo\/ -->\n<title>Alverne, cume de um itiner\u00e1rio da cruz de S\u00e3o Dami\u00e3o aos estigmas - Carisma - Franciscanos<\/title>\n<meta name=\"robots\" content=\"index, follow, max-snippet:-1, max-image-preview:large, max-video-preview:-1\" \/>\n<link rel=\"canonical\" href=\"https:\/\/franciscanos.org.br\/carisma\/alverne-cume-de-um-itinerario-da-cruz-de-sao-damiao-aos-estigmas.html\" \/>\n<meta property=\"og:locale\" content=\"pt_BR\" \/>\n<meta property=\"og:type\" content=\"article\" \/>\n<meta property=\"og:title\" content=\"Alverne, cume de um itiner\u00e1rio da cruz de S\u00e3o Dami\u00e3o aos estigmas - Carisma - Franciscanos\" \/>\n<meta property=\"og:description\" content=\"Reflex\u00e3o de Frei Marco Antonio dos Santos, ofm\" \/>\n<meta property=\"og:url\" content=\"https:\/\/franciscanos.org.br\/carisma\/alverne-cume-de-um-itinerario-da-cruz-de-sao-damiao-aos-estigmas.html\" \/>\n<meta property=\"og:site_name\" content=\"Carisma - Franciscanos\" \/>\n<meta property=\"article:published_time\" content=\"2020-09-15T17:21:52+00:00\" \/>\n<meta property=\"og:image\" content=\"https:\/\/franciscanos.org.br\/carisma\/wp-content\/uploads\/2020\/09\/estigmas_1509d.jpg\" \/>\n\t<meta property=\"og:image:width\" content=\"800\" \/>\n\t<meta property=\"og:image:height\" content=\"600\" \/>\n\t<meta property=\"og:image:type\" content=\"image\/jpeg\" \/>\n<meta name=\"author\" content=\"moacir\" \/>\n<meta name=\"twitter:card\" content=\"summary_large_image\" \/>\n<meta name=\"twitter:label1\" content=\"Escrito por\" \/>\n\t<meta name=\"twitter:data1\" content=\"moacir\" \/>\n\t<meta name=\"twitter:label2\" content=\"Est. tempo de leitura\" \/>\n\t<meta name=\"twitter:data2\" content=\"2 minutos\" \/>\n<script type=\"application\/ld+json\" class=\"yoast-schema-graph\">{\"@context\":\"https:\/\/schema.org\",\"@graph\":[{\"@type\":\"WebSite\",\"@id\":\"https:\/\/franciscanos.org.br\/carisma\/#website\",\"url\":\"https:\/\/franciscanos.org.br\/carisma\/\",\"name\":\"Carisma - Franciscanos\",\"description\":\"Prov\u00edncia Franciscana da Imaculada Concei\u00e7\u00e3o do Brasil - Ordem dos Frades Menores\",\"potentialAction\":[{\"@type\":\"SearchAction\",\"target\":{\"@type\":\"EntryPoint\",\"urlTemplate\":\"https:\/\/franciscanos.org.br\/carisma\/?s={search_term_string}\"},\"query-input\":\"required name=search_term_string\"}],\"inLanguage\":\"pt-BR\"},{\"@type\":\"ImageObject\",\"inLanguage\":\"pt-BR\",\"@id\":\"https:\/\/franciscanos.org.br\/carisma\/alverne-cume-de-um-itinerario-da-cruz-de-sao-damiao-aos-estigmas.html#primaryimage\",\"url\":\"https:\/\/franciscanos.org.br\/carisma\/wp-content\/uploads\/2020\/09\/estigmas_1509d.jpg\",\"contentUrl\":\"https:\/\/franciscanos.org.br\/carisma\/wp-content\/uploads\/2020\/09\/estigmas_1509d.jpg\",\"width\":800,\"height\":600},{\"@type\":\"WebPage\",\"@id\":\"https:\/\/franciscanos.org.br\/carisma\/alverne-cume-de-um-itinerario-da-cruz-de-sao-damiao-aos-estigmas.html#webpage\",\"url\":\"https:\/\/franciscanos.org.br\/carisma\/alverne-cume-de-um-itinerario-da-cruz-de-sao-damiao-aos-estigmas.html\",\"name\":\"Alverne, cume de um itiner\u00e1rio da cruz de S\u00e3o Dami\u00e3o aos estigmas - Carisma - Franciscanos\",\"isPartOf\":{\"@id\":\"https:\/\/franciscanos.org.br\/carisma\/#website\"},\"primaryImageOfPage\":{\"@id\":\"https:\/\/franciscanos.org.br\/carisma\/alverne-cume-de-um-itinerario-da-cruz-de-sao-damiao-aos-estigmas.html#primaryimage\"},\"datePublished\":\"2020-09-15T17:21:52+00:00\",\"dateModified\":\"2020-09-15T17:21:52+00:00\",\"author\":{\"@id\":\"https:\/\/franciscanos.org.br\/carisma\/#\/schema\/person\/bf14cae4d2151ab6b6e41d96660f93a2\"},\"breadcrumb\":{\"@id\":\"https:\/\/franciscanos.org.br\/carisma\/alverne-cume-de-um-itinerario-da-cruz-de-sao-damiao-aos-estigmas.html#breadcrumb\"},\"inLanguage\":\"pt-BR\",\"potentialAction\":[{\"@type\":\"ReadAction\",\"target\":[\"https:\/\/franciscanos.org.br\/carisma\/alverne-cume-de-um-itinerario-da-cruz-de-sao-damiao-aos-estigmas.html\"]}]},{\"@type\":\"BreadcrumbList\",\"@id\":\"https:\/\/franciscanos.org.br\/carisma\/alverne-cume-de-um-itinerario-da-cruz-de-sao-damiao-aos-estigmas.html#breadcrumb\",\"itemListElement\":[{\"@type\":\"ListItem\",\"position\":1,\"name\":\"Home\",\"item\":\"https:\/\/franciscanos.org.br\/carisma\"},{\"@type\":\"ListItem\",\"position\":2,\"name\":\"Alverne, cume de um itiner\u00e1rio da cruz de S\u00e3o Dami\u00e3o aos estigmas\"}]},{\"@type\":\"Person\",\"@id\":\"https:\/\/franciscanos.org.br\/carisma\/#\/schema\/person\/bf14cae4d2151ab6b6e41d96660f93a2\",\"name\":\"moacir\",\"image\":{\"@type\":\"ImageObject\",\"inLanguage\":\"pt-BR\",\"@id\":\"https:\/\/franciscanos.org.br\/carisma\/#\/schema\/person\/image\/\",\"url\":\"https:\/\/secure.gravatar.com\/avatar\/d08aa2ce4c8dd416d4479aa8536fcf64?s=96&d=mm&r=g\",\"contentUrl\":\"https:\/\/secure.gravatar.com\/avatar\/d08aa2ce4c8dd416d4479aa8536fcf64?s=96&d=mm&r=g\",\"caption\":\"moacir\"},\"url\":\"https:\/\/franciscanos.org.br\/carisma\/author\/moacir\"}]}<\/script>\n<!-- \/ Yoast SEO plugin. -->","yoast_head_json":{"title":"Alverne, cume de um itiner\u00e1rio da cruz de S\u00e3o Dami\u00e3o aos estigmas - Carisma - Franciscanos","robots":{"index":"index","follow":"follow","max-snippet":"max-snippet:-1","max-image-preview":"max-image-preview:large","max-video-preview":"max-video-preview:-1"},"canonical":"https:\/\/franciscanos.org.br\/carisma\/alverne-cume-de-um-itinerario-da-cruz-de-sao-damiao-aos-estigmas.html","og_locale":"pt_BR","og_type":"article","og_title":"Alverne, cume de um itiner\u00e1rio da cruz de S\u00e3o Dami\u00e3o aos estigmas - Carisma - Franciscanos","og_description":"Reflex\u00e3o de Frei Marco Antonio dos Santos, ofm","og_url":"https:\/\/franciscanos.org.br\/carisma\/alverne-cume-de-um-itinerario-da-cruz-de-sao-damiao-aos-estigmas.html","og_site_name":"Carisma - Franciscanos","article_published_time":"2020-09-15T17:21:52+00:00","og_image":[{"width":800,"height":600,"url":"https:\/\/franciscanos.org.br\/carisma\/wp-content\/uploads\/2020\/09\/estigmas_1509d.jpg","type":"image\/jpeg"}],"author":"moacir","twitter_card":"summary_large_image","twitter_misc":{"Escrito por":"moacir","Est. tempo de leitura":"2 minutos"},"schema":{"@context":"https:\/\/schema.org","@graph":[{"@type":"WebSite","@id":"https:\/\/franciscanos.org.br\/carisma\/#website","url":"https:\/\/franciscanos.org.br\/carisma\/","name":"Carisma - Franciscanos","description":"Prov\u00edncia Franciscana da Imaculada Concei\u00e7\u00e3o do Brasil - Ordem dos Frades Menores","potentialAction":[{"@type":"SearchAction","target":{"@type":"EntryPoint","urlTemplate":"https:\/\/franciscanos.org.br\/carisma\/?s={search_term_string}"},"query-input":"required name=search_term_string"}],"inLanguage":"pt-BR"},{"@type":"ImageObject","inLanguage":"pt-BR","@id":"https:\/\/franciscanos.org.br\/carisma\/alverne-cume-de-um-itinerario-da-cruz-de-sao-damiao-aos-estigmas.html#primaryimage","url":"https:\/\/franciscanos.org.br\/carisma\/wp-content\/uploads\/2020\/09\/estigmas_1509d.jpg","contentUrl":"https:\/\/franciscanos.org.br\/carisma\/wp-content\/uploads\/2020\/09\/estigmas_1509d.jpg","width":800,"height":600},{"@type":"WebPage","@id":"https:\/\/franciscanos.org.br\/carisma\/alverne-cume-de-um-itinerario-da-cruz-de-sao-damiao-aos-estigmas.html#webpage","url":"https:\/\/franciscanos.org.br\/carisma\/alverne-cume-de-um-itinerario-da-cruz-de-sao-damiao-aos-estigmas.html","name":"Alverne, cume de um itiner\u00e1rio da cruz de S\u00e3o Dami\u00e3o aos estigmas - Carisma - Franciscanos","isPartOf":{"@id":"https:\/\/franciscanos.org.br\/carisma\/#website"},"primaryImageOfPage":{"@id":"https:\/\/franciscanos.org.br\/carisma\/alverne-cume-de-um-itinerario-da-cruz-de-sao-damiao-aos-estigmas.html#primaryimage"},"datePublished":"2020-09-15T17:21:52+00:00","dateModified":"2020-09-15T17:21:52+00:00","author":{"@id":"https:\/\/franciscanos.org.br\/carisma\/#\/schema\/person\/bf14cae4d2151ab6b6e41d96660f93a2"},"breadcrumb":{"@id":"https:\/\/franciscanos.org.br\/carisma\/alverne-cume-de-um-itinerario-da-cruz-de-sao-damiao-aos-estigmas.html#breadcrumb"},"inLanguage":"pt-BR","potentialAction":[{"@type":"ReadAction","target":["https:\/\/franciscanos.org.br\/carisma\/alverne-cume-de-um-itinerario-da-cruz-de-sao-damiao-aos-estigmas.html"]}]},{"@type":"BreadcrumbList","@id":"https:\/\/franciscanos.org.br\/carisma\/alverne-cume-de-um-itinerario-da-cruz-de-sao-damiao-aos-estigmas.html#breadcrumb","itemListElement":[{"@type":"ListItem","position":1,"name":"Home","item":"https:\/\/franciscanos.org.br\/carisma"},{"@type":"ListItem","position":2,"name":"Alverne, cume de um itiner\u00e1rio da cruz de S\u00e3o Dami\u00e3o aos estigmas"}]},{"@type":"Person","@id":"https:\/\/franciscanos.org.br\/carisma\/#\/schema\/person\/bf14cae4d2151ab6b6e41d96660f93a2","name":"moacir","image":{"@type":"ImageObject","inLanguage":"pt-BR","@id":"https:\/\/franciscanos.org.br\/carisma\/#\/schema\/person\/image\/","url":"https:\/\/secure.gravatar.com\/avatar\/d08aa2ce4c8dd416d4479aa8536fcf64?s=96&d=mm&r=g","contentUrl":"https:\/\/secure.gravatar.com\/avatar\/d08aa2ce4c8dd416d4479aa8536fcf64?s=96&d=mm&r=g","caption":"moacir"},"url":"https:\/\/franciscanos.org.br\/carisma\/author\/moacir"}]}},"_links":{"self":[{"href":"https:\/\/franciscanos.org.br\/carisma\/wp-json\/wp\/v2\/posts\/177132"}],"collection":[{"href":"https:\/\/franciscanos.org.br\/carisma\/wp-json\/wp\/v2\/posts"}],"about":[{"href":"https:\/\/franciscanos.org.br\/carisma\/wp-json\/wp\/v2\/types\/post"}],"author":[{"embeddable":true,"href":"https:\/\/franciscanos.org.br\/carisma\/wp-json\/wp\/v2\/users\/3"}],"replies":[{"embeddable":true,"href":"https:\/\/franciscanos.org.br\/carisma\/wp-json\/wp\/v2\/comments?post=177132"}],"version-history":[{"count":1,"href":"https:\/\/franciscanos.org.br\/carisma\/wp-json\/wp\/v2\/posts\/177132\/revisions"}],"predecessor-version":[{"id":177135,"href":"https:\/\/franciscanos.org.br\/carisma\/wp-json\/wp\/v2\/posts\/177132\/revisions\/177135"}],"wp:featuredmedia":[{"embeddable":true,"href":"https:\/\/franciscanos.org.br\/carisma\/wp-json\/wp\/v2\/media\/177134"}],"wp:attachment":[{"href":"https:\/\/franciscanos.org.br\/carisma\/wp-json\/wp\/v2\/media?parent=177132"}],"wp:term":[{"taxonomy":"category","embeddable":true,"href":"https:\/\/franciscanos.org.br\/carisma\/wp-json\/wp\/v2\/categories?post=177132"},{"taxonomy":"post_tag","embeddable":true,"href":"https:\/\/franciscanos.org.br\/carisma\/wp-json\/wp\/v2\/tags?post=177132"}],"curies":[{"name":"wp","href":"https:\/\/api.w.org\/{rel}","templated":true}]}}