{"id":177092,"date":"2020-08-10T11:00:29","date_gmt":"2020-08-10T14:00:29","guid":{"rendered":"https:\/\/franciscanos.org.br\/carisma\/?p=177092"},"modified":"2020-08-10T11:11:49","modified_gmt":"2020-08-10T14:11:49","slug":"da-vida-em-oracao-com-santa-clara-de-assis","status":"publish","type":"post","link":"https:\/\/franciscanos.org.br\/carisma\/da-vida-em-oracao-com-santa-clara-de-assis.html","title":{"rendered":"Da vida em ora\u00e7\u00e3o com Santa Clara de Assis"},"content":{"rendered":"<p>&nbsp;<\/p>\n<p><img loading=\"lazy\" class=\"alignnone wp-image-177096 size-full\" src=\"https:\/\/franciscanos.org.br\/carisma\/wp-content\/uploads\/2020\/08\/clara_1008_2.jpg\" alt=\"\" width=\"840\" height=\"450\" srcset=\"https:\/\/franciscanos.org.br\/carisma\/wp-content\/uploads\/2020\/08\/clara_1008_2.jpg 840w, https:\/\/franciscanos.org.br\/carisma\/wp-content\/uploads\/2020\/08\/clara_1008_2-450x241.jpg 450w, https:\/\/franciscanos.org.br\/carisma\/wp-content\/uploads\/2020\/08\/clara_1008_2-768x411.jpg 768w, https:\/\/franciscanos.org.br\/carisma\/wp-content\/uploads\/2020\/08\/clara_1008_2-150x80.jpg 150w\" sizes=\"(max-width: 840px) 100vw, 840px\" \/><\/p>\n<p>A Legenda de Santa Clara nos narra a dilig\u00eancia com que ela se propunha para \u201c<em>recolher o veio do sussurro furtivo de Deus<\/em>\u201d.<\/p>\n<p>Por este modo de ser, Santa Clara nos ensina a simplicidade com que devemos nos colocar, quando ousamos querer compreender a presen\u00e7a de Deus em nossas vidas. Um Deus que se d\u00e1 por pura gratuidade, sem nada querer em troca do Seu Amor por n\u00f3s.<\/p>\n<table border=\"0\" width=\"450\" cellspacing=\"3\" cellpadding=\"3\" align=\"right\">\n<tbody>\n<tr>\n<td bgcolor=\"#CCCCCC\">\n<h4>Clara de Assis&#8230;<\/h4>\n<p>Clara filha de Hortolana e Favarone<br \/>\nClara irm\u00e3 de Catarina e Beatriz<br \/>\nClara que veio ao mundo para ser luz<br \/>\nClara que \u00e9 natural de Assis<\/p>\n<p>Clara de cora\u00e7\u00e3o d\u00f3cil<br \/>\nClara que amava os pobres<br \/>\nClara nobre em virtudes<br \/>\nClara que tinha um esp\u00edrito servil<\/p>\n<p>Clara que queria falar das coisas de Deus<br \/>\nClara que queria experienciar o Amor de Deus<br \/>\nClara que ouviu falar de Francisco de Assis<br \/>\nClara que inspirada por Deus o quis logo ver e ouvir<\/p>\n<p>Clara a quem Francisco exortou que se convertesse a Jesus<br \/>\nClara que a tudo renunciou para seguir a Jesus<br \/>\nClara que abandonou o lar e a cidade<br \/>\nClara a quem Francisco com tochas acesas a acolheu plena de luz<\/p>\n<p>Clara a quem Francisco na Porci\u00fancula o cabelo cortou<br \/>\nClara que de livre e espont\u00e2nea vontade penitente se tornou<br \/>\nClara que de car\u00e1ter e personalidade forte, por amor tudo suportou<br \/>\nClara que com for\u00e7a e dor o seu caminho encontrou<\/p>\n<p>Clara que com alegria entrou em S\u00e3o Dami\u00e3o<br \/>\nClara pedra primeira e nobre fundamento de sua Ordem<br \/>\nClara que quanto mais elevada se viu, mais se fez vil aos pr\u00f3prios olhos<br \/>\nClara que de modo particular a pobreza tanto amou<\/p>\n<p>Clara que estava sempre alegre no Senhor<br \/>\nClara que dia e noite era vigilante na ora\u00e7\u00e3o<br \/>\nClara mansa de palavra e doce nas atitudes<br \/>\nClara cujo rosto parecia mais claro que a luz do sol<\/p>\n<p>Clara que ensinou suas filhas a servirem a Deus em santidade<br \/>\nClara cuja santidade de vida e honestidade dos costumes a todos santificou<br \/>\nClara que antes de sua morte bendisse a Deus dizendo:<br \/>\n<em>bendito<\/em><em> sejais V\u00f3s, Senhor, que me criastes!<\/em><br \/>\nSanta Clara que foi nobre de fam\u00edlia segundo a carne,<br \/>\nmas, foi muito mais nobre de vida segundo o Esp\u00edrito, <em>intercedi por n\u00f3s!<\/em><\/p>\n<p><strong>Frei Marco Antonio dos Santos, ofm<\/strong><\/td>\n<\/tr>\n<\/tbody>\n<\/table>\n<p>Da\u00ed, tamb\u00e9m, a sua compreens\u00e3o de que para ouvirmos a Deus, \u00e9 necess\u00e1rio fechar os olhos e abrirmos a alma, auscultando, deste modo, no mais intimo de n\u00f3s mesmos, a fala que toca no cora\u00e7\u00e3o e transforma nossas vidas no seguimento de Nosso Senhor Jesus Cristo, o Seu esposo amado.<\/p>\n<p>Deste seu modo de buscar ao Senhor, as suas Irm\u00e3s em S\u00e3o Dami\u00e3o assim relatam em seu Processo de Canoniza\u00e7\u00e3o:<\/p>\n<p>\u201c<em>A bem aventurada madre passava tantas noites acordada em ora\u00e7\u00e3o<\/em> (Ir Pac\u00edfica I,7); <em>ficando muito tempo deitada por terra, humildemente prostrada<\/em> (Ir Pac\u00edfica I,9); <em>rezava com muitas l\u00e1grimas, mas, com as Irm\u00e3s demonstrava uma alegria espiritual e nunca estava perturbada<\/em> (Ir Cec\u00edlia VI,4)\u201d e, quando saia da ora\u00e7\u00e3o \u201c<em>exortava e confortava as Irm\u00e3s, dizendo sempre palavras de Deus, que estava sempre em sua boca, pois n\u00e3o queria falar nem ouvir sobre coisas v\u00e3s e, as Irm\u00e3s, por sua vez, se alegravam como se ela estivesse vindo do c\u00e9u<\/em> (Ir Pac\u00edfica I,9); <em>seu rosto parecia mais claro e mais bonito que o sol e suas palavras exalavam uma do\u00e7ura inenarr\u00e1vel, tanto que sua vida parecia toda celestial <\/em>(Ir Amata IV,4)\u201d.<\/p>\n<p>Deste testemunho de suas Irm\u00e3s, podemos ent\u00e3o intuir com Santa Clara que na vida de ora\u00e7\u00e3o est\u00e1 a fonte que nos possibilita uma profunda experi\u00eancia de f\u00e9 e, por esta, uma maior intimidade com Deus. Pois, na busca de \u201c<em>recolher o veio do sussurro furtivo de Deus<\/em>\u201d, para ela, a vida de ora\u00e7\u00e3o n\u00e3o era simplesmente um suplemento ou um fato isolado de sua exist\u00eancia, mas, muito mais profundamente, era tida como a realidade mais importante, pois era aquela que dava forma e sentido a todo modo concreto de realizar a voca\u00e7\u00e3o a que se sentia chamada.<\/p>\n<p>Nesta atitude de colocar-se nas m\u00e3os de Deus, de buscar t\u00e3o somente a ora\u00e7\u00e3o e o louvor do Alt\u00edssimo, lan\u00e7ando todas as suas preocupa\u00e7\u00f5es a Cristo, porque a Ele mesmo pertencia o cuidado pela <em>forma<\/em><em> de vida<\/em> que ela escolheu para si e para as suas Irm\u00e3s \u00e9 que vemos, ent\u00e3o, uma Santa Clara plena da a\u00e7\u00e3o do Esp\u00edrito do Senhor e, em quem, pela gra\u00e7a recebida, as palavras, os gestos, as decis\u00f5es pareciam estar muito mais sob o efeito de um impulso divino do que pessoal.<\/p>\n<p>A ora\u00e7\u00e3o na experi\u00eancia de f\u00e9 de Santa Clara e, portanto, na Vida Franciscana, revela o modo como a Irm\u00e3 e o Irm\u00e3o Menor devem levar \u201c<em>a Palavra de Deus no cora\u00e7\u00e3o e o cora\u00e7\u00e3o em Deus<\/em>\u201d. E, assim, com o cora\u00e7\u00e3o, ou seja, com o centro da nossa decis\u00e3o pleno, cheio desta \u00fanica solicitude e vigil\u00e2ncia na ora\u00e7\u00e3o e no louvor divino, evitavarmos toda forma de ociosidade inimiga da alma.<\/p>\n<p>Neste m\u00eas de agosto, festa de Santa Clara, que a sua vida simples e marcada pela profundidade com que \u201c<em>abra\u00e7ou o Cristo pobre como uma virgem pobre<\/em>\u201d (2CtIn 18), nos ensine como ela mesma reza, a <em>nunca perdermos de vista o nosso ponto de partida<\/em> e, deste modo, olhando, considerando e contemplando ao Filho de Deus que por amor deu Sua vida por n\u00f3s, nos transformemos por inteiro N&#8217;Aquele que j\u00e1 \u00e9 inteiro em n\u00f3s.<\/p>\n<p>E, em assim sendo, como ela mesma nos diria: \u201c<em>Desse modo, tamb\u00e9m voc\u00ea vai experimentar o que sentem os amigos quando saboreiam a do\u00e7ura escondida, que o pr\u00f3prio Deus reservou desde o in\u00edcio para os que o amam<\/em>\u201d (3CtIn 14).<\/p>\n<h3><strong>Boas festas de Santa Clara!<\/strong><\/h3>\n<p><strong>Frei Marco Antonio dos Santos, ofm<\/strong><\/p>\n<p>&nbsp;<\/p>\n","protected":false},"excerpt":{"rendered":"<p>Artigo de Frei Marco Antonio dos Santos<\/p>\n","protected":false},"author":3,"featured_media":177094,"comment_status":"open","ping_status":"open","sticky":false,"template":"","format":"standard","meta":[],"categories":[65],"tags":[112],"yoast_head":"<!-- This site is optimized with the Yoast SEO plugin v19.2 - https:\/\/yoast.com\/wordpress\/plugins\/seo\/ -->\n<title>Da vida em ora\u00e7\u00e3o com Santa Clara de Assis - Carisma - Franciscanos<\/title>\n<meta name=\"robots\" content=\"index, follow, max-snippet:-1, max-image-preview:large, max-video-preview:-1\" \/>\n<link rel=\"canonical\" href=\"https:\/\/franciscanos.org.br\/carisma\/da-vida-em-oracao-com-santa-clara-de-assis.html\" \/>\n<meta property=\"og:locale\" content=\"pt_BR\" \/>\n<meta property=\"og:type\" content=\"article\" \/>\n<meta property=\"og:title\" content=\"Da vida em ora\u00e7\u00e3o com Santa Clara de Assis - Carisma - Franciscanos\" \/>\n<meta property=\"og:description\" content=\"Artigo de Frei Marco Antonio dos Santos\" \/>\n<meta property=\"og:url\" content=\"https:\/\/franciscanos.org.br\/carisma\/da-vida-em-oracao-com-santa-clara-de-assis.html\" \/>\n<meta property=\"og:site_name\" content=\"Carisma - Franciscanos\" \/>\n<meta property=\"article:published_time\" content=\"2020-08-10T14:00:29+00:00\" \/>\n<meta property=\"article:modified_time\" content=\"2020-08-10T14:11:49+00:00\" \/>\n<meta property=\"og:image\" content=\"https:\/\/franciscanos.org.br\/carisma\/wp-content\/uploads\/2020\/08\/clara_1008d.jpg\" \/>\n\t<meta property=\"og:image:width\" content=\"800\" \/>\n\t<meta property=\"og:image:height\" content=\"600\" \/>\n\t<meta property=\"og:image:type\" content=\"image\/jpeg\" \/>\n<meta name=\"author\" content=\"moacir\" \/>\n<meta name=\"twitter:card\" content=\"summary_large_image\" \/>\n<meta name=\"twitter:label1\" content=\"Escrito por\" \/>\n\t<meta name=\"twitter:data1\" content=\"moacir\" \/>\n\t<meta name=\"twitter:label2\" content=\"Est. tempo de leitura\" \/>\n\t<meta name=\"twitter:data2\" content=\"5 minutos\" \/>\n<script type=\"application\/ld+json\" class=\"yoast-schema-graph\">{\"@context\":\"https:\/\/schema.org\",\"@graph\":[{\"@type\":\"WebSite\",\"@id\":\"https:\/\/franciscanos.org.br\/carisma\/#website\",\"url\":\"https:\/\/franciscanos.org.br\/carisma\/\",\"name\":\"Carisma - Franciscanos\",\"description\":\"Prov\u00edncia Franciscana da Imaculada Concei\u00e7\u00e3o do Brasil - Ordem dos Frades Menores\",\"potentialAction\":[{\"@type\":\"SearchAction\",\"target\":{\"@type\":\"EntryPoint\",\"urlTemplate\":\"https:\/\/franciscanos.org.br\/carisma\/?s={search_term_string}\"},\"query-input\":\"required name=search_term_string\"}],\"inLanguage\":\"pt-BR\"},{\"@type\":\"ImageObject\",\"inLanguage\":\"pt-BR\",\"@id\":\"https:\/\/franciscanos.org.br\/carisma\/da-vida-em-oracao-com-santa-clara-de-assis.html#primaryimage\",\"url\":\"https:\/\/franciscanos.org.br\/carisma\/wp-content\/uploads\/2020\/08\/clara_1008d.jpg\",\"contentUrl\":\"https:\/\/franciscanos.org.br\/carisma\/wp-content\/uploads\/2020\/08\/clara_1008d.jpg\",\"width\":800,\"height\":600},{\"@type\":\"WebPage\",\"@id\":\"https:\/\/franciscanos.org.br\/carisma\/da-vida-em-oracao-com-santa-clara-de-assis.html#webpage\",\"url\":\"https:\/\/franciscanos.org.br\/carisma\/da-vida-em-oracao-com-santa-clara-de-assis.html\",\"name\":\"Da vida em ora\u00e7\u00e3o com Santa Clara de Assis - Carisma - Franciscanos\",\"isPartOf\":{\"@id\":\"https:\/\/franciscanos.org.br\/carisma\/#website\"},\"primaryImageOfPage\":{\"@id\":\"https:\/\/franciscanos.org.br\/carisma\/da-vida-em-oracao-com-santa-clara-de-assis.html#primaryimage\"},\"datePublished\":\"2020-08-10T14:00:29+00:00\",\"dateModified\":\"2020-08-10T14:11:49+00:00\",\"author\":{\"@id\":\"https:\/\/franciscanos.org.br\/carisma\/#\/schema\/person\/bf14cae4d2151ab6b6e41d96660f93a2\"},\"breadcrumb\":{\"@id\":\"https:\/\/franciscanos.org.br\/carisma\/da-vida-em-oracao-com-santa-clara-de-assis.html#breadcrumb\"},\"inLanguage\":\"pt-BR\",\"potentialAction\":[{\"@type\":\"ReadAction\",\"target\":[\"https:\/\/franciscanos.org.br\/carisma\/da-vida-em-oracao-com-santa-clara-de-assis.html\"]}]},{\"@type\":\"BreadcrumbList\",\"@id\":\"https:\/\/franciscanos.org.br\/carisma\/da-vida-em-oracao-com-santa-clara-de-assis.html#breadcrumb\",\"itemListElement\":[{\"@type\":\"ListItem\",\"position\":1,\"name\":\"Home\",\"item\":\"https:\/\/franciscanos.org.br\/carisma\"},{\"@type\":\"ListItem\",\"position\":2,\"name\":\"Da vida em ora\u00e7\u00e3o com Santa Clara de Assis\"}]},{\"@type\":\"Person\",\"@id\":\"https:\/\/franciscanos.org.br\/carisma\/#\/schema\/person\/bf14cae4d2151ab6b6e41d96660f93a2\",\"name\":\"moacir\",\"image\":{\"@type\":\"ImageObject\",\"inLanguage\":\"pt-BR\",\"@id\":\"https:\/\/franciscanos.org.br\/carisma\/#\/schema\/person\/image\/\",\"url\":\"https:\/\/secure.gravatar.com\/avatar\/d08aa2ce4c8dd416d4479aa8536fcf64?s=96&d=mm&r=g\",\"contentUrl\":\"https:\/\/secure.gravatar.com\/avatar\/d08aa2ce4c8dd416d4479aa8536fcf64?s=96&d=mm&r=g\",\"caption\":\"moacir\"},\"url\":\"https:\/\/franciscanos.org.br\/carisma\/author\/moacir\"}]}<\/script>\n<!-- \/ Yoast SEO plugin. -->","yoast_head_json":{"title":"Da vida em ora\u00e7\u00e3o com Santa Clara de Assis - Carisma - Franciscanos","robots":{"index":"index","follow":"follow","max-snippet":"max-snippet:-1","max-image-preview":"max-image-preview:large","max-video-preview":"max-video-preview:-1"},"canonical":"https:\/\/franciscanos.org.br\/carisma\/da-vida-em-oracao-com-santa-clara-de-assis.html","og_locale":"pt_BR","og_type":"article","og_title":"Da vida em ora\u00e7\u00e3o com Santa Clara de Assis - Carisma - Franciscanos","og_description":"Artigo de Frei Marco Antonio dos Santos","og_url":"https:\/\/franciscanos.org.br\/carisma\/da-vida-em-oracao-com-santa-clara-de-assis.html","og_site_name":"Carisma - Franciscanos","article_published_time":"2020-08-10T14:00:29+00:00","article_modified_time":"2020-08-10T14:11:49+00:00","og_image":[{"width":800,"height":600,"url":"https:\/\/franciscanos.org.br\/carisma\/wp-content\/uploads\/2020\/08\/clara_1008d.jpg","type":"image\/jpeg"}],"author":"moacir","twitter_card":"summary_large_image","twitter_misc":{"Escrito por":"moacir","Est. tempo de leitura":"5 minutos"},"schema":{"@context":"https:\/\/schema.org","@graph":[{"@type":"WebSite","@id":"https:\/\/franciscanos.org.br\/carisma\/#website","url":"https:\/\/franciscanos.org.br\/carisma\/","name":"Carisma - Franciscanos","description":"Prov\u00edncia Franciscana da Imaculada Concei\u00e7\u00e3o do Brasil - Ordem dos Frades Menores","potentialAction":[{"@type":"SearchAction","target":{"@type":"EntryPoint","urlTemplate":"https:\/\/franciscanos.org.br\/carisma\/?s={search_term_string}"},"query-input":"required name=search_term_string"}],"inLanguage":"pt-BR"},{"@type":"ImageObject","inLanguage":"pt-BR","@id":"https:\/\/franciscanos.org.br\/carisma\/da-vida-em-oracao-com-santa-clara-de-assis.html#primaryimage","url":"https:\/\/franciscanos.org.br\/carisma\/wp-content\/uploads\/2020\/08\/clara_1008d.jpg","contentUrl":"https:\/\/franciscanos.org.br\/carisma\/wp-content\/uploads\/2020\/08\/clara_1008d.jpg","width":800,"height":600},{"@type":"WebPage","@id":"https:\/\/franciscanos.org.br\/carisma\/da-vida-em-oracao-com-santa-clara-de-assis.html#webpage","url":"https:\/\/franciscanos.org.br\/carisma\/da-vida-em-oracao-com-santa-clara-de-assis.html","name":"Da vida em ora\u00e7\u00e3o com Santa Clara de Assis - Carisma - Franciscanos","isPartOf":{"@id":"https:\/\/franciscanos.org.br\/carisma\/#website"},"primaryImageOfPage":{"@id":"https:\/\/franciscanos.org.br\/carisma\/da-vida-em-oracao-com-santa-clara-de-assis.html#primaryimage"},"datePublished":"2020-08-10T14:00:29+00:00","dateModified":"2020-08-10T14:11:49+00:00","author":{"@id":"https:\/\/franciscanos.org.br\/carisma\/#\/schema\/person\/bf14cae4d2151ab6b6e41d96660f93a2"},"breadcrumb":{"@id":"https:\/\/franciscanos.org.br\/carisma\/da-vida-em-oracao-com-santa-clara-de-assis.html#breadcrumb"},"inLanguage":"pt-BR","potentialAction":[{"@type":"ReadAction","target":["https:\/\/franciscanos.org.br\/carisma\/da-vida-em-oracao-com-santa-clara-de-assis.html"]}]},{"@type":"BreadcrumbList","@id":"https:\/\/franciscanos.org.br\/carisma\/da-vida-em-oracao-com-santa-clara-de-assis.html#breadcrumb","itemListElement":[{"@type":"ListItem","position":1,"name":"Home","item":"https:\/\/franciscanos.org.br\/carisma"},{"@type":"ListItem","position":2,"name":"Da vida em ora\u00e7\u00e3o com Santa Clara de Assis"}]},{"@type":"Person","@id":"https:\/\/franciscanos.org.br\/carisma\/#\/schema\/person\/bf14cae4d2151ab6b6e41d96660f93a2","name":"moacir","image":{"@type":"ImageObject","inLanguage":"pt-BR","@id":"https:\/\/franciscanos.org.br\/carisma\/#\/schema\/person\/image\/","url":"https:\/\/secure.gravatar.com\/avatar\/d08aa2ce4c8dd416d4479aa8536fcf64?s=96&d=mm&r=g","contentUrl":"https:\/\/secure.gravatar.com\/avatar\/d08aa2ce4c8dd416d4479aa8536fcf64?s=96&d=mm&r=g","caption":"moacir"},"url":"https:\/\/franciscanos.org.br\/carisma\/author\/moacir"}]}},"_links":{"self":[{"href":"https:\/\/franciscanos.org.br\/carisma\/wp-json\/wp\/v2\/posts\/177092"}],"collection":[{"href":"https:\/\/franciscanos.org.br\/carisma\/wp-json\/wp\/v2\/posts"}],"about":[{"href":"https:\/\/franciscanos.org.br\/carisma\/wp-json\/wp\/v2\/types\/post"}],"author":[{"embeddable":true,"href":"https:\/\/franciscanos.org.br\/carisma\/wp-json\/wp\/v2\/users\/3"}],"replies":[{"embeddable":true,"href":"https:\/\/franciscanos.org.br\/carisma\/wp-json\/wp\/v2\/comments?post=177092"}],"version-history":[{"count":2,"href":"https:\/\/franciscanos.org.br\/carisma\/wp-json\/wp\/v2\/posts\/177092\/revisions"}],"predecessor-version":[{"id":177097,"href":"https:\/\/franciscanos.org.br\/carisma\/wp-json\/wp\/v2\/posts\/177092\/revisions\/177097"}],"wp:featuredmedia":[{"embeddable":true,"href":"https:\/\/franciscanos.org.br\/carisma\/wp-json\/wp\/v2\/media\/177094"}],"wp:attachment":[{"href":"https:\/\/franciscanos.org.br\/carisma\/wp-json\/wp\/v2\/media?parent=177092"}],"wp:term":[{"taxonomy":"category","embeddable":true,"href":"https:\/\/franciscanos.org.br\/carisma\/wp-json\/wp\/v2\/categories?post=177092"},{"taxonomy":"post_tag","embeddable":true,"href":"https:\/\/franciscanos.org.br\/carisma\/wp-json\/wp\/v2\/tags?post=177092"}],"curies":[{"name":"wp","href":"https:\/\/api.w.org\/{rel}","templated":true}]}}