{"id":177071,"date":"2020-08-05T07:14:53","date_gmt":"2020-08-05T10:14:53","guid":{"rendered":"https:\/\/franciscanos.org.br\/carisma\/?p=177071"},"modified":"2020-08-05T07:17:10","modified_gmt":"2020-08-05T10:17:10","slug":"celebracao-dos-42-anos-da-regra-paulina","status":"publish","type":"post","link":"https:\/\/franciscanos.org.br\/carisma\/celebracao-dos-42-anos-da-regra-paulina.html","title":{"rendered":"Celebra\u00e7\u00e3o dos 42 anos da &#8220;Regra paulina&#8221;"},"content":{"rendered":"<p><strong>\u00a0\u00a0 <img loading=\"lazy\" class=\"alignnone wp-image-177073 size-full\" src=\"https:\/\/franciscanos.org.br\/carisma\/wp-content\/uploads\/2020\/08\/ofs.jpg\" alt=\"\" width=\"840\" height=\"313\" srcset=\"https:\/\/franciscanos.org.br\/carisma\/wp-content\/uploads\/2020\/08\/ofs.jpg 840w, https:\/\/franciscanos.org.br\/carisma\/wp-content\/uploads\/2020\/08\/ofs-450x168.jpg 450w, https:\/\/franciscanos.org.br\/carisma\/wp-content\/uploads\/2020\/08\/ofs-768x286.jpg 768w, https:\/\/franciscanos.org.br\/carisma\/wp-content\/uploads\/2020\/08\/ofs-150x56.jpg 150w\" sizes=\"(max-width: 840px) 100vw, 840px\" \/><\/strong><u><\/u><\/p>\n<p><strong>Rosalvo G. Mota<\/strong><\/p>\n<p><strong>Introdu\u00e7\u00e3o<\/strong><\/p>\n<p>No dia 24 de junho de 1978, o Papa Paulo VI aprovava a Regra \u201caggiornata\u201d (atualizada, renovada), atrav\u00e9s da Carta apost\u00f3lica <em>\u201cSeraphicus Patriarcha\u201d,<\/em> com estas palavras: \u201c<em>aprovamos e confirmamos, com Nossa Apost\u00f3lica Autoridade, em virtude destas Letras, a Regra da Ordem Franciscana Secular e lhe acrescentamos o vigor da San\u00e7\u00e3o Apost\u00f3lica, contanto que concorde com o exemplar conservado no arquivo da Sagrada Congrega\u00e7\u00e3o para os Religiosos e os Institutos Seculares\u201d&#8230; \u201cSimultaneamente, por estas Letras e por Nossa autoridade ab-rogamos a anterior Regra da Ordem Terceira Franciscana Secular, como era chamada\u201d.<\/em><\/p>\n<p><strong>A grande genialidade de S\u00e3o Francisco.<\/strong><\/p>\n<p>A grande genialidade de S\u00e3o Francisco n\u00e3o foi ter sido fundador de Ordens e ter renovado a Igreja com tr\u00eas grandes Fam\u00edlias Espirituais, mas sim, h\u00e1 750 anos antes do Vaticano II, ter se voltado para os leigos. Francisco teve a compreens\u00e3o clara, profunda de que o Evangelho, a \u201cBoa Nova,\u201d de Nosso Senhor Jesus Cristo \u00e9 para <strong>todos.<\/strong> N\u00e3o h\u00e1 distin\u00e7\u00e3o para seculares e \u201creligiosos&#8221;. O que existe s\u00e3o <strong>formas, modos de vida<\/strong>, em responder ao chamado de Deus, no cumprimento do Evangelho.<\/p>\n<p><strong>Pr\u00f3logo da Regra<\/strong><\/p>\n<p>Com efeito, nos deu um modo de vida que hoje consta como \u201cPr\u00f3logo\u201d da Regra renovada, que estamos comoramos seus 42 anos, denominado de \u201cCarta a Todos Fi\u00e9is\u201d, publicada naquela \u00e9poca em duas rece\u00e7\u00f5es (reda\u00e7\u00f5es): a primeira\u00a0 como \u00e9 mais conhecida, pode ser datada de 1212, ano em que Santa Clara entrou na Ordem. Talvez fosse o ano em que houve as primeiras ades\u00f5es, em que algumas pessoas queriam viver a forma de vida de S\u00e3o Francisco. A segunda, de 1223, um pouco longa e detalhada, no mesmo ano que outras cartas foram dirigidas a fam\u00edlia <a href=\"#_edn1\" name=\"_ednref1\">[i]<\/a>franciscana. \u00b9<\/p>\n<p>Para muitos estudiosos e bi\u00f3grafos franciscanos, tais como: Frei Jos\u00e9 Carlos Pedroso, OFM Cap., Frei Egberto Brangenberg, OFM, Fr. Raffael Pazzelli, TOR, Fr. Andrea Bini, OFM, Frei Kajetan Esser, OFM, Fr. Mariano Bigi, Fr. L\u00e1zaro Iriart, Fr. Ant\u00f4nio Rotzetter e outros, a Carta aos Fi\u00e9is foi a fonte espiritual para os franciscanos seculares seguidores de s\u00e3o Francisco daquela \u00e9poca.<\/p>\n<p><strong>&#8220;REGRA PAULINA&#8221;<\/strong><\/p>\n<p><strong>Identidade,<\/strong> <strong>caracter\u00edsticas e novidades da Regra Renovada.<\/strong><\/p>\n<p>A <strong>Regra renovada<\/strong> nos apresenta um verdadeiro <strong>Projeto de Vida<\/strong>. Para tanto \u00e9 necess\u00e1rio compreender com clareza o carisma, a miss\u00e3o e o trabalho do Franciscano Secular na OFS, na Igreja e na Sociedade de hoje.<\/p>\n<p>A<strong> Voca\u00e7\u00e3o do franciscano secular<\/strong> nasce da universal voca\u00e7\u00e3o \u00e0 santidade. Assim nos indica a Regra: <strong>\u201cimpulsionados pelo Esp\u00edrito a atingir a perfei\u00e7\u00e3o da caridade (AMOR) no pr\u00f3prio estado secular\u201d.<\/strong><\/p>\n<p><strong>Penit\u00eancia. <\/strong>S\u00e3o Francisco e seus irm\u00e3os assim se apresentavam nos lugares em que chegavam: \u201c<em>somos irm\u00e3os da penit\u00eancia de Assis\u201d.<\/em> Igualmente, para n\u00f3s, devemos manter essa caracter\u00edstica, ser <strong>penitentes. <\/strong>Penit\u00eancia, como convers\u00e3o, mudan\u00e7a de vida, abrir o cora\u00e7\u00e3o para Deus, atrav\u00e9s do exemplo e da palavra. As nossas Constitui\u00e7\u00f5es Gerais afirmam que o nosso <em>\u201capostolado<\/em> <em>preferencial \u00e9 o testemunho pessoal no ambiente em que vivemos e o servi\u00e7o para a edifica\u00e7\u00e3o do Reino de Deus nas realidades terrestres\u201d (CCGG Art. 17.1).<\/em><\/p>\n<p>A <strong>espiritualidade franciscana secular<\/strong> \u00e9 uma forma de vida que, observando o Evangelho, se prop\u00f5e a seguir Jesus Cristo no amor a Deus e ao pr\u00f3ximo, ou seja, \u201cpassando do Evangelho \u00e0 vida e da vida ao Evangelho\u201d (R. 4, \u00a73).<\/p>\n<p>A <strong>Eucaristia<\/strong>, centro da espiritualidade franciscana. \u201c<em>A f\u00e9 de S\u00e3o Francisco, que ditou estas palavras: \u201cNada vejo corporalmente neste mundo do alt\u00edssimo Filho de Deus, sen\u00e3o o seu sant\u00edssimo Corpo e o sant\u00edssimo Sangue\u201d\u201d<\/em> (R.6).<\/p>\n<p><strong>Fraternidade. <\/strong>Outra caracter\u00edstica franciscana \u00e9 viver o Evangelho em comunh\u00e3o fraterna, ou seja, <strong>viver em fraternidade<\/strong>. A fraternidade Evang\u00e9lica encontra seu fundamento em Cristo, primog\u00eanito de todos. O empenho para a vida fraterna passa necessariamente atrav\u00e9s de \u201c<em>um dom\u201d.<\/em> Dom porque se trata de servir o irm\u00e3o, e n\u00e3o, de servir-se do irm\u00e3o. Servi\u00e7o, de conviver com o \u201coutro\u201d, aceitar o outro como ele \u00e9; servi\u00e7o do bom exemplo; servi\u00e7o do di\u00e1logo; servi\u00e7o de confian\u00e7a e de estima; servi\u00e7o de confid\u00eancia; servi\u00e7o na sinceridade e na lealdade.<\/p>\n<p><strong>Secularidade. <a href=\"#_edn2\" name=\"_ednref2\">[ii]<\/a> <\/strong>Por muito tempo a OFS funcionou como uma Fraternidade \u201cdevocional\u201d de S\u00e3o Francisco, de acordo com as orienta\u00e7\u00f5es que lhe eram dadas \u00e0 \u00e9poca, e era Obediencial, ou seja, estava ligada a cada ramo da Ordem Primeira e TOR. Hoje, ap\u00f3s o Conc\u00edlio Vaticano II e por for\u00e7a da Regra renovada, que deu \u00e0 Ordem sua Unidade, Autonomia e a sua caracter\u00edstica secular, a OFS est\u00e1 corrigindo seus erros do passado e est\u00e1 desenvolvendo, mais consciente, sua dimens\u00e3o secular.<\/p>\n<p>Como Franciscanos Seculares somos chamados a testemunhar que o sagrado est\u00e1 fortemente presente no mundo. Somos chamados a manifestar que o Evangelho de Cristo est\u00e1 presente em todos os aspectos da vida moderna. Somos chamados a manifestar com nossa f\u00e9, o nosso exemplo e as nossas obras, o mist\u00e9rio da encarna\u00e7\u00e3o de Jesus na nossa pr\u00f3pria carne e nas nossas atividades vividas nas circunst\u00e2ncias ordin\u00e1rias da vida. Devemos ouvir o chamado da Igreja nos seus Documentos e desenvolver nas nossas Fraternidades a forma\u00e7\u00e3o humana, social, pol\u00edtica, crist\u00e3 e franciscana, assim como o conviver em fraternidade.<\/p>\n<p>Ainda, devemos desenvolver e viver iniciativas apost\u00f3licas pr\u00f3prias da nossa espiritualidade. Se temos a coragem de proclamar a palavra de Deus no altar, devemos, antes, nos esfor\u00e7ar para aliviar as injusti\u00e7as denunciadas pelo Evangelho. Se nos sentimos tocados pelo ambiente lit\u00fargico e glorificamos a Deus, cantando, devemos, antes, trabalhar para restaurar o ambiente e para libert\u00e1-lo dos efeitos da contamina\u00e7\u00e3o que suja a imagem de Deus nas criaturas.<\/p>\n<p><strong>Unidade<\/strong>. A primeira grande novidade quanto \u00e0 unidade da OFS, \u00e9 que ela deixou de ser obediencial (OFS\/OFM; OFS\/Cap.; OFS\/Conv. e OFS\/TOR), para Interobediencial.\u00a0 As CCGG<a href=\"#_edn3\" name=\"_ednref3\">[iii]<\/a>, como aplica\u00e7\u00e3o da Regra renovada, reafirmam a unidade da Ordem (interobediencial), das Normas, das estruturas, das linhas de forma\u00e7\u00e3o e a\u00e7\u00e3o.<\/p>\n<p>A primeira palavra que vem em mente no presente tema, \u201cunidade da OFS\u201d, s\u00e3o aquelas da Regra renovada que definem a OFS \u201c<em>como a uni\u00e3o org\u00e2nica de todas as fraternidades cat\u00f3licas espalhadas pelo mundo e abertas a todos os grupos de fi\u00e9is\u201d.<\/em><\/p>\n<p>\u201c<em>A OFS uma e \u00fanica<\/em>\u201d, palavras do Papa Bento XVI, em seu Parecer sobre a Unifica\u00e7\u00e3o da OFS da It\u00e1lia.<\/p>\n<p>A OFS tem uma personalidade pr\u00f3pria: \u201c<em>Se articula em Fraternidade nos v\u00e1rios n\u00edveis: local, Regional, Nacional e Internacional\u201d.<\/em> As fraternidades nos diversos n\u00edveis t\u00eam \u201c<em>personalidade Jur\u00eddica na Igreja\u201d, <\/em>s\u00e3o guiadas e animadas por um Conselho e um Presidente (Ministro), que s\u00e3o eleitos pelos Professos, com base na CCGG.<\/p>\n<p>A OFS rege-se pelo Direito Universal da Igreja e por direito pr\u00f3prio: a Regra, as Constitui\u00e7\u00f5es Gerais, o Ritual e os Estatutos pr\u00f3prios e sua Diretriz de Forma\u00e7\u00e3o.<\/p>\n<p><strong>Autonomia. <\/strong>A Autonomia da OFS se caracteriza pela direta responsabilidade da autogest\u00e3o Administrativa e Econ\u00f4mica. Os Cap\u00edtulos nos diversos n\u00edveis t\u00eam poderes legislativo, deliberativo e eletivo.<\/p>\n<p><strong>Linhas de a\u00e7\u00e3o e Apostolado.<a href=\"#_edn4\" name=\"_ednref4\">[iv]<\/a> <\/strong>As grandes linhas de <strong>a\u00e7\u00e3o<\/strong> do franciscano secular, est\u00e3o definidas em nossa Regra: na<strong> fam\u00edlia<\/strong>, onde procuramos viver o esp\u00edrito franciscano de paz, de fidelidade e de respeito \u00e0 vida. Mediante uma educa\u00e7\u00e3o crist\u00e3 e aberta aos filhos; no <strong>trabalho<\/strong>, consciente que \u00e9 uma gra\u00e7a de Deus e participa\u00e7\u00e3o na cria\u00e7\u00e3o, nos empenhamos para que todos tenham a possibilidade de trabalhar e que os processos de trabalhos sejam sempre mais humanos. Na<strong> pol\u00edtica e na promo\u00e7\u00e3o da justi\u00e7a<\/strong>, onde procuramos assumir as pr\u00f3prias responsabilidades com compet\u00eancia e em esp\u00edrito de servi\u00e7o, tomando iniciativas corajosas, quer individualmente, quer comunit\u00e1rias e comprometendo-se com op\u00e7\u00f5es concretas e coerentes com a f\u00e9.<\/p>\n<p>Ainda, na <strong>ecologia, <\/strong>pelo respeito por todas as criaturas, \u201canimadas e inanimadas, passando da tenta\u00e7\u00e3o de sua explora\u00e7\u00e3o ao conceito franciscano da fraternidade universal\u201d. E em muitas outras realidades do mundo em que vivemos.<\/p>\n<p><strong>Assist\u00eancia Espiritual Pastoral. <\/strong>Esta \u00e9 outra grande novidade da Regra. \u201c<em>E<\/em><em>m sinal concreto e de corresponsabilidade, os Conselhos, nos diversos n\u00edveis, de acordo com as constitui\u00e7\u00f5es, solicitar\u00e3o aos Superiores das quatro Fam\u00edlias Religiosos, \u00e0s quais desde s\u00e9culos a Fraternidade Secular est\u00e1 ligada, religiosos id\u00f4neos e preparados para a Assist\u00eancia Espiritual\u201d <\/em>(R. 26).<\/p>\n<p>Ainda, \u201c<em>\u00c9 atribui\u00e7\u00e3o principal do Assistente comunicar a espiritualidade franciscana e cooperar<\/em> na forma\u00e7\u00e3o inicial e permanente <em>dos<\/em> irm\u00e3os\u201d. \u201cO <em>Assistente Espiritual \u00e9 membro de direito, com voto, do Conselho da fraternidade a qual presta a assist\u00eancia e colabora com o mesmo em todas as atividades\u201d, (CCGG 90, 1, 2).<\/em><\/p>\n<p>Outra novidade pouco conhecida e aplicada: \u201c<em>Quando n\u00e3o for poss\u00edvel dar \u00e0 fraternidade um Assistente espiritual membro da Primeira Ordem ou da TOR, o Superior Maior competente pode confiar o servi\u00e7o da assist\u00eancia espiritual:<a href=\"#_edn5\" name=\"_ednref5\"><strong>[v]<\/strong><\/a><\/em><\/p>\n<p><em>&#8211; a religiosos ou religiosas pertencentes a outros Institutos franciscanos;<\/em><\/p>\n<p><em>&#8211; a Franciscanos seculares, cl\u00e9rigos ou leigos, especialmente preparados para este servi\u00e7o; (*)<\/em><\/p>\n<p><em>&#8211; a outros cl\u00e9rigos diocesanos ou religiosos n\u00e3o franciscanos (CCGG 89.4)\u201d.<\/em><\/p>\n<p>(*) Sobre esta determina\u00e7\u00e3o Constitucional e Estatut\u00e1ria gostaria de lembrar que o Cap\u00edtulo Geral de nov\/2008, realizado na Hungria, fez a Interpreta\u00e7\u00e3o Pr\u00e1tica deste artigo, com esclarecimentos e orienta\u00e7\u00f5es pr\u00e1ticas de como deve ser aplicado (Art. 89.4, b &#8211; CCGG e Art. 15.4, b &#8211; EAE). Infelizmente, hoje, constata-se que, n\u00e3o obstante a falta de Assistentes em muitas Fraternidades, este Artigo \u00e9 de pouco conhecimento e aplica\u00e7\u00e3o em muitas Fraternidades. Pergunto, por que?<\/p>\n<p><strong>CONCLUS\u00c3O<\/strong><\/p>\n<p>Diante do exposto e salvo melhores considera\u00e7\u00f5es, concluo afirmando, que:<\/p>\n<p><strong>Cada Fraternidade <\/strong>da OFS \u00e9 uma verdadeira escola de santidade, de genu\u00edno esp\u00edrito crist\u00e3o e franciscano<a href=\"#_edn6\" name=\"_ednref6\">[vi]<\/a>.<\/p>\n<p>Transcorridos quase oito s\u00e9culos, a OFS tem sido um <strong>grande celeiro de voca\u00e7\u00f5es<\/strong> para toda a Fam\u00edlia Franciscana.<\/p>\n<p>A Juventude Franciscana &#8211; JUFRA \u00e9 a nossa grande riqueza e alegria. Os jovens s\u00e3o o retrato da OFS de hoje.<\/p>\n<p>O <strong>ideal da vida franciscana secular<\/strong> \u00e9 capaz de irmanar, em uma mesma fraternidade, reis e poderosos, pobres e humildes, sem outra diferen\u00e7a al\u00e9m do nome pessoal de cada um.<\/p>\n<p>Por fim, meus irm\u00e3os e irm\u00e3s, concluo com a palavras do nosso saudoso Santo Papa Jo\u00e3o Paulo II, por ocasi\u00e3o da realiza\u00e7\u00e3o do Cap\u00edtulo Geral de 2002, em Roma: \u201c<em>V\u00f3s, franciscanos seculares, vivei por voca\u00e7\u00e3o a perten\u00e7a a Igreja e a Sociedade como realidade insepar\u00e1vel. Por isto vos \u00e9 pedido, acima de tudo, o vosso testemunho pessoal no ambiente em vivem\u201d.\u00a0<\/em><\/p>\n<p>Fraternalmente,<\/p>\n<p><strong>Rosalvo G. Mota, OFS<\/strong><\/p>\n<hr \/>\n<p style=\"padding-left: 40px;\"><a href=\"#_ednref1\" name=\"_edn1\">[i]<\/a>\u00a0 Fr. Jos\u00e9 Carlos Pedroso, Carta aos Fi\u00e9is.<\/p>\n<p style=\"padding-left: 40px;\"><a href=\"#_ednref2\" name=\"_edn2\">[ii]<\/a> A Vida em fraternidade \u2013 OFS do Brasil \u2013 Vozes 2001<\/p>\n<p style=\"padding-left: 40px;\"><a href=\"#_ednref3\" name=\"_edn3\">[iii]<\/a> CCGG, Constitui\u00e7\u00f5es Gerais da OFS.<\/p>\n<p style=\"padding-left: 40px;\"><a href=\"#_ednref4\" name=\"_edn4\">[iv]<\/a> Regra da OFS<\/p>\n<p style=\"padding-left: 40px;\"><a href=\"#_ednref5\" name=\"_edn5\">[v]<\/a> Estatuto para a Assist\u00eancia Espiritual e Pastoral \u00e0 Ordem Franciscana Secular.<\/p>\n<p style=\"padding-left: 40px;\"><a href=\"#_ednref6\" name=\"_edn6\">[vi]<\/a> Papa Pio XII<\/p>\n","protected":false},"excerpt":{"rendered":"<p>Ordem Franciscana Secular &#8211; OFS<\/p>\n","protected":false},"author":3,"featured_media":177072,"comment_status":"open","ping_status":"open","sticky":false,"template":"","format":"standard","meta":[],"categories":[14],"tags":[47],"yoast_head":"<!-- This site is optimized with the Yoast SEO plugin v19.2 - https:\/\/yoast.com\/wordpress\/plugins\/seo\/ -->\n<title>Celebra\u00e7\u00e3o dos 42 anos da &quot;Regra paulina&quot; - Carisma - Franciscanos<\/title>\n<meta name=\"robots\" content=\"index, follow, max-snippet:-1, max-image-preview:large, max-video-preview:-1\" \/>\n<link rel=\"canonical\" href=\"https:\/\/franciscanos.org.br\/carisma\/celebracao-dos-42-anos-da-regra-paulina.html\" \/>\n<meta property=\"og:locale\" content=\"pt_BR\" \/>\n<meta property=\"og:type\" content=\"article\" \/>\n<meta property=\"og:title\" content=\"Celebra\u00e7\u00e3o dos 42 anos da &quot;Regra paulina&quot; - Carisma - Franciscanos\" \/>\n<meta property=\"og:description\" content=\"Ordem Franciscana Secular - OFS\" \/>\n<meta property=\"og:url\" content=\"https:\/\/franciscanos.org.br\/carisma\/celebracao-dos-42-anos-da-regra-paulina.html\" \/>\n<meta property=\"og:site_name\" content=\"Carisma - Franciscanos\" \/>\n<meta property=\"article:published_time\" content=\"2020-08-05T10:14:53+00:00\" \/>\n<meta property=\"article:modified_time\" content=\"2020-08-05T10:17:10+00:00\" \/>\n<meta property=\"og:image\" content=\"https:\/\/franciscanos.org.br\/carisma\/wp-content\/uploads\/2020\/08\/ofs_d.jpg\" \/>\n\t<meta property=\"og:image:width\" content=\"600\" \/>\n\t<meta property=\"og:image:height\" content=\"449\" \/>\n\t<meta property=\"og:image:type\" content=\"image\/jpeg\" \/>\n<meta name=\"author\" content=\"moacir\" \/>\n<meta name=\"twitter:card\" content=\"summary_large_image\" \/>\n<meta name=\"twitter:label1\" content=\"Escrito por\" \/>\n\t<meta name=\"twitter:data1\" content=\"moacir\" \/>\n\t<meta name=\"twitter:label2\" content=\"Est. tempo de leitura\" \/>\n\t<meta name=\"twitter:data2\" content=\"9 minutos\" \/>\n<script type=\"application\/ld+json\" class=\"yoast-schema-graph\">{\"@context\":\"https:\/\/schema.org\",\"@graph\":[{\"@type\":\"WebSite\",\"@id\":\"https:\/\/franciscanos.org.br\/carisma\/#website\",\"url\":\"https:\/\/franciscanos.org.br\/carisma\/\",\"name\":\"Carisma - Franciscanos\",\"description\":\"Prov\u00edncia Franciscana da Imaculada Concei\u00e7\u00e3o do Brasil - Ordem dos Frades Menores\",\"potentialAction\":[{\"@type\":\"SearchAction\",\"target\":{\"@type\":\"EntryPoint\",\"urlTemplate\":\"https:\/\/franciscanos.org.br\/carisma\/?s={search_term_string}\"},\"query-input\":\"required name=search_term_string\"}],\"inLanguage\":\"pt-BR\"},{\"@type\":\"ImageObject\",\"inLanguage\":\"pt-BR\",\"@id\":\"https:\/\/franciscanos.org.br\/carisma\/celebracao-dos-42-anos-da-regra-paulina.html#primaryimage\",\"url\":\"https:\/\/franciscanos.org.br\/carisma\/wp-content\/uploads\/2020\/08\/ofs_d.jpg\",\"contentUrl\":\"https:\/\/franciscanos.org.br\/carisma\/wp-content\/uploads\/2020\/08\/ofs_d.jpg\",\"width\":600,\"height\":449},{\"@type\":\"WebPage\",\"@id\":\"https:\/\/franciscanos.org.br\/carisma\/celebracao-dos-42-anos-da-regra-paulina.html#webpage\",\"url\":\"https:\/\/franciscanos.org.br\/carisma\/celebracao-dos-42-anos-da-regra-paulina.html\",\"name\":\"Celebra\u00e7\u00e3o dos 42 anos da \\\"Regra paulina\\\" - Carisma - Franciscanos\",\"isPartOf\":{\"@id\":\"https:\/\/franciscanos.org.br\/carisma\/#website\"},\"primaryImageOfPage\":{\"@id\":\"https:\/\/franciscanos.org.br\/carisma\/celebracao-dos-42-anos-da-regra-paulina.html#primaryimage\"},\"datePublished\":\"2020-08-05T10:14:53+00:00\",\"dateModified\":\"2020-08-05T10:17:10+00:00\",\"author\":{\"@id\":\"https:\/\/franciscanos.org.br\/carisma\/#\/schema\/person\/bf14cae4d2151ab6b6e41d96660f93a2\"},\"breadcrumb\":{\"@id\":\"https:\/\/franciscanos.org.br\/carisma\/celebracao-dos-42-anos-da-regra-paulina.html#breadcrumb\"},\"inLanguage\":\"pt-BR\",\"potentialAction\":[{\"@type\":\"ReadAction\",\"target\":[\"https:\/\/franciscanos.org.br\/carisma\/celebracao-dos-42-anos-da-regra-paulina.html\"]}]},{\"@type\":\"BreadcrumbList\",\"@id\":\"https:\/\/franciscanos.org.br\/carisma\/celebracao-dos-42-anos-da-regra-paulina.html#breadcrumb\",\"itemListElement\":[{\"@type\":\"ListItem\",\"position\":1,\"name\":\"Home\",\"item\":\"https:\/\/franciscanos.org.br\/carisma\"},{\"@type\":\"ListItem\",\"position\":2,\"name\":\"Celebra\u00e7\u00e3o dos 42 anos da &#8220;Regra paulina&#8221;\"}]},{\"@type\":\"Person\",\"@id\":\"https:\/\/franciscanos.org.br\/carisma\/#\/schema\/person\/bf14cae4d2151ab6b6e41d96660f93a2\",\"name\":\"moacir\",\"image\":{\"@type\":\"ImageObject\",\"inLanguage\":\"pt-BR\",\"@id\":\"https:\/\/franciscanos.org.br\/carisma\/#\/schema\/person\/image\/\",\"url\":\"https:\/\/secure.gravatar.com\/avatar\/d08aa2ce4c8dd416d4479aa8536fcf64?s=96&d=mm&r=g\",\"contentUrl\":\"https:\/\/secure.gravatar.com\/avatar\/d08aa2ce4c8dd416d4479aa8536fcf64?s=96&d=mm&r=g\",\"caption\":\"moacir\"},\"url\":\"https:\/\/franciscanos.org.br\/carisma\/author\/moacir\"}]}<\/script>\n<!-- \/ Yoast SEO plugin. -->","yoast_head_json":{"title":"Celebra\u00e7\u00e3o dos 42 anos da \"Regra paulina\" - Carisma - Franciscanos","robots":{"index":"index","follow":"follow","max-snippet":"max-snippet:-1","max-image-preview":"max-image-preview:large","max-video-preview":"max-video-preview:-1"},"canonical":"https:\/\/franciscanos.org.br\/carisma\/celebracao-dos-42-anos-da-regra-paulina.html","og_locale":"pt_BR","og_type":"article","og_title":"Celebra\u00e7\u00e3o dos 42 anos da \"Regra paulina\" - Carisma - Franciscanos","og_description":"Ordem Franciscana Secular - OFS","og_url":"https:\/\/franciscanos.org.br\/carisma\/celebracao-dos-42-anos-da-regra-paulina.html","og_site_name":"Carisma - Franciscanos","article_published_time":"2020-08-05T10:14:53+00:00","article_modified_time":"2020-08-05T10:17:10+00:00","og_image":[{"width":600,"height":449,"url":"https:\/\/franciscanos.org.br\/carisma\/wp-content\/uploads\/2020\/08\/ofs_d.jpg","type":"image\/jpeg"}],"author":"moacir","twitter_card":"summary_large_image","twitter_misc":{"Escrito por":"moacir","Est. tempo de leitura":"9 minutos"},"schema":{"@context":"https:\/\/schema.org","@graph":[{"@type":"WebSite","@id":"https:\/\/franciscanos.org.br\/carisma\/#website","url":"https:\/\/franciscanos.org.br\/carisma\/","name":"Carisma - Franciscanos","description":"Prov\u00edncia Franciscana da Imaculada Concei\u00e7\u00e3o do Brasil - Ordem dos Frades Menores","potentialAction":[{"@type":"SearchAction","target":{"@type":"EntryPoint","urlTemplate":"https:\/\/franciscanos.org.br\/carisma\/?s={search_term_string}"},"query-input":"required name=search_term_string"}],"inLanguage":"pt-BR"},{"@type":"ImageObject","inLanguage":"pt-BR","@id":"https:\/\/franciscanos.org.br\/carisma\/celebracao-dos-42-anos-da-regra-paulina.html#primaryimage","url":"https:\/\/franciscanos.org.br\/carisma\/wp-content\/uploads\/2020\/08\/ofs_d.jpg","contentUrl":"https:\/\/franciscanos.org.br\/carisma\/wp-content\/uploads\/2020\/08\/ofs_d.jpg","width":600,"height":449},{"@type":"WebPage","@id":"https:\/\/franciscanos.org.br\/carisma\/celebracao-dos-42-anos-da-regra-paulina.html#webpage","url":"https:\/\/franciscanos.org.br\/carisma\/celebracao-dos-42-anos-da-regra-paulina.html","name":"Celebra\u00e7\u00e3o dos 42 anos da \"Regra paulina\" - Carisma - Franciscanos","isPartOf":{"@id":"https:\/\/franciscanos.org.br\/carisma\/#website"},"primaryImageOfPage":{"@id":"https:\/\/franciscanos.org.br\/carisma\/celebracao-dos-42-anos-da-regra-paulina.html#primaryimage"},"datePublished":"2020-08-05T10:14:53+00:00","dateModified":"2020-08-05T10:17:10+00:00","author":{"@id":"https:\/\/franciscanos.org.br\/carisma\/#\/schema\/person\/bf14cae4d2151ab6b6e41d96660f93a2"},"breadcrumb":{"@id":"https:\/\/franciscanos.org.br\/carisma\/celebracao-dos-42-anos-da-regra-paulina.html#breadcrumb"},"inLanguage":"pt-BR","potentialAction":[{"@type":"ReadAction","target":["https:\/\/franciscanos.org.br\/carisma\/celebracao-dos-42-anos-da-regra-paulina.html"]}]},{"@type":"BreadcrumbList","@id":"https:\/\/franciscanos.org.br\/carisma\/celebracao-dos-42-anos-da-regra-paulina.html#breadcrumb","itemListElement":[{"@type":"ListItem","position":1,"name":"Home","item":"https:\/\/franciscanos.org.br\/carisma"},{"@type":"ListItem","position":2,"name":"Celebra\u00e7\u00e3o dos 42 anos da &#8220;Regra paulina&#8221;"}]},{"@type":"Person","@id":"https:\/\/franciscanos.org.br\/carisma\/#\/schema\/person\/bf14cae4d2151ab6b6e41d96660f93a2","name":"moacir","image":{"@type":"ImageObject","inLanguage":"pt-BR","@id":"https:\/\/franciscanos.org.br\/carisma\/#\/schema\/person\/image\/","url":"https:\/\/secure.gravatar.com\/avatar\/d08aa2ce4c8dd416d4479aa8536fcf64?s=96&d=mm&r=g","contentUrl":"https:\/\/secure.gravatar.com\/avatar\/d08aa2ce4c8dd416d4479aa8536fcf64?s=96&d=mm&r=g","caption":"moacir"},"url":"https:\/\/franciscanos.org.br\/carisma\/author\/moacir"}]}},"_links":{"self":[{"href":"https:\/\/franciscanos.org.br\/carisma\/wp-json\/wp\/v2\/posts\/177071"}],"collection":[{"href":"https:\/\/franciscanos.org.br\/carisma\/wp-json\/wp\/v2\/posts"}],"about":[{"href":"https:\/\/franciscanos.org.br\/carisma\/wp-json\/wp\/v2\/types\/post"}],"author":[{"embeddable":true,"href":"https:\/\/franciscanos.org.br\/carisma\/wp-json\/wp\/v2\/users\/3"}],"replies":[{"embeddable":true,"href":"https:\/\/franciscanos.org.br\/carisma\/wp-json\/wp\/v2\/comments?post=177071"}],"version-history":[{"count":4,"href":"https:\/\/franciscanos.org.br\/carisma\/wp-json\/wp\/v2\/posts\/177071\/revisions"}],"predecessor-version":[{"id":177077,"href":"https:\/\/franciscanos.org.br\/carisma\/wp-json\/wp\/v2\/posts\/177071\/revisions\/177077"}],"wp:featuredmedia":[{"embeddable":true,"href":"https:\/\/franciscanos.org.br\/carisma\/wp-json\/wp\/v2\/media\/177072"}],"wp:attachment":[{"href":"https:\/\/franciscanos.org.br\/carisma\/wp-json\/wp\/v2\/media?parent=177071"}],"wp:term":[{"taxonomy":"category","embeddable":true,"href":"https:\/\/franciscanos.org.br\/carisma\/wp-json\/wp\/v2\/categories?post=177071"},{"taxonomy":"post_tag","embeddable":true,"href":"https:\/\/franciscanos.org.br\/carisma\/wp-json\/wp\/v2\/tags?post=177071"}],"curies":[{"name":"wp","href":"https:\/\/api.w.org\/{rel}","templated":true}]}}