{"id":177059,"date":"2019-02-14T12:50:57","date_gmt":"2019-02-14T14:50:57","guid":{"rendered":"https:\/\/franciscanos.org.br\/carisma\/?p=177059"},"modified":"2020-08-03T12:52:21","modified_gmt":"2020-08-03T15:52:21","slug":"ofs-e-o-espelho-da-perfeicao-novo-projeto-de-comunicacao","status":"publish","type":"post","link":"https:\/\/franciscanos.org.br\/carisma\/ofs-e-o-espelho-da-perfeicao-novo-projeto-de-comunicacao.html","title":{"rendered":"\u201cOFS e o Espelho da Perfei\u00e7\u00e3o\u201d,  novo projeto de Comunica\u00e7\u00e3o"},"content":{"rendered":"<p><img loading=\"lazy\" class=\"alignleft size-full wp-image-177794\" src=\"https:\/\/franciscanos.org.br\/vidacrista\/wp-content\/uploads\/2019\/02\/francisco_140219.jpg\" alt=\"\" width=\"531\" height=\"421\" \/><em>Paz e bem, irm\u00e3s e irm\u00e3os da OFS do Brasil!<\/em><\/p>\n<p><em>\u00c9 com grande alegria que o Conselho Nacional da OFS, a partir da Coordena\u00e7\u00e3o de Comunica\u00e7\u00e3o, lan\u00e7a seu novo projeto, intitulado \u201cOFS e o Espelho da Perfei\u00e7\u00e3o\u201d, que apresentar\u00e1 uma s\u00e9rie de reflex\u00f5es promovidas por convidados sobre os cap\u00edtulos desta parte de nossas fontes.<\/em><\/p>\n<p><em>Este projeto se inicia dentro do \u201crecente\u201d contexto da inser\u00e7\u00e3o da Comunica\u00e7\u00e3o como parte da Equipe de Forma\u00e7\u00e3o. Desse modo, n\u00e3o podemos pensar no servi\u00e7o da comunica\u00e7\u00e3o apenas como um \u201creplicador de not\u00edcias\u201d. Prop\u00f5e-se ent\u00e3o que sua atua\u00e7\u00e3o seja criativa e integrada aos demais servi\u00e7os, nos levando \u00e0 reflex\u00e3o e ao aprofundamento no nosso carisma de variados modos.<\/em><\/p>\n<p><em>Assim, neste projeto, apresentaremos os cap\u00edtulos do &#8220;Espelho da Perfei\u00e7\u00e3o&#8221; e, a cada um deles, teremos um convidado que far\u00e1 uma conex\u00e3o entre o texto e nossa realidade enquanto franciscanos seculares, nos provocando a pensar na nossa viv\u00eancia pessoal e em fraternidade.<\/em><\/p>\n<p><em>Esperamos que aproveitem e que fa\u00e7am chegar a todos os irm\u00e3os da nossa Ordem! Paz e bem!<\/em><\/p>\n<p><strong>M\u00e1rcio Bernardo<\/strong> \u2013 <em>Coordenador de Comunica\u00e7\u00e3o<\/em><\/p>\n<hr \/>\n<p>&nbsp;<\/p>\n<p><strong>ESPELHO DE PERFEI\u00c7\u00c3O (EP)<\/strong><\/p>\n<p><strong>PR\u00d3LOGO<\/strong><\/p>\n<p><em>Aqui come\u00e7a o Espelho de Perfei\u00e7\u00e3o do Frade Menor<\/em><\/p>\n<p><strong>CAP\u00cdTULO I<\/strong><\/p>\n<p><strong>Como S. Francisco respondeu a alguns ministros que n\u00e3o queriam observar a Regra que ele andava a escrever<\/strong><\/p>\n<p style=\"padding-left: 30px;\">1 Tendo-se extraviado a segunda Regra redigida por S\u00e3o Francisco, este, acompanhado de Frei Le\u00e3o e de Frei Bonif\u00e1cio de Bolonha, subiu a um monte com a finalidade de fazer outra Regra. E mandou-a escrever na forma que Cristo lhe inspirou.<\/p>\n<p style=\"padding-left: 30px;\">2 Mas alguns ministros reuniram-se \u00e0 volta de Frei Elias, que era Vig\u00e1rio de S. Francisco, e disseram-lhe: \u00abOuvimos dizer que Frei Francisco anda a escrever uma nova Regra e n\u00f3s receamos que ele a fa\u00e7a t\u00e3o rigorosa que n\u00e3o possamos observ\u00e1-la. 3 Queremos, pois, que v\u00e1s ter com ele e lhe digas que recusamos sujeitar-nos a esta nova Regra. Que a fa\u00e7a para ele, n\u00e3o para n\u00f3s\u00bb.<\/p>\n<p style=\"padding-left: 30px;\">4 A isto respondeu Frei Elias que n\u00e3o se atrevia a ir, pois receava uma forte reprimenda de Frei Francisco. Mas os ministros tanto apertaram com ele que resolveu ir, desde que o acompanhassem. Ent\u00e3o foram todos juntos. 5 Chegando ao lugar em que se encontrava S. Francisco, Frei Elias chamou por ele. Ao ver os ministros, o santo perguntou: \u00abO que \u00e9 que querem estes meus frades?\u00bb 6 Logo Frei Elias se explicou: \u00abEstes frades s\u00e3o ministros que, ao ouvirem dizer que tencionas fazer nova Regra e receosos de que a fa\u00e7as ainda mais apertada do que as anteriores, dizem e protestam que n\u00e3o se querem obrigar a ela e que a fa\u00e7as para ti e n\u00e3o para eles\u00bb.<\/p>\n<p style=\"padding-left: 30px;\">7 Ent\u00e3o S. Francisco voltou o rosto para o c\u00e9u e falou assim com o Senhor: \u00abSenhor, n\u00e3o te dizia eu que eles n\u00e3o me acreditariam?\u00bb<\/p>\n<p style=\"padding-left: 30px;\">8 Naquele momento, todos ouviram a voz de Cristo, que lhes falava do c\u00e9u: \u00abFrancisco, nada h\u00e1 na Regra que seja teu, mas tudo quanto nela se encontra a Mim pertence; quero que esta Regra seja observada \u00e0 letra, \u00e0 letra, \u00e0 letra, sem glosa, sem glosa, sem glosa\u00bb. 9 E acrescentou: \u00abEu sei de quanto \u00e9 capaz a fragilidade humana e sei tamb\u00e9m quanto posso ajudar-vos. Aqueles que n\u00e3o quiserem observar a Regra saiam da Ordem\u00bb. 10 Ent\u00e3o S. Francisco voltou-se para os ministros e disse-lhes: \u00abOuvistes? Ouvistes? Ou quereis que v\u00f4-lo fa\u00e7a repetir?\u00bb Os ministros, reconhecendo a sua culpa, retiraram-se confusos e temerosos.<\/p>\n<h2>Reflex\u00e3o<\/h2>\n<p>O primeiro cap\u00edtulo do &#8220;Espelho da Perfei\u00e7\u00e3o&#8221; recebe como t\u00edtulo: \u201cS. Francisco respondeu a alguns ministros que n\u00e3o queriam observar a Regra que ele andava a escrever\u201d. Esse \u00e9 o sinal de que algo ia errado na Ordem. Mas o que isso tem a ver com nossa vida Franciscana Secular?<\/p>\n<p>Segundo esta Legenda, alguns ministros foram at\u00e9 Frei Elias. Estes queriam saber se Francisco estava escrevendo outra regra e, caso fosse verdade, queriam que fosse exclusivamente seguida por ele pr\u00f3prio. N\u00e3o aceitavam a imposi\u00e7\u00e3o de um novo documento com uma rigidez acima do que se propunham a seguir. Este contexto demonstra que o grupo estava com problemas. Em quantas de nossas fraternidades, em todos os n\u00edveis, n\u00e3o acontecem estes enfrentamentos? E em nossas fam\u00edlias ou no trabalho? Lembremos que o debate e as discuss\u00f5es fazem parte do nosso viver.<\/p>\n<p>Elias aceitou o pedido e foi at\u00e9 o <em>Poverello<\/em>. Chegando l\u00e1 sabatinaram o fundador. Na conversa esclareceram que n\u00e3o queriam uma regra mais r\u00edgida do que a que tinham. O texto demonstra que os irm\u00e3os buscavam um distanciamento da ess\u00eancia do movimento. Viver a rigidez da pobreza e da humildade n\u00e3o \u00e9 mais v\u00e1lido. Talvez seja visto como algo piegas e sem sentido.<\/p>\n<p>O texto ent\u00e3o leva o debate para o sobrenatural. O di\u00e1logo passa a ter outro participante. A legitimidade do que Francisco fazia \u00e9 transferida para a interven\u00e7\u00e3o divina. Francisco pergunta ent\u00e3o: \u201cSenhor, n\u00e3o te dizia eu que eles n\u00e3o me acreditam?\u201d Cristo interpela a todos e afirma que a Regra \u00e9 dele, que ele conhece a fragilidade humana e sabe at\u00e9 onde pode ir, convidando aos insatisfeitos a retirarem-se da Ordem.<\/p>\n<p>N\u00e3o estamos aqui para discutir a credibilidade dessas palavras. O que precisamos observar \u00e9 que, em nome de seus desejos, os frades buscavam modificar o ide\u00e1rio do pr\u00f3prio fundador. A rigidez da proposta de Francisco passou a ser questionada.\u00a0\u00a0Ser\u00e1 que questionamos nosso modo de viver tamb\u00e9m em nossas fraternidades da OFS? Ser\u00e1 que tamb\u00e9m relutamos em seguir o previsto em nossa Regra?<\/p>\n<p>O Evangelho \u00e9 fundamental em nossa vida de franciscanas e franciscanos seculares. \u00c9 a partir dele que escutamos o Cristo? Francisco sabe disso e nos prop\u00f5e a ado\u00e7\u00e3o dele como parte de nossa vida. Diante disso, outro problema \u00e9 a adapta\u00e7\u00e3o do Evangelho a nossa vida e n\u00e3o o contr\u00e1rio. A tend\u00eancia \u00e9 querermos que os princ\u00edpios que deveriam nortear nossas vidas tornem-se muletas. Na verdade, eles devem ser trilhas, ou seja, caminhos que fa\u00e7am nos levar at\u00e9 a perfei\u00e7\u00e3o evang\u00e9lica.<\/p>\n<p>N\u00e3o podemos questionar as bases do que temos que viver. Trombar com aquilo que deve ser o maior tesouro em nosso carisma \u00e9 um erro. Isto \u00e9 impr\u00f3prio, pois somos aqueles que devem tornar presente o carisma do nosso Pai Ser\u00e1fico na vida e na miss\u00e3o da Igreja.<\/p>\n<p>Se um irm\u00e3o ou irm\u00e3 busca nos mostrar que n\u00e3o estamos seguindo a trilha do carisma, n\u00e3o podemos v\u00ea-los como pessoas inconvenientes. Precisamos abra\u00e7ar nossa Regra e nosso conv\u00edvio fraterno. Dialogar e buscar escutar o que o Senhor nos fala atrav\u00e9s do irm\u00e3o. A ret\u00f3rica do texto mostra isso.<\/p>\n<p>Temos que entender que inclusive nossas escolhas s\u00e3o baseadas tamb\u00e9m nos contextos em que vivemos. Nem sempre poderemos viver de forma mais abrangente o que acreditamos. Mas, nosso esfor\u00e7o deve ser para isso. Se os Conselhos e Ministros tentarem nos iluminar o caminho atrav\u00e9s de nosso carisma, n\u00e3o podemos questionar com o intuito de tornar a trilha mais agrad\u00e1vel.<\/p>\n<p>Diferente dos frades que foram interpelar ao <em>Poverello<\/em>, temos que agir a partir da afirma\u00e7\u00e3o feita por Michel Hubaut sobre o leigo franciscano. Para ele este \u00e9 o que sente o \u201capelo de seguir a Cristo, \u00e0 maneira de Francisco de Assis, pois descobre uma cumplicidade espiritual com as intui\u00e7\u00f5es de Francisco\u201d.<\/p>\n<p>\u00c9 isso que o texto tenta mostrar. Francisco faz o que Cristo quer. Quando prop\u00f5e, n\u00e3o \u00e9 uma proposi\u00e7\u00e3o sua e sim do Senhor. Ao lermos e buscarmos seguir a vida franciscana, a partir da Regra e do Evangelho, nossos olhos precisam ver que \u00e9 pr\u00f3prio Filho de Deus que constr\u00f3i as trilhas que devemos seguir.<\/p>\n<p>Ser\u00e1 duro, mas doce!<\/p>\n<hr \/>\n<p style=\"padding-left: 30px;\"><strong>Questionamentos:<\/strong><\/p>\n<p style=\"padding-left: 30px;\">Como estamos vivendo a radicalidade de nossa Regra?<\/p>\n<p style=\"padding-left: 30px;\">Ser\u00e1 que preferimos viver uma Regra nossa e n\u00e3o a da Ordem?<\/p>\n<p style=\"padding-left: 30px;\">Os frades criaram conflitos diante da radicalidade do projeto. Mas e n\u00f3s, como devemos vivenciar o que os exige nossa profiss\u00e3o?<\/p>\n<p style=\"padding-left: 30px;\"><strong>Texto de Jefferson Eduardo dos Santos Machado<\/strong> \u2013 <em>Coordenador de Forma\u00e7\u00e3o da Fraternidade Nossa Senhora Aparecida \u2013 Nil\u00f3polis (RJ)<\/em><\/p>\n<hr \/>\n<p><strong>Acompanhe tamb\u00e9m:<\/strong>\u00a0http:\/\/www.ofs.org.br<\/p>\n","protected":false},"excerpt":{"rendered":"<p>Paz e bem, irm\u00e3s e irm\u00e3os da OFS do Brasil! \u00c9 com grande alegria que o Conselho Nacional da OFS, a partir da Coordena\u00e7\u00e3o de Comunica\u00e7\u00e3o, lan\u00e7a seu novo projeto, intitulado \u201cOFS e o Espelho da Perfei\u00e7\u00e3o\u201d, que apresentar\u00e1 uma s\u00e9rie de reflex\u00f5es promovidas por convidados sobre os cap\u00edtulos desta parte de nossas fontes. Este [&hellip;]<\/p>\n","protected":false},"author":3,"featured_media":177060,"comment_status":"open","ping_status":"open","sticky":false,"template":"","format":"standard","meta":[],"categories":[14],"tags":[],"yoast_head":"<!-- This site is optimized with the Yoast SEO plugin v19.2 - https:\/\/yoast.com\/wordpress\/plugins\/seo\/ -->\n<title>\u201cOFS e o Espelho da Perfei\u00e7\u00e3o\u201d, novo projeto de Comunica\u00e7\u00e3o - Carisma - Franciscanos<\/title>\n<meta name=\"robots\" content=\"index, follow, max-snippet:-1, max-image-preview:large, max-video-preview:-1\" \/>\n<link rel=\"canonical\" href=\"https:\/\/franciscanos.org.br\/carisma\/ofs-e-o-espelho-da-perfeicao-novo-projeto-de-comunicacao.html\" \/>\n<meta property=\"og:locale\" content=\"pt_BR\" \/>\n<meta property=\"og:type\" content=\"article\" \/>\n<meta property=\"og:title\" content=\"\u201cOFS e o Espelho da Perfei\u00e7\u00e3o\u201d, novo projeto de Comunica\u00e7\u00e3o - Carisma - Franciscanos\" \/>\n<meta property=\"og:description\" content=\"Paz e bem, irm\u00e3s e irm\u00e3os da OFS do Brasil! \u00c9 com grande alegria que o Conselho Nacional da OFS, a partir da Coordena\u00e7\u00e3o de Comunica\u00e7\u00e3o, lan\u00e7a seu novo projeto, intitulado \u201cOFS e o Espelho da Perfei\u00e7\u00e3o\u201d, que apresentar\u00e1 uma s\u00e9rie de reflex\u00f5es promovidas por convidados sobre os cap\u00edtulos desta parte de nossas fontes. Este [&hellip;]\" \/>\n<meta property=\"og:url\" content=\"https:\/\/franciscanos.org.br\/carisma\/ofs-e-o-espelho-da-perfeicao-novo-projeto-de-comunicacao.html\" \/>\n<meta property=\"og:site_name\" content=\"Carisma - Franciscanos\" \/>\n<meta property=\"article:published_time\" content=\"2019-02-14T14:50:57+00:00\" \/>\n<meta property=\"article:modified_time\" content=\"2020-08-03T15:52:21+00:00\" \/>\n<meta property=\"og:image\" content=\"https:\/\/franciscanos.org.br\/carisma\/wp-content\/uploads\/2020\/08\/francisco_140219.jpg\" \/>\n\t<meta property=\"og:image:width\" content=\"531\" \/>\n\t<meta property=\"og:image:height\" content=\"421\" \/>\n\t<meta property=\"og:image:type\" content=\"image\/jpeg\" \/>\n<meta name=\"author\" content=\"moacir\" \/>\n<meta name=\"twitter:card\" content=\"summary_large_image\" \/>\n<meta name=\"twitter:label1\" content=\"Escrito por\" \/>\n\t<meta name=\"twitter:data1\" content=\"moacir\" \/>\n\t<meta name=\"twitter:label2\" content=\"Est. tempo de leitura\" \/>\n\t<meta name=\"twitter:data2\" content=\"7 minutos\" \/>\n<script type=\"application\/ld+json\" class=\"yoast-schema-graph\">{\"@context\":\"https:\/\/schema.org\",\"@graph\":[{\"@type\":\"WebSite\",\"@id\":\"https:\/\/franciscanos.org.br\/carisma\/#website\",\"url\":\"https:\/\/franciscanos.org.br\/carisma\/\",\"name\":\"Carisma - Franciscanos\",\"description\":\"Prov\u00edncia Franciscana da Imaculada Concei\u00e7\u00e3o do Brasil - Ordem dos Frades Menores\",\"potentialAction\":[{\"@type\":\"SearchAction\",\"target\":{\"@type\":\"EntryPoint\",\"urlTemplate\":\"https:\/\/franciscanos.org.br\/carisma\/?s={search_term_string}\"},\"query-input\":\"required name=search_term_string\"}],\"inLanguage\":\"pt-BR\"},{\"@type\":\"ImageObject\",\"inLanguage\":\"pt-BR\",\"@id\":\"https:\/\/franciscanos.org.br\/carisma\/ofs-e-o-espelho-da-perfeicao-novo-projeto-de-comunicacao.html#primaryimage\",\"url\":\"https:\/\/franciscanos.org.br\/carisma\/wp-content\/uploads\/2020\/08\/francisco_140219.jpg\",\"contentUrl\":\"https:\/\/franciscanos.org.br\/carisma\/wp-content\/uploads\/2020\/08\/francisco_140219.jpg\",\"width\":531,\"height\":421},{\"@type\":\"WebPage\",\"@id\":\"https:\/\/franciscanos.org.br\/carisma\/ofs-e-o-espelho-da-perfeicao-novo-projeto-de-comunicacao.html#webpage\",\"url\":\"https:\/\/franciscanos.org.br\/carisma\/ofs-e-o-espelho-da-perfeicao-novo-projeto-de-comunicacao.html\",\"name\":\"\u201cOFS e o Espelho da Perfei\u00e7\u00e3o\u201d, novo projeto de Comunica\u00e7\u00e3o - Carisma - Franciscanos\",\"isPartOf\":{\"@id\":\"https:\/\/franciscanos.org.br\/carisma\/#website\"},\"primaryImageOfPage\":{\"@id\":\"https:\/\/franciscanos.org.br\/carisma\/ofs-e-o-espelho-da-perfeicao-novo-projeto-de-comunicacao.html#primaryimage\"},\"datePublished\":\"2019-02-14T14:50:57+00:00\",\"dateModified\":\"2020-08-03T15:52:21+00:00\",\"author\":{\"@id\":\"https:\/\/franciscanos.org.br\/carisma\/#\/schema\/person\/bf14cae4d2151ab6b6e41d96660f93a2\"},\"breadcrumb\":{\"@id\":\"https:\/\/franciscanos.org.br\/carisma\/ofs-e-o-espelho-da-perfeicao-novo-projeto-de-comunicacao.html#breadcrumb\"},\"inLanguage\":\"pt-BR\",\"potentialAction\":[{\"@type\":\"ReadAction\",\"target\":[\"https:\/\/franciscanos.org.br\/carisma\/ofs-e-o-espelho-da-perfeicao-novo-projeto-de-comunicacao.html\"]}]},{\"@type\":\"BreadcrumbList\",\"@id\":\"https:\/\/franciscanos.org.br\/carisma\/ofs-e-o-espelho-da-perfeicao-novo-projeto-de-comunicacao.html#breadcrumb\",\"itemListElement\":[{\"@type\":\"ListItem\",\"position\":1,\"name\":\"Home\",\"item\":\"https:\/\/franciscanos.org.br\/carisma\"},{\"@type\":\"ListItem\",\"position\":2,\"name\":\"\u201cOFS e o Espelho da Perfei\u00e7\u00e3o\u201d, novo projeto de Comunica\u00e7\u00e3o\"}]},{\"@type\":\"Person\",\"@id\":\"https:\/\/franciscanos.org.br\/carisma\/#\/schema\/person\/bf14cae4d2151ab6b6e41d96660f93a2\",\"name\":\"moacir\",\"image\":{\"@type\":\"ImageObject\",\"inLanguage\":\"pt-BR\",\"@id\":\"https:\/\/franciscanos.org.br\/carisma\/#\/schema\/person\/image\/\",\"url\":\"https:\/\/secure.gravatar.com\/avatar\/d08aa2ce4c8dd416d4479aa8536fcf64?s=96&d=mm&r=g\",\"contentUrl\":\"https:\/\/secure.gravatar.com\/avatar\/d08aa2ce4c8dd416d4479aa8536fcf64?s=96&d=mm&r=g\",\"caption\":\"moacir\"},\"url\":\"https:\/\/franciscanos.org.br\/carisma\/author\/moacir\"}]}<\/script>\n<!-- \/ Yoast SEO plugin. -->","yoast_head_json":{"title":"\u201cOFS e o Espelho da Perfei\u00e7\u00e3o\u201d, novo projeto de Comunica\u00e7\u00e3o - Carisma - Franciscanos","robots":{"index":"index","follow":"follow","max-snippet":"max-snippet:-1","max-image-preview":"max-image-preview:large","max-video-preview":"max-video-preview:-1"},"canonical":"https:\/\/franciscanos.org.br\/carisma\/ofs-e-o-espelho-da-perfeicao-novo-projeto-de-comunicacao.html","og_locale":"pt_BR","og_type":"article","og_title":"\u201cOFS e o Espelho da Perfei\u00e7\u00e3o\u201d, novo projeto de Comunica\u00e7\u00e3o - Carisma - Franciscanos","og_description":"Paz e bem, irm\u00e3s e irm\u00e3os da OFS do Brasil! \u00c9 com grande alegria que o Conselho Nacional da OFS, a partir da Coordena\u00e7\u00e3o de Comunica\u00e7\u00e3o, lan\u00e7a seu novo projeto, intitulado \u201cOFS e o Espelho da Perfei\u00e7\u00e3o\u201d, que apresentar\u00e1 uma s\u00e9rie de reflex\u00f5es promovidas por convidados sobre os cap\u00edtulos desta parte de nossas fontes. Este [&hellip;]","og_url":"https:\/\/franciscanos.org.br\/carisma\/ofs-e-o-espelho-da-perfeicao-novo-projeto-de-comunicacao.html","og_site_name":"Carisma - Franciscanos","article_published_time":"2019-02-14T14:50:57+00:00","article_modified_time":"2020-08-03T15:52:21+00:00","og_image":[{"width":531,"height":421,"url":"https:\/\/franciscanos.org.br\/carisma\/wp-content\/uploads\/2020\/08\/francisco_140219.jpg","type":"image\/jpeg"}],"author":"moacir","twitter_card":"summary_large_image","twitter_misc":{"Escrito por":"moacir","Est. tempo de leitura":"7 minutos"},"schema":{"@context":"https:\/\/schema.org","@graph":[{"@type":"WebSite","@id":"https:\/\/franciscanos.org.br\/carisma\/#website","url":"https:\/\/franciscanos.org.br\/carisma\/","name":"Carisma - Franciscanos","description":"Prov\u00edncia Franciscana da Imaculada Concei\u00e7\u00e3o do Brasil - Ordem dos Frades Menores","potentialAction":[{"@type":"SearchAction","target":{"@type":"EntryPoint","urlTemplate":"https:\/\/franciscanos.org.br\/carisma\/?s={search_term_string}"},"query-input":"required name=search_term_string"}],"inLanguage":"pt-BR"},{"@type":"ImageObject","inLanguage":"pt-BR","@id":"https:\/\/franciscanos.org.br\/carisma\/ofs-e-o-espelho-da-perfeicao-novo-projeto-de-comunicacao.html#primaryimage","url":"https:\/\/franciscanos.org.br\/carisma\/wp-content\/uploads\/2020\/08\/francisco_140219.jpg","contentUrl":"https:\/\/franciscanos.org.br\/carisma\/wp-content\/uploads\/2020\/08\/francisco_140219.jpg","width":531,"height":421},{"@type":"WebPage","@id":"https:\/\/franciscanos.org.br\/carisma\/ofs-e-o-espelho-da-perfeicao-novo-projeto-de-comunicacao.html#webpage","url":"https:\/\/franciscanos.org.br\/carisma\/ofs-e-o-espelho-da-perfeicao-novo-projeto-de-comunicacao.html","name":"\u201cOFS e o Espelho da Perfei\u00e7\u00e3o\u201d, novo projeto de Comunica\u00e7\u00e3o - Carisma - Franciscanos","isPartOf":{"@id":"https:\/\/franciscanos.org.br\/carisma\/#website"},"primaryImageOfPage":{"@id":"https:\/\/franciscanos.org.br\/carisma\/ofs-e-o-espelho-da-perfeicao-novo-projeto-de-comunicacao.html#primaryimage"},"datePublished":"2019-02-14T14:50:57+00:00","dateModified":"2020-08-03T15:52:21+00:00","author":{"@id":"https:\/\/franciscanos.org.br\/carisma\/#\/schema\/person\/bf14cae4d2151ab6b6e41d96660f93a2"},"breadcrumb":{"@id":"https:\/\/franciscanos.org.br\/carisma\/ofs-e-o-espelho-da-perfeicao-novo-projeto-de-comunicacao.html#breadcrumb"},"inLanguage":"pt-BR","potentialAction":[{"@type":"ReadAction","target":["https:\/\/franciscanos.org.br\/carisma\/ofs-e-o-espelho-da-perfeicao-novo-projeto-de-comunicacao.html"]}]},{"@type":"BreadcrumbList","@id":"https:\/\/franciscanos.org.br\/carisma\/ofs-e-o-espelho-da-perfeicao-novo-projeto-de-comunicacao.html#breadcrumb","itemListElement":[{"@type":"ListItem","position":1,"name":"Home","item":"https:\/\/franciscanos.org.br\/carisma"},{"@type":"ListItem","position":2,"name":"\u201cOFS e o Espelho da Perfei\u00e7\u00e3o\u201d, novo projeto de Comunica\u00e7\u00e3o"}]},{"@type":"Person","@id":"https:\/\/franciscanos.org.br\/carisma\/#\/schema\/person\/bf14cae4d2151ab6b6e41d96660f93a2","name":"moacir","image":{"@type":"ImageObject","inLanguage":"pt-BR","@id":"https:\/\/franciscanos.org.br\/carisma\/#\/schema\/person\/image\/","url":"https:\/\/secure.gravatar.com\/avatar\/d08aa2ce4c8dd416d4479aa8536fcf64?s=96&d=mm&r=g","contentUrl":"https:\/\/secure.gravatar.com\/avatar\/d08aa2ce4c8dd416d4479aa8536fcf64?s=96&d=mm&r=g","caption":"moacir"},"url":"https:\/\/franciscanos.org.br\/carisma\/author\/moacir"}]}},"_links":{"self":[{"href":"https:\/\/franciscanos.org.br\/carisma\/wp-json\/wp\/v2\/posts\/177059"}],"collection":[{"href":"https:\/\/franciscanos.org.br\/carisma\/wp-json\/wp\/v2\/posts"}],"about":[{"href":"https:\/\/franciscanos.org.br\/carisma\/wp-json\/wp\/v2\/types\/post"}],"author":[{"embeddable":true,"href":"https:\/\/franciscanos.org.br\/carisma\/wp-json\/wp\/v2\/users\/3"}],"replies":[{"embeddable":true,"href":"https:\/\/franciscanos.org.br\/carisma\/wp-json\/wp\/v2\/comments?post=177059"}],"version-history":[{"count":1,"href":"https:\/\/franciscanos.org.br\/carisma\/wp-json\/wp\/v2\/posts\/177059\/revisions"}],"predecessor-version":[{"id":177061,"href":"https:\/\/franciscanos.org.br\/carisma\/wp-json\/wp\/v2\/posts\/177059\/revisions\/177061"}],"wp:featuredmedia":[{"embeddable":true,"href":"https:\/\/franciscanos.org.br\/carisma\/wp-json\/wp\/v2\/media\/177060"}],"wp:attachment":[{"href":"https:\/\/franciscanos.org.br\/carisma\/wp-json\/wp\/v2\/media?parent=177059"}],"wp:term":[{"taxonomy":"category","embeddable":true,"href":"https:\/\/franciscanos.org.br\/carisma\/wp-json\/wp\/v2\/categories?post=177059"},{"taxonomy":"post_tag","embeddable":true,"href":"https:\/\/franciscanos.org.br\/carisma\/wp-json\/wp\/v2\/tags?post=177059"}],"curies":[{"name":"wp","href":"https:\/\/api.w.org\/{rel}","templated":true}]}}