{"id":177055,"date":"2020-07-27T09:20:15","date_gmt":"2020-07-27T12:20:15","guid":{"rendered":"https:\/\/franciscanos.org.br\/carisma\/?p=177055"},"modified":"2020-07-27T09:20:15","modified_gmt":"2020-07-27T12:20:15","slug":"santa-clara-clareando","status":"publish","type":"post","link":"https:\/\/franciscanos.org.br\/carisma\/santa-clara-clareando.html","title":{"rendered":"Santa Clara clareando"},"content":{"rendered":"<div id=\"attachment_177056\" style=\"width: 850px\" class=\"wp-caption alignnone\"><img aria-describedby=\"caption-attachment-177056\" loading=\"lazy\" class=\"wp-image-177056 size-full\" src=\"https:\/\/franciscanos.org.br\/carisma\/wp-content\/uploads\/2020\/07\/clara_2707.jpg\" alt=\"\" width=\"840\" height=\"450\" srcset=\"https:\/\/franciscanos.org.br\/carisma\/wp-content\/uploads\/2020\/07\/clara_2707.jpg 840w, https:\/\/franciscanos.org.br\/carisma\/wp-content\/uploads\/2020\/07\/clara_2707-450x241.jpg 450w, https:\/\/franciscanos.org.br\/carisma\/wp-content\/uploads\/2020\/07\/clara_2707-768x411.jpg 768w, https:\/\/franciscanos.org.br\/carisma\/wp-content\/uploads\/2020\/07\/clara_2707-150x80.jpg 150w\" sizes=\"(max-width: 840px) 100vw, 840px\" \/><p id=\"caption-attachment-177056\" class=\"wp-caption-text\">\u00a0 \u00a0 \u00a0 \u00a0 \u00a0 \u00a0 \u00a0 \u00a0 \u00a0 \u00a0 \u00a0 \u00a0 \u00a0 \u00a0 \u00a0 \u00a0 \u00a0 \u00a0 \u00a0 \u00a0 \u00a0 \u00a0 \u00a0 \u00a0 \u00a0 \u00a0 \u00a0 \u00a0 \u00a0 \u00a0 \u00a0 \u00a0 \u00a0 \u00a0 \u00a0 <em>Imagem na Bas\u00edlica de Santa Maria dos Anjos (Acervo Prov\u00edncia da Imaculada)<\/em><\/p><\/div>\n<p><strong>Frei Almir Guimar\u00e3es<\/strong><\/p>\n<p>\u2666 Somos crist\u00e3os. Vivemos intensamente nossa humanidade. Pretendemos viv\u00ea-la. N\u00e3o \u00e9 tarefa f\u00e1cil fazer surgir o ser humano que existe em n\u00f3s e naqueles que vivem \u00e0 nossa volta. N\u00e3o queremos nos perder nos espa\u00e7os et\u00e9reos de uma espiritualidade escapista. Centramos nossa espiritualidade na ador\u00e1vel figura de Cristo vivo e ressuscitado. Pode ser que, em determinados momentos de nossa caminhada, tenhamos sido homens e mulheres apenas da religi\u00e3o com suas afirma\u00e7\u00f5es dogm\u00e1ticas, seus ritos e suas prescri\u00e7\u00f5es. Acontece que, por vezes, o Mist\u00e9rio irrompe e somos convidados a abrir os olhos e tentar ver as coisas da f\u00e9 de um outro modo. Podemos sofrer uma \u201cpicada\u201d do Evangelho. H\u00e1 crist\u00e3os que \u201cacordam para a real\u201d na juventude, na idade madura ou s\u00e3o daqueles oper\u00e1rios da und\u00e9cima hora. H\u00e1 um esfor\u00e7o de recuperar o tempo depois que uns e outros tenhamos sido levados ao deserto para ouvir a palavras do Senhor, cochichos de amor e convite para andar no seu seguimento. Muitos temos a hora de nosso \u201cclic\u201d.<\/p>\n<p>\u2666 Clara era menina de fam\u00edlia respeit\u00e1vel. O pai tinha import\u00e2ncia entre os importantes. Ortolona, sua m\u00e3e, cat\u00f3lica, mulher religiosa como tantas. Gostava de frequentar os santu\u00e1rios que existiam na \u00e9poca e, na volta das peregrina\u00e7\u00f5es, reunia as amigas para ao \u201cch\u00e1 das quatro\u201d e conversava sobre as experi\u00eancias vividas. A menina e a mocinha Clara tudo ouvia. Estava delicadamente sendo preparada para encontrar um caminho de vida. E l\u00e1 nessa Assis havia surgido a figura de um rapaz que era original em todos os sentidos. Chamava-se Francesco di Pietro Bernardone. Havia nele um fogo das coisas de Deus e sua proximidade a Cristo humano e pobre a encantava. Clara se interessou por ele e sua maneira de viver. Teve os encontros com ele e com a gente dele. Um homem diferente apaixonado por Cristo e que se tinham deixado fascinar por ele. Sua figura marcou a vida de Clara.<\/p>\n<p>\u2666 Houve a decis\u00e3o da fuga. Intempestiva. Quase com falta de ju\u00edzo. Saiu na f\u00e9. Como Abra\u00e3o. Depois de acolhida na<em> fraternitas<\/em> viveu aqui e ali at\u00e9 chegar a S\u00e3o Dami\u00e3o. Um punhadinho de mulheres e a tarefa de inventar um estilo de viver. A <em>fraternitas<\/em> se dilatava femininamente. Gente sem poder. Gente simples. Um encantamento por jogar-se em Deus. Aquele crucifixo bizantino. Despojamento alegre. A julgar por isso e aquilo uma paix\u00e3o pelo despojamento de Deus em Jesus. Nada de querer regras das beneditinas. Um bilhete de Francisco parecia bastar. Sem muito peso da institui\u00e7\u00e3o. Viver juntas e buscando o Evangelho.<\/p>\n<p>\u2666 \u201cDesde que por inspira\u00e7\u00e3o divina, vos fizestes filhas servas do Alt\u00edssimo e sumo Rei, o Pai celestial, e tomaste o Esp\u00edrito Santo por esposo, optando por uma vida conforme a perfei\u00e7\u00e3o do santo Evangelho, quero eu &#8211; o que prometo por mim pessoalmente e por meus irm\u00e3os &#8211; nutrir sempre, a bem de v\u00f3s, o mesmo diligente cuidado e solicitude para com eles\u201d.<\/p>\n<p>\u2666 Clara firme, teimosa, n\u00e3o querendo rendas e propriedades. Obnubilada pelo despojamento e pela pobreza em tudo. Queria a todo custo o Privil\u00e9gio da Pobreza e quase no fim o conseguiu.<\/p>\n<p>\u2666 Cristocentrismo intoc\u00e1vel, viver sem prepot\u00eancia de toda sorte, na caridade fraterna e sustentando os membros titubeantes da Igreja.<\/p>\n<p>\u2666 \u201cClara n\u00e3o reivindicou para ela e suas irm\u00e3s o direito de pregar ou de ensinar, mas desejava ardentemente continuar vivendo em simbiose com os irm\u00e3os menores e recusava a ideia de ver a sua comunidade transformar-se num mosteiro de virgens reclusas e dotadas de rendas; se parece n\u00e3o ter tido dificuldade em aceitar a estabilidade e a clausura, \u00e0 semelhan\u00e7a das reclusas, que ao mesmo tempo, guardavam contacto com o mundo que as rodeava, Clara sempre se recusou ceder no cap\u00edtulo da pobreza, porque o fato de viver numa precariedade permanente constitu\u00eda o ponto central sobre o qual a sua funda\u00e7\u00e3o podia, diferenciando-se do monarquismo beneditino cl\u00e1ssico, permanecer fiel ao esp\u00edrito do <em>Poverello<\/em> e, atrav\u00e9s dele, com as aspira\u00e7\u00f5es evang\u00e9licas que haviam animado os movimentos leigos no s\u00e9culo XII e come\u00e7os do s\u00e9culo XIII\u201d (<em>Andr\u00e9 Vauchez)<\/em>.<\/p>\n<p style=\"padding-left: 40px;\">\u2666 <strong>At\u00e9 que ponto Clara ilumina nossa vida? Ela e as clarissas constituem de fato o rosto feminino do cristianismo?<\/strong><\/p>\n","protected":false},"excerpt":{"rendered":"<p>Artigo de Frei Almir Guimar\u00e3es<\/p>\n","protected":false},"author":3,"featured_media":177057,"comment_status":"open","ping_status":"open","sticky":false,"template":"","format":"standard","meta":[],"categories":[65],"tags":[108],"yoast_head":"<!-- This site is optimized with the Yoast SEO plugin v19.2 - https:\/\/yoast.com\/wordpress\/plugins\/seo\/ -->\n<title>Santa Clara clareando - Carisma - Franciscanos<\/title>\n<meta name=\"robots\" content=\"index, follow, max-snippet:-1, max-image-preview:large, max-video-preview:-1\" \/>\n<link rel=\"canonical\" href=\"https:\/\/franciscanos.org.br\/carisma\/santa-clara-clareando.html\" \/>\n<meta property=\"og:locale\" content=\"pt_BR\" \/>\n<meta property=\"og:type\" content=\"article\" \/>\n<meta property=\"og:title\" content=\"Santa Clara clareando - Carisma - Franciscanos\" \/>\n<meta property=\"og:description\" content=\"Artigo de Frei Almir Guimar\u00e3es\" \/>\n<meta property=\"og:url\" content=\"https:\/\/franciscanos.org.br\/carisma\/santa-clara-clareando.html\" \/>\n<meta property=\"og:site_name\" content=\"Carisma - Franciscanos\" \/>\n<meta property=\"article:published_time\" content=\"2020-07-27T12:20:15+00:00\" \/>\n<meta property=\"og:image\" content=\"https:\/\/franciscanos.org.br\/carisma\/wp-content\/uploads\/2020\/07\/clara_2707d.jpg\" \/>\n\t<meta property=\"og:image:width\" content=\"800\" \/>\n\t<meta property=\"og:image:height\" content=\"600\" \/>\n\t<meta property=\"og:image:type\" content=\"image\/jpeg\" \/>\n<meta name=\"author\" content=\"moacir\" \/>\n<meta name=\"twitter:card\" content=\"summary_large_image\" \/>\n<meta name=\"twitter:label1\" content=\"Escrito por\" \/>\n\t<meta name=\"twitter:data1\" content=\"moacir\" \/>\n\t<meta name=\"twitter:label2\" content=\"Est. tempo de leitura\" \/>\n\t<meta name=\"twitter:data2\" content=\"4 minutos\" \/>\n<script type=\"application\/ld+json\" class=\"yoast-schema-graph\">{\"@context\":\"https:\/\/schema.org\",\"@graph\":[{\"@type\":\"WebSite\",\"@id\":\"https:\/\/franciscanos.org.br\/carisma\/#website\",\"url\":\"https:\/\/franciscanos.org.br\/carisma\/\",\"name\":\"Carisma - Franciscanos\",\"description\":\"Prov\u00edncia Franciscana da Imaculada Concei\u00e7\u00e3o do Brasil - Ordem dos Frades Menores\",\"potentialAction\":[{\"@type\":\"SearchAction\",\"target\":{\"@type\":\"EntryPoint\",\"urlTemplate\":\"https:\/\/franciscanos.org.br\/carisma\/?s={search_term_string}\"},\"query-input\":\"required name=search_term_string\"}],\"inLanguage\":\"pt-BR\"},{\"@type\":\"ImageObject\",\"inLanguage\":\"pt-BR\",\"@id\":\"https:\/\/franciscanos.org.br\/carisma\/santa-clara-clareando.html#primaryimage\",\"url\":\"https:\/\/franciscanos.org.br\/carisma\/wp-content\/uploads\/2020\/07\/clara_2707d.jpg\",\"contentUrl\":\"https:\/\/franciscanos.org.br\/carisma\/wp-content\/uploads\/2020\/07\/clara_2707d.jpg\",\"width\":800,\"height\":600},{\"@type\":\"WebPage\",\"@id\":\"https:\/\/franciscanos.org.br\/carisma\/santa-clara-clareando.html#webpage\",\"url\":\"https:\/\/franciscanos.org.br\/carisma\/santa-clara-clareando.html\",\"name\":\"Santa Clara clareando - Carisma - Franciscanos\",\"isPartOf\":{\"@id\":\"https:\/\/franciscanos.org.br\/carisma\/#website\"},\"primaryImageOfPage\":{\"@id\":\"https:\/\/franciscanos.org.br\/carisma\/santa-clara-clareando.html#primaryimage\"},\"datePublished\":\"2020-07-27T12:20:15+00:00\",\"dateModified\":\"2020-07-27T12:20:15+00:00\",\"author\":{\"@id\":\"https:\/\/franciscanos.org.br\/carisma\/#\/schema\/person\/bf14cae4d2151ab6b6e41d96660f93a2\"},\"breadcrumb\":{\"@id\":\"https:\/\/franciscanos.org.br\/carisma\/santa-clara-clareando.html#breadcrumb\"},\"inLanguage\":\"pt-BR\",\"potentialAction\":[{\"@type\":\"ReadAction\",\"target\":[\"https:\/\/franciscanos.org.br\/carisma\/santa-clara-clareando.html\"]}]},{\"@type\":\"BreadcrumbList\",\"@id\":\"https:\/\/franciscanos.org.br\/carisma\/santa-clara-clareando.html#breadcrumb\",\"itemListElement\":[{\"@type\":\"ListItem\",\"position\":1,\"name\":\"Home\",\"item\":\"https:\/\/franciscanos.org.br\/carisma\"},{\"@type\":\"ListItem\",\"position\":2,\"name\":\"Santa Clara clareando\"}]},{\"@type\":\"Person\",\"@id\":\"https:\/\/franciscanos.org.br\/carisma\/#\/schema\/person\/bf14cae4d2151ab6b6e41d96660f93a2\",\"name\":\"moacir\",\"image\":{\"@type\":\"ImageObject\",\"inLanguage\":\"pt-BR\",\"@id\":\"https:\/\/franciscanos.org.br\/carisma\/#\/schema\/person\/image\/\",\"url\":\"https:\/\/secure.gravatar.com\/avatar\/d08aa2ce4c8dd416d4479aa8536fcf64?s=96&d=mm&r=g\",\"contentUrl\":\"https:\/\/secure.gravatar.com\/avatar\/d08aa2ce4c8dd416d4479aa8536fcf64?s=96&d=mm&r=g\",\"caption\":\"moacir\"},\"url\":\"https:\/\/franciscanos.org.br\/carisma\/author\/moacir\"}]}<\/script>\n<!-- \/ Yoast SEO plugin. -->","yoast_head_json":{"title":"Santa Clara clareando - Carisma - Franciscanos","robots":{"index":"index","follow":"follow","max-snippet":"max-snippet:-1","max-image-preview":"max-image-preview:large","max-video-preview":"max-video-preview:-1"},"canonical":"https:\/\/franciscanos.org.br\/carisma\/santa-clara-clareando.html","og_locale":"pt_BR","og_type":"article","og_title":"Santa Clara clareando - Carisma - Franciscanos","og_description":"Artigo de Frei Almir Guimar\u00e3es","og_url":"https:\/\/franciscanos.org.br\/carisma\/santa-clara-clareando.html","og_site_name":"Carisma - Franciscanos","article_published_time":"2020-07-27T12:20:15+00:00","og_image":[{"width":800,"height":600,"url":"https:\/\/franciscanos.org.br\/carisma\/wp-content\/uploads\/2020\/07\/clara_2707d.jpg","type":"image\/jpeg"}],"author":"moacir","twitter_card":"summary_large_image","twitter_misc":{"Escrito por":"moacir","Est. tempo de leitura":"4 minutos"},"schema":{"@context":"https:\/\/schema.org","@graph":[{"@type":"WebSite","@id":"https:\/\/franciscanos.org.br\/carisma\/#website","url":"https:\/\/franciscanos.org.br\/carisma\/","name":"Carisma - Franciscanos","description":"Prov\u00edncia Franciscana da Imaculada Concei\u00e7\u00e3o do Brasil - Ordem dos Frades Menores","potentialAction":[{"@type":"SearchAction","target":{"@type":"EntryPoint","urlTemplate":"https:\/\/franciscanos.org.br\/carisma\/?s={search_term_string}"},"query-input":"required name=search_term_string"}],"inLanguage":"pt-BR"},{"@type":"ImageObject","inLanguage":"pt-BR","@id":"https:\/\/franciscanos.org.br\/carisma\/santa-clara-clareando.html#primaryimage","url":"https:\/\/franciscanos.org.br\/carisma\/wp-content\/uploads\/2020\/07\/clara_2707d.jpg","contentUrl":"https:\/\/franciscanos.org.br\/carisma\/wp-content\/uploads\/2020\/07\/clara_2707d.jpg","width":800,"height":600},{"@type":"WebPage","@id":"https:\/\/franciscanos.org.br\/carisma\/santa-clara-clareando.html#webpage","url":"https:\/\/franciscanos.org.br\/carisma\/santa-clara-clareando.html","name":"Santa Clara clareando - Carisma - Franciscanos","isPartOf":{"@id":"https:\/\/franciscanos.org.br\/carisma\/#website"},"primaryImageOfPage":{"@id":"https:\/\/franciscanos.org.br\/carisma\/santa-clara-clareando.html#primaryimage"},"datePublished":"2020-07-27T12:20:15+00:00","dateModified":"2020-07-27T12:20:15+00:00","author":{"@id":"https:\/\/franciscanos.org.br\/carisma\/#\/schema\/person\/bf14cae4d2151ab6b6e41d96660f93a2"},"breadcrumb":{"@id":"https:\/\/franciscanos.org.br\/carisma\/santa-clara-clareando.html#breadcrumb"},"inLanguage":"pt-BR","potentialAction":[{"@type":"ReadAction","target":["https:\/\/franciscanos.org.br\/carisma\/santa-clara-clareando.html"]}]},{"@type":"BreadcrumbList","@id":"https:\/\/franciscanos.org.br\/carisma\/santa-clara-clareando.html#breadcrumb","itemListElement":[{"@type":"ListItem","position":1,"name":"Home","item":"https:\/\/franciscanos.org.br\/carisma"},{"@type":"ListItem","position":2,"name":"Santa Clara clareando"}]},{"@type":"Person","@id":"https:\/\/franciscanos.org.br\/carisma\/#\/schema\/person\/bf14cae4d2151ab6b6e41d96660f93a2","name":"moacir","image":{"@type":"ImageObject","inLanguage":"pt-BR","@id":"https:\/\/franciscanos.org.br\/carisma\/#\/schema\/person\/image\/","url":"https:\/\/secure.gravatar.com\/avatar\/d08aa2ce4c8dd416d4479aa8536fcf64?s=96&d=mm&r=g","contentUrl":"https:\/\/secure.gravatar.com\/avatar\/d08aa2ce4c8dd416d4479aa8536fcf64?s=96&d=mm&r=g","caption":"moacir"},"url":"https:\/\/franciscanos.org.br\/carisma\/author\/moacir"}]}},"_links":{"self":[{"href":"https:\/\/franciscanos.org.br\/carisma\/wp-json\/wp\/v2\/posts\/177055"}],"collection":[{"href":"https:\/\/franciscanos.org.br\/carisma\/wp-json\/wp\/v2\/posts"}],"about":[{"href":"https:\/\/franciscanos.org.br\/carisma\/wp-json\/wp\/v2\/types\/post"}],"author":[{"embeddable":true,"href":"https:\/\/franciscanos.org.br\/carisma\/wp-json\/wp\/v2\/users\/3"}],"replies":[{"embeddable":true,"href":"https:\/\/franciscanos.org.br\/carisma\/wp-json\/wp\/v2\/comments?post=177055"}],"version-history":[{"count":1,"href":"https:\/\/franciscanos.org.br\/carisma\/wp-json\/wp\/v2\/posts\/177055\/revisions"}],"predecessor-version":[{"id":177058,"href":"https:\/\/franciscanos.org.br\/carisma\/wp-json\/wp\/v2\/posts\/177055\/revisions\/177058"}],"wp:featuredmedia":[{"embeddable":true,"href":"https:\/\/franciscanos.org.br\/carisma\/wp-json\/wp\/v2\/media\/177057"}],"wp:attachment":[{"href":"https:\/\/franciscanos.org.br\/carisma\/wp-json\/wp\/v2\/media?parent=177055"}],"wp:term":[{"taxonomy":"category","embeddable":true,"href":"https:\/\/franciscanos.org.br\/carisma\/wp-json\/wp\/v2\/categories?post=177055"},{"taxonomy":"post_tag","embeddable":true,"href":"https:\/\/franciscanos.org.br\/carisma\/wp-json\/wp\/v2\/tags?post=177055"}],"curies":[{"name":"wp","href":"https:\/\/api.w.org\/{rel}","templated":true}]}}