{"id":177051,"date":"2020-07-16T07:43:20","date_gmt":"2020-07-16T10:43:20","guid":{"rendered":"https:\/\/franciscanos.org.br\/carisma\/?p=177051"},"modified":"2020-07-16T07:43:20","modified_gmt":"2020-07-16T10:43:20","slug":"canonizacao-de-sao-francisco","status":"publish","type":"post","link":"https:\/\/franciscanos.org.br\/carisma\/canonizacao-de-sao-francisco.html","title":{"rendered":"Canoniza\u00e7\u00e3o de S\u00e3o Francisco"},"content":{"rendered":"<h4><img loading=\"lazy\" class=\"wp-image-177052 size-full aligncenter\" src=\"https:\/\/franciscanos.org.br\/carisma\/wp-content\/uploads\/2020\/07\/1607-memoria-s-francisco.jpg\" alt=\"\" width=\"820\" height=\"450\" srcset=\"https:\/\/franciscanos.org.br\/carisma\/wp-content\/uploads\/2020\/07\/1607-memoria-s-francisco.jpg 820w, https:\/\/franciscanos.org.br\/carisma\/wp-content\/uploads\/2020\/07\/1607-memoria-s-francisco-450x247.jpg 450w, https:\/\/franciscanos.org.br\/carisma\/wp-content\/uploads\/2020\/07\/1607-memoria-s-francisco-768x421.jpg 768w, https:\/\/franciscanos.org.br\/carisma\/wp-content\/uploads\/2020\/07\/1607-memoria-s-francisco-150x82.jpg 150w\" sizes=\"(max-width: 820px) 100vw, 820px\" \/><\/h4>\n<h4><em><strong>No dia 16 de julho de 1228, dois anos depois de sua morte, S\u00e3o Francisco de Assis foi canonizado pelo Papa Greg\u00f3rio IX. Na ocasi\u00e3o, ele publicou a Bula de Canoniza\u00e7\u00e3o \u201cMira circa nos\u201d\u00a0<\/strong><strong>\u00a0\u201caos vener\u00e1veis irm\u00e3os arcebispos, bispos etc\u2026\u201d<\/strong><\/em><\/h4>\n<p>1).\u00a0\u00c9 maravilhoso como Deus se digna ter piedade de n\u00f3s e inestim\u00e1vel \u00e9 o amor de sua caridade, pela qual entregou-nos o filho \u00e0 morte para remir o escravo!<br \/>\nSem renunciar aos dons de sua miseric\u00f3rdia e conservando com prote\u00e7\u00e3o cont\u00ednua a vinha que foi plantada por sua destra, continua a mandar oper\u00e1rios para ela mesmo na d\u00e9cima primeira hora para que a cultivem bem arrancando com a enxada e o arado com o qual Samgar abateu seiscentos Filisteus (Jz 6,31) os espinhos e as ervas m\u00e1s, para que, podados os ramos sup\u00e9rfluos e os brotos esp\u00farios que n\u00e3o levam \u00e0s ra\u00edzes, e extirpados os espinheiros, ela possa amadurecer frutos suaves e saborosos.<\/p>\n<p>Aqueles frutos que, purificados na prensa da paci\u00eancia, poder\u00e3o ser levados para a adega da eternidade, depois de ter queimado de uma vez, como com o fogo, a impiedade junto com a caridade esfriada de muitos, destinada a ser destru\u00edda na mesma ruina, como foram precipitados os filisteus caindo por causa do veneno da volubilidade terrena.<\/p>\n<p>2).\u00a0Eis o Senhor que, enquanto destru\u00eda a terra com a \u00e1gua do dil\u00favio, guiou o justo em uma desprez\u00edvel arca de madeira (Sb 10,4), n\u00e3o permitindo que a vara dos pecadores prevalecesse sobre a sorte dos justos (Sl 124,3), na hora und\u00e9cima suscitou seu servo o bem-aventurado Francisco, homem verdadeiramente segundo o seu cora\u00e7\u00e3o (Cfr. 1Sm 13,14), l\u00e2mpada desprezada no pensamento dos ricos mas preparada para o tempo estabelecido, mandando-o para a sua vinha para que arrancasse os seus espinhos e espinheiros, depois de ter aniquilado os filisteus que a estavam assaltando, iluminando a p\u00e1tria, e para que a reconciliasse com Deus admoestando com ass\u00eddua exorta\u00e7\u00e3o Cfr. Jz 15.15).<\/p>\n<p>3).\u00a0O qual, quando ouviu interiormente a voz do amigo que o convidava, levantou-se sem demora, despeda\u00e7ou os la\u00e7os do mundo cheio de bajula\u00e7\u00f5es, como um outro Sans\u00e3o prevenido pela gra\u00e7a divina e, cheio de Esp\u00edrito de fervor, pegou uma queixada de asno (Jz 11,15), com uma prega\u00e7\u00e3o feita de simplicidade, n\u00e3o enfeitada com as cores de uma persuasiva sabedoria humana (1Cor 1,17), mas com a for\u00e7a poderosa de Deus, que escolhe as coisas fracas do mundo para confundir os fortes, prostrou n\u00e3o s\u00f3 mil mas muitos milhares de filisteus, com o favor daquele que toca os montes e os faz fumegar (Sl 103,32), e reduziu \u00e0 servid\u00e3o do esp\u00edrito os que antes serviam \u00e0s impurezas da carne.<\/p>\n<p>Quando eles ficaram mortos para os v\u00edcios e vivos para Deus e n\u00e3o mais para si mesmos, pois a parte pior tinha perecido, saiu da mesma queixada \u00e1gua abundante (cfr. Jz 15,10), que restaurava, lavava e fecundava todos os que tinham ca\u00eddo, s\u00f3rdidos e ressecados, aquela \u00e1gua que, brotando para a vida eterna, pode ser comprada sem dinheiro e sem nenhuma outra despesa (Is 55,1) . Expandindo-se por toda parte, seus regatos irrigam a vinha, estendendo at\u00e9 o mar seus ramos, at\u00e9 o rio os seus rebentos (Sl 79,12).<\/p>\n<p>4).\u00a0Afinal, imitou os exemplos de nosso pai Abra\u00e3o, saindo espiritualmente de sua terra, de sua parentela e da casa de seu pai, para ir para a terra que o Senhor lhe havia mostrado com sua divina inspira\u00e7\u00e3o (Gn 12,1). Para correr mais expeditamente, para o pr\u00eamio da voca\u00e7\u00e3o celeste (Fl 3,34), e poder entrar mais facilmente pela porta estreita (Mt 7,15), deixou a bagagem das riquezas terrenas, conformando-se com Aquele que, de rico que era fez-se pobre por n\u00f3s, distribuiu-as, deu-as aos pobres (2Cor, 8,9), para que assim, sua justi\u00e7a perdurasse para sempre (Sl 111,9).<\/p>\n<p>E quando chegou perto da terra da vis\u00e3o, na montanha que lhe tinha sido mostrada (Gn 22,3), isto \u00e9, sobre a excel\u00eancia da f\u00e9, ofereceu ao Senhor em holocausto sua carne, que antes o havia enganado, como filha unig\u00eanita, \u00e0 semelhan\u00e7a da Jeft\u00e9 (Cfr. Jz 11), colocando-se no fogo da caridade, macerando sua carne pela fome, sede, frio, nudez, vig\u00edlias sem conta e jejuns. Quando a tinha, assim, crucificado com os v\u00edcios e as concupisc\u00eancias (Gl 5,24), podia dizer com o Ap\u00f3stolo: Eu vivo, mas j\u00e1 n\u00e3o sou eu; \u00e9 Cristo que vive em mim (Rm 4,25). E, de fato, \u00a0j\u00e1 n\u00e3o vivia para si mesmo mas para Cristo, que morreu por nossos pecados e ressuscitou para a nossa justifica\u00e7\u00e3o, para que j\u00e1 n\u00e3o serv\u00edssemos o pecado de maneira alguma.<\/p>\n<p>Suplantando tamb\u00e9m os v\u00edcios, travou uma viril batalha contra o mundo, a carne e os poderes celestes. E, renunciando \u00e0 mulher, \u00e0 casa de campo e aos bois, que afastaram os convidados da grande ceia (Lc 14,15-22), levantou-se com Jac\u00f3 (Cfr. Gn 35,1-11) ao comando do Senhor e, recebendo a gra\u00e7a septiforme do Esp\u00edrito Santo, assistido pelas oito bem-aventuran\u00e7as evang\u00e9licas, subiu atrav\u00e9s dos quinze degraus das virtudes, indicadas misticamente nos Salmos, para Betel, a casa do Senhor, que a tinha preparado para ele.<\/p>\n<p>E l\u00e1, construindo o altar de seu cora\u00e7\u00e3o para o Senhor, ofereceu sobre ele os aromas de suas devotas ora\u00e7\u00f5es, que os anjos haveriam de levar \u00e0 presen\u00e7a do Senhor com suas m\u00e3os, agora que j\u00e1 estava prestes a tornar-se um concidad\u00e3o dos anjos.<\/p>\n<p>5).\u00a0Mas, para n\u00e3o ajudar somente a si mesmo l\u00e1 na montanha, unido apenas no abra\u00e7o de Raquel, bela mas est\u00e9ril, isto \u00e9, na contempla\u00e7\u00e3o, desceu para o quarto proibido de Lia (Cfr. Gn 29), para conduzir o rebanho fecundo de filhos g\u00eameos atrav\u00e9s do deserto, procurando para eles as pastagens de vida, a fim de que, l\u00e1, onde o alimento \u00e9 o man\u00e1 celeste para os que se apartaram do estr\u00e9pito do mundo, enterrando suas sementes com abund\u00e2ncia de l\u00e1grimas (Sl 125, 5-6), pudesse colher exultando, os feixes para o celeiro da eternidade, ele destinado a ser colocado entre os pr\u00edncipes de seu povo, coroado com a coroa de justi\u00e7a.<\/p>\n<p>\u00c9 certo que ele n\u00e3o buscou seus pr\u00f3prios interesses mas antes o de Cristo (Fl 3,21), e o serviu como abelha industriosa; e, como estrela da manh\u00e3 que aparece no meio das nuvens e como lua nos dias de seu pleno esplendor (Sl 50,6), e como sol resplandecente na Igreja de Deus, tomou em suas m\u00e3os a l\u00e2mpada e a trombeta para chamar para a gra\u00e7a os humildes com as provas de suas obras luminosas, e retirar os calejados no mal de suas graves culpas aterrando-os com uma dura reprova\u00e7\u00e3o.<\/p>\n<p>Assim, inspirado pela virtude da caridade, irrompeu intrepidamente no acampamento dos madianitas, isto \u00e9, daqueles que evitam o ju\u00edzo da Igreja por desprezo, com a ajuda daquele que, enquanto estava fechado dentro do seio da Virgem, atingia o mundo inteiro com o seu dom\u00ednio; e arrebatou as armas em que punha sua confian\u00e7a o forte armado que guardava sua casa (Lc 11,21-22), e distribuiu os despojos que ele mantinha, levando como escrava a escravid\u00e3o (Ef 4,8) dele em homenagem a Jesus Cristo.<\/p>\n<p>6).\u00a0Por isso, tendo superado enquanto estava na terra o tr\u00edplice inimigo, fez viol\u00eancia ao Reino dos C\u00e9us e com a viol\u00eancia arrebatou-o (Mt 11,12). E depois das numerosas e gloriosas batalhas desta vida, triunfando sobre o mundo, voltou ao Senhor, precedendo muitos dotados de ci\u00eancia, ele que deliberadamente era sem ci\u00eancia e sabiamente ignorante.<\/p>\n<p>7).\u00a0Na verdade, ainda que sua vida, t\u00e3o santa, operosa e luminosa, tenha sido suficiente para que conquistasse a companhia da Igreja triunfante, a Igreja militante, que s\u00f3 v\u00ea a face exterior, n\u00e3o tem a presun\u00e7\u00e3o de julgar por sua pr\u00f3pria autoridade aqueles que n\u00e3o s\u00e3o de sua al\u00e7ada, para apresent\u00e1-los \u00e0 venera\u00e7\u00e3o baseando-se s\u00f3 sobre a sua vida, principalmente porque algumas vezes o anjo de satan\u00e1s transforma-se em anjo de luz (2Cor 11,14); o Onipotente e misericordioso Deus, por cuja gra\u00e7a o referido servo de Cristo serviu-o dignamente e com louvor, n\u00e3o permitindo que uma l\u00e2mpada t\u00e3o maravilhosa ficasse escondida embaixo do alqueire, mas querendo coloc\u00e1-la sobre o candelabro para oferecer a restaura\u00e7\u00e3o de sua luz a todos aqueles que est\u00e3o na casa (Lc 11,33), declarou com m\u00faltiplos e grandiosos milagres que a vida dele era agrad\u00e1vel para ela e que sua mem\u00f3ria devia ser venerada na Igreja militante.<\/p>\n<p>8).\u00a0Portanto, como j\u00e1 nos eram plenamente conhecidos os tra\u00e7os mais singulares de sua vida gloriosa, pela familiaridade que teve conosco quando est\u00e1vamos constitu\u00eddos em um cargo menor, e fosse feita f\u00e9 plena a respeito do esplendor de seus m\u00faltiplos milagres, atrav\u00e9s de testemunhas id\u00f4neas de que n\u00f3s e o rebanho a n\u00f3s confiado ser\u00edamos ajudados por sua intercess\u00e3o e ter\u00edamos como patrono no c\u00e9u aquele que foi nosso amigo na terra, reunindo o consist\u00f3rio de nossos irm\u00e3os [os cardeais], e tendo obtido o consentimento deles, decretamos que o inscrev\u00edamos no cat\u00e1logo dos santos para a devida venera\u00e7\u00e3o.<\/p>\n<p>9).\u00a0Estabelecemos que a Igreja universal celebre devotamente e com solenidade o seu nascimento para o c\u00e9u no dia 4 de outubro, o dia em que, livre do c\u00e1rcere da carne, subiu ao Reino celeste.<\/p>\n<p>10).\u00a0Por isso pedimos, admoestamos e exortamos no Senhor a todos v\u00f3s, e comunicando-o atrav\u00e9s deste escrito apost\u00f3lico que, nesse dia, vos apliqueis intensa e alegremente aos divinos louvores na sua comemora\u00e7\u00e3o e imploreis humildemente que por sua intercess\u00e3o e m\u00e9ritos possamos chegar \u00e0 sua companhia. Que isso vos conceda Aquele que \u00e9 bendito nos s\u00e9culos dos s\u00e9culos. Am\u00e9m.<\/p>\n<p>Dado em Perusa, no dia 19 de julho de 1228, no segundo ano de nosso pontificado.<\/p>\n","protected":false},"excerpt":{"rendered":"<p>Ordem Franciscana<\/p>\n","protected":false},"author":3,"featured_media":177053,"comment_status":"open","ping_status":"open","sticky":false,"template":"","format":"standard","meta":[],"categories":[11],"tags":[111],"yoast_head":"<!-- This site is optimized with the Yoast SEO plugin v19.2 - https:\/\/yoast.com\/wordpress\/plugins\/seo\/ -->\n<title>Canoniza\u00e7\u00e3o de S\u00e3o Francisco - Carisma - Franciscanos<\/title>\n<meta name=\"robots\" content=\"index, follow, max-snippet:-1, max-image-preview:large, max-video-preview:-1\" \/>\n<link rel=\"canonical\" href=\"https:\/\/franciscanos.org.br\/carisma\/canonizacao-de-sao-francisco.html\" \/>\n<meta property=\"og:locale\" content=\"pt_BR\" \/>\n<meta property=\"og:type\" content=\"article\" \/>\n<meta property=\"og:title\" content=\"Canoniza\u00e7\u00e3o de S\u00e3o Francisco - Carisma - Franciscanos\" \/>\n<meta property=\"og:description\" content=\"Ordem Franciscana\" \/>\n<meta property=\"og:url\" content=\"https:\/\/franciscanos.org.br\/carisma\/canonizacao-de-sao-francisco.html\" \/>\n<meta property=\"og:site_name\" content=\"Carisma - Franciscanos\" \/>\n<meta property=\"article:published_time\" content=\"2020-07-16T10:43:20+00:00\" \/>\n<meta property=\"og:image\" content=\"https:\/\/franciscanos.org.br\/carisma\/wp-content\/uploads\/2020\/07\/francisco_16.jpg\" \/>\n\t<meta property=\"og:image:width\" content=\"800\" \/>\n\t<meta property=\"og:image:height\" content=\"600\" \/>\n\t<meta property=\"og:image:type\" content=\"image\/jpeg\" \/>\n<meta name=\"author\" content=\"moacir\" \/>\n<meta name=\"twitter:card\" content=\"summary_large_image\" \/>\n<meta name=\"twitter:label1\" content=\"Escrito por\" \/>\n\t<meta name=\"twitter:data1\" content=\"moacir\" \/>\n\t<meta name=\"twitter:label2\" content=\"Est. tempo de leitura\" \/>\n\t<meta name=\"twitter:data2\" content=\"8 minutos\" \/>\n<script type=\"application\/ld+json\" class=\"yoast-schema-graph\">{\"@context\":\"https:\/\/schema.org\",\"@graph\":[{\"@type\":\"WebSite\",\"@id\":\"https:\/\/franciscanos.org.br\/carisma\/#website\",\"url\":\"https:\/\/franciscanos.org.br\/carisma\/\",\"name\":\"Carisma - Franciscanos\",\"description\":\"Prov\u00edncia Franciscana da Imaculada Concei\u00e7\u00e3o do Brasil - Ordem dos Frades Menores\",\"potentialAction\":[{\"@type\":\"SearchAction\",\"target\":{\"@type\":\"EntryPoint\",\"urlTemplate\":\"https:\/\/franciscanos.org.br\/carisma\/?s={search_term_string}\"},\"query-input\":\"required name=search_term_string\"}],\"inLanguage\":\"pt-BR\"},{\"@type\":\"ImageObject\",\"inLanguage\":\"pt-BR\",\"@id\":\"https:\/\/franciscanos.org.br\/carisma\/canonizacao-de-sao-francisco.html#primaryimage\",\"url\":\"https:\/\/franciscanos.org.br\/carisma\/wp-content\/uploads\/2020\/07\/francisco_16.jpg\",\"contentUrl\":\"https:\/\/franciscanos.org.br\/carisma\/wp-content\/uploads\/2020\/07\/francisco_16.jpg\",\"width\":800,\"height\":600},{\"@type\":\"WebPage\",\"@id\":\"https:\/\/franciscanos.org.br\/carisma\/canonizacao-de-sao-francisco.html#webpage\",\"url\":\"https:\/\/franciscanos.org.br\/carisma\/canonizacao-de-sao-francisco.html\",\"name\":\"Canoniza\u00e7\u00e3o de S\u00e3o Francisco - Carisma - Franciscanos\",\"isPartOf\":{\"@id\":\"https:\/\/franciscanos.org.br\/carisma\/#website\"},\"primaryImageOfPage\":{\"@id\":\"https:\/\/franciscanos.org.br\/carisma\/canonizacao-de-sao-francisco.html#primaryimage\"},\"datePublished\":\"2020-07-16T10:43:20+00:00\",\"dateModified\":\"2020-07-16T10:43:20+00:00\",\"author\":{\"@id\":\"https:\/\/franciscanos.org.br\/carisma\/#\/schema\/person\/bf14cae4d2151ab6b6e41d96660f93a2\"},\"breadcrumb\":{\"@id\":\"https:\/\/franciscanos.org.br\/carisma\/canonizacao-de-sao-francisco.html#breadcrumb\"},\"inLanguage\":\"pt-BR\",\"potentialAction\":[{\"@type\":\"ReadAction\",\"target\":[\"https:\/\/franciscanos.org.br\/carisma\/canonizacao-de-sao-francisco.html\"]}]},{\"@type\":\"BreadcrumbList\",\"@id\":\"https:\/\/franciscanos.org.br\/carisma\/canonizacao-de-sao-francisco.html#breadcrumb\",\"itemListElement\":[{\"@type\":\"ListItem\",\"position\":1,\"name\":\"Home\",\"item\":\"https:\/\/franciscanos.org.br\/carisma\"},{\"@type\":\"ListItem\",\"position\":2,\"name\":\"Canoniza\u00e7\u00e3o de S\u00e3o Francisco\"}]},{\"@type\":\"Person\",\"@id\":\"https:\/\/franciscanos.org.br\/carisma\/#\/schema\/person\/bf14cae4d2151ab6b6e41d96660f93a2\",\"name\":\"moacir\",\"image\":{\"@type\":\"ImageObject\",\"inLanguage\":\"pt-BR\",\"@id\":\"https:\/\/franciscanos.org.br\/carisma\/#\/schema\/person\/image\/\",\"url\":\"https:\/\/secure.gravatar.com\/avatar\/d08aa2ce4c8dd416d4479aa8536fcf64?s=96&d=mm&r=g\",\"contentUrl\":\"https:\/\/secure.gravatar.com\/avatar\/d08aa2ce4c8dd416d4479aa8536fcf64?s=96&d=mm&r=g\",\"caption\":\"moacir\"},\"url\":\"https:\/\/franciscanos.org.br\/carisma\/author\/moacir\"}]}<\/script>\n<!-- \/ Yoast SEO plugin. -->","yoast_head_json":{"title":"Canoniza\u00e7\u00e3o de S\u00e3o Francisco - Carisma - Franciscanos","robots":{"index":"index","follow":"follow","max-snippet":"max-snippet:-1","max-image-preview":"max-image-preview:large","max-video-preview":"max-video-preview:-1"},"canonical":"https:\/\/franciscanos.org.br\/carisma\/canonizacao-de-sao-francisco.html","og_locale":"pt_BR","og_type":"article","og_title":"Canoniza\u00e7\u00e3o de S\u00e3o Francisco - Carisma - Franciscanos","og_description":"Ordem Franciscana","og_url":"https:\/\/franciscanos.org.br\/carisma\/canonizacao-de-sao-francisco.html","og_site_name":"Carisma - Franciscanos","article_published_time":"2020-07-16T10:43:20+00:00","og_image":[{"width":800,"height":600,"url":"https:\/\/franciscanos.org.br\/carisma\/wp-content\/uploads\/2020\/07\/francisco_16.jpg","type":"image\/jpeg"}],"author":"moacir","twitter_card":"summary_large_image","twitter_misc":{"Escrito por":"moacir","Est. tempo de leitura":"8 minutos"},"schema":{"@context":"https:\/\/schema.org","@graph":[{"@type":"WebSite","@id":"https:\/\/franciscanos.org.br\/carisma\/#website","url":"https:\/\/franciscanos.org.br\/carisma\/","name":"Carisma - Franciscanos","description":"Prov\u00edncia Franciscana da Imaculada Concei\u00e7\u00e3o do Brasil - Ordem dos Frades Menores","potentialAction":[{"@type":"SearchAction","target":{"@type":"EntryPoint","urlTemplate":"https:\/\/franciscanos.org.br\/carisma\/?s={search_term_string}"},"query-input":"required name=search_term_string"}],"inLanguage":"pt-BR"},{"@type":"ImageObject","inLanguage":"pt-BR","@id":"https:\/\/franciscanos.org.br\/carisma\/canonizacao-de-sao-francisco.html#primaryimage","url":"https:\/\/franciscanos.org.br\/carisma\/wp-content\/uploads\/2020\/07\/francisco_16.jpg","contentUrl":"https:\/\/franciscanos.org.br\/carisma\/wp-content\/uploads\/2020\/07\/francisco_16.jpg","width":800,"height":600},{"@type":"WebPage","@id":"https:\/\/franciscanos.org.br\/carisma\/canonizacao-de-sao-francisco.html#webpage","url":"https:\/\/franciscanos.org.br\/carisma\/canonizacao-de-sao-francisco.html","name":"Canoniza\u00e7\u00e3o de S\u00e3o Francisco - Carisma - Franciscanos","isPartOf":{"@id":"https:\/\/franciscanos.org.br\/carisma\/#website"},"primaryImageOfPage":{"@id":"https:\/\/franciscanos.org.br\/carisma\/canonizacao-de-sao-francisco.html#primaryimage"},"datePublished":"2020-07-16T10:43:20+00:00","dateModified":"2020-07-16T10:43:20+00:00","author":{"@id":"https:\/\/franciscanos.org.br\/carisma\/#\/schema\/person\/bf14cae4d2151ab6b6e41d96660f93a2"},"breadcrumb":{"@id":"https:\/\/franciscanos.org.br\/carisma\/canonizacao-de-sao-francisco.html#breadcrumb"},"inLanguage":"pt-BR","potentialAction":[{"@type":"ReadAction","target":["https:\/\/franciscanos.org.br\/carisma\/canonizacao-de-sao-francisco.html"]}]},{"@type":"BreadcrumbList","@id":"https:\/\/franciscanos.org.br\/carisma\/canonizacao-de-sao-francisco.html#breadcrumb","itemListElement":[{"@type":"ListItem","position":1,"name":"Home","item":"https:\/\/franciscanos.org.br\/carisma"},{"@type":"ListItem","position":2,"name":"Canoniza\u00e7\u00e3o de S\u00e3o Francisco"}]},{"@type":"Person","@id":"https:\/\/franciscanos.org.br\/carisma\/#\/schema\/person\/bf14cae4d2151ab6b6e41d96660f93a2","name":"moacir","image":{"@type":"ImageObject","inLanguage":"pt-BR","@id":"https:\/\/franciscanos.org.br\/carisma\/#\/schema\/person\/image\/","url":"https:\/\/secure.gravatar.com\/avatar\/d08aa2ce4c8dd416d4479aa8536fcf64?s=96&d=mm&r=g","contentUrl":"https:\/\/secure.gravatar.com\/avatar\/d08aa2ce4c8dd416d4479aa8536fcf64?s=96&d=mm&r=g","caption":"moacir"},"url":"https:\/\/franciscanos.org.br\/carisma\/author\/moacir"}]}},"_links":{"self":[{"href":"https:\/\/franciscanos.org.br\/carisma\/wp-json\/wp\/v2\/posts\/177051"}],"collection":[{"href":"https:\/\/franciscanos.org.br\/carisma\/wp-json\/wp\/v2\/posts"}],"about":[{"href":"https:\/\/franciscanos.org.br\/carisma\/wp-json\/wp\/v2\/types\/post"}],"author":[{"embeddable":true,"href":"https:\/\/franciscanos.org.br\/carisma\/wp-json\/wp\/v2\/users\/3"}],"replies":[{"embeddable":true,"href":"https:\/\/franciscanos.org.br\/carisma\/wp-json\/wp\/v2\/comments?post=177051"}],"version-history":[{"count":1,"href":"https:\/\/franciscanos.org.br\/carisma\/wp-json\/wp\/v2\/posts\/177051\/revisions"}],"predecessor-version":[{"id":177054,"href":"https:\/\/franciscanos.org.br\/carisma\/wp-json\/wp\/v2\/posts\/177051\/revisions\/177054"}],"wp:featuredmedia":[{"embeddable":true,"href":"https:\/\/franciscanos.org.br\/carisma\/wp-json\/wp\/v2\/media\/177053"}],"wp:attachment":[{"href":"https:\/\/franciscanos.org.br\/carisma\/wp-json\/wp\/v2\/media?parent=177051"}],"wp:term":[{"taxonomy":"category","embeddable":true,"href":"https:\/\/franciscanos.org.br\/carisma\/wp-json\/wp\/v2\/categories?post=177051"},{"taxonomy":"post_tag","embeddable":true,"href":"https:\/\/franciscanos.org.br\/carisma\/wp-json\/wp\/v2\/tags?post=177051"}],"curies":[{"name":"wp","href":"https:\/\/api.w.org\/{rel}","templated":true}]}}