{"id":177007,"date":"2020-06-30T08:15:52","date_gmt":"2020-06-30T11:15:52","guid":{"rendered":"https:\/\/franciscanos.org.br\/carisma\/?p=177007"},"modified":"2020-06-30T08:52:45","modified_gmt":"2020-06-30T11:52:45","slug":"natureza-de-francisco-e-o-sopro-do-evangelho","status":"publish","type":"post","link":"https:\/\/franciscanos.org.br\/carisma\/natureza-de-francisco-e-o-sopro-do-evangelho.html","title":{"rendered":"Natureza de Francisco e o sopro do Evangelho"},"content":{"rendered":"<p><img loading=\"lazy\" class=\"alignnone size-full wp-image-177008\" src=\"https:\/\/franciscanos.org.br\/carisma\/wp-content\/uploads\/2020\/06\/francisco_3006.jpg\" alt=\"\" width=\"840\" height=\"450\" srcset=\"https:\/\/franciscanos.org.br\/carisma\/wp-content\/uploads\/2020\/06\/francisco_3006.jpg 840w, https:\/\/franciscanos.org.br\/carisma\/wp-content\/uploads\/2020\/06\/francisco_3006-450x241.jpg 450w, https:\/\/franciscanos.org.br\/carisma\/wp-content\/uploads\/2020\/06\/francisco_3006-768x411.jpg 768w, https:\/\/franciscanos.org.br\/carisma\/wp-content\/uploads\/2020\/06\/francisco_3006-150x80.jpg 150w\" sizes=\"(max-width: 840px) 100vw, 840px\" \/><\/p>\n<h3>Encontro do Evangelho com a hist\u00f3ria<\/h3>\n<p style=\"padding-left: 40px;\">\u00c9loi Leclerc, frade franc\u00eas, escreveu muitos textos sobre \u201cseu\u201d Francisco de Assis, seu e nosso. A figura do Poverello foi seu campo de pesquisa e seu grande tema, diria mesmo sua paix\u00e3o. Um dos seus livros fundamentais foi, certamente, &#8220;Francisco de Assis. O retorno ao Evangelho&#8221;, publicado pela Vozes e CEFEPAL, infelizmente esgotado. No ep\u00edlogo desta obra o frade, falecido no come\u00e7o deste s\u00e9culo, disserta sobre o encontro do Evangelho com a hist\u00f3ria. Esse tema era muito querido de Marie-Dominique Chenu, te\u00f3logo dominicano. Achava este que Francisco era grande por ter enxertado o evangelho na hist\u00f3ria de seu tempo. Na primeira parte de seu ep\u00edlogo, Leclerc fala da rica natureza de Francisco e o sopro do Evangelho. Tento colocar aqui o essencial do texto. O texto \u00e9 minha base e n\u00e3o o transcrevo letra a letra.<br \/>\n<em>Frei Almir Ribeiro Guimar\u00e3es, OFM<\/em><\/p>\n<p><strong>Rica natureza de Francisco<\/strong><\/p>\n<p>\u2665 Trata-se de um fato incontest\u00e1vel. Lendo o primeiros bi\u00f3grafos do santo tem-se uma impress\u00e3o irresist\u00edvel: uma personalidade original e criativa, um ser din\u00e2mico, cheio de claridade. Sai dele uma irradia\u00e7\u00e3o de plenitude de vida, ao mesmo tempo simples, forte e nova. \u00c9 algu\u00e9m que nos leva para caminhos ainda n\u00e3o percorridos. Com ele a vida retoma o perfume das origens. Tra\u00e7o fundamental desta personalidade sem paralelo \u00e9 uma capacidade extraordin\u00e1ria de se comunicar com os seres, um poder sempre renovado de deixar-se maravilhar, de acolhimento, de devotamento, em resumo uma hospitalidade de esp\u00edrito e de cora\u00e7\u00e3o que o torna atento a todas as criaturas.<\/p>\n<p>\u2665\u00a0 Tom\u00e1s de Celano faz esta observa\u00e7\u00e3o: \u201cOs sentimentos naturais de seu cora\u00e7\u00e3o eram suficientes para torn\u00e1-lo fraterno a toda criatura\u201d. Louis Lavel tinha raz\u00e3o ao escrever: \u201cTalvez nunca tenha havido consci\u00eancia mais aberta do que a de Francisco, mais delicada nem mais vivamente vibrante a todos os toques que lhe vinham da natureza, dos outros santos e de Deus\u201d. Georges Duby, grande historiador: \u201cDe parceria com Cristo, foi Francisco o grande her\u00f3i da hist\u00f3ria crist\u00e3. Pode-se afirmar sem exagero que o que resta de cristianismo vivo prov\u00e9m diretamente dele\u201d.<\/p>\n<p>O sopro do Evangelho<br \/>\n\u2665 O sopro do Evangelho, penetrando nesta rica natureza, liberou todas as suas potencialidades. A convers\u00e3o n\u00e3o quebrou nada da personalidade de Francisco. Pode acontecer que um excessivo ascetismo quebre o \u2018natural\u2019 de uma pessoa. Esta pode se tornar meio avessa \u00e0s realidades vis\u00edveis e tang\u00edveis. Nada disso aconteceu com Francisco. Tudo o que era precioso em sua natureza continua a vibrar sob a m\u00e3o de Deus. Mesmo a riqueza afetiva, o sentimento est\u00e9tico e o lirismo criador. A convers\u00e3o nada secou.<\/p>\n<p>\u2665 Sua convers\u00e3o foi essencialmente comunh\u00e3o com uma pessoa viva, com Jesus Cristo. Unindo-se a esta pessoa Francisco pode ver suas potencialidades liberadas do que ainda podia ser acanhado. A natural hospitalidade de seu esp\u00edrito e de seu cora\u00e7\u00e3o se abriram \u00e0s dimens\u00f5es do mundo. O beijo do leproso \u00e9 o mais emblem\u00e1tico desta abertura. A partir de ent\u00e3o sua comunh\u00e3o com as criaturas seria universal.<\/p>\n<p><strong>Concluindo<\/strong><\/p>\n<p>\u2665 \u201cDiante da pessoa de Jesus, atitude de Francisco \u00e9 toda de amor. Poderia ser de curiosidade, de interesse, de temor, mas n\u00e3o. \u00c9 toda gratid\u00e3o, assombro, encanto. Cristo lhe aparece na capelinha de S\u00e3o Dami\u00e3o, crucificado, mendigo, pedindo-lhe ajuda, a alma de Francisco fica verdadeiramente e para sempre \u201ccolada\u201d \u00e0 pessoa de Jesus\u201d (Frei David Azevedo, <em>S\u00e3o Francisco, F\u00e9 e Vida<\/em>, Ed. Franciscana de Portugal, p.22).<\/p>\n<hr \/>\n<p><em>Imagem: Francisco de Zurbar\u00e1n (1598\u20131664)\u00a0<\/em><\/p>\n","protected":false},"excerpt":{"rendered":"<p>Artigo de Frei Almir Guimar\u00e3es<\/p>\n","protected":false},"author":3,"featured_media":177009,"comment_status":"open","ping_status":"open","sticky":false,"template":"","format":"standard","meta":[],"categories":[11],"tags":[107],"yoast_head":"<!-- This site is optimized with the Yoast SEO plugin v19.2 - https:\/\/yoast.com\/wordpress\/plugins\/seo\/ -->\n<title>Natureza de Francisco e o sopro do Evangelho - Carisma - Franciscanos<\/title>\n<meta name=\"robots\" content=\"index, follow, max-snippet:-1, max-image-preview:large, max-video-preview:-1\" \/>\n<link rel=\"canonical\" href=\"https:\/\/franciscanos.org.br\/carisma\/natureza-de-francisco-e-o-sopro-do-evangelho.html\" \/>\n<meta property=\"og:locale\" content=\"pt_BR\" \/>\n<meta property=\"og:type\" content=\"article\" \/>\n<meta property=\"og:title\" content=\"Natureza de Francisco e o sopro do Evangelho - Carisma - Franciscanos\" \/>\n<meta property=\"og:description\" content=\"Artigo de Frei Almir Guimar\u00e3es\" \/>\n<meta property=\"og:url\" content=\"https:\/\/franciscanos.org.br\/carisma\/natureza-de-francisco-e-o-sopro-do-evangelho.html\" \/>\n<meta property=\"og:site_name\" content=\"Carisma - Franciscanos\" \/>\n<meta property=\"article:published_time\" content=\"2020-06-30T11:15:52+00:00\" \/>\n<meta property=\"article:modified_time\" content=\"2020-06-30T11:52:45+00:00\" \/>\n<meta property=\"og:image\" content=\"https:\/\/franciscanos.org.br\/carisma\/wp-content\/uploads\/2020\/06\/francisco_3006d.jpg\" \/>\n\t<meta property=\"og:image:width\" content=\"800\" \/>\n\t<meta property=\"og:image:height\" content=\"600\" \/>\n\t<meta property=\"og:image:type\" content=\"image\/jpeg\" \/>\n<meta name=\"author\" content=\"moacir\" \/>\n<meta name=\"twitter:card\" content=\"summary_large_image\" \/>\n<meta name=\"twitter:label1\" content=\"Escrito por\" \/>\n\t<meta name=\"twitter:data1\" content=\"moacir\" \/>\n\t<meta name=\"twitter:label2\" content=\"Est. tempo de leitura\" \/>\n\t<meta name=\"twitter:data2\" content=\"3 minutos\" \/>\n<script type=\"application\/ld+json\" class=\"yoast-schema-graph\">{\"@context\":\"https:\/\/schema.org\",\"@graph\":[{\"@type\":\"WebSite\",\"@id\":\"https:\/\/franciscanos.org.br\/carisma\/#website\",\"url\":\"https:\/\/franciscanos.org.br\/carisma\/\",\"name\":\"Carisma - Franciscanos\",\"description\":\"Prov\u00edncia Franciscana da Imaculada Concei\u00e7\u00e3o do Brasil - Ordem dos Frades Menores\",\"potentialAction\":[{\"@type\":\"SearchAction\",\"target\":{\"@type\":\"EntryPoint\",\"urlTemplate\":\"https:\/\/franciscanos.org.br\/carisma\/?s={search_term_string}\"},\"query-input\":\"required name=search_term_string\"}],\"inLanguage\":\"pt-BR\"},{\"@type\":\"ImageObject\",\"inLanguage\":\"pt-BR\",\"@id\":\"https:\/\/franciscanos.org.br\/carisma\/natureza-de-francisco-e-o-sopro-do-evangelho.html#primaryimage\",\"url\":\"https:\/\/franciscanos.org.br\/carisma\/wp-content\/uploads\/2020\/06\/francisco_3006d.jpg\",\"contentUrl\":\"https:\/\/franciscanos.org.br\/carisma\/wp-content\/uploads\/2020\/06\/francisco_3006d.jpg\",\"width\":800,\"height\":600},{\"@type\":\"WebPage\",\"@id\":\"https:\/\/franciscanos.org.br\/carisma\/natureza-de-francisco-e-o-sopro-do-evangelho.html#webpage\",\"url\":\"https:\/\/franciscanos.org.br\/carisma\/natureza-de-francisco-e-o-sopro-do-evangelho.html\",\"name\":\"Natureza de Francisco e o sopro do Evangelho - Carisma - Franciscanos\",\"isPartOf\":{\"@id\":\"https:\/\/franciscanos.org.br\/carisma\/#website\"},\"primaryImageOfPage\":{\"@id\":\"https:\/\/franciscanos.org.br\/carisma\/natureza-de-francisco-e-o-sopro-do-evangelho.html#primaryimage\"},\"datePublished\":\"2020-06-30T11:15:52+00:00\",\"dateModified\":\"2020-06-30T11:52:45+00:00\",\"author\":{\"@id\":\"https:\/\/franciscanos.org.br\/carisma\/#\/schema\/person\/bf14cae4d2151ab6b6e41d96660f93a2\"},\"breadcrumb\":{\"@id\":\"https:\/\/franciscanos.org.br\/carisma\/natureza-de-francisco-e-o-sopro-do-evangelho.html#breadcrumb\"},\"inLanguage\":\"pt-BR\",\"potentialAction\":[{\"@type\":\"ReadAction\",\"target\":[\"https:\/\/franciscanos.org.br\/carisma\/natureza-de-francisco-e-o-sopro-do-evangelho.html\"]}]},{\"@type\":\"BreadcrumbList\",\"@id\":\"https:\/\/franciscanos.org.br\/carisma\/natureza-de-francisco-e-o-sopro-do-evangelho.html#breadcrumb\",\"itemListElement\":[{\"@type\":\"ListItem\",\"position\":1,\"name\":\"Home\",\"item\":\"https:\/\/franciscanos.org.br\/carisma\"},{\"@type\":\"ListItem\",\"position\":2,\"name\":\"Natureza de Francisco e o sopro do Evangelho\"}]},{\"@type\":\"Person\",\"@id\":\"https:\/\/franciscanos.org.br\/carisma\/#\/schema\/person\/bf14cae4d2151ab6b6e41d96660f93a2\",\"name\":\"moacir\",\"image\":{\"@type\":\"ImageObject\",\"inLanguage\":\"pt-BR\",\"@id\":\"https:\/\/franciscanos.org.br\/carisma\/#\/schema\/person\/image\/\",\"url\":\"https:\/\/secure.gravatar.com\/avatar\/d08aa2ce4c8dd416d4479aa8536fcf64?s=96&d=mm&r=g\",\"contentUrl\":\"https:\/\/secure.gravatar.com\/avatar\/d08aa2ce4c8dd416d4479aa8536fcf64?s=96&d=mm&r=g\",\"caption\":\"moacir\"},\"url\":\"https:\/\/franciscanos.org.br\/carisma\/author\/moacir\"}]}<\/script>\n<!-- \/ Yoast SEO plugin. -->","yoast_head_json":{"title":"Natureza de Francisco e o sopro do Evangelho - Carisma - Franciscanos","robots":{"index":"index","follow":"follow","max-snippet":"max-snippet:-1","max-image-preview":"max-image-preview:large","max-video-preview":"max-video-preview:-1"},"canonical":"https:\/\/franciscanos.org.br\/carisma\/natureza-de-francisco-e-o-sopro-do-evangelho.html","og_locale":"pt_BR","og_type":"article","og_title":"Natureza de Francisco e o sopro do Evangelho - Carisma - Franciscanos","og_description":"Artigo de Frei Almir Guimar\u00e3es","og_url":"https:\/\/franciscanos.org.br\/carisma\/natureza-de-francisco-e-o-sopro-do-evangelho.html","og_site_name":"Carisma - Franciscanos","article_published_time":"2020-06-30T11:15:52+00:00","article_modified_time":"2020-06-30T11:52:45+00:00","og_image":[{"width":800,"height":600,"url":"https:\/\/franciscanos.org.br\/carisma\/wp-content\/uploads\/2020\/06\/francisco_3006d.jpg","type":"image\/jpeg"}],"author":"moacir","twitter_card":"summary_large_image","twitter_misc":{"Escrito por":"moacir","Est. tempo de leitura":"3 minutos"},"schema":{"@context":"https:\/\/schema.org","@graph":[{"@type":"WebSite","@id":"https:\/\/franciscanos.org.br\/carisma\/#website","url":"https:\/\/franciscanos.org.br\/carisma\/","name":"Carisma - Franciscanos","description":"Prov\u00edncia Franciscana da Imaculada Concei\u00e7\u00e3o do Brasil - Ordem dos Frades Menores","potentialAction":[{"@type":"SearchAction","target":{"@type":"EntryPoint","urlTemplate":"https:\/\/franciscanos.org.br\/carisma\/?s={search_term_string}"},"query-input":"required name=search_term_string"}],"inLanguage":"pt-BR"},{"@type":"ImageObject","inLanguage":"pt-BR","@id":"https:\/\/franciscanos.org.br\/carisma\/natureza-de-francisco-e-o-sopro-do-evangelho.html#primaryimage","url":"https:\/\/franciscanos.org.br\/carisma\/wp-content\/uploads\/2020\/06\/francisco_3006d.jpg","contentUrl":"https:\/\/franciscanos.org.br\/carisma\/wp-content\/uploads\/2020\/06\/francisco_3006d.jpg","width":800,"height":600},{"@type":"WebPage","@id":"https:\/\/franciscanos.org.br\/carisma\/natureza-de-francisco-e-o-sopro-do-evangelho.html#webpage","url":"https:\/\/franciscanos.org.br\/carisma\/natureza-de-francisco-e-o-sopro-do-evangelho.html","name":"Natureza de Francisco e o sopro do Evangelho - Carisma - Franciscanos","isPartOf":{"@id":"https:\/\/franciscanos.org.br\/carisma\/#website"},"primaryImageOfPage":{"@id":"https:\/\/franciscanos.org.br\/carisma\/natureza-de-francisco-e-o-sopro-do-evangelho.html#primaryimage"},"datePublished":"2020-06-30T11:15:52+00:00","dateModified":"2020-06-30T11:52:45+00:00","author":{"@id":"https:\/\/franciscanos.org.br\/carisma\/#\/schema\/person\/bf14cae4d2151ab6b6e41d96660f93a2"},"breadcrumb":{"@id":"https:\/\/franciscanos.org.br\/carisma\/natureza-de-francisco-e-o-sopro-do-evangelho.html#breadcrumb"},"inLanguage":"pt-BR","potentialAction":[{"@type":"ReadAction","target":["https:\/\/franciscanos.org.br\/carisma\/natureza-de-francisco-e-o-sopro-do-evangelho.html"]}]},{"@type":"BreadcrumbList","@id":"https:\/\/franciscanos.org.br\/carisma\/natureza-de-francisco-e-o-sopro-do-evangelho.html#breadcrumb","itemListElement":[{"@type":"ListItem","position":1,"name":"Home","item":"https:\/\/franciscanos.org.br\/carisma"},{"@type":"ListItem","position":2,"name":"Natureza de Francisco e o sopro do Evangelho"}]},{"@type":"Person","@id":"https:\/\/franciscanos.org.br\/carisma\/#\/schema\/person\/bf14cae4d2151ab6b6e41d96660f93a2","name":"moacir","image":{"@type":"ImageObject","inLanguage":"pt-BR","@id":"https:\/\/franciscanos.org.br\/carisma\/#\/schema\/person\/image\/","url":"https:\/\/secure.gravatar.com\/avatar\/d08aa2ce4c8dd416d4479aa8536fcf64?s=96&d=mm&r=g","contentUrl":"https:\/\/secure.gravatar.com\/avatar\/d08aa2ce4c8dd416d4479aa8536fcf64?s=96&d=mm&r=g","caption":"moacir"},"url":"https:\/\/franciscanos.org.br\/carisma\/author\/moacir"}]}},"_links":{"self":[{"href":"https:\/\/franciscanos.org.br\/carisma\/wp-json\/wp\/v2\/posts\/177007"}],"collection":[{"href":"https:\/\/franciscanos.org.br\/carisma\/wp-json\/wp\/v2\/posts"}],"about":[{"href":"https:\/\/franciscanos.org.br\/carisma\/wp-json\/wp\/v2\/types\/post"}],"author":[{"embeddable":true,"href":"https:\/\/franciscanos.org.br\/carisma\/wp-json\/wp\/v2\/users\/3"}],"replies":[{"embeddable":true,"href":"https:\/\/franciscanos.org.br\/carisma\/wp-json\/wp\/v2\/comments?post=177007"}],"version-history":[{"count":3,"href":"https:\/\/franciscanos.org.br\/carisma\/wp-json\/wp\/v2\/posts\/177007\/revisions"}],"predecessor-version":[{"id":177012,"href":"https:\/\/franciscanos.org.br\/carisma\/wp-json\/wp\/v2\/posts\/177007\/revisions\/177012"}],"wp:featuredmedia":[{"embeddable":true,"href":"https:\/\/franciscanos.org.br\/carisma\/wp-json\/wp\/v2\/media\/177009"}],"wp:attachment":[{"href":"https:\/\/franciscanos.org.br\/carisma\/wp-json\/wp\/v2\/media?parent=177007"}],"wp:term":[{"taxonomy":"category","embeddable":true,"href":"https:\/\/franciscanos.org.br\/carisma\/wp-json\/wp\/v2\/categories?post=177007"},{"taxonomy":"post_tag","embeddable":true,"href":"https:\/\/franciscanos.org.br\/carisma\/wp-json\/wp\/v2\/tags?post=177007"}],"curies":[{"name":"wp","href":"https:\/\/api.w.org\/{rel}","templated":true}]}}