{"id":177004,"date":"2016-11-10T14:09:00","date_gmt":"2016-11-10T16:09:00","guid":{"rendered":"https:\/\/franciscanos.org.br\/carisma\/?p=177004"},"modified":"2020-06-25T14:10:31","modified_gmt":"2020-06-25T17:10:31","slug":"ordem-franciscana-secular-carta-aos-frades-menores","status":"publish","type":"post","link":"https:\/\/franciscanos.org.br\/carisma\/ordem-franciscana-secular-carta-aos-frades-menores.html","title":{"rendered":"Ordem Franciscana Secular: Carta aos Frades Menores"},"content":{"rendered":"<p><img loading=\"lazy\" src=\"http:\/\/franciscanos.org.br\/wp-content\/uploads\/2016\/11\/ofs_101116.jpg\" alt=\"ofs_101116\" width=\"820\" height=\"439\" \/><\/p>\n<h3>Estas s\u00e3o palavras e reflex\u00f5es que dirijo aos Frades Menores e, de modo especial, aos que s\u00e3o nomeados assistentes de fraternidades franciscanas seculares no territ\u00f3rio em nossa Prov\u00edncia dos Menores da Imaculada e outras Prov\u00edncias.<\/h3>\n<p>&gt;&gt; H\u00e1 frades novos e menos jovens que realizam um belo e fecundo trabalho pastoral junto aos irm\u00e3os e irm\u00e3s da Ordem Franciscana Secular. Nem sempre, muitos deles, se sentem seguros na maneira de agir na assist\u00eancia. Os assistentes n\u00e3o s\u00e3o capel\u00e3es, nem diretores. S\u00e3o irm\u00e3os, franciscanos, membros da Ordem I, que se sentem solid\u00e1rios com irm\u00e3os leigos da mesma fam\u00edlia. N\u00f3s, frades, partilhamos sua vida. Fomos gerados pelo mesmo pai Francisco. A miss\u00e3o do assistente n\u00e3o \u00e9 a de comandar e dirigir, mas de estar com, de acompanhar, de \u201ccomer o p\u00e3o junto\u201d com os terceiros. A presen\u00e7a de frades dedicados e amigos \u00e9 sacramento de nossa Ordem no meio dos terceiros. Os escolhidos e nomeados precisam vestir a camisa. Os documentos da OFS afirmam que os Superiores Maiores precisam nomear frades id\u00f4neos.<\/p>\n<p>&gt;&gt; Sua miss\u00e3o \u00e9 alertar, formar, observar o crescimento espiritual e humano do grupo com interven\u00e7\u00f5es pontuais, em retiros e dias de recolhimento e de reflex\u00e3o, na qualidade de membro efetivo dos conselhos. Os assistentes n\u00e3o s\u00e3o figuras decorativas ou pessoas que s\u00e3o buscadas apenas para celebrar e fazer um \u201cserm\u00e3ozinho\u201d para os terceiros, encomenda\u00e7\u00e3o do corpo dos que falecem e receber um cart\u00e3o no dia nacional do assistente.<\/p>\n<p>&gt;&gt; Pin\u00e7amos do Manual para a Assist\u00eancia \u00e0 Ordem Franciscana Secular(OFS) e \u00e0 Juventude Franciscana (JUFRA) algumas de suas atribui\u00e7\u00f5es:<\/p>\n<blockquote><p>Participa sempre (sempre que poss\u00edvel) dos encontros da fraternidade, com presen\u00e7a ativa.<\/p>\n<p>Respeita as responsabilidades de cada membro do Conselho. Preocupa-se com a forma\u00e7\u00e3o espiritual e pastoral, a vida lit\u00fargica e sacramental da fraternidade.<\/p>\n<p>Tem sensibilidade para com os aspectos espirituais: ora\u00e7\u00e3o, escuta da Palavra, orienta\u00e7\u00e3o espiritual.<\/p>\n<p>Cuida que a fraternidade n\u00e3o se feche em si mesma, mas tamb\u00e9m que n\u00e3o venha a ser um mero \u201cgrupo paroquial\u201d.<\/p>\n<p>Em estreita uni\u00e3o com o Conselho prepara o amanh\u00e3 do grupo no amanh\u00e3 da Igreja.<\/p>\n<p>Educa a fraternidade a fazer a leitura dos sinais dos tempos.<\/p><\/blockquote>\n<p>&gt;&gt; O assistente, seja ele sacerdote ou n\u00e3o, \u00e9 pastor que vive pr\u00f3ximo das ovelhas, que assiste seu crescimento, que corrige com carinho, que desperta para a santidade, que condena todo fixismo rotineiro. Sua atua\u00e7\u00e3o nos momentos de ora\u00e7\u00e3o da fraternidade \u00e9 de suma importante. Os franciscanos seculares n\u00e3o podem esquecer que s\u00e3o disc\u00edpulos do homem que vivia dilacerado entre a a\u00e7\u00e3o e contempla\u00e7\u00e3o. Precisam deixar a gra\u00e7a agir neles e se abrirem para uma vida de santidade.<\/p>\n<p>&gt;&gt; A presen\u00e7a do assistente \u00e9 fundamental nas reuni\u00f5es gerais mensais e nos encontros do conselho. Sem interferir intempestivamente ele observa, corrige, alerta. N\u00e3o \u00e9 um policial, nem um fiscal, mas n\u00e3o consente que as fraternidades sejam vazias do esp\u00edrito. Acompanha de longe e de perto a vida dos que entram e se faz presente de muitos modos no momento da profiss\u00e3o. Esta tarefa \u00e9 muito negligenciada.<\/p>\n<p>&gt;&gt; A realidade nos mostra um grande n\u00famero de fraternidades envelhecidas, com poucos membros, sem novas voca\u00e7\u00f5es. Natural que os assistentes se sintam desencorajados de trabalhar quando n\u00e3o h\u00e1 esfor\u00e7o de mudan\u00e7as no que pode ser mudado. H\u00e1 fraternidades com gente nova, com f\u00f4lego e for\u00e7a. \u00c9 gra\u00e7a. Estas precisam de forma\u00e7\u00e3o s\u00f3lida e n\u00e3o apenas de encontros agrad\u00e1veis e de manifesta\u00e7\u00f5es exteriores exageradas e que n\u00e3o t\u00eam sua origem em pessoas que, de fato, depois de terem encontrado leprosos, deixaram a mentalidade do mundo. Os jovens da JUFRA come\u00e7am a ser for\u00e7a em algumas fraternidades. At\u00e9 que ponto eles assimilaram, efetivamente, o esp\u00edrito da Regra da OFS de Paulo VI?<\/p>\n<p>&gt;&gt; Como as coisas poder\u00e3o se reverter? Para onde temos que voltar nosso olhar?<\/p>\n<blockquote><p>Conselhos com seu assistente precisam saber que a Ordem \u00e9 de leigos. Os assistentes poder\u00e3o ajudar a formar, nas fileiras franciscanas, leigos maduros, atuantes no mundo, na fam\u00edlia, na vizinhan\u00e7a, no trabalho, no compromisso pol\u00edtico. Leigos que sejam agentes de pastoral conservadora, repetidora de esquemas ultrapassados, leigos que gostam mais de ficar no altar e na sacristia do que nas dif\u00edceis e desafiadoras tarefas de uma Igreja em sa\u00edda. Laicato, laicato maduro, atuante, nada de pessoas apenas devotas, simplesmente devotas.<\/p>\n<p>O assistente, tendo vestido a camisa, n\u00e3o \u00e9 figura decorativa, como j\u00e1 dissemos. H\u00e1 lugares em que facilmente se dispensa um assistente mais exigente que aponta para o novo.<\/p>\n<p>Os assistentes precisar\u00e3o conhecer profundamente a Regra da OFS. Em seu computador mental dever\u00e3o completar as diretrizes da Regra com o carisma e as orienta\u00e7\u00f5es do Papa Francisco. Cuidado: os assistentes nunca dever\u00e3o pensar que os irm\u00e3os da Ordem sejam \u201cfuncion\u00e1rios\u201d da par\u00f3quia.<\/p>\n<p>Na verdade, os franciscanos seculares sinceros querem agir. Precisam atuar na par\u00f3quia mas com suas caracter\u00edsticas: simplicidade, verdade, cortesia, banhando tudo com a verdade do Evangelho, compet\u00eancia, vis\u00e3o do amanh\u00e3, sem orgulho, restituindo ao Senhor o que do Senhor receberam. Colocam seus dotes e talentos a servi\u00e7o do mundo novo que se chama Reino.<\/p>\n<p>No momento atual sentimos a aus\u00eancia de l\u00edderes leigos crist\u00e3os mundo (tamb\u00e9m no meio do clero e dos religiosos). Nesse mundo de consumismo, de provisoriedade, de total liquidez precisamos formar l\u00edderes, l\u00edderes com as cores franciscanas, \u201cpenitentes\u201d de verdade, pessoas que s\u00e3o mundo e n\u00e3o s\u00e3o do mundo. Nas m\u00e9dias e grandes cidades de fundamental import\u00e2ncia que os franciscanos seculares leiam, estudem, reflitam para que sua presen\u00e7a seja significativa para o mundo de hoje. N\u00e3o seria esse um empenho a ser trabalhado por assistentes que amam o carisma e gostariam de ver leigos fortes no meio desse mundo l\u00edquido? Uma das metas dos respons\u00e1veis pela OFS \u00e9 que ela seja significativa no mundo de hoje.<\/p>\n<p>Precisamos de leigos conscientes de sua dignidade e de seu papel na vida e no mundo. Merece reflex\u00e3o este pensamento de um jesu\u00edta espanhol do pa\u00eds basco: \u201cA pessoa necessita de um solo vital sobre o qual possa construir com coer\u00eancia seu pr\u00f3prio relato, assentar suas fidelidades e compromissos pessoais, sem o que a sua biografia se resuma a um somat\u00f3rio de acontecimentos desconexos e soltos. Fundar a pessoa, ajud\u00e1-la a conseguir esse solo pessoal deve ser o grande objetivo dos processos educativos ( Patxi \u00c1lvares de los Mozos, SJ, Viver com alma. Necessitados de personalizaci\u00f3n, in Sal Terrae 91 (2003), p. 492). Os assistentes haver\u00e3o de ajudar os conselhos e os formadores a refletirem sobre o teor desse pensamento. Precisamos reconstruir a pessoa. Nada de desenvolver aspectos laterais e epid\u00e9rmicos, nada de superficialidade, de comportamentos passionais e emotivos, de gente derramada sobre as coisas, de pessoas antenadas no nada. Nossas Ordens (I e III) n\u00e3o precisam de mais leis e regulamentos mas de pessoas de verdade, com solo pessoal. Nossa gente precisa redescobrir a for\u00e7a do sil\u00eancio e a t\u00e1tica do discernimento.<\/p>\n<p>Cabe aos provinciais nomear assistentes. H\u00e1 assistentes locais admir\u00e1veis e competent\u00edssimos. Conhecemos as dificuldades dos conselhos provinciais. H\u00e1 frades desmotivados para essa tarefa. N\u00e3o poucas vezes os provinciais nomeiam frades que se fazem pouco presentes fisicamente. Outros n\u00e3o t\u00eam o cora\u00e7\u00e3o na Ordem secular. N\u00e3o seria o caso que a Confer\u00eancia Frades Menores do Brasil dedicasse uma aten\u00e7\u00e3o especial ao caso? A tarefa n\u00e3o \u00e9 apenas de uma mas de todas as prov\u00edncias. Como reverter o quadro de desinteresse, des\u00e2nimo e apatia para com a Ordem secular? At\u00e9 que ponto as pr\u00f3prias fraternidades seculares n\u00e3o nos desmotivam?<\/p><\/blockquote>\n<p>Prezados irm\u00e3os da Prov\u00edncias dos Menores. Pe\u00e7o que acolham as palavras desta Carta. Junto com os leigos para criar o novo, seres profundos, verdadeiros franciscanos no meio do mundo.<\/p>\n<p><strong>Fr. Almir Ribeiro Guimar\u00e3es, OFM<\/strong><\/p>\n<p><strong>freialmir@gmail.com<\/strong><\/p>\n<p>&nbsp;<\/p>\n","protected":false},"excerpt":{"rendered":"<p>Artigo de Frei Almir Guimar\u00e3es<\/p>\n","protected":false},"author":3,"featured_media":177005,"comment_status":"open","ping_status":"open","sticky":false,"template":"","format":"standard","meta":[],"categories":[14],"tags":[103],"yoast_head":"<!-- This site is optimized with the Yoast SEO plugin v19.2 - https:\/\/yoast.com\/wordpress\/plugins\/seo\/ -->\n<title>Ordem Franciscana Secular: Carta aos Frades Menores - Carisma - Franciscanos<\/title>\n<meta name=\"robots\" content=\"index, follow, max-snippet:-1, max-image-preview:large, max-video-preview:-1\" \/>\n<link rel=\"canonical\" href=\"https:\/\/franciscanos.org.br\/carisma\/ordem-franciscana-secular-carta-aos-frades-menores.html\" \/>\n<meta property=\"og:locale\" content=\"pt_BR\" \/>\n<meta property=\"og:type\" content=\"article\" \/>\n<meta property=\"og:title\" content=\"Ordem Franciscana Secular: Carta aos Frades Menores - Carisma - Franciscanos\" \/>\n<meta property=\"og:description\" content=\"Artigo de Frei Almir Guimar\u00e3es\" \/>\n<meta property=\"og:url\" content=\"https:\/\/franciscanos.org.br\/carisma\/ordem-franciscana-secular-carta-aos-frades-menores.html\" \/>\n<meta property=\"og:site_name\" content=\"Carisma - Franciscanos\" \/>\n<meta property=\"article:published_time\" content=\"2016-11-10T16:09:00+00:00\" \/>\n<meta property=\"article:modified_time\" content=\"2020-06-25T17:10:31+00:00\" \/>\n<meta property=\"og:image\" content=\"https:\/\/franciscanos.org.br\/carisma\/wp-content\/uploads\/2020\/06\/ofs_101116.jpg\" \/>\n\t<meta property=\"og:image:width\" content=\"273\" \/>\n\t<meta property=\"og:image:height\" content=\"181\" \/>\n\t<meta property=\"og:image:type\" content=\"image\/jpeg\" \/>\n<meta name=\"author\" content=\"moacir\" \/>\n<meta name=\"twitter:card\" content=\"summary_large_image\" \/>\n<meta name=\"twitter:label1\" content=\"Escrito por\" \/>\n\t<meta name=\"twitter:data1\" content=\"moacir\" \/>\n\t<meta name=\"twitter:label2\" content=\"Est. tempo de leitura\" \/>\n\t<meta name=\"twitter:data2\" content=\"7 minutos\" \/>\n<script type=\"application\/ld+json\" class=\"yoast-schema-graph\">{\"@context\":\"https:\/\/schema.org\",\"@graph\":[{\"@type\":\"WebSite\",\"@id\":\"https:\/\/franciscanos.org.br\/carisma\/#website\",\"url\":\"https:\/\/franciscanos.org.br\/carisma\/\",\"name\":\"Carisma - Franciscanos\",\"description\":\"Prov\u00edncia Franciscana da Imaculada Concei\u00e7\u00e3o do Brasil - Ordem dos Frades Menores\",\"potentialAction\":[{\"@type\":\"SearchAction\",\"target\":{\"@type\":\"EntryPoint\",\"urlTemplate\":\"https:\/\/franciscanos.org.br\/carisma\/?s={search_term_string}\"},\"query-input\":\"required name=search_term_string\"}],\"inLanguage\":\"pt-BR\"},{\"@type\":\"ImageObject\",\"inLanguage\":\"pt-BR\",\"@id\":\"https:\/\/franciscanos.org.br\/carisma\/ordem-franciscana-secular-carta-aos-frades-menores.html#primaryimage\",\"url\":\"https:\/\/franciscanos.org.br\/carisma\/wp-content\/uploads\/2020\/06\/ofs_101116.jpg\",\"contentUrl\":\"https:\/\/franciscanos.org.br\/carisma\/wp-content\/uploads\/2020\/06\/ofs_101116.jpg\",\"width\":273,\"height\":181},{\"@type\":\"WebPage\",\"@id\":\"https:\/\/franciscanos.org.br\/carisma\/ordem-franciscana-secular-carta-aos-frades-menores.html#webpage\",\"url\":\"https:\/\/franciscanos.org.br\/carisma\/ordem-franciscana-secular-carta-aos-frades-menores.html\",\"name\":\"Ordem Franciscana Secular: Carta aos Frades Menores - Carisma - Franciscanos\",\"isPartOf\":{\"@id\":\"https:\/\/franciscanos.org.br\/carisma\/#website\"},\"primaryImageOfPage\":{\"@id\":\"https:\/\/franciscanos.org.br\/carisma\/ordem-franciscana-secular-carta-aos-frades-menores.html#primaryimage\"},\"datePublished\":\"2016-11-10T16:09:00+00:00\",\"dateModified\":\"2020-06-25T17:10:31+00:00\",\"author\":{\"@id\":\"https:\/\/franciscanos.org.br\/carisma\/#\/schema\/person\/bf14cae4d2151ab6b6e41d96660f93a2\"},\"breadcrumb\":{\"@id\":\"https:\/\/franciscanos.org.br\/carisma\/ordem-franciscana-secular-carta-aos-frades-menores.html#breadcrumb\"},\"inLanguage\":\"pt-BR\",\"potentialAction\":[{\"@type\":\"ReadAction\",\"target\":[\"https:\/\/franciscanos.org.br\/carisma\/ordem-franciscana-secular-carta-aos-frades-menores.html\"]}]},{\"@type\":\"BreadcrumbList\",\"@id\":\"https:\/\/franciscanos.org.br\/carisma\/ordem-franciscana-secular-carta-aos-frades-menores.html#breadcrumb\",\"itemListElement\":[{\"@type\":\"ListItem\",\"position\":1,\"name\":\"Home\",\"item\":\"https:\/\/franciscanos.org.br\/carisma\"},{\"@type\":\"ListItem\",\"position\":2,\"name\":\"Ordem Franciscana Secular: Carta aos Frades Menores\"}]},{\"@type\":\"Person\",\"@id\":\"https:\/\/franciscanos.org.br\/carisma\/#\/schema\/person\/bf14cae4d2151ab6b6e41d96660f93a2\",\"name\":\"moacir\",\"image\":{\"@type\":\"ImageObject\",\"inLanguage\":\"pt-BR\",\"@id\":\"https:\/\/franciscanos.org.br\/carisma\/#\/schema\/person\/image\/\",\"url\":\"https:\/\/secure.gravatar.com\/avatar\/d08aa2ce4c8dd416d4479aa8536fcf64?s=96&d=mm&r=g\",\"contentUrl\":\"https:\/\/secure.gravatar.com\/avatar\/d08aa2ce4c8dd416d4479aa8536fcf64?s=96&d=mm&r=g\",\"caption\":\"moacir\"},\"url\":\"https:\/\/franciscanos.org.br\/carisma\/author\/moacir\"}]}<\/script>\n<!-- \/ Yoast SEO plugin. -->","yoast_head_json":{"title":"Ordem Franciscana Secular: Carta aos Frades Menores - Carisma - Franciscanos","robots":{"index":"index","follow":"follow","max-snippet":"max-snippet:-1","max-image-preview":"max-image-preview:large","max-video-preview":"max-video-preview:-1"},"canonical":"https:\/\/franciscanos.org.br\/carisma\/ordem-franciscana-secular-carta-aos-frades-menores.html","og_locale":"pt_BR","og_type":"article","og_title":"Ordem Franciscana Secular: Carta aos Frades Menores - Carisma - Franciscanos","og_description":"Artigo de Frei Almir Guimar\u00e3es","og_url":"https:\/\/franciscanos.org.br\/carisma\/ordem-franciscana-secular-carta-aos-frades-menores.html","og_site_name":"Carisma - Franciscanos","article_published_time":"2016-11-10T16:09:00+00:00","article_modified_time":"2020-06-25T17:10:31+00:00","og_image":[{"width":273,"height":181,"url":"https:\/\/franciscanos.org.br\/carisma\/wp-content\/uploads\/2020\/06\/ofs_101116.jpg","type":"image\/jpeg"}],"author":"moacir","twitter_card":"summary_large_image","twitter_misc":{"Escrito por":"moacir","Est. tempo de leitura":"7 minutos"},"schema":{"@context":"https:\/\/schema.org","@graph":[{"@type":"WebSite","@id":"https:\/\/franciscanos.org.br\/carisma\/#website","url":"https:\/\/franciscanos.org.br\/carisma\/","name":"Carisma - Franciscanos","description":"Prov\u00edncia Franciscana da Imaculada Concei\u00e7\u00e3o do Brasil - Ordem dos Frades Menores","potentialAction":[{"@type":"SearchAction","target":{"@type":"EntryPoint","urlTemplate":"https:\/\/franciscanos.org.br\/carisma\/?s={search_term_string}"},"query-input":"required name=search_term_string"}],"inLanguage":"pt-BR"},{"@type":"ImageObject","inLanguage":"pt-BR","@id":"https:\/\/franciscanos.org.br\/carisma\/ordem-franciscana-secular-carta-aos-frades-menores.html#primaryimage","url":"https:\/\/franciscanos.org.br\/carisma\/wp-content\/uploads\/2020\/06\/ofs_101116.jpg","contentUrl":"https:\/\/franciscanos.org.br\/carisma\/wp-content\/uploads\/2020\/06\/ofs_101116.jpg","width":273,"height":181},{"@type":"WebPage","@id":"https:\/\/franciscanos.org.br\/carisma\/ordem-franciscana-secular-carta-aos-frades-menores.html#webpage","url":"https:\/\/franciscanos.org.br\/carisma\/ordem-franciscana-secular-carta-aos-frades-menores.html","name":"Ordem Franciscana Secular: Carta aos Frades Menores - Carisma - Franciscanos","isPartOf":{"@id":"https:\/\/franciscanos.org.br\/carisma\/#website"},"primaryImageOfPage":{"@id":"https:\/\/franciscanos.org.br\/carisma\/ordem-franciscana-secular-carta-aos-frades-menores.html#primaryimage"},"datePublished":"2016-11-10T16:09:00+00:00","dateModified":"2020-06-25T17:10:31+00:00","author":{"@id":"https:\/\/franciscanos.org.br\/carisma\/#\/schema\/person\/bf14cae4d2151ab6b6e41d96660f93a2"},"breadcrumb":{"@id":"https:\/\/franciscanos.org.br\/carisma\/ordem-franciscana-secular-carta-aos-frades-menores.html#breadcrumb"},"inLanguage":"pt-BR","potentialAction":[{"@type":"ReadAction","target":["https:\/\/franciscanos.org.br\/carisma\/ordem-franciscana-secular-carta-aos-frades-menores.html"]}]},{"@type":"BreadcrumbList","@id":"https:\/\/franciscanos.org.br\/carisma\/ordem-franciscana-secular-carta-aos-frades-menores.html#breadcrumb","itemListElement":[{"@type":"ListItem","position":1,"name":"Home","item":"https:\/\/franciscanos.org.br\/carisma"},{"@type":"ListItem","position":2,"name":"Ordem Franciscana Secular: Carta aos Frades Menores"}]},{"@type":"Person","@id":"https:\/\/franciscanos.org.br\/carisma\/#\/schema\/person\/bf14cae4d2151ab6b6e41d96660f93a2","name":"moacir","image":{"@type":"ImageObject","inLanguage":"pt-BR","@id":"https:\/\/franciscanos.org.br\/carisma\/#\/schema\/person\/image\/","url":"https:\/\/secure.gravatar.com\/avatar\/d08aa2ce4c8dd416d4479aa8536fcf64?s=96&d=mm&r=g","contentUrl":"https:\/\/secure.gravatar.com\/avatar\/d08aa2ce4c8dd416d4479aa8536fcf64?s=96&d=mm&r=g","caption":"moacir"},"url":"https:\/\/franciscanos.org.br\/carisma\/author\/moacir"}]}},"_links":{"self":[{"href":"https:\/\/franciscanos.org.br\/carisma\/wp-json\/wp\/v2\/posts\/177004"}],"collection":[{"href":"https:\/\/franciscanos.org.br\/carisma\/wp-json\/wp\/v2\/posts"}],"about":[{"href":"https:\/\/franciscanos.org.br\/carisma\/wp-json\/wp\/v2\/types\/post"}],"author":[{"embeddable":true,"href":"https:\/\/franciscanos.org.br\/carisma\/wp-json\/wp\/v2\/users\/3"}],"replies":[{"embeddable":true,"href":"https:\/\/franciscanos.org.br\/carisma\/wp-json\/wp\/v2\/comments?post=177004"}],"version-history":[{"count":1,"href":"https:\/\/franciscanos.org.br\/carisma\/wp-json\/wp\/v2\/posts\/177004\/revisions"}],"predecessor-version":[{"id":177006,"href":"https:\/\/franciscanos.org.br\/carisma\/wp-json\/wp\/v2\/posts\/177004\/revisions\/177006"}],"wp:featuredmedia":[{"embeddable":true,"href":"https:\/\/franciscanos.org.br\/carisma\/wp-json\/wp\/v2\/media\/177005"}],"wp:attachment":[{"href":"https:\/\/franciscanos.org.br\/carisma\/wp-json\/wp\/v2\/media?parent=177004"}],"wp:term":[{"taxonomy":"category","embeddable":true,"href":"https:\/\/franciscanos.org.br\/carisma\/wp-json\/wp\/v2\/categories?post=177004"},{"taxonomy":"post_tag","embeddable":true,"href":"https:\/\/franciscanos.org.br\/carisma\/wp-json\/wp\/v2\/tags?post=177004"}],"curies":[{"name":"wp","href":"https:\/\/api.w.org\/{rel}","templated":true}]}}