{"id":176992,"date":"2018-06-20T11:17:47","date_gmt":"2018-06-20T14:17:47","guid":{"rendered":"https:\/\/franciscanos.org.br\/carisma\/?p=176992"},"modified":"2020-06-25T11:18:08","modified_gmt":"2020-06-25T14:18:08","slug":"40-anos-da-regra-de-vida-dos-franciscanos-seculares","status":"publish","type":"post","link":"https:\/\/franciscanos.org.br\/carisma\/40-anos-da-regra-de-vida-dos-franciscanos-seculares.html","title":{"rendered":"40 anos da Regra de Vida dos Franciscanos Seculares"},"content":{"rendered":"<p><img loading=\"lazy\" class=\"alignnone size-full wp-image-193576\" src=\"https:\/\/franciscanos.org.br\/noticias\/wp-content\/uploads\/2018\/06\/ofs_020119.jpg\" alt=\"\" width=\"890\" height=\"553\" \/><\/p>\n<p><strong>Frei Almir Ribeiro Guimar\u00e3es, OFM<\/strong><\/p>\n<p style=\"padding-left: 30px;\">\u00a0Ela \u00e9 conhecida como Regra Paulina. Paulo VI, esse papa gigante, aprovou o projeto de vida evang\u00e9lico-franciscana da Ordem Franciscana Secular. O documento tem a data de 24 de junho de 1978. Depois da abertura das janelas da Igreja para o vento novo do Vaticano II, os respons\u00e1veis pela Ordem Terceira Franciscana decidiram promover encontros e reuni\u00f5es com participantes de todo o mundo para a prepara\u00e7\u00e3o do documento. No processo de elabora\u00e7\u00e3o da Regra, o Brasil se fez representar pela figura veneranda de nosso irm\u00e3o Paulo Machado da Costa e Silva, hoje com 101 anos, vivendo em Itaipava, no munic\u00edpio de Petr\u00f3polis. N\u00e3o \u00e9 aqui e agora o intuito destas linhas de examinar pormenorizadamente todos os t\u00f3picos deste documento, que, apesar de seus quarenta anos de vida, ainda n\u00e3o foi suficientemente assimilado pelos franciscanos da 1\u00aa como da 3\u00aa Ordem. As linhas que se seguem constituem, antes de tudo, express\u00f5es de um frade menor que, por muitos anos, vibrou com a Ordem dos Leigos. Limitar-nos-emos a chamar aten\u00e7\u00e3o para um ou outro aspecto.<\/p>\n<p style=\"padding-left: 30px;\"><strong>&gt;&gt;<\/strong> Antes de mais nada \u00e9 preciso atentar para o pr\u00f3prio nome. Diz\u00edamos Ordem Terceira Franciscana (OTF). Durante muito tempo valorizou-se o aspecto m\u00edstico devocional. No tempo de Francisco, no entanto, os irm\u00e3os da 3\u00aa Ordem eram tidos como pessoas diferentes, que viviam o caminho da penit\u00eancia e n\u00e3o pegavam em armas. Em alguns lugares, talvez com o tempo, algumas pessoas que ingressavam nessas fileiras buscavam uma associa\u00e7\u00e3o piedosa que se vestia das cores franciscanas e que as ajudava a viver no mundo quase de passagem. Fuga do mundo? Uma associa\u00e7\u00e3o que tivesse muitas cores da Ordem. N\u00e3o sejamos injustos em nossos julgamentos. Certo, no entanto, que a inclus\u00e3o desse adjetivo \u201csecular\u201d \u00e9 de fundamental import\u00e2ncia. Os \u201cterceiros\u201d constituem um grupo de crist\u00e3os que deseja viver a f\u00e9 no mundo, no s\u00e9culo. N\u00e3o se trata de viver no mundo de todo dia e fugindo do mesmo mundo. Trata-se de amar esse mundo e de nele atingir a perfei\u00e7\u00e3o da caridade.<\/p>\n<p style=\"padding-left: 30px;\"><strong>&gt;&gt;<\/strong> Nesta altura de nossa reflex\u00e3o cabe transcrever um t\u00f3pico fundamental para a compreens\u00e3o do projeto de vida aprovado pelo Papa Paulo VI em 1978: \u201cNo seio da Fam\u00edlia Franciscana ocupa posi\u00e7\u00e3o espec\u00edfica a Ordem Franciscana Secular que se configura como uma uni\u00e3o org\u00e2nica de todas as fraternidades cat\u00f3licas espalhadas pelo mundo e abertas a todos os grupos de fi\u00e9is. Nelas, os irm\u00e3os e as irm\u00e3s, impulsionados pelo Esp\u00edrito a atingir a perfei\u00e7\u00e3o na caridade no pr\u00f3prio estado secular, s\u00e3o empenhados pela profiss\u00e3o a viver o Evangelho \u00e0 maneira de S\u00e3o Francisco e mediante esta Regra aprovada pela Igreja\u201d.<\/p>\n<p style=\"padding-left: 30px;\"><strong>&gt;&gt;<\/strong> Leigos, fi\u00e9is crist\u00e3os leigos, homens e mulheres do s\u00e9culo XXI, casados, solteiros, vi\u00favos, intelectuais, costureiros, carteiros, merendeiras, deputados, m\u00e9dicas, sadios e doentes, jovens e idosos. Leigos, pessoas que vivem no mundo, no s\u00e9culo, nas coisas de todos os dias. N\u00e3o seres que buscam ref\u00fagio \u00e0 sombra do Ser\u00e1fico Pai. Pessoas felizes por seu casamento, a uni\u00e3o carinhosa de marido e mulher, a paternidade e a maternidade, a profiss\u00e3o exercida. Pessoas que escutaram a voz do Senhor no para\u00edso: \u201cCrescei e dominai a face da terra!\u201d Repito, insisto: leigos que gostam de sua secularidade. Leigos que n\u00e3o t\u00eam nostalgia secreta de vestir um h\u00e1bito e ficarem fazendo serm\u00f5es em toda parte. Um laicato maduro n\u00e3o pode ser feito apenas de alguns auxiliares do clero no altar e na sacristia. Tema important\u00edssimo esse de um laicato maduro. Se assim na for, perderemos toda a riqueza da Regra de Paulo VI. Ser\u00e1 como que colocar pano novo em roupa velha.<\/p>\n<p style=\"padding-left: 30px;\"><strong>&gt;&gt;<\/strong> Leigos e leigas que se re\u00fanem em fraternidades, que fazem encontros, reuni\u00f5es que s\u00e3o como que sacramento de seu m\u00fatuo querer bem. Essas reuni\u00f5es n\u00e3o s\u00e3o intelectuais nem mornas, mas encontros bem vividos, onde os irm\u00e3os e as irm\u00e3s oram, estudam, estreitam seus la\u00e7os, e tra\u00e7am as estrat\u00e9gias do ir pelo mundo. Reuni\u00f5es com a presen\u00e7a de um frade da Ordem 1\u00aa ou da TOR, n\u00e3o para ser um \u201cenfeite\u201d franciscano, mas homens que vivem o mesmo ideal e que s\u00e3o irm\u00e3os, assistentes, encarna\u00e7\u00e3o do franciscanismo da Primeira Ordem. Quando penso nesses seculares, sempre v\u00eam \u00e0 minha mente as met\u00e1foras evang\u00e9licas do sal da terra, luz do mundo e fermento da massa. Lembro-me sempre do esquema da A\u00e7\u00e3o Cat\u00f3lica. Lembro-me sempre de Frei Mateus Hoepers que, nas reuni\u00f5es da Ordem Terceira de Petr\u00f3polis nos anos 1955-56, j\u00e1 dizia que a Ordem preparava as pessoas para o ver-julgar-agir. Quanta sorte ter conhecido Frei Mateus. Os seculares franciscanos s\u00e3o pessoas atingidas pelo \u201cv\u00edrus\u201d do Evangelho. N\u00e3o s\u00e3o homens da mesmice e do frio \u201cinstitucional\u201d.<\/p>\n<p style=\"padding-left: 30px;\"><strong>&gt;&gt;<\/strong> S\u00e3o pessoas que desejam transformar sua vida. Por isso, a forma de vida aprovada pelo Papa Paulo VI tem como frontisp\u00edcio a Exorta\u00e7\u00e3o de S\u00e3o Francisco aos irm\u00e3os e irm\u00e3s da penit\u00eancia. Fala dos que fazem e dos que n\u00e3o fazem penit\u00eancia. Sim, fique sempre claro, os franciscanos seculares fazem parte de um bela tradi\u00e7\u00e3o de gente que muda o cora\u00e7\u00e3o, que faz penit\u00eancia. N\u00f3s todos, franciscanos, entramos na Ordem para fazer penit\u00eancia e mudar nossa vida. Parece que estou ainda ouvindo essas palavras que Frei Constantino Koser n\u00e3o se cansava de repetir. A Ordem Franciscana Secular n\u00e3o \u00e9 um grupo de gente pacata e passiva, mas de criaturas em estado de convers\u00e3o. Pessoas que depois de abra\u00e7arem o leproso andam sentindo o gosto doce nas coisas amargas e o amargo nas coisas doces.<\/p>\n<p style=\"padding-left: 30px;\"><strong>&gt;&gt;<\/strong> N\u00e3o \u00e9 aqui o lugar de analisar o mundo em que vivemos. Basta chamar aten\u00e7\u00e3o para uma ou outra tend\u00eancia: sociedade deslizante, mundo das coisas provis\u00f3rias, exagerado cultivo do corpo, de exibi\u00e7\u00e3o nos meios de comunica\u00e7\u00e3o, do peso da lei do mercado, mundo da indiferen\u00e7a\u2026 H\u00e1 pessoas que sentem que o carisma franciscano pode entusiasmar vidas cansadas de tanta superficialidade e mentira: buscar o alt\u00edssimo e bom Senhor, entregar-se prazenteiramente a ele, viver e conviver uns com os outros, ser para o irm\u00e3o mais como uma m\u00e3e, n\u00e3o ter o nariz arrebitado mas ser irm\u00e3o e irm\u00e3o menor, viver um estado de \u00eaxtase diante da natureza desde a florzinha que nasce no meio da pedras at\u00e9 a majestade dos espa\u00e7os siderais, tudo dom, pessoas n\u00e3o propriet\u00e1rias que n\u00e3o atribuem m\u00e9ritos a si mesmas, mas devolvem ao Senhor o que deles recebem, pessoas avessas a toda viol\u00eancia e que procuram apaziguar os lobos que andam por a\u00ed e dentro de cada um, gente do evangelho reescrito por Francisco, evangelho da ora\u00e7\u00e3o nas grutas, evangelho das vestes simples e das casas sem luxo, dos gestos n\u00e3o empolados nem mentirosos, evangelho da miseric\u00f3rdia para com o irm\u00e3os que erram, evangelho do respeito pela \u00e1gua, plantas e toda a natureza. Os que ingressam na OFS, os leigos franciscanos, deveriam se revestir destas cores.<\/p>\n<p style=\"padding-left: 30px;\"><strong>&gt;&gt;<\/strong> Os franciscanos seculares s\u00e3o pessoas que n\u00e3o ficam presas ao S\u00e3o Francisco rom\u00e2ntico das pombinhas e lobos amansados. O Francisco que anima suas vidas \u00e9 aquele que reescreveu o Evangelho em sua carne e morreu alegre e nu sobre a terra nua: irm\u00e3o, simplesmente Irm\u00e3o Francisco.<\/p>\n<p style=\"padding-left: 30px;\"><strong>&gt;&gt;<\/strong> A Forma de vida dos seculares franciscanos se detalha nesse documento que faz quarenta anos na festa de S\u00e3o Jo\u00e3o Batista de 2018: os seculares passam do Evangelho para a vida e da vida para o Evangelho, procuram a pessoa vivente e operante de Jesus nos irm\u00e3os, nas Escrituras, na Igreja e nas a\u00e7\u00f5es lit\u00fargicas; fazem uma profiss\u00e3o de seguir a Regra, compromisso aceito oficialmente pela Igreja; olham para a Virgem Maria sempre dispon\u00edvel \u00e0 Palavra; n\u00e3o s\u00e3o fan\u00e1ticos pela pobreza material, mas vivem sendo meros administradores e n\u00e3o propriet\u00e1rios nesse mundo de avidez; assumem trabalhos no mundo com compet\u00eancia e esp\u00edrito prestativo, vivem em fam\u00edlia sem requintes, trabalham com garra e tomam iniciativas corajosas para que se apresse a instala\u00e7\u00e3o do Reino. Limito-me a chamar aten\u00e7\u00e3o para estas insist\u00eancias da Regra.<\/p>\n<p style=\"padding-left: 30px;\"><strong>&gt;&gt;<\/strong> Franciscanos no mundo, franciscanos seculares que se sentem muito pr\u00f3ximos do Cardeal Bergoglio, que adotou o nome de Francisco para encarnar, de alguma forma, o jeito evang\u00e9lico franciscano de viver. N\u00e3o me canso de dizer e afirmar: leigos, leigos no mundo, n\u00e3o leigos de sacristia, n\u00e3o funcion\u00e1rios das coisas antigas, mas homens e mulheres livres no grande mundo, inventando novas formas de fraternidade, acolhendo pessoas certinhas e n\u00e3o t\u00e3o certinhas, sem exagerar em proclamar leis secas e frias, homens e mulheres simp\u00e1ticos, capazes de acolher os outros, as crian\u00e7as, os velhos, os diferentes, homens e mulheres cantores das maravilhas, parecidos com Francisco, das coisas simples e dos gestos puros.<\/p>\n<p style=\"padding-left: 30px;\"><strong>&gt;&gt;<\/strong> O amanh\u00e3 da vida franciscana secular depende da qualidade de vida dos grupos existentes. Na medida em que houver menos discursos sobre a Regra e mais fogo no cora\u00e7\u00e3o de leigos maduros, a fam\u00edlia franciscana poder\u00e1 oferecer na OFS uma escola de santidade e uma oficina que prepara leigos e leigas cheios do evangelho e realizam o sonho do Papa Francisco que veio do fim do mundo.<\/p>\n","protected":false},"excerpt":{"rendered":"<p>Artigo de Frei Almir Guimar\u00e3es<\/p>\n","protected":false},"author":3,"featured_media":176993,"comment_status":"open","ping_status":"open","sticky":false,"template":"","format":"standard","meta":[],"categories":[14],"tags":[103,47],"yoast_head":"<!-- This site is optimized with the Yoast SEO plugin v19.2 - https:\/\/yoast.com\/wordpress\/plugins\/seo\/ -->\n<title>40 anos da Regra de Vida dos Franciscanos Seculares - Carisma - Franciscanos<\/title>\n<meta name=\"robots\" content=\"index, follow, max-snippet:-1, max-image-preview:large, max-video-preview:-1\" \/>\n<link rel=\"canonical\" href=\"https:\/\/franciscanos.org.br\/carisma\/40-anos-da-regra-de-vida-dos-franciscanos-seculares.html\" \/>\n<meta property=\"og:locale\" content=\"pt_BR\" \/>\n<meta property=\"og:type\" content=\"article\" \/>\n<meta property=\"og:title\" content=\"40 anos da Regra de Vida dos Franciscanos Seculares - Carisma - Franciscanos\" \/>\n<meta property=\"og:description\" content=\"Artigo de Frei Almir Guimar\u00e3es\" \/>\n<meta property=\"og:url\" content=\"https:\/\/franciscanos.org.br\/carisma\/40-anos-da-regra-de-vida-dos-franciscanos-seculares.html\" \/>\n<meta property=\"og:site_name\" content=\"Carisma - Franciscanos\" \/>\n<meta property=\"article:published_time\" content=\"2018-06-20T14:17:47+00:00\" \/>\n<meta property=\"article:modified_time\" content=\"2020-06-25T14:18:08+00:00\" \/>\n<meta property=\"og:image\" content=\"https:\/\/franciscanos.org.br\/carisma\/wp-content\/uploads\/2020\/06\/ofs_020119d.jpg\" \/>\n\t<meta property=\"og:image:width\" content=\"273\" \/>\n\t<meta property=\"og:image:height\" content=\"181\" \/>\n\t<meta property=\"og:image:type\" content=\"image\/jpeg\" \/>\n<meta name=\"author\" content=\"moacir\" \/>\n<meta name=\"twitter:card\" content=\"summary_large_image\" \/>\n<meta name=\"twitter:label1\" content=\"Escrito por\" \/>\n\t<meta name=\"twitter:data1\" content=\"moacir\" \/>\n\t<meta name=\"twitter:label2\" content=\"Est. tempo de leitura\" \/>\n\t<meta name=\"twitter:data2\" content=\"8 minutos\" \/>\n<script type=\"application\/ld+json\" class=\"yoast-schema-graph\">{\"@context\":\"https:\/\/schema.org\",\"@graph\":[{\"@type\":\"WebSite\",\"@id\":\"https:\/\/franciscanos.org.br\/carisma\/#website\",\"url\":\"https:\/\/franciscanos.org.br\/carisma\/\",\"name\":\"Carisma - Franciscanos\",\"description\":\"Prov\u00edncia Franciscana da Imaculada Concei\u00e7\u00e3o do Brasil - Ordem dos Frades Menores\",\"potentialAction\":[{\"@type\":\"SearchAction\",\"target\":{\"@type\":\"EntryPoint\",\"urlTemplate\":\"https:\/\/franciscanos.org.br\/carisma\/?s={search_term_string}\"},\"query-input\":\"required name=search_term_string\"}],\"inLanguage\":\"pt-BR\"},{\"@type\":\"ImageObject\",\"inLanguage\":\"pt-BR\",\"@id\":\"https:\/\/franciscanos.org.br\/carisma\/40-anos-da-regra-de-vida-dos-franciscanos-seculares.html#primaryimage\",\"url\":\"https:\/\/franciscanos.org.br\/carisma\/wp-content\/uploads\/2020\/06\/ofs_020119d.jpg\",\"contentUrl\":\"https:\/\/franciscanos.org.br\/carisma\/wp-content\/uploads\/2020\/06\/ofs_020119d.jpg\",\"width\":273,\"height\":181},{\"@type\":\"WebPage\",\"@id\":\"https:\/\/franciscanos.org.br\/carisma\/40-anos-da-regra-de-vida-dos-franciscanos-seculares.html#webpage\",\"url\":\"https:\/\/franciscanos.org.br\/carisma\/40-anos-da-regra-de-vida-dos-franciscanos-seculares.html\",\"name\":\"40 anos da Regra de Vida dos Franciscanos Seculares - Carisma - Franciscanos\",\"isPartOf\":{\"@id\":\"https:\/\/franciscanos.org.br\/carisma\/#website\"},\"primaryImageOfPage\":{\"@id\":\"https:\/\/franciscanos.org.br\/carisma\/40-anos-da-regra-de-vida-dos-franciscanos-seculares.html#primaryimage\"},\"datePublished\":\"2018-06-20T14:17:47+00:00\",\"dateModified\":\"2020-06-25T14:18:08+00:00\",\"author\":{\"@id\":\"https:\/\/franciscanos.org.br\/carisma\/#\/schema\/person\/bf14cae4d2151ab6b6e41d96660f93a2\"},\"breadcrumb\":{\"@id\":\"https:\/\/franciscanos.org.br\/carisma\/40-anos-da-regra-de-vida-dos-franciscanos-seculares.html#breadcrumb\"},\"inLanguage\":\"pt-BR\",\"potentialAction\":[{\"@type\":\"ReadAction\",\"target\":[\"https:\/\/franciscanos.org.br\/carisma\/40-anos-da-regra-de-vida-dos-franciscanos-seculares.html\"]}]},{\"@type\":\"BreadcrumbList\",\"@id\":\"https:\/\/franciscanos.org.br\/carisma\/40-anos-da-regra-de-vida-dos-franciscanos-seculares.html#breadcrumb\",\"itemListElement\":[{\"@type\":\"ListItem\",\"position\":1,\"name\":\"Home\",\"item\":\"https:\/\/franciscanos.org.br\/carisma\"},{\"@type\":\"ListItem\",\"position\":2,\"name\":\"40 anos da Regra de Vida dos Franciscanos Seculares\"}]},{\"@type\":\"Person\",\"@id\":\"https:\/\/franciscanos.org.br\/carisma\/#\/schema\/person\/bf14cae4d2151ab6b6e41d96660f93a2\",\"name\":\"moacir\",\"image\":{\"@type\":\"ImageObject\",\"inLanguage\":\"pt-BR\",\"@id\":\"https:\/\/franciscanos.org.br\/carisma\/#\/schema\/person\/image\/\",\"url\":\"https:\/\/secure.gravatar.com\/avatar\/d08aa2ce4c8dd416d4479aa8536fcf64?s=96&d=mm&r=g\",\"contentUrl\":\"https:\/\/secure.gravatar.com\/avatar\/d08aa2ce4c8dd416d4479aa8536fcf64?s=96&d=mm&r=g\",\"caption\":\"moacir\"},\"url\":\"https:\/\/franciscanos.org.br\/carisma\/author\/moacir\"}]}<\/script>\n<!-- \/ Yoast SEO plugin. -->","yoast_head_json":{"title":"40 anos da Regra de Vida dos Franciscanos Seculares - Carisma - Franciscanos","robots":{"index":"index","follow":"follow","max-snippet":"max-snippet:-1","max-image-preview":"max-image-preview:large","max-video-preview":"max-video-preview:-1"},"canonical":"https:\/\/franciscanos.org.br\/carisma\/40-anos-da-regra-de-vida-dos-franciscanos-seculares.html","og_locale":"pt_BR","og_type":"article","og_title":"40 anos da Regra de Vida dos Franciscanos Seculares - Carisma - Franciscanos","og_description":"Artigo de Frei Almir Guimar\u00e3es","og_url":"https:\/\/franciscanos.org.br\/carisma\/40-anos-da-regra-de-vida-dos-franciscanos-seculares.html","og_site_name":"Carisma - Franciscanos","article_published_time":"2018-06-20T14:17:47+00:00","article_modified_time":"2020-06-25T14:18:08+00:00","og_image":[{"width":273,"height":181,"url":"https:\/\/franciscanos.org.br\/carisma\/wp-content\/uploads\/2020\/06\/ofs_020119d.jpg","type":"image\/jpeg"}],"author":"moacir","twitter_card":"summary_large_image","twitter_misc":{"Escrito por":"moacir","Est. tempo de leitura":"8 minutos"},"schema":{"@context":"https:\/\/schema.org","@graph":[{"@type":"WebSite","@id":"https:\/\/franciscanos.org.br\/carisma\/#website","url":"https:\/\/franciscanos.org.br\/carisma\/","name":"Carisma - Franciscanos","description":"Prov\u00edncia Franciscana da Imaculada Concei\u00e7\u00e3o do Brasil - Ordem dos Frades Menores","potentialAction":[{"@type":"SearchAction","target":{"@type":"EntryPoint","urlTemplate":"https:\/\/franciscanos.org.br\/carisma\/?s={search_term_string}"},"query-input":"required name=search_term_string"}],"inLanguage":"pt-BR"},{"@type":"ImageObject","inLanguage":"pt-BR","@id":"https:\/\/franciscanos.org.br\/carisma\/40-anos-da-regra-de-vida-dos-franciscanos-seculares.html#primaryimage","url":"https:\/\/franciscanos.org.br\/carisma\/wp-content\/uploads\/2020\/06\/ofs_020119d.jpg","contentUrl":"https:\/\/franciscanos.org.br\/carisma\/wp-content\/uploads\/2020\/06\/ofs_020119d.jpg","width":273,"height":181},{"@type":"WebPage","@id":"https:\/\/franciscanos.org.br\/carisma\/40-anos-da-regra-de-vida-dos-franciscanos-seculares.html#webpage","url":"https:\/\/franciscanos.org.br\/carisma\/40-anos-da-regra-de-vida-dos-franciscanos-seculares.html","name":"40 anos da Regra de Vida dos Franciscanos Seculares - Carisma - Franciscanos","isPartOf":{"@id":"https:\/\/franciscanos.org.br\/carisma\/#website"},"primaryImageOfPage":{"@id":"https:\/\/franciscanos.org.br\/carisma\/40-anos-da-regra-de-vida-dos-franciscanos-seculares.html#primaryimage"},"datePublished":"2018-06-20T14:17:47+00:00","dateModified":"2020-06-25T14:18:08+00:00","author":{"@id":"https:\/\/franciscanos.org.br\/carisma\/#\/schema\/person\/bf14cae4d2151ab6b6e41d96660f93a2"},"breadcrumb":{"@id":"https:\/\/franciscanos.org.br\/carisma\/40-anos-da-regra-de-vida-dos-franciscanos-seculares.html#breadcrumb"},"inLanguage":"pt-BR","potentialAction":[{"@type":"ReadAction","target":["https:\/\/franciscanos.org.br\/carisma\/40-anos-da-regra-de-vida-dos-franciscanos-seculares.html"]}]},{"@type":"BreadcrumbList","@id":"https:\/\/franciscanos.org.br\/carisma\/40-anos-da-regra-de-vida-dos-franciscanos-seculares.html#breadcrumb","itemListElement":[{"@type":"ListItem","position":1,"name":"Home","item":"https:\/\/franciscanos.org.br\/carisma"},{"@type":"ListItem","position":2,"name":"40 anos da Regra de Vida dos Franciscanos Seculares"}]},{"@type":"Person","@id":"https:\/\/franciscanos.org.br\/carisma\/#\/schema\/person\/bf14cae4d2151ab6b6e41d96660f93a2","name":"moacir","image":{"@type":"ImageObject","inLanguage":"pt-BR","@id":"https:\/\/franciscanos.org.br\/carisma\/#\/schema\/person\/image\/","url":"https:\/\/secure.gravatar.com\/avatar\/d08aa2ce4c8dd416d4479aa8536fcf64?s=96&d=mm&r=g","contentUrl":"https:\/\/secure.gravatar.com\/avatar\/d08aa2ce4c8dd416d4479aa8536fcf64?s=96&d=mm&r=g","caption":"moacir"},"url":"https:\/\/franciscanos.org.br\/carisma\/author\/moacir"}]}},"_links":{"self":[{"href":"https:\/\/franciscanos.org.br\/carisma\/wp-json\/wp\/v2\/posts\/176992"}],"collection":[{"href":"https:\/\/franciscanos.org.br\/carisma\/wp-json\/wp\/v2\/posts"}],"about":[{"href":"https:\/\/franciscanos.org.br\/carisma\/wp-json\/wp\/v2\/types\/post"}],"author":[{"embeddable":true,"href":"https:\/\/franciscanos.org.br\/carisma\/wp-json\/wp\/v2\/users\/3"}],"replies":[{"embeddable":true,"href":"https:\/\/franciscanos.org.br\/carisma\/wp-json\/wp\/v2\/comments?post=176992"}],"version-history":[{"count":1,"href":"https:\/\/franciscanos.org.br\/carisma\/wp-json\/wp\/v2\/posts\/176992\/revisions"}],"predecessor-version":[{"id":176994,"href":"https:\/\/franciscanos.org.br\/carisma\/wp-json\/wp\/v2\/posts\/176992\/revisions\/176994"}],"wp:featuredmedia":[{"embeddable":true,"href":"https:\/\/franciscanos.org.br\/carisma\/wp-json\/wp\/v2\/media\/176993"}],"wp:attachment":[{"href":"https:\/\/franciscanos.org.br\/carisma\/wp-json\/wp\/v2\/media?parent=176992"}],"wp:term":[{"taxonomy":"category","embeddable":true,"href":"https:\/\/franciscanos.org.br\/carisma\/wp-json\/wp\/v2\/categories?post=176992"},{"taxonomy":"post_tag","embeddable":true,"href":"https:\/\/franciscanos.org.br\/carisma\/wp-json\/wp\/v2\/tags?post=176992"}],"curies":[{"name":"wp","href":"https:\/\/api.w.org\/{rel}","templated":true}]}}