{"id":176989,"date":"2018-08-14T10:53:37","date_gmt":"2018-08-14T13:53:37","guid":{"rendered":"https:\/\/franciscanos.org.br\/carisma\/?p=176989"},"modified":"2020-06-25T10:55:28","modified_gmt":"2020-06-25T13:55:28","slug":"elementos-de-uma-pauta-para-uma-visita-fraterno-pastoral","status":"publish","type":"post","link":"https:\/\/franciscanos.org.br\/carisma\/elementos-de-uma-pauta-para-uma-visita-fraterno-pastoral.html","title":{"rendered":"Elementos de uma pauta para uma visita fraterno-pastoral"},"content":{"rendered":"<p><em><a href=\"http:\/\/franciscanos.org.br\/wp-content\/uploads\/2018\/08\/biblia_140818-830.jpg\"><img loading=\"lazy\" src=\"http:\/\/franciscanos.org.br\/wp-content\/uploads\/2018\/08\/biblia_140818-830.jpg\" alt=\"biblia_140818-830\" width=\"830\" height=\"444\" \/><\/a><\/em><\/p>\n<p><em>O t\u00edtulo desta p\u00e1gina pode enganar. N\u00e3o se trata de um rigorosa pauta de assuntos a serem ventilados nas visitas\u00a0 fraterno-pastorais da Ordem Franciscana Secular, \u00a0mas de elementos que atravessam o cora\u00e7\u00e3o de um frade quando ele \u00a0pensa no que deve refletir com os irm\u00e3os e irm\u00e3s em tais ocasi\u00f5es. Nada mais. Express\u00f5es de convic\u00e7\u00f5es ou intui\u00e7\u00f5es. Nada completo.\u00a0 Lampejos.<\/em><\/p>\n<p style=\"padding-left: 30px;\"><span style=\"color: #993300;\"><strong>1.<\/strong><\/span> Em primeiro lugar: nada est\u00e1 pronto, acabado. Tudo est\u00e1 por ser feito. Ou retomado. Nada de colocar um ponto final antes do tempo. Longe dos crist\u00e3os e franciscanos a in\u00e9rcia, a enganadora satisfa\u00e7\u00e3o. H\u00e1 riquezas escondidas em cada ser humano, em cada crist\u00e3o, em cada franciscano que ainda n\u00e3o vieram \u00e0 noite. Que todos se sintam acordados, despertados. Nada est\u00e1 acabado.<\/p>\n<p style=\"padding-left: 30px;\"><span style=\"color: #993300;\"><strong>2.<\/strong><\/span> Este pensamento de Bernanos deve nos fazer pensar: \u201cA maior parte entre n\u00f3s assume, de fato, apenas uma parte de sua vida, parte insignificante, ridiculamente pequena de sua exist\u00eancia. As pessoas vivem na superf\u00edcie de si mesmas, e o solo humano \u00e9 t\u00e3o rico que esta fina camada superficial basta para que se tenha uma colheita, ainda que magra e o que d\u00e1 ilus\u00e3o de sucesso. O santo n\u00e3o vive dos lucros sobre lucros. Engaja toda a sua vida\u201d (Georges Bernanos).<\/p>\n<p style=\"padding-left: 30px;\"><span style=\"color: #993300;\"><strong>3.<\/strong><\/span> N\u00e3o errar o endere\u00e7o da casa do Senhor, do Alt\u00edssimo. N\u00e3o podemos errar na escolha do caminho. Nada de caricaturas de Deus, nada de rotina, de mesmice. Mas uma luta para buscar o Mist\u00e9rio, o Real, o Absoluto. Nada de imagens infantis do Senhor.\u00a0 O endere\u00e7o da casa do Senhor \u00e9 nosso ser mais \u00edntimo.\u00a0 \u00c9 a partir de nosso interior e em nosso interior que o encontramos.<\/p>\n<p style=\"padding-left: 30px;\"><span style=\"color: #993300;\"><strong>4.<\/strong> <\/span>Os crist\u00e3os n\u00e3o s\u00e3o meros membros de uma religi\u00e3o. S\u00e3o pessoas que t\u00eam o selo de Jesus. S\u00e3o tatuados com as marcas de Jesus. S\u00e3o disc\u00edpulos.\u00a0 Seguem o Mestre vivo e ressuscitado, presente no meio de n\u00f3s e n\u00e3o apenas \u201crecordado\u201d como um vago personagem. Os crist\u00e3os s\u00e3o pessoas que procuram ver o mundo, as pessoas, as coisas, os acontecimentos com o olhar de Jesus. Mais ainda:\u00a0 Tentam refazer em sua vida a vida de Jesus. Por isso, \u00e9 evidente que os crist\u00e3os se fazem \u00edntimos de Jesus.<\/p>\n<p style=\"padding-left: 30px;\"><span style=\"color: #993300;\"><strong>5.<\/strong> <\/span>Sabem que existe em seu interior anseios e desejos que nunca podem ser plenamente satisfeitos, nem explicados. Ou seja, essa inquietude nos leva para o Mist\u00e9rio, a Presen\u00e7a, o Real. H\u00e1 dentro dos crist\u00e3os e franciscanos uma sadia inquietude. Ai dos satisfeitos e dos saciados.\u00a0 Felizes os que t\u00eam fome e sede.<\/p>\n<p style=\"padding-left: 30px;\"><span style=\"color: #993300;\"><strong>6.<\/strong> <\/span>N\u00e3o se contentam em viver na superf\u00edcie das coisas. S\u00e3o seres que buscam a profundidade: leitura, sil\u00eancio, viagens ao interior, recolhimento, esp\u00edrito cr\u00edtico, retiro espirituais densos. Por isso s\u00e3o pessoas avessas \u00e0 rotina e, como Francisco, costumam ter saudades das grutas. Sua ora\u00e7\u00e3o mais densa se faz no sil\u00eancio externo e quando cessam os berros de seus pequenos interesses.<\/p>\n<p style=\"padding-left: 30px;\"><span style=\"color: #993300;\"><strong>7.<\/strong> <\/span>T\u00eam como grande alegria de sua vida celebrar, na liturgia, a presen\u00e7a do Senhor que os envolve. Est\u00e3o sempre a se desvencilharem da rotina na celebra\u00e7\u00e3o, sobretudo quando s\u00e3o convidados a fazer parte mais direta na celebra\u00e7\u00e3o. Celebram a Eucaristia como uma festa e um grande momento de obla\u00e7\u00e3o de suas entranhas.<\/p>\n<p style=\"padding-left: 30px;\"><span style=\"color: #993300;\"><strong>8.<\/strong> <\/span>Os disc\u00edpulos do Senhor, os ouvintes da voz do Senhor que fala em seu interior experimentam uma deliciosa conviv\u00eancia com o criado: as flores, os p\u00e1ssaros, as cascatas, a crian\u00e7a que aprende a engatinhar, a mulher que amamenta o filho, o idoso de barbas brancas que caminha olhando para o sol apoiado em sua bengala.<\/p>\n<p style=\"padding-left: 30px;\"><span style=\"color: #993300;\"><strong>9.<\/strong><\/span> Crist\u00e3os e franciscanos maduros t\u00eam mania de fraternidade, fraternismo, irmandade, simpatia pelo que \u00e9 humano, vontade de estar perto das pessoas, criar la\u00e7os, partilhar, lavar os p\u00e9s, servir.\u00a0 Fraternidade com os de perto e com os de longe.\u00a0 Fraternidade com os de perto que n\u00e3o seja ninho quente e reuni\u00e3o de pessoas vazias e sem nada de essencial a dizer umas \u00e0s outras.\u00a0 Fraternidade que exclui toda simpatia ou venera\u00e7\u00e3o pelas leis do mercado e do consumismo.\u00a0 Mania de viver com gente.<\/p>\n<p style=\"padding-left: 30px;\"><span style=\"color: #993300;\"><strong>10.<\/strong> <\/span>Um forte sentido de compaix\u00e3o nesses tempos de dilaceramento. Compaix\u00e3o sadia para conosco mesmo. Compaix\u00e3o para com as mis\u00e9rias vividas no mundo: os desajustes conjugais, os abusos de toda sorte, os filhos esquecidos, os pais velhos que morrem em vida, os migrantes com suas trouxas e sem esperan\u00e7a. Compaix\u00e3o que nasce do olhar de Jesus que teve compaix\u00e3o da multid\u00e3o que parecia ovelhas sem pastor. Os crist\u00e3os e os franciscanos ser\u00e3o membros de uma Igreja em sa\u00edda, uma Igreja que se arranha nos embates da vida, mas n\u00e3o se recolhe em morna paz.<\/p>\n<p style=\"padding-left: 30px;\"><span style=\"color: #993300;\"><strong>11.<\/strong> <\/span>N\u00e3o se coloca vinho novo em odres velhos. Por isso, buscamos o novo. Queremos ser coniventes com o sopro do Esp\u00edrito que trabalha na Igreja e no mundo. Buscar o novo de verdade.\u00a0 Come\u00e7ar a renovar-se pessoalmente. N\u00e3o temos o direito de fechar nossa Ordem em esquemas obsoletos. N\u00e3o se trata de embarcar irrefletidamente no \u201cnovidadoso\u201d. \u201cPara vinho novo, odres novos. A novidade do Evangelho. Que nos traz o Evangelho? Alegria e novidade. Para a novidade, novidade; para vinho novo, odres novos. E n\u00e3o tenhais medo de mudar as coisas segundo a lei do Evangelho.\u00a0 Por isso pede-nos a n\u00f3s todos algumas mudan\u00e7as. Pede que ponhamos de parte as estruturas caducas; n\u00e3o prestam! E que tomemos odres novos, os do Evangelho. O Evangelho \u00e9 novidade!\u00a0 O Evangelho \u00e9 festa! E s\u00f3 se pode viver plenamente o Evangelho\u00a0 com um cora\u00e7\u00e3o alegre e com um cora\u00e7\u00e3o renovado. Demos espa\u00e7o \u00e0 lei das\u00a0 bem-aventuran\u00e7as, \u00e0 alegria e \u00e0 liberdade que a novidade do Evangelho nos traz. Que o Senhor nos d\u00ea a gra\u00e7a de n\u00e3o permanecermos prisioneiros, a gra\u00e7a da alegria e da liberdade\u00a0 que nos traz\u00a0 a novidade do Evangelho\u201d <em>(Medita\u00e7\u00e3o\u00a0 matutina\u00a0 na Capela da Casa Santa Marta, Papa\u00a0 Francisco,\u00a0 5 de setembro de 2014<\/em>).<\/p>\n<p><strong>Frei Almir Guimar\u00e3es<\/strong><\/p>\n","protected":false},"excerpt":{"rendered":"<p>Artigo de Frei Almir Guimar\u00e3es<\/p>\n","protected":false},"author":3,"featured_media":176990,"comment_status":"open","ping_status":"open","sticky":false,"template":"","format":"standard","meta":[],"categories":[14],"tags":[47],"yoast_head":"<!-- This site is optimized with the Yoast SEO plugin v19.2 - https:\/\/yoast.com\/wordpress\/plugins\/seo\/ -->\n<title>Elementos de uma pauta para uma visita fraterno-pastoral - Carisma - Franciscanos<\/title>\n<meta name=\"robots\" content=\"index, follow, max-snippet:-1, max-image-preview:large, max-video-preview:-1\" \/>\n<link rel=\"canonical\" href=\"https:\/\/franciscanos.org.br\/carisma\/elementos-de-uma-pauta-para-uma-visita-fraterno-pastoral.html\" \/>\n<meta property=\"og:locale\" content=\"pt_BR\" \/>\n<meta property=\"og:type\" content=\"article\" \/>\n<meta property=\"og:title\" content=\"Elementos de uma pauta para uma visita fraterno-pastoral - Carisma - Franciscanos\" \/>\n<meta property=\"og:description\" content=\"Artigo de Frei Almir Guimar\u00e3es\" \/>\n<meta property=\"og:url\" content=\"https:\/\/franciscanos.org.br\/carisma\/elementos-de-uma-pauta-para-uma-visita-fraterno-pastoral.html\" \/>\n<meta property=\"og:site_name\" content=\"Carisma - Franciscanos\" \/>\n<meta property=\"article:published_time\" content=\"2018-08-14T13:53:37+00:00\" \/>\n<meta property=\"article:modified_time\" content=\"2020-06-25T13:55:28+00:00\" \/>\n<meta property=\"og:image\" content=\"https:\/\/franciscanos.org.br\/carisma\/wp-content\/uploads\/2020\/06\/biblia_140818-830.jpg\" \/>\n\t<meta property=\"og:image:width\" content=\"273\" \/>\n\t<meta property=\"og:image:height\" content=\"181\" \/>\n\t<meta property=\"og:image:type\" content=\"image\/jpeg\" \/>\n<meta name=\"author\" content=\"moacir\" \/>\n<meta name=\"twitter:card\" content=\"summary_large_image\" \/>\n<meta name=\"twitter:label1\" content=\"Escrito por\" \/>\n\t<meta name=\"twitter:data1\" content=\"moacir\" \/>\n\t<meta name=\"twitter:label2\" content=\"Est. tempo de leitura\" \/>\n\t<meta name=\"twitter:data2\" content=\"5 minutos\" \/>\n<script type=\"application\/ld+json\" class=\"yoast-schema-graph\">{\"@context\":\"https:\/\/schema.org\",\"@graph\":[{\"@type\":\"WebSite\",\"@id\":\"https:\/\/franciscanos.org.br\/carisma\/#website\",\"url\":\"https:\/\/franciscanos.org.br\/carisma\/\",\"name\":\"Carisma - Franciscanos\",\"description\":\"Prov\u00edncia Franciscana da Imaculada Concei\u00e7\u00e3o do Brasil - Ordem dos Frades Menores\",\"potentialAction\":[{\"@type\":\"SearchAction\",\"target\":{\"@type\":\"EntryPoint\",\"urlTemplate\":\"https:\/\/franciscanos.org.br\/carisma\/?s={search_term_string}\"},\"query-input\":\"required name=search_term_string\"}],\"inLanguage\":\"pt-BR\"},{\"@type\":\"ImageObject\",\"inLanguage\":\"pt-BR\",\"@id\":\"https:\/\/franciscanos.org.br\/carisma\/elementos-de-uma-pauta-para-uma-visita-fraterno-pastoral.html#primaryimage\",\"url\":\"https:\/\/franciscanos.org.br\/carisma\/wp-content\/uploads\/2020\/06\/biblia_140818-830.jpg\",\"contentUrl\":\"https:\/\/franciscanos.org.br\/carisma\/wp-content\/uploads\/2020\/06\/biblia_140818-830.jpg\",\"width\":273,\"height\":181},{\"@type\":\"WebPage\",\"@id\":\"https:\/\/franciscanos.org.br\/carisma\/elementos-de-uma-pauta-para-uma-visita-fraterno-pastoral.html#webpage\",\"url\":\"https:\/\/franciscanos.org.br\/carisma\/elementos-de-uma-pauta-para-uma-visita-fraterno-pastoral.html\",\"name\":\"Elementos de uma pauta para uma visita fraterno-pastoral - Carisma - Franciscanos\",\"isPartOf\":{\"@id\":\"https:\/\/franciscanos.org.br\/carisma\/#website\"},\"primaryImageOfPage\":{\"@id\":\"https:\/\/franciscanos.org.br\/carisma\/elementos-de-uma-pauta-para-uma-visita-fraterno-pastoral.html#primaryimage\"},\"datePublished\":\"2018-08-14T13:53:37+00:00\",\"dateModified\":\"2020-06-25T13:55:28+00:00\",\"author\":{\"@id\":\"https:\/\/franciscanos.org.br\/carisma\/#\/schema\/person\/bf14cae4d2151ab6b6e41d96660f93a2\"},\"breadcrumb\":{\"@id\":\"https:\/\/franciscanos.org.br\/carisma\/elementos-de-uma-pauta-para-uma-visita-fraterno-pastoral.html#breadcrumb\"},\"inLanguage\":\"pt-BR\",\"potentialAction\":[{\"@type\":\"ReadAction\",\"target\":[\"https:\/\/franciscanos.org.br\/carisma\/elementos-de-uma-pauta-para-uma-visita-fraterno-pastoral.html\"]}]},{\"@type\":\"BreadcrumbList\",\"@id\":\"https:\/\/franciscanos.org.br\/carisma\/elementos-de-uma-pauta-para-uma-visita-fraterno-pastoral.html#breadcrumb\",\"itemListElement\":[{\"@type\":\"ListItem\",\"position\":1,\"name\":\"Home\",\"item\":\"https:\/\/franciscanos.org.br\/carisma\"},{\"@type\":\"ListItem\",\"position\":2,\"name\":\"Elementos de uma pauta para uma visita fraterno-pastoral\"}]},{\"@type\":\"Person\",\"@id\":\"https:\/\/franciscanos.org.br\/carisma\/#\/schema\/person\/bf14cae4d2151ab6b6e41d96660f93a2\",\"name\":\"moacir\",\"image\":{\"@type\":\"ImageObject\",\"inLanguage\":\"pt-BR\",\"@id\":\"https:\/\/franciscanos.org.br\/carisma\/#\/schema\/person\/image\/\",\"url\":\"https:\/\/secure.gravatar.com\/avatar\/d08aa2ce4c8dd416d4479aa8536fcf64?s=96&d=mm&r=g\",\"contentUrl\":\"https:\/\/secure.gravatar.com\/avatar\/d08aa2ce4c8dd416d4479aa8536fcf64?s=96&d=mm&r=g\",\"caption\":\"moacir\"},\"url\":\"https:\/\/franciscanos.org.br\/carisma\/author\/moacir\"}]}<\/script>\n<!-- \/ Yoast SEO plugin. -->","yoast_head_json":{"title":"Elementos de uma pauta para uma visita fraterno-pastoral - Carisma - Franciscanos","robots":{"index":"index","follow":"follow","max-snippet":"max-snippet:-1","max-image-preview":"max-image-preview:large","max-video-preview":"max-video-preview:-1"},"canonical":"https:\/\/franciscanos.org.br\/carisma\/elementos-de-uma-pauta-para-uma-visita-fraterno-pastoral.html","og_locale":"pt_BR","og_type":"article","og_title":"Elementos de uma pauta para uma visita fraterno-pastoral - Carisma - Franciscanos","og_description":"Artigo de Frei Almir Guimar\u00e3es","og_url":"https:\/\/franciscanos.org.br\/carisma\/elementos-de-uma-pauta-para-uma-visita-fraterno-pastoral.html","og_site_name":"Carisma - Franciscanos","article_published_time":"2018-08-14T13:53:37+00:00","article_modified_time":"2020-06-25T13:55:28+00:00","og_image":[{"width":273,"height":181,"url":"https:\/\/franciscanos.org.br\/carisma\/wp-content\/uploads\/2020\/06\/biblia_140818-830.jpg","type":"image\/jpeg"}],"author":"moacir","twitter_card":"summary_large_image","twitter_misc":{"Escrito por":"moacir","Est. tempo de leitura":"5 minutos"},"schema":{"@context":"https:\/\/schema.org","@graph":[{"@type":"WebSite","@id":"https:\/\/franciscanos.org.br\/carisma\/#website","url":"https:\/\/franciscanos.org.br\/carisma\/","name":"Carisma - Franciscanos","description":"Prov\u00edncia Franciscana da Imaculada Concei\u00e7\u00e3o do Brasil - Ordem dos Frades Menores","potentialAction":[{"@type":"SearchAction","target":{"@type":"EntryPoint","urlTemplate":"https:\/\/franciscanos.org.br\/carisma\/?s={search_term_string}"},"query-input":"required name=search_term_string"}],"inLanguage":"pt-BR"},{"@type":"ImageObject","inLanguage":"pt-BR","@id":"https:\/\/franciscanos.org.br\/carisma\/elementos-de-uma-pauta-para-uma-visita-fraterno-pastoral.html#primaryimage","url":"https:\/\/franciscanos.org.br\/carisma\/wp-content\/uploads\/2020\/06\/biblia_140818-830.jpg","contentUrl":"https:\/\/franciscanos.org.br\/carisma\/wp-content\/uploads\/2020\/06\/biblia_140818-830.jpg","width":273,"height":181},{"@type":"WebPage","@id":"https:\/\/franciscanos.org.br\/carisma\/elementos-de-uma-pauta-para-uma-visita-fraterno-pastoral.html#webpage","url":"https:\/\/franciscanos.org.br\/carisma\/elementos-de-uma-pauta-para-uma-visita-fraterno-pastoral.html","name":"Elementos de uma pauta para uma visita fraterno-pastoral - Carisma - Franciscanos","isPartOf":{"@id":"https:\/\/franciscanos.org.br\/carisma\/#website"},"primaryImageOfPage":{"@id":"https:\/\/franciscanos.org.br\/carisma\/elementos-de-uma-pauta-para-uma-visita-fraterno-pastoral.html#primaryimage"},"datePublished":"2018-08-14T13:53:37+00:00","dateModified":"2020-06-25T13:55:28+00:00","author":{"@id":"https:\/\/franciscanos.org.br\/carisma\/#\/schema\/person\/bf14cae4d2151ab6b6e41d96660f93a2"},"breadcrumb":{"@id":"https:\/\/franciscanos.org.br\/carisma\/elementos-de-uma-pauta-para-uma-visita-fraterno-pastoral.html#breadcrumb"},"inLanguage":"pt-BR","potentialAction":[{"@type":"ReadAction","target":["https:\/\/franciscanos.org.br\/carisma\/elementos-de-uma-pauta-para-uma-visita-fraterno-pastoral.html"]}]},{"@type":"BreadcrumbList","@id":"https:\/\/franciscanos.org.br\/carisma\/elementos-de-uma-pauta-para-uma-visita-fraterno-pastoral.html#breadcrumb","itemListElement":[{"@type":"ListItem","position":1,"name":"Home","item":"https:\/\/franciscanos.org.br\/carisma"},{"@type":"ListItem","position":2,"name":"Elementos de uma pauta para uma visita fraterno-pastoral"}]},{"@type":"Person","@id":"https:\/\/franciscanos.org.br\/carisma\/#\/schema\/person\/bf14cae4d2151ab6b6e41d96660f93a2","name":"moacir","image":{"@type":"ImageObject","inLanguage":"pt-BR","@id":"https:\/\/franciscanos.org.br\/carisma\/#\/schema\/person\/image\/","url":"https:\/\/secure.gravatar.com\/avatar\/d08aa2ce4c8dd416d4479aa8536fcf64?s=96&d=mm&r=g","contentUrl":"https:\/\/secure.gravatar.com\/avatar\/d08aa2ce4c8dd416d4479aa8536fcf64?s=96&d=mm&r=g","caption":"moacir"},"url":"https:\/\/franciscanos.org.br\/carisma\/author\/moacir"}]}},"_links":{"self":[{"href":"https:\/\/franciscanos.org.br\/carisma\/wp-json\/wp\/v2\/posts\/176989"}],"collection":[{"href":"https:\/\/franciscanos.org.br\/carisma\/wp-json\/wp\/v2\/posts"}],"about":[{"href":"https:\/\/franciscanos.org.br\/carisma\/wp-json\/wp\/v2\/types\/post"}],"author":[{"embeddable":true,"href":"https:\/\/franciscanos.org.br\/carisma\/wp-json\/wp\/v2\/users\/3"}],"replies":[{"embeddable":true,"href":"https:\/\/franciscanos.org.br\/carisma\/wp-json\/wp\/v2\/comments?post=176989"}],"version-history":[{"count":1,"href":"https:\/\/franciscanos.org.br\/carisma\/wp-json\/wp\/v2\/posts\/176989\/revisions"}],"predecessor-version":[{"id":176991,"href":"https:\/\/franciscanos.org.br\/carisma\/wp-json\/wp\/v2\/posts\/176989\/revisions\/176991"}],"wp:featuredmedia":[{"embeddable":true,"href":"https:\/\/franciscanos.org.br\/carisma\/wp-json\/wp\/v2\/media\/176990"}],"wp:attachment":[{"href":"https:\/\/franciscanos.org.br\/carisma\/wp-json\/wp\/v2\/media?parent=176989"}],"wp:term":[{"taxonomy":"category","embeddable":true,"href":"https:\/\/franciscanos.org.br\/carisma\/wp-json\/wp\/v2\/categories?post=176989"},{"taxonomy":"post_tag","embeddable":true,"href":"https:\/\/franciscanos.org.br\/carisma\/wp-json\/wp\/v2\/tags?post=176989"}],"curies":[{"name":"wp","href":"https:\/\/api.w.org\/{rel}","templated":true}]}}