{"id":176943,"date":"2020-06-01T09:43:08","date_gmt":"2020-06-01T12:43:08","guid":{"rendered":"https:\/\/franciscanos.org.br\/carisma\/?p=176943"},"modified":"2020-06-01T09:46:38","modified_gmt":"2020-06-01T12:46:38","slug":"comecaram-a-chama-lo-de-poverello","status":"publish","type":"post","link":"https:\/\/franciscanos.org.br\/carisma\/comecaram-a-chama-lo-de-poverello.html","title":{"rendered":"Come\u00e7aram a cham\u00e1-lo de \u201cPoverello\u201d"},"content":{"rendered":"<p><img loading=\"lazy\" class=\"alignnone wp-image-176944 size-full\" src=\"https:\/\/franciscanos.org.br\/carisma\/wp-content\/uploads\/2020\/06\/francisco_01.png\" alt=\"\" width=\"840\" height=\"450\" srcset=\"https:\/\/franciscanos.org.br\/carisma\/wp-content\/uploads\/2020\/06\/francisco_01.png 840w, https:\/\/franciscanos.org.br\/carisma\/wp-content\/uploads\/2020\/06\/francisco_01-450x241.png 450w, https:\/\/franciscanos.org.br\/carisma\/wp-content\/uploads\/2020\/06\/francisco_01-768x411.png 768w, https:\/\/franciscanos.org.br\/carisma\/wp-content\/uploads\/2020\/06\/francisco_01-150x80.png 150w\" sizes=\"(max-width: 840px) 100vw, 840px\" \/><br \/>\n<em>\u00a0<\/em><em>\u00a0<\/em><em>Hermann Hesse, romancista mundialmente conhecido, apaixonou-se por Francisco de\u00a0 Assis.\u00a0 No\u00a0 texto que ora transcrevemos,\u00a0 ele\u00a0 fala \u00a0sobre os prim\u00f3rdios da aventura do &#8220;Poverello&#8221;. Um certo jeito particular de contar\u00a0 os come\u00e7os.\u00a0 N\u00e3o\u00a0 reclamem \u00a0exatid\u00e3o de detalhes e pormenores hist\u00f3ricos n\u00e3o seguros.\u00a0 Hesse amava Francisco. Esta\u00a0 \u00e9 sua vers\u00e3o.<\/em><\/p>\n<p><em>\u00a0<\/em> \u00a0\u00a0\u00a0\u00a0\u00a0\u00a0\u00a0\u00a0\u00a0\u00a0 Depois de um certo tempo que Francisco tinha \u00a0iniciado seu novo g\u00eanero de vida, um companheiro\u00a0 se juntou a ele. Nenhuma informa\u00e7\u00e3o nos foi deixada a respeito de tal pessoa.\u00a0 Depois\u00a0 chegou Bernardo de\u00a0 Quintavalle.\u00a0 Pediu para passar uma noite com Francisco e com ele dialogar. Bernardo era um cidad\u00e3o distinto, rico e de grande reputa\u00e7\u00e3o. Os dois passaram a noite conversando profunda e amistosamente. O dito Bernardo se foi: vendeu todos os seus bens, tudo o que tinha e distribuiu o dinheiro aos pobres.\u00a0 A\u00a0 partir de ent\u00e3o seguiu\u00a0 seu amigo,\u00a0 e Francisco montou cabanas de palha para os seus dois disc\u00edpulos e para si mesmo ao lado da \u00a0\u00a0Porci\u00fancula. \u00a0Em seguida um jovem de\u00a0 nome\u00a0 Eg\u00eddio (Gil) juntou-se a eles.\u00a0 Juntos ou\u00a0 sozinhos, percorreram a\u00a0 \u00dambria.\u00a0 Aqui e acol\u00e1\u00a0 trabalhavam com\u00a0 camponeses. No lugar de dinheiro, aceitavam uma\u00a0\u00a0 refei\u00e7\u00e3o\u00a0\u00a0 frugal.\u00a0 Depois\u00a0 da refei\u00e7\u00e3o, falavam com as\u00a0 pessoas,\u00a0 fazendo exorta\u00e7\u00f5es e cantavam&#8230;<\/p>\n<p>Francisco designava a si mesmo e a seus companheiros de<em> joculatores Domini<\/em>, quer dizer, menestr\u00e9is de Deus. Anunciavam a gl\u00f3ria de Deus\u00a0 como trovadores e peregrinos que costumam cantar. Este foi certamente o momento mais feliz de sua vida. Viajante e h\u00f3spede ao mesmo tempo,\u00a0 perambulava como peregrino,\u00a0 como\u00a0 um menestrel ou um p\u00e1ssaro cantor, desejando a todos servir.\u00a0 Com um cora\u00e7\u00e3o cheio de felicidade agradecia e a todos confortava. Trabalhava com os trabalhadores, dirigia palavras afetuosas aos enlutados e oferecia alegres can\u00e7\u00f5es para os que estavam felizes\u00a0 Devido \u00e0 sua pobreza\u00a0 volunt\u00e1ria\u00a0 deram-lhe\u00a0 naquele tempo e ainda hoje o encantador\u00a0 cognome de: <em>il Poverello<\/em>.<\/p>\n<p><em>Hermann\u00a0 Hesse,\u00a0<\/em><em>Fran\u00e7ois d\u2019Assise,\u00a0<\/em><em>Salvator, Paris, p.\u00a0 43-44<\/em><\/p>\n","protected":false},"excerpt":{"rendered":"<p>Franciscanamente<\/p>\n","protected":false},"author":3,"featured_media":176945,"comment_status":"open","ping_status":"open","sticky":false,"template":"","format":"standard","meta":[],"categories":[11],"tags":[107],"yoast_head":"<!-- This site is optimized with the Yoast SEO plugin v19.2 - https:\/\/yoast.com\/wordpress\/plugins\/seo\/ -->\n<title>Come\u00e7aram a cham\u00e1-lo de \u201cPoverello\u201d - Carisma - Franciscanos<\/title>\n<meta name=\"robots\" content=\"index, follow, max-snippet:-1, max-image-preview:large, max-video-preview:-1\" \/>\n<link rel=\"canonical\" href=\"https:\/\/franciscanos.org.br\/carisma\/comecaram-a-chama-lo-de-poverello.html\" \/>\n<meta property=\"og:locale\" content=\"pt_BR\" \/>\n<meta property=\"og:type\" content=\"article\" \/>\n<meta property=\"og:title\" content=\"Come\u00e7aram a cham\u00e1-lo de \u201cPoverello\u201d - Carisma - Franciscanos\" \/>\n<meta property=\"og:description\" content=\"Franciscanamente\" \/>\n<meta property=\"og:url\" content=\"https:\/\/franciscanos.org.br\/carisma\/comecaram-a-chama-lo-de-poverello.html\" \/>\n<meta property=\"og:site_name\" content=\"Carisma - Franciscanos\" \/>\n<meta property=\"article:published_time\" content=\"2020-06-01T12:43:08+00:00\" \/>\n<meta property=\"article:modified_time\" content=\"2020-06-01T12:46:38+00:00\" \/>\n<meta property=\"og:image\" content=\"https:\/\/franciscanos.org.br\/carisma\/wp-content\/uploads\/2020\/06\/francisco_01d.png\" \/>\n\t<meta property=\"og:image:width\" content=\"800\" \/>\n\t<meta property=\"og:image:height\" content=\"600\" \/>\n\t<meta property=\"og:image:type\" content=\"image\/png\" \/>\n<meta name=\"author\" content=\"moacir\" \/>\n<meta name=\"twitter:card\" content=\"summary_large_image\" \/>\n<meta name=\"twitter:label1\" content=\"Escrito por\" \/>\n\t<meta name=\"twitter:data1\" content=\"moacir\" \/>\n\t<meta name=\"twitter:label2\" content=\"Est. tempo de leitura\" \/>\n\t<meta name=\"twitter:data2\" content=\"2 minutos\" \/>\n<script type=\"application\/ld+json\" class=\"yoast-schema-graph\">{\"@context\":\"https:\/\/schema.org\",\"@graph\":[{\"@type\":\"WebSite\",\"@id\":\"https:\/\/franciscanos.org.br\/carisma\/#website\",\"url\":\"https:\/\/franciscanos.org.br\/carisma\/\",\"name\":\"Carisma - Franciscanos\",\"description\":\"Prov\u00edncia Franciscana da Imaculada Concei\u00e7\u00e3o do Brasil - Ordem dos Frades Menores\",\"potentialAction\":[{\"@type\":\"SearchAction\",\"target\":{\"@type\":\"EntryPoint\",\"urlTemplate\":\"https:\/\/franciscanos.org.br\/carisma\/?s={search_term_string}\"},\"query-input\":\"required name=search_term_string\"}],\"inLanguage\":\"pt-BR\"},{\"@type\":\"ImageObject\",\"inLanguage\":\"pt-BR\",\"@id\":\"https:\/\/franciscanos.org.br\/carisma\/comecaram-a-chama-lo-de-poverello.html#primaryimage\",\"url\":\"https:\/\/franciscanos.org.br\/carisma\/wp-content\/uploads\/2020\/06\/francisco_01d.png\",\"contentUrl\":\"https:\/\/franciscanos.org.br\/carisma\/wp-content\/uploads\/2020\/06\/francisco_01d.png\",\"width\":800,\"height\":600},{\"@type\":\"WebPage\",\"@id\":\"https:\/\/franciscanos.org.br\/carisma\/comecaram-a-chama-lo-de-poverello.html#webpage\",\"url\":\"https:\/\/franciscanos.org.br\/carisma\/comecaram-a-chama-lo-de-poverello.html\",\"name\":\"Come\u00e7aram a cham\u00e1-lo de \u201cPoverello\u201d - Carisma - Franciscanos\",\"isPartOf\":{\"@id\":\"https:\/\/franciscanos.org.br\/carisma\/#website\"},\"primaryImageOfPage\":{\"@id\":\"https:\/\/franciscanos.org.br\/carisma\/comecaram-a-chama-lo-de-poverello.html#primaryimage\"},\"datePublished\":\"2020-06-01T12:43:08+00:00\",\"dateModified\":\"2020-06-01T12:46:38+00:00\",\"author\":{\"@id\":\"https:\/\/franciscanos.org.br\/carisma\/#\/schema\/person\/bf14cae4d2151ab6b6e41d96660f93a2\"},\"breadcrumb\":{\"@id\":\"https:\/\/franciscanos.org.br\/carisma\/comecaram-a-chama-lo-de-poverello.html#breadcrumb\"},\"inLanguage\":\"pt-BR\",\"potentialAction\":[{\"@type\":\"ReadAction\",\"target\":[\"https:\/\/franciscanos.org.br\/carisma\/comecaram-a-chama-lo-de-poverello.html\"]}]},{\"@type\":\"BreadcrumbList\",\"@id\":\"https:\/\/franciscanos.org.br\/carisma\/comecaram-a-chama-lo-de-poverello.html#breadcrumb\",\"itemListElement\":[{\"@type\":\"ListItem\",\"position\":1,\"name\":\"Home\",\"item\":\"https:\/\/franciscanos.org.br\/carisma\"},{\"@type\":\"ListItem\",\"position\":2,\"name\":\"Come\u00e7aram a cham\u00e1-lo de \u201cPoverello\u201d\"}]},{\"@type\":\"Person\",\"@id\":\"https:\/\/franciscanos.org.br\/carisma\/#\/schema\/person\/bf14cae4d2151ab6b6e41d96660f93a2\",\"name\":\"moacir\",\"image\":{\"@type\":\"ImageObject\",\"inLanguage\":\"pt-BR\",\"@id\":\"https:\/\/franciscanos.org.br\/carisma\/#\/schema\/person\/image\/\",\"url\":\"https:\/\/secure.gravatar.com\/avatar\/d08aa2ce4c8dd416d4479aa8536fcf64?s=96&d=mm&r=g\",\"contentUrl\":\"https:\/\/secure.gravatar.com\/avatar\/d08aa2ce4c8dd416d4479aa8536fcf64?s=96&d=mm&r=g\",\"caption\":\"moacir\"},\"url\":\"https:\/\/franciscanos.org.br\/carisma\/author\/moacir\"}]}<\/script>\n<!-- \/ Yoast SEO plugin. -->","yoast_head_json":{"title":"Come\u00e7aram a cham\u00e1-lo de \u201cPoverello\u201d - Carisma - Franciscanos","robots":{"index":"index","follow":"follow","max-snippet":"max-snippet:-1","max-image-preview":"max-image-preview:large","max-video-preview":"max-video-preview:-1"},"canonical":"https:\/\/franciscanos.org.br\/carisma\/comecaram-a-chama-lo-de-poverello.html","og_locale":"pt_BR","og_type":"article","og_title":"Come\u00e7aram a cham\u00e1-lo de \u201cPoverello\u201d - Carisma - Franciscanos","og_description":"Franciscanamente","og_url":"https:\/\/franciscanos.org.br\/carisma\/comecaram-a-chama-lo-de-poverello.html","og_site_name":"Carisma - Franciscanos","article_published_time":"2020-06-01T12:43:08+00:00","article_modified_time":"2020-06-01T12:46:38+00:00","og_image":[{"width":800,"height":600,"url":"https:\/\/franciscanos.org.br\/carisma\/wp-content\/uploads\/2020\/06\/francisco_01d.png","type":"image\/png"}],"author":"moacir","twitter_card":"summary_large_image","twitter_misc":{"Escrito por":"moacir","Est. tempo de leitura":"2 minutos"},"schema":{"@context":"https:\/\/schema.org","@graph":[{"@type":"WebSite","@id":"https:\/\/franciscanos.org.br\/carisma\/#website","url":"https:\/\/franciscanos.org.br\/carisma\/","name":"Carisma - Franciscanos","description":"Prov\u00edncia Franciscana da Imaculada Concei\u00e7\u00e3o do Brasil - Ordem dos Frades Menores","potentialAction":[{"@type":"SearchAction","target":{"@type":"EntryPoint","urlTemplate":"https:\/\/franciscanos.org.br\/carisma\/?s={search_term_string}"},"query-input":"required name=search_term_string"}],"inLanguage":"pt-BR"},{"@type":"ImageObject","inLanguage":"pt-BR","@id":"https:\/\/franciscanos.org.br\/carisma\/comecaram-a-chama-lo-de-poverello.html#primaryimage","url":"https:\/\/franciscanos.org.br\/carisma\/wp-content\/uploads\/2020\/06\/francisco_01d.png","contentUrl":"https:\/\/franciscanos.org.br\/carisma\/wp-content\/uploads\/2020\/06\/francisco_01d.png","width":800,"height":600},{"@type":"WebPage","@id":"https:\/\/franciscanos.org.br\/carisma\/comecaram-a-chama-lo-de-poverello.html#webpage","url":"https:\/\/franciscanos.org.br\/carisma\/comecaram-a-chama-lo-de-poverello.html","name":"Come\u00e7aram a cham\u00e1-lo de \u201cPoverello\u201d - Carisma - Franciscanos","isPartOf":{"@id":"https:\/\/franciscanos.org.br\/carisma\/#website"},"primaryImageOfPage":{"@id":"https:\/\/franciscanos.org.br\/carisma\/comecaram-a-chama-lo-de-poverello.html#primaryimage"},"datePublished":"2020-06-01T12:43:08+00:00","dateModified":"2020-06-01T12:46:38+00:00","author":{"@id":"https:\/\/franciscanos.org.br\/carisma\/#\/schema\/person\/bf14cae4d2151ab6b6e41d96660f93a2"},"breadcrumb":{"@id":"https:\/\/franciscanos.org.br\/carisma\/comecaram-a-chama-lo-de-poverello.html#breadcrumb"},"inLanguage":"pt-BR","potentialAction":[{"@type":"ReadAction","target":["https:\/\/franciscanos.org.br\/carisma\/comecaram-a-chama-lo-de-poverello.html"]}]},{"@type":"BreadcrumbList","@id":"https:\/\/franciscanos.org.br\/carisma\/comecaram-a-chama-lo-de-poverello.html#breadcrumb","itemListElement":[{"@type":"ListItem","position":1,"name":"Home","item":"https:\/\/franciscanos.org.br\/carisma"},{"@type":"ListItem","position":2,"name":"Come\u00e7aram a cham\u00e1-lo de \u201cPoverello\u201d"}]},{"@type":"Person","@id":"https:\/\/franciscanos.org.br\/carisma\/#\/schema\/person\/bf14cae4d2151ab6b6e41d96660f93a2","name":"moacir","image":{"@type":"ImageObject","inLanguage":"pt-BR","@id":"https:\/\/franciscanos.org.br\/carisma\/#\/schema\/person\/image\/","url":"https:\/\/secure.gravatar.com\/avatar\/d08aa2ce4c8dd416d4479aa8536fcf64?s=96&d=mm&r=g","contentUrl":"https:\/\/secure.gravatar.com\/avatar\/d08aa2ce4c8dd416d4479aa8536fcf64?s=96&d=mm&r=g","caption":"moacir"},"url":"https:\/\/franciscanos.org.br\/carisma\/author\/moacir"}]}},"_links":{"self":[{"href":"https:\/\/franciscanos.org.br\/carisma\/wp-json\/wp\/v2\/posts\/176943"}],"collection":[{"href":"https:\/\/franciscanos.org.br\/carisma\/wp-json\/wp\/v2\/posts"}],"about":[{"href":"https:\/\/franciscanos.org.br\/carisma\/wp-json\/wp\/v2\/types\/post"}],"author":[{"embeddable":true,"href":"https:\/\/franciscanos.org.br\/carisma\/wp-json\/wp\/v2\/users\/3"}],"replies":[{"embeddable":true,"href":"https:\/\/franciscanos.org.br\/carisma\/wp-json\/wp\/v2\/comments?post=176943"}],"version-history":[{"count":5,"href":"https:\/\/franciscanos.org.br\/carisma\/wp-json\/wp\/v2\/posts\/176943\/revisions"}],"predecessor-version":[{"id":176950,"href":"https:\/\/franciscanos.org.br\/carisma\/wp-json\/wp\/v2\/posts\/176943\/revisions\/176950"}],"wp:featuredmedia":[{"embeddable":true,"href":"https:\/\/franciscanos.org.br\/carisma\/wp-json\/wp\/v2\/media\/176945"}],"wp:attachment":[{"href":"https:\/\/franciscanos.org.br\/carisma\/wp-json\/wp\/v2\/media?parent=176943"}],"wp:term":[{"taxonomy":"category","embeddable":true,"href":"https:\/\/franciscanos.org.br\/carisma\/wp-json\/wp\/v2\/categories?post=176943"},{"taxonomy":"post_tag","embeddable":true,"href":"https:\/\/franciscanos.org.br\/carisma\/wp-json\/wp\/v2\/tags?post=176943"}],"curies":[{"name":"wp","href":"https:\/\/api.w.org\/{rel}","templated":true}]}}