{"id":176918,"date":"2020-04-28T09:49:35","date_gmt":"2020-04-28T12:49:35","guid":{"rendered":"https:\/\/franciscanos.org.br\/carisma\/?p=176918"},"modified":"2020-04-28T09:49:35","modified_gmt":"2020-04-28T12:49:35","slug":"francisco-diante-do-cristo-de-sao-damiao","status":"publish","type":"post","link":"https:\/\/franciscanos.org.br\/carisma\/francisco-diante-do-cristo-de-sao-damiao.html","title":{"rendered":"Francisco diante do Cristo de S\u00e3o Dami\u00e3o"},"content":{"rendered":"<p><img loading=\"lazy\" class=\"alignnone size-full wp-image-176919\" src=\"https:\/\/franciscanos.org.br\/carisma\/wp-content\/uploads\/2020\/04\/damiao_28a.jpg\" alt=\"\" width=\"1280\" height=\"720\" srcset=\"https:\/\/franciscanos.org.br\/carisma\/wp-content\/uploads\/2020\/04\/damiao_28a.jpg 1280w, https:\/\/franciscanos.org.br\/carisma\/wp-content\/uploads\/2020\/04\/damiao_28a-450x253.jpg 450w, https:\/\/franciscanos.org.br\/carisma\/wp-content\/uploads\/2020\/04\/damiao_28a-1024x576.jpg 1024w, https:\/\/franciscanos.org.br\/carisma\/wp-content\/uploads\/2020\/04\/damiao_28a-768x432.jpg 768w, https:\/\/franciscanos.org.br\/carisma\/wp-content\/uploads\/2020\/04\/damiao_28a-150x84.jpg 150w\" sizes=\"(max-width: 1280px) 100vw, 1280px\" \/><\/p>\n<p style=\"padding-left: 40px;\"><em>\u00d3 glorioso\u00a0 Deus alt\u00edssimo, ilumina as trevas do meu cora\u00e7\u00e3o,\u00a0 concede-me uma f\u00e9\u00a0 verdadeira, uma esperan\u00e7a firme e um amor perfeito.\u00a0 Mostra-me, Senhor, o\u00a0 (reto) sentido e conhecimento,\u00a0 a fim de que eu possa\u00a0 cumprir o sagrado encargo que, na verdade, acabas de dar-me.\u00a0 Am\u00e9m<\/em><\/p>\n<p>\u00a0\u00a0\u00a0\u00a0\u00a0\u00a0\u00a0\u00a0\u00a0\u00a0\u00a0 Esta ora\u00e7\u00e3o de oferenda e de s\u00faplica, pronunciada\u00a0 por\u00a0 Francisco aos p\u00e9s do Ressuscitado, \u00e9 de grande profundidade espiritual. Revela, ao mesmo tempo, a for\u00e7a que o impulsiona para Deus e sua fragilidade espiritual.\u00a0 Deseja intensamente ser esclarecido a respeito de seu estado de alma e a situa\u00e7\u00e3o de seu cora\u00e7\u00e3o.\u00a0 Se esta ora\u00e7\u00e3o desvela seu desejo de\u00a0 Deus, revela tamb\u00e9m sua\u00a0 incapacidade de saber,\u00a0 por si mesmo,\u00a0 com amar mais.\u00a0 Mostra a coragem com qual ele se confronta com as camadas de seu ser mais profundo que necessitam de transforma\u00e7\u00e3o.\u00a0 Ele olha,\u00a0 deixa-se olhar e todo o seu ser se oferece \u00e0 presen\u00e7a de\u00a0 Deus.\u00a0 Francisco pede que Deus se aposse dele.<\/p>\n<p>Com este\u00a0 ato de humildade, de confian\u00e7a e de abandono\u00a0 aproxima-se de\u00a0 Cristo e, com\u00a0 ele, se \u00a0deixa envolver num\u00a0 di\u00e1logo de amor.\u00a0 <em>Teu mist\u00e9rio \u00e9 t\u00e3o grande,\u00a0 vinde em meu aux\u00edlio<\/em>, parece que est\u00e1 a dizer.\u00a0 Recorre \u00e0 luz de Deus\u00a0 que ilumina as trevas do cora\u00e7\u00e3o\u00a0 e que brilha em nossa vida.\u00a0 A\u00a0 luz de Cristo \u00e9 uma luz\u00a0 que nos permite ver nuan\u00e7as,\u00a0 diferen\u00e7as, obst\u00e1culos e pistas que se abrem.\u00a0 Pede as virtudes da f\u00e9, esperan\u00e7a e caridade e ainda a intelig\u00eancia do cora\u00e7\u00e3o\u00a0 para observar\u00a0 a lei e os mandamentos do seu\u00a0 Senhor. <em>Todos os mandamentos s\u00e3o verdade.<\/em> Pede ainda poder sentir\u00a0 e conhecer\u00a0\u00a0 porque necess\u00e1rio tenhamos clareza\u00a0 nosso interior\u00a0 para poder discernir e agir\u00a0 antes\u00a0 se dirigir ao exterior.<\/p>\n<p>Esta ora\u00e7\u00e3o , caracterizada pela gratuidade e realismo,\u00a0\u00a0 constitui\u00a0 uma etapa\u00a0 importante\u00a0 no caminho\u00a0 espiritual de\u00a0 Francisco.\u00a0 Coloca todo o seu ser,\u00a0 sombras e luzes diante de\u00a0 Deus em total\u00a0 comunh\u00e3o com o\u00a0 Alt\u00edssimo.<\/p>\n<p>\u201cNo momento em que a solid\u00e3o pesa,\u00a0 apenas a humildade profunda pode vir em nosso aux\u00edlio, reconhecendo a impot\u00eancia radical\u00a0 do humano\u00a0 natural:\u00a0 ela predisp\u00f5e o\u00a0 homem\u00a0 a colocar todo o seu ser ao p\u00e9 da cruz e, ent\u00e3o. Bruscamente esse esmagador peso,\u00a0 Cristo carrega me nosso lugar.\u00a0 \u2018Aprendei de mim\u00a0 que meu jugo \u00e9 leve e meu peso suave\u2019\u201d.<\/p>\n<p><em>\u00a0<\/em><em>Suzanne\u00a0 Giuseppi Testut<br \/>\n<\/em><em>Fran\u00e7ois\u00a0 d\u2019Assise<br \/>\n<\/em><em>Le proph\u00e8te de l\u201dextr\u00eame<br \/>\n<\/em><em>Nouvelle Cit\u00e9\u00a0\u00a0 p. 109-110<\/em><\/p>\n","protected":false},"excerpt":{"rendered":"<p>Franciscanamente<\/p>\n","protected":false},"author":3,"featured_media":176920,"comment_status":"open","ping_status":"open","sticky":false,"template":"","format":"standard","meta":[],"categories":[11],"tags":[107],"yoast_head":"<!-- This site is optimized with the Yoast SEO plugin v19.2 - https:\/\/yoast.com\/wordpress\/plugins\/seo\/ -->\n<title>Francisco diante do Cristo de S\u00e3o Dami\u00e3o - Carisma - Franciscanos<\/title>\n<meta name=\"robots\" content=\"index, follow, max-snippet:-1, max-image-preview:large, max-video-preview:-1\" \/>\n<link rel=\"canonical\" href=\"https:\/\/franciscanos.org.br\/carisma\/francisco-diante-do-cristo-de-sao-damiao.html\" \/>\n<meta property=\"og:locale\" content=\"pt_BR\" \/>\n<meta property=\"og:type\" content=\"article\" \/>\n<meta property=\"og:title\" content=\"Francisco diante do Cristo de S\u00e3o Dami\u00e3o - Carisma - Franciscanos\" \/>\n<meta property=\"og:description\" content=\"Franciscanamente\" \/>\n<meta property=\"og:url\" content=\"https:\/\/franciscanos.org.br\/carisma\/francisco-diante-do-cristo-de-sao-damiao.html\" \/>\n<meta property=\"og:site_name\" content=\"Carisma - Franciscanos\" \/>\n<meta property=\"article:published_time\" content=\"2020-04-28T12:49:35+00:00\" \/>\n<meta property=\"og:image\" content=\"https:\/\/franciscanos.org.br\/carisma\/wp-content\/uploads\/2020\/04\/damiao_28d.jpg\" \/>\n\t<meta property=\"og:image:width\" content=\"800\" \/>\n\t<meta property=\"og:image:height\" content=\"600\" \/>\n\t<meta property=\"og:image:type\" content=\"image\/jpeg\" \/>\n<meta name=\"author\" content=\"moacir\" \/>\n<meta name=\"twitter:card\" content=\"summary_large_image\" \/>\n<meta name=\"twitter:label1\" content=\"Escrito por\" \/>\n\t<meta name=\"twitter:data1\" content=\"moacir\" \/>\n\t<meta name=\"twitter:label2\" content=\"Est. tempo de leitura\" \/>\n\t<meta name=\"twitter:data2\" content=\"2 minutos\" \/>\n<script type=\"application\/ld+json\" class=\"yoast-schema-graph\">{\"@context\":\"https:\/\/schema.org\",\"@graph\":[{\"@type\":\"WebSite\",\"@id\":\"https:\/\/franciscanos.org.br\/carisma\/#website\",\"url\":\"https:\/\/franciscanos.org.br\/carisma\/\",\"name\":\"Carisma - Franciscanos\",\"description\":\"Prov\u00edncia Franciscana da Imaculada Concei\u00e7\u00e3o do Brasil - Ordem dos Frades Menores\",\"potentialAction\":[{\"@type\":\"SearchAction\",\"target\":{\"@type\":\"EntryPoint\",\"urlTemplate\":\"https:\/\/franciscanos.org.br\/carisma\/?s={search_term_string}\"},\"query-input\":\"required name=search_term_string\"}],\"inLanguage\":\"pt-BR\"},{\"@type\":\"ImageObject\",\"inLanguage\":\"pt-BR\",\"@id\":\"https:\/\/franciscanos.org.br\/carisma\/francisco-diante-do-cristo-de-sao-damiao.html#primaryimage\",\"url\":\"https:\/\/franciscanos.org.br\/carisma\/wp-content\/uploads\/2020\/04\/damiao_28d.jpg\",\"contentUrl\":\"https:\/\/franciscanos.org.br\/carisma\/wp-content\/uploads\/2020\/04\/damiao_28d.jpg\",\"width\":800,\"height\":600},{\"@type\":\"WebPage\",\"@id\":\"https:\/\/franciscanos.org.br\/carisma\/francisco-diante-do-cristo-de-sao-damiao.html#webpage\",\"url\":\"https:\/\/franciscanos.org.br\/carisma\/francisco-diante-do-cristo-de-sao-damiao.html\",\"name\":\"Francisco diante do Cristo de S\u00e3o Dami\u00e3o - Carisma - Franciscanos\",\"isPartOf\":{\"@id\":\"https:\/\/franciscanos.org.br\/carisma\/#website\"},\"primaryImageOfPage\":{\"@id\":\"https:\/\/franciscanos.org.br\/carisma\/francisco-diante-do-cristo-de-sao-damiao.html#primaryimage\"},\"datePublished\":\"2020-04-28T12:49:35+00:00\",\"dateModified\":\"2020-04-28T12:49:35+00:00\",\"author\":{\"@id\":\"https:\/\/franciscanos.org.br\/carisma\/#\/schema\/person\/bf14cae4d2151ab6b6e41d96660f93a2\"},\"breadcrumb\":{\"@id\":\"https:\/\/franciscanos.org.br\/carisma\/francisco-diante-do-cristo-de-sao-damiao.html#breadcrumb\"},\"inLanguage\":\"pt-BR\",\"potentialAction\":[{\"@type\":\"ReadAction\",\"target\":[\"https:\/\/franciscanos.org.br\/carisma\/francisco-diante-do-cristo-de-sao-damiao.html\"]}]},{\"@type\":\"BreadcrumbList\",\"@id\":\"https:\/\/franciscanos.org.br\/carisma\/francisco-diante-do-cristo-de-sao-damiao.html#breadcrumb\",\"itemListElement\":[{\"@type\":\"ListItem\",\"position\":1,\"name\":\"Home\",\"item\":\"https:\/\/franciscanos.org.br\/carisma\"},{\"@type\":\"ListItem\",\"position\":2,\"name\":\"Francisco diante do Cristo de S\u00e3o Dami\u00e3o\"}]},{\"@type\":\"Person\",\"@id\":\"https:\/\/franciscanos.org.br\/carisma\/#\/schema\/person\/bf14cae4d2151ab6b6e41d96660f93a2\",\"name\":\"moacir\",\"image\":{\"@type\":\"ImageObject\",\"inLanguage\":\"pt-BR\",\"@id\":\"https:\/\/franciscanos.org.br\/carisma\/#\/schema\/person\/image\/\",\"url\":\"https:\/\/secure.gravatar.com\/avatar\/d08aa2ce4c8dd416d4479aa8536fcf64?s=96&d=mm&r=g\",\"contentUrl\":\"https:\/\/secure.gravatar.com\/avatar\/d08aa2ce4c8dd416d4479aa8536fcf64?s=96&d=mm&r=g\",\"caption\":\"moacir\"},\"url\":\"https:\/\/franciscanos.org.br\/carisma\/author\/moacir\"}]}<\/script>\n<!-- \/ Yoast SEO plugin. -->","yoast_head_json":{"title":"Francisco diante do Cristo de S\u00e3o Dami\u00e3o - Carisma - Franciscanos","robots":{"index":"index","follow":"follow","max-snippet":"max-snippet:-1","max-image-preview":"max-image-preview:large","max-video-preview":"max-video-preview:-1"},"canonical":"https:\/\/franciscanos.org.br\/carisma\/francisco-diante-do-cristo-de-sao-damiao.html","og_locale":"pt_BR","og_type":"article","og_title":"Francisco diante do Cristo de S\u00e3o Dami\u00e3o - Carisma - Franciscanos","og_description":"Franciscanamente","og_url":"https:\/\/franciscanos.org.br\/carisma\/francisco-diante-do-cristo-de-sao-damiao.html","og_site_name":"Carisma - Franciscanos","article_published_time":"2020-04-28T12:49:35+00:00","og_image":[{"width":800,"height":600,"url":"https:\/\/franciscanos.org.br\/carisma\/wp-content\/uploads\/2020\/04\/damiao_28d.jpg","type":"image\/jpeg"}],"author":"moacir","twitter_card":"summary_large_image","twitter_misc":{"Escrito por":"moacir","Est. tempo de leitura":"2 minutos"},"schema":{"@context":"https:\/\/schema.org","@graph":[{"@type":"WebSite","@id":"https:\/\/franciscanos.org.br\/carisma\/#website","url":"https:\/\/franciscanos.org.br\/carisma\/","name":"Carisma - Franciscanos","description":"Prov\u00edncia Franciscana da Imaculada Concei\u00e7\u00e3o do Brasil - Ordem dos Frades Menores","potentialAction":[{"@type":"SearchAction","target":{"@type":"EntryPoint","urlTemplate":"https:\/\/franciscanos.org.br\/carisma\/?s={search_term_string}"},"query-input":"required name=search_term_string"}],"inLanguage":"pt-BR"},{"@type":"ImageObject","inLanguage":"pt-BR","@id":"https:\/\/franciscanos.org.br\/carisma\/francisco-diante-do-cristo-de-sao-damiao.html#primaryimage","url":"https:\/\/franciscanos.org.br\/carisma\/wp-content\/uploads\/2020\/04\/damiao_28d.jpg","contentUrl":"https:\/\/franciscanos.org.br\/carisma\/wp-content\/uploads\/2020\/04\/damiao_28d.jpg","width":800,"height":600},{"@type":"WebPage","@id":"https:\/\/franciscanos.org.br\/carisma\/francisco-diante-do-cristo-de-sao-damiao.html#webpage","url":"https:\/\/franciscanos.org.br\/carisma\/francisco-diante-do-cristo-de-sao-damiao.html","name":"Francisco diante do Cristo de S\u00e3o Dami\u00e3o - Carisma - Franciscanos","isPartOf":{"@id":"https:\/\/franciscanos.org.br\/carisma\/#website"},"primaryImageOfPage":{"@id":"https:\/\/franciscanos.org.br\/carisma\/francisco-diante-do-cristo-de-sao-damiao.html#primaryimage"},"datePublished":"2020-04-28T12:49:35+00:00","dateModified":"2020-04-28T12:49:35+00:00","author":{"@id":"https:\/\/franciscanos.org.br\/carisma\/#\/schema\/person\/bf14cae4d2151ab6b6e41d96660f93a2"},"breadcrumb":{"@id":"https:\/\/franciscanos.org.br\/carisma\/francisco-diante-do-cristo-de-sao-damiao.html#breadcrumb"},"inLanguage":"pt-BR","potentialAction":[{"@type":"ReadAction","target":["https:\/\/franciscanos.org.br\/carisma\/francisco-diante-do-cristo-de-sao-damiao.html"]}]},{"@type":"BreadcrumbList","@id":"https:\/\/franciscanos.org.br\/carisma\/francisco-diante-do-cristo-de-sao-damiao.html#breadcrumb","itemListElement":[{"@type":"ListItem","position":1,"name":"Home","item":"https:\/\/franciscanos.org.br\/carisma"},{"@type":"ListItem","position":2,"name":"Francisco diante do Cristo de S\u00e3o Dami\u00e3o"}]},{"@type":"Person","@id":"https:\/\/franciscanos.org.br\/carisma\/#\/schema\/person\/bf14cae4d2151ab6b6e41d96660f93a2","name":"moacir","image":{"@type":"ImageObject","inLanguage":"pt-BR","@id":"https:\/\/franciscanos.org.br\/carisma\/#\/schema\/person\/image\/","url":"https:\/\/secure.gravatar.com\/avatar\/d08aa2ce4c8dd416d4479aa8536fcf64?s=96&d=mm&r=g","contentUrl":"https:\/\/secure.gravatar.com\/avatar\/d08aa2ce4c8dd416d4479aa8536fcf64?s=96&d=mm&r=g","caption":"moacir"},"url":"https:\/\/franciscanos.org.br\/carisma\/author\/moacir"}]}},"_links":{"self":[{"href":"https:\/\/franciscanos.org.br\/carisma\/wp-json\/wp\/v2\/posts\/176918"}],"collection":[{"href":"https:\/\/franciscanos.org.br\/carisma\/wp-json\/wp\/v2\/posts"}],"about":[{"href":"https:\/\/franciscanos.org.br\/carisma\/wp-json\/wp\/v2\/types\/post"}],"author":[{"embeddable":true,"href":"https:\/\/franciscanos.org.br\/carisma\/wp-json\/wp\/v2\/users\/3"}],"replies":[{"embeddable":true,"href":"https:\/\/franciscanos.org.br\/carisma\/wp-json\/wp\/v2\/comments?post=176918"}],"version-history":[{"count":1,"href":"https:\/\/franciscanos.org.br\/carisma\/wp-json\/wp\/v2\/posts\/176918\/revisions"}],"predecessor-version":[{"id":176921,"href":"https:\/\/franciscanos.org.br\/carisma\/wp-json\/wp\/v2\/posts\/176918\/revisions\/176921"}],"wp:featuredmedia":[{"embeddable":true,"href":"https:\/\/franciscanos.org.br\/carisma\/wp-json\/wp\/v2\/media\/176920"}],"wp:attachment":[{"href":"https:\/\/franciscanos.org.br\/carisma\/wp-json\/wp\/v2\/media?parent=176918"}],"wp:term":[{"taxonomy":"category","embeddable":true,"href":"https:\/\/franciscanos.org.br\/carisma\/wp-json\/wp\/v2\/categories?post=176918"},{"taxonomy":"post_tag","embeddable":true,"href":"https:\/\/franciscanos.org.br\/carisma\/wp-json\/wp\/v2\/tags?post=176918"}],"curies":[{"name":"wp","href":"https:\/\/api.w.org\/{rel}","templated":true}]}}