{"id":176909,"date":"2020-04-23T09:40:31","date_gmt":"2020-04-23T12:40:31","guid":{"rendered":"https:\/\/franciscanos.org.br\/carisma\/?p=176909"},"modified":"2020-04-24T12:21:10","modified_gmt":"2020-04-24T15:21:10","slug":"tu-es-o-bom-tu-es-o-bem","status":"publish","type":"post","link":"https:\/\/franciscanos.org.br\/carisma\/tu-es-o-bom-tu-es-o-bem.html","title":{"rendered":"Tu \u00e9s o Bom, tu \u00e9s o Bem!"},"content":{"rendered":"<p style=\"padding-left: 40px;\"><strong><em> <img loading=\"lazy\" class=\"aligncenter wp-image-176910 size-full\" src=\"https:\/\/franciscanos.org.br\/carisma\/wp-content\/uploads\/2020\/04\/franciscanamente_1.jpg\" alt=\"\" width=\"840\" height=\"450\" srcset=\"https:\/\/franciscanos.org.br\/carisma\/wp-content\/uploads\/2020\/04\/franciscanamente_1.jpg 840w, https:\/\/franciscanos.org.br\/carisma\/wp-content\/uploads\/2020\/04\/franciscanamente_1-450x241.jpg 450w, https:\/\/franciscanos.org.br\/carisma\/wp-content\/uploads\/2020\/04\/franciscanamente_1-768x411.jpg 768w, https:\/\/franciscanos.org.br\/carisma\/wp-content\/uploads\/2020\/04\/franciscanamente_1-150x80.jpg 150w\" sizes=\"(max-width: 840px) 100vw, 840px\" \/><\/em><\/strong><\/p>\n<p style=\"padding-left: 40px;\"><em>\u00c9loi Leclerc, frade franciscano franc\u00eas que j\u00e1 terminou sua peregrina\u00e7\u00e3o pela terra dos homens, deixou-nos um precioso tesouro em seus livros que respiram o frescor do Evangelho e o perfume de Francisco de Assis.\u00a0 Transcrevemos umas p\u00e1ginas de um fict\u00edcio di\u00e1logo entre Frei Francisco e Frei Le\u00e3o.<\/em><\/p>\n<p style=\"text-align: right;\"><strong>Frei Almir Guimar\u00e3es<\/strong><\/p>\n<p>Retomando a alegria do caminho, Francisco p\u00f4s-se a cantar.\u00a0 A do\u00e7ura\u00a0 tinha se apoderado dele.\u00a0 A grande e forte do\u00e7ura de Deus.<\/p>\n<blockquote><p><em>&#8211; \u00a0S\u00f3\u00a0 tu \u00e9s bom.\u00a0 Tu \u00e9s o Bem,\u00a0 todo o Bem, todo o\u00a0 Bem.\u00a0 Tu \u00e9s a nossa\u00a0 grande consola\u00e7\u00e3o. Tu \u00e9s a nossa vida eterna, grande\u00a0 e\u00a0 admir\u00e1vel\u00a0 Senhor, <\/em>repetiu ele.<\/p><\/blockquote>\n<p>Cantava\u00a0 isso em melodias improvisadas. Na sua alegria\u00a0 levantou do ch\u00e3o dois peda\u00e7os de pau, e pousando\u00a0 sobre o bra\u00e7o esquerdo, p\u00f4s-se\u00a0 percorr\u00ea-lo com o outro como se fizesse\u00a0 deslizar um arco sobre um violino.\u00a0 Le\u00e3o\u00a0 mirava-o.\u00a0 A sua\u00a0 express\u00e3o era radiante.\u00a0 Caminhava,\u00a0 cantava e imitava o som do acompanhamento do seu canto. Le\u00e3o dificilmente o seguia.<\/p>\n<p>De s\u00fabito, Francisco afrouxou o passo. E Le\u00e3o notou que o rosto de seu Pai tinha mudado.\u00a0 Tornara-se doloroso,\u00a0 atrozmente doloroso.<\/p>\n<blockquote><p><em>&#8211; Tu que dignaste morrer por amor do meu amor\u00a0 &#8211; \u00a0gemeu\u00a0 ele\u00a0 &#8211;\u00a0 que a doce viol\u00eancia do Teu amor me fa\u00e7a morrer por Teu amor.<\/em><\/p><\/blockquote>\n<p>Le\u00e3o teve, ent\u00e3o, como que a certeza que Francisco via nesse momento\u00a0 o seu Senhor suspenso na ignom\u00ednia da cruz.\u00a0 Via-o,\u00a0 passadas longas horas de\u00a0 agonia,\u00a0 movendo-se ainda, lutando entre a vida e a morte, desprez\u00edvel farrapo humano.\u00a0 A sua alegria tinha-o\u00a0 de um salto transportado at\u00e9 ali. At\u00e9 a contempla\u00e7\u00e3o do\u00a0 Crucificado.\u00a0 Deixara cair\u00a0 os pobres objetos que segurava\u00a0 nas m\u00e3os,\u00a0 depois recome\u00e7ou a ladainha dos louvores,\u00a0 com uma voz mais forte\u00a0 que ressoava clara\u00a0 na noite a meio da floresta.<\/p>\n<blockquote><p><em>&#8211;\u00a0 Tu \u00e9s\u00a0 o Bem, todo o Bem, grande e admir\u00e1vel\u00a0 Senhor,\u00a0 misericordioso Salvador.<\/em><\/p><\/blockquote>\n<p>Esta reca\u00edda na alegria\u00a0 surpreendeu\u00a0 Le\u00e3o.\u00a0 A imagem\u00a0 do Crucificado n\u00e3o tinha destru\u00eddo o j\u00fabilo de Francisco. Bem ao contr\u00e1rio.\u00a0 E\u00a0 Le\u00e3o\u00a0 pensou que devia ser a verdadeira\u00a0 fonte de sua alegria, a fonte pur\u00edssima e inexaur\u00edvel.\u00a0\u00a0 Esta\u00a0 imagem\u00a0 de opr\u00f3brio e de dor\u00a0 era bem a luz que iluminava os seus passos.\u00a0 Era\u00a0 ela que lhe descobria a cria\u00e7\u00e3o.\u00a0 Ela\u00a0 que lhe\u00a0 mostrava,\u00a0 para al\u00e9m de todas as vilanias e crimes do mundo,\u00a0 perfeitamente\u00a0 reconciliada e j\u00e1 plena dessa\u00a0 soberana bondade\u00a0 que est\u00e1\u00a0 na origem de todas as coisas.<\/p>\n<p>A face\u00a0 de Francisco tinha-se,\u00a0 de novo,\u00a0 maravilhosamente iluminado\u00a0 com uma express\u00e3o infantil.\u00a0 Como se a cria\u00e7\u00e3o acabasse nesse momento\u00a0 de desabrochar a seus olhos, toda impregnada da inoc\u00eancia de Deus e como se o milagre da exist\u00eancia se lhe oferecesse\u00a0 no\u00a0 seu\u00a0 primeiro\u00a0 frescor.<\/p>\n<p>Atravessou\u00a0 uma clareira.\u00a0 Na orla da floresta,\u00a0 levantou-se uma manada de cervos que ali dormitavam.\u00a0 Im\u00f3veis, de cabe\u00e7a levantada,\u00a0 os animais viram passar esse homem livre que cantava.\u00a0 N\u00e3o se\u00a0 mostravam nada assustados.\u00a0 Ent\u00e3o, Le\u00e3o compreendeu\u00a0 que vivia um momento extraordin\u00e1rio.\u00a0 Sim,\u00a0 era bem certo que\u00a0 nessa noite\u00a0 a\u00a0 floresta esperava por algu\u00e9m.\u00a0 Todas estas \u00e1rvores e todas as estrelas tamb\u00e9m esperavam a passagem do homem fraternal.\u00a0 Havia sem d\u00favida muito empo\u00a0 que a natureza esperava assim. Desde\u00a0 mil\u00eanios, talvez.\u00a0 Mas esta noite, \u00a0\u00a0por um misterioso instinto,\u00a0 ela sabia que ele devia vir.\u00a0 E eis que estava ali no meio dela e a libertava\u00a0 com o seu canto.<\/p>\n<p><em>Eloi\u00a0 Leclerc, Sabedoria dum pobre, Editorial\u00a0 Franciscana,\u00a0 Braga, \u00a0p,\u00a0 150-152<\/em><\/p>\n","protected":false},"excerpt":{"rendered":"<p>Franciscanamente<\/p>\n","protected":false},"author":3,"featured_media":176911,"comment_status":"open","ping_status":"open","sticky":false,"template":"","format":"standard","meta":[],"categories":[11],"tags":[107],"yoast_head":"<!-- This site is optimized with the Yoast SEO plugin v19.2 - https:\/\/yoast.com\/wordpress\/plugins\/seo\/ -->\n<title>Tu \u00e9s o Bom, tu \u00e9s o Bem! - Carisma - Franciscanos<\/title>\n<meta name=\"robots\" content=\"index, follow, max-snippet:-1, max-image-preview:large, max-video-preview:-1\" \/>\n<link rel=\"canonical\" href=\"https:\/\/franciscanos.org.br\/carisma\/tu-es-o-bom-tu-es-o-bem.html\" \/>\n<meta property=\"og:locale\" content=\"pt_BR\" \/>\n<meta property=\"og:type\" content=\"article\" \/>\n<meta property=\"og:title\" content=\"Tu \u00e9s o Bom, tu \u00e9s o Bem! - Carisma - Franciscanos\" \/>\n<meta property=\"og:description\" content=\"Franciscanamente\" \/>\n<meta property=\"og:url\" content=\"https:\/\/franciscanos.org.br\/carisma\/tu-es-o-bom-tu-es-o-bem.html\" \/>\n<meta property=\"og:site_name\" content=\"Carisma - Franciscanos\" \/>\n<meta property=\"article:published_time\" content=\"2020-04-23T12:40:31+00:00\" \/>\n<meta property=\"article:modified_time\" content=\"2020-04-24T15:21:10+00:00\" \/>\n<meta property=\"og:image\" content=\"https:\/\/franciscanos.org.br\/carisma\/wp-content\/uploads\/2020\/04\/franciscanamente_d1.jpg\" \/>\n\t<meta property=\"og:image:width\" content=\"800\" \/>\n\t<meta property=\"og:image:height\" content=\"600\" \/>\n\t<meta property=\"og:image:type\" content=\"image\/jpeg\" \/>\n<meta name=\"author\" content=\"moacir\" \/>\n<meta name=\"twitter:card\" content=\"summary_large_image\" \/>\n<meta name=\"twitter:label1\" content=\"Escrito por\" \/>\n\t<meta name=\"twitter:data1\" content=\"moacir\" \/>\n\t<meta name=\"twitter:label2\" content=\"Est. tempo de leitura\" \/>\n\t<meta name=\"twitter:data2\" content=\"3 minutos\" \/>\n<script type=\"application\/ld+json\" class=\"yoast-schema-graph\">{\"@context\":\"https:\/\/schema.org\",\"@graph\":[{\"@type\":\"WebSite\",\"@id\":\"https:\/\/franciscanos.org.br\/carisma\/#website\",\"url\":\"https:\/\/franciscanos.org.br\/carisma\/\",\"name\":\"Carisma - Franciscanos\",\"description\":\"Prov\u00edncia Franciscana da Imaculada Concei\u00e7\u00e3o do Brasil - Ordem dos Frades Menores\",\"potentialAction\":[{\"@type\":\"SearchAction\",\"target\":{\"@type\":\"EntryPoint\",\"urlTemplate\":\"https:\/\/franciscanos.org.br\/carisma\/?s={search_term_string}\"},\"query-input\":\"required name=search_term_string\"}],\"inLanguage\":\"pt-BR\"},{\"@type\":\"ImageObject\",\"inLanguage\":\"pt-BR\",\"@id\":\"https:\/\/franciscanos.org.br\/carisma\/tu-es-o-bom-tu-es-o-bem.html#primaryimage\",\"url\":\"https:\/\/franciscanos.org.br\/carisma\/wp-content\/uploads\/2020\/04\/franciscanamente_d1.jpg\",\"contentUrl\":\"https:\/\/franciscanos.org.br\/carisma\/wp-content\/uploads\/2020\/04\/franciscanamente_d1.jpg\",\"width\":800,\"height\":600},{\"@type\":\"WebPage\",\"@id\":\"https:\/\/franciscanos.org.br\/carisma\/tu-es-o-bom-tu-es-o-bem.html#webpage\",\"url\":\"https:\/\/franciscanos.org.br\/carisma\/tu-es-o-bom-tu-es-o-bem.html\",\"name\":\"Tu \u00e9s o Bom, tu \u00e9s o Bem! - Carisma - Franciscanos\",\"isPartOf\":{\"@id\":\"https:\/\/franciscanos.org.br\/carisma\/#website\"},\"primaryImageOfPage\":{\"@id\":\"https:\/\/franciscanos.org.br\/carisma\/tu-es-o-bom-tu-es-o-bem.html#primaryimage\"},\"datePublished\":\"2020-04-23T12:40:31+00:00\",\"dateModified\":\"2020-04-24T15:21:10+00:00\",\"author\":{\"@id\":\"https:\/\/franciscanos.org.br\/carisma\/#\/schema\/person\/bf14cae4d2151ab6b6e41d96660f93a2\"},\"breadcrumb\":{\"@id\":\"https:\/\/franciscanos.org.br\/carisma\/tu-es-o-bom-tu-es-o-bem.html#breadcrumb\"},\"inLanguage\":\"pt-BR\",\"potentialAction\":[{\"@type\":\"ReadAction\",\"target\":[\"https:\/\/franciscanos.org.br\/carisma\/tu-es-o-bom-tu-es-o-bem.html\"]}]},{\"@type\":\"BreadcrumbList\",\"@id\":\"https:\/\/franciscanos.org.br\/carisma\/tu-es-o-bom-tu-es-o-bem.html#breadcrumb\",\"itemListElement\":[{\"@type\":\"ListItem\",\"position\":1,\"name\":\"Home\",\"item\":\"https:\/\/franciscanos.org.br\/carisma\"},{\"@type\":\"ListItem\",\"position\":2,\"name\":\"Tu \u00e9s o Bom, tu \u00e9s o Bem!\"}]},{\"@type\":\"Person\",\"@id\":\"https:\/\/franciscanos.org.br\/carisma\/#\/schema\/person\/bf14cae4d2151ab6b6e41d96660f93a2\",\"name\":\"moacir\",\"image\":{\"@type\":\"ImageObject\",\"inLanguage\":\"pt-BR\",\"@id\":\"https:\/\/franciscanos.org.br\/carisma\/#\/schema\/person\/image\/\",\"url\":\"https:\/\/secure.gravatar.com\/avatar\/d08aa2ce4c8dd416d4479aa8536fcf64?s=96&d=mm&r=g\",\"contentUrl\":\"https:\/\/secure.gravatar.com\/avatar\/d08aa2ce4c8dd416d4479aa8536fcf64?s=96&d=mm&r=g\",\"caption\":\"moacir\"},\"url\":\"https:\/\/franciscanos.org.br\/carisma\/author\/moacir\"}]}<\/script>\n<!-- \/ Yoast SEO plugin. -->","yoast_head_json":{"title":"Tu \u00e9s o Bom, tu \u00e9s o Bem! - Carisma - Franciscanos","robots":{"index":"index","follow":"follow","max-snippet":"max-snippet:-1","max-image-preview":"max-image-preview:large","max-video-preview":"max-video-preview:-1"},"canonical":"https:\/\/franciscanos.org.br\/carisma\/tu-es-o-bom-tu-es-o-bem.html","og_locale":"pt_BR","og_type":"article","og_title":"Tu \u00e9s o Bom, tu \u00e9s o Bem! - Carisma - Franciscanos","og_description":"Franciscanamente","og_url":"https:\/\/franciscanos.org.br\/carisma\/tu-es-o-bom-tu-es-o-bem.html","og_site_name":"Carisma - Franciscanos","article_published_time":"2020-04-23T12:40:31+00:00","article_modified_time":"2020-04-24T15:21:10+00:00","og_image":[{"width":800,"height":600,"url":"https:\/\/franciscanos.org.br\/carisma\/wp-content\/uploads\/2020\/04\/franciscanamente_d1.jpg","type":"image\/jpeg"}],"author":"moacir","twitter_card":"summary_large_image","twitter_misc":{"Escrito por":"moacir","Est. tempo de leitura":"3 minutos"},"schema":{"@context":"https:\/\/schema.org","@graph":[{"@type":"WebSite","@id":"https:\/\/franciscanos.org.br\/carisma\/#website","url":"https:\/\/franciscanos.org.br\/carisma\/","name":"Carisma - Franciscanos","description":"Prov\u00edncia Franciscana da Imaculada Concei\u00e7\u00e3o do Brasil - Ordem dos Frades Menores","potentialAction":[{"@type":"SearchAction","target":{"@type":"EntryPoint","urlTemplate":"https:\/\/franciscanos.org.br\/carisma\/?s={search_term_string}"},"query-input":"required name=search_term_string"}],"inLanguage":"pt-BR"},{"@type":"ImageObject","inLanguage":"pt-BR","@id":"https:\/\/franciscanos.org.br\/carisma\/tu-es-o-bom-tu-es-o-bem.html#primaryimage","url":"https:\/\/franciscanos.org.br\/carisma\/wp-content\/uploads\/2020\/04\/franciscanamente_d1.jpg","contentUrl":"https:\/\/franciscanos.org.br\/carisma\/wp-content\/uploads\/2020\/04\/franciscanamente_d1.jpg","width":800,"height":600},{"@type":"WebPage","@id":"https:\/\/franciscanos.org.br\/carisma\/tu-es-o-bom-tu-es-o-bem.html#webpage","url":"https:\/\/franciscanos.org.br\/carisma\/tu-es-o-bom-tu-es-o-bem.html","name":"Tu \u00e9s o Bom, tu \u00e9s o Bem! - Carisma - Franciscanos","isPartOf":{"@id":"https:\/\/franciscanos.org.br\/carisma\/#website"},"primaryImageOfPage":{"@id":"https:\/\/franciscanos.org.br\/carisma\/tu-es-o-bom-tu-es-o-bem.html#primaryimage"},"datePublished":"2020-04-23T12:40:31+00:00","dateModified":"2020-04-24T15:21:10+00:00","author":{"@id":"https:\/\/franciscanos.org.br\/carisma\/#\/schema\/person\/bf14cae4d2151ab6b6e41d96660f93a2"},"breadcrumb":{"@id":"https:\/\/franciscanos.org.br\/carisma\/tu-es-o-bom-tu-es-o-bem.html#breadcrumb"},"inLanguage":"pt-BR","potentialAction":[{"@type":"ReadAction","target":["https:\/\/franciscanos.org.br\/carisma\/tu-es-o-bom-tu-es-o-bem.html"]}]},{"@type":"BreadcrumbList","@id":"https:\/\/franciscanos.org.br\/carisma\/tu-es-o-bom-tu-es-o-bem.html#breadcrumb","itemListElement":[{"@type":"ListItem","position":1,"name":"Home","item":"https:\/\/franciscanos.org.br\/carisma"},{"@type":"ListItem","position":2,"name":"Tu \u00e9s o Bom, tu \u00e9s o Bem!"}]},{"@type":"Person","@id":"https:\/\/franciscanos.org.br\/carisma\/#\/schema\/person\/bf14cae4d2151ab6b6e41d96660f93a2","name":"moacir","image":{"@type":"ImageObject","inLanguage":"pt-BR","@id":"https:\/\/franciscanos.org.br\/carisma\/#\/schema\/person\/image\/","url":"https:\/\/secure.gravatar.com\/avatar\/d08aa2ce4c8dd416d4479aa8536fcf64?s=96&d=mm&r=g","contentUrl":"https:\/\/secure.gravatar.com\/avatar\/d08aa2ce4c8dd416d4479aa8536fcf64?s=96&d=mm&r=g","caption":"moacir"},"url":"https:\/\/franciscanos.org.br\/carisma\/author\/moacir"}]}},"_links":{"self":[{"href":"https:\/\/franciscanos.org.br\/carisma\/wp-json\/wp\/v2\/posts\/176909"}],"collection":[{"href":"https:\/\/franciscanos.org.br\/carisma\/wp-json\/wp\/v2\/posts"}],"about":[{"href":"https:\/\/franciscanos.org.br\/carisma\/wp-json\/wp\/v2\/types\/post"}],"author":[{"embeddable":true,"href":"https:\/\/franciscanos.org.br\/carisma\/wp-json\/wp\/v2\/users\/3"}],"replies":[{"embeddable":true,"href":"https:\/\/franciscanos.org.br\/carisma\/wp-json\/wp\/v2\/comments?post=176909"}],"version-history":[{"count":6,"href":"https:\/\/franciscanos.org.br\/carisma\/wp-json\/wp\/v2\/posts\/176909\/revisions"}],"predecessor-version":[{"id":176917,"href":"https:\/\/franciscanos.org.br\/carisma\/wp-json\/wp\/v2\/posts\/176909\/revisions\/176917"}],"wp:featuredmedia":[{"embeddable":true,"href":"https:\/\/franciscanos.org.br\/carisma\/wp-json\/wp\/v2\/media\/176911"}],"wp:attachment":[{"href":"https:\/\/franciscanos.org.br\/carisma\/wp-json\/wp\/v2\/media?parent=176909"}],"wp:term":[{"taxonomy":"category","embeddable":true,"href":"https:\/\/franciscanos.org.br\/carisma\/wp-json\/wp\/v2\/categories?post=176909"},{"taxonomy":"post_tag","embeddable":true,"href":"https:\/\/franciscanos.org.br\/carisma\/wp-json\/wp\/v2\/tags?post=176909"}],"curies":[{"name":"wp","href":"https:\/\/api.w.org\/{rel}","templated":true}]}}