{"id":176905,"date":"2020-04-16T14:28:58","date_gmt":"2020-04-16T17:28:58","guid":{"rendered":"https:\/\/franciscanos.org.br\/carisma\/?p=176905"},"modified":"2020-04-16T14:28:58","modified_gmt":"2020-04-16T17:28:58","slug":"irmas-clarissas-elementos-de-formacao-v","status":"publish","type":"post","link":"https:\/\/franciscanos.org.br\/carisma\/irmas-clarissas-elementos-de-formacao-v.html","title":{"rendered":"Irm\u00e3s Clarissas &#8211; Elementos de Forma\u00e7\u00e3o &#8211; V"},"content":{"rendered":"<p><img loading=\"lazy\" class=\"alignnone size-full wp-image-176906\" src=\"https:\/\/franciscanos.org.br\/carisma\/wp-content\/uploads\/2020\/04\/artigo_05.jpg\" alt=\"\" width=\"840\" height=\"473\" srcset=\"https:\/\/franciscanos.org.br\/carisma\/wp-content\/uploads\/2020\/04\/artigo_05.jpg 840w, https:\/\/franciscanos.org.br\/carisma\/wp-content\/uploads\/2020\/04\/artigo_05-450x253.jpg 450w, https:\/\/franciscanos.org.br\/carisma\/wp-content\/uploads\/2020\/04\/artigo_05-768x432.jpg 768w, https:\/\/franciscanos.org.br\/carisma\/wp-content\/uploads\/2020\/04\/artigo_05-150x84.jpg 150w\" sizes=\"(max-width: 840px) 100vw, 840px\" \/><\/p>\n<p><strong>A\u00a0 RESSURREI\u00c7\u00c3O DE CRISTO &#8211; Centro de nossa f\u00e9<\/strong><strong><em>\u00a0<\/em><\/strong><\/p>\n<p><strong><em>\u00a0\u00a0\u00a0\u00a0\u00a0\u00a0\u00a0\u00a0\u00a0\u00a0\u00a0 <\/em><\/strong><em>Mesmo neste\u00a0 tempo de pandemia,\u00a0 neste\u00a0 tempo de reclus\u00e3o e de incertezas, \u00e9 bom refletir sobre a ressurrei\u00e7\u00e3o do Senhor.<\/em><strong>\u00a0<\/strong><\/p>\n<p><em>Eis agora a\u00a0 P\u00e1scoa,\u00a0 nossa festa, <\/em><\/p>\n<p><em>em\u00a0 que o real cordeiro se imolou: <\/em><\/p>\n<p><em>marcando nossas portas, nossas almas, <\/em><\/p>\n<p><em>com seu divino sangue nos salvou.<\/em><\/p>\n<p><em>\u00a0<\/em><\/p>\n<p><em>Esta \u00e9, Senhor,\u00a0 a\u00a0 noite em que do Egito <\/em><\/p>\n<p><em>retiraste os filhos de Israel,\u00a0 <\/em><\/p>\n<p><em>transpondo o Mar\u00a0 Vermelho a p\u00e9 enxuto&#8230;<\/em><\/p>\n<p><em>\u00a0<\/em><\/p>\n<p><em>S\u00f3 tu, noite feliz, soubeste a hora,\u00a0 <\/em><\/p>\n<p><em>em que\u00a0 Cristo\u00a0 da morte ressurgia <\/em><\/p>\n<p><em>e \u00e9 por isso que de ti foi escrito:\u00a0 <\/em><\/p>\n<p><em>A\u00a0\u00a0 noite ser\u00e1 luz para o meu dia!<\/em><\/p>\n<p>(Liturgia da Noite\u00a0 Pascal)<\/p>\n<p>&nbsp;<\/p>\n<p><strong>Celebrar a P\u00e1scoa<\/strong><strong>\u00a0<\/strong><\/p>\n<p>No\u00a0 cora\u00e7\u00e3o da Noite pascal,\u00a0 centro do\u00a0 ano lit\u00fargico,\u00a0 o Prec\u00f4nio canta a liberta\u00e7\u00e3o\u00a0 da humanidade por\u00a0 Cristo ressuscitado.\u00a0 N\u00e3o se trata do anivers\u00e1rio de uma vit\u00f3ria\u00a0 ( independ\u00eancia do\u00a0 Brasil, proclama\u00e7\u00e3o da Rep\u00fablica&#8230;)\u00a0 porque\u00a0 Jesus\u00a0 n\u00e3o \u00e9 um personagem do passado, nenhum\u00a0 ex-combatente.\u00a0 Ele \u00e9 o VIVO, \u00e9 contempor\u00e2neo de todas as gera\u00e7\u00f5es.\u00a0 A for\u00e7a\u00a0 que ressuscita Jesus atinge hoje\u00a0 a todos os seus membros.\u00a0 Cristo ressuscitado est\u00e1 a\u00ed:\u00a0 \u201ce ressuscitaste com ele\u201d, diz S\u00e3o\u00a0 Paulo.\u00a0 \u201c&#8230;est\u00e1veis mortos, agora estais vivos\u00a0 porque a energia de seu\u00a0 Esp\u00edrito vos transforma\u201d. \u00a0\u00a0Est\u00e1 nascendo um\u00a0 mundo novo.\u00a0 A ressurrei\u00e7\u00e3o \u00e9\u00a0 renascimento,\u00a0 recria\u00e7\u00e3o\u00a0 (Jo\u00e3o\u00a0 3,5).<strong>\u00a0<\/strong><\/p>\n<p><strong>O batismo<\/strong><strong>\u00a0<\/strong><\/p>\n<p>O batismo de\u00a0 Jesus\u00a0 tinha sido um\u00a0 gesto\u00a0 simb\u00f3lico, um ato prof\u00e9tico, revelador de sua miss\u00e3o.\u00a0 Entrando nas \u00e1guas do\u00a0 Jord\u00e3o,\u00a0 ele\u00a0 \u201cmimava\u201d\u00a0 seu mergulho na\u00a0 morte,\u00a0 solidarizando-se com os pecadores, e saindo da \u00e1gua,\u00a0 anunciava sua ressurrei\u00e7\u00e3o\u00a0 da morte, enquanto que o Pai\u00a0 o declarava como seu Filho muito amado, primog\u00eanito de uma multid\u00e3o de irm\u00e3os.\u00a0 No fim\u00a0 do evangelho de Mateus, \u00e9 o Ressuscitado que envia seus disc\u00edpulos a \u201censinar\u00a0 e batizar\u201d todas as na\u00e7\u00f5es (Mt 28,19).\u00a0 A partir de ent\u00e3o o batismo, \u00a0em nome de\u00a0 Jesus, \u00a0\u00e9 participa\u00e7\u00e3o em sua morte e sua ressurrei\u00e7\u00e3o. \u201cOu ignorais que\u00a0 todos n\u00f3s,\u00a0 batizados para\u00a0 Cristo Jesus,\u00a0 fomos batizados\u00a0 na sua morte?\u00a0 Pelo batismo\u00a0 fomos sepultados com ele na morte para que assim, como\u00a0 Cristo ressuscitou dos mortos\u00a0 pela gl\u00f3ria do Pai,\u00a0 tamb\u00e9m n\u00f3s andemos em\u00a0 novidade de vida\u201d\u00a0 (Rm\u00a0 6,3-5).<\/p>\n<p>Um texto\u00a0 do Conselho ecum\u00eanico das\u00a0\u00a0 Igrejas recorda:\u00a0 \u201cPelo\u00a0 batismo,\u00a0 os crist\u00e3os mergulham\u00a0 na morte libertadora de\u00a0 Cristo, onde seus pecados s\u00e3o sepultados,\u00a0 onde o \u201cvelho Ad\u00e3o\u201d \u00e9 crucificado com\u00a0 Cristo e onde o poder do pecado \u00e9 destru\u00eddo.\u00a0 Desta forma, os batizados n\u00e3o\u00a0 s\u00e3o mais escravos do pecado, mas pessoas livres\u201d.<strong>\u00a0<\/strong><\/p>\n<p><strong>Uma vida de ressuscitados<\/strong><strong>\u00a0<\/strong><\/p>\n<p><strong>\u00a0\u00a0\u00a0\u00a0\u00a0\u00a0\u00a0\u00a0\u00a0\u00a0\u00a0 <\/strong>A f\u00e9 no Cristo ressuscitado, na sua for\u00e7a atual e permanente,\u00a0\u00a0 est\u00e1 bem no \u00e2mago da f\u00e9 crist\u00e3.\u00a0 \u201cEu sou a ressurrei\u00e7\u00e3o e a Vida.\u00a0 Aquele que cr\u00ea em\u00a0 mim viver\u00e1\u201d\u00a0 (Jo 11, 25). Esta f\u00e9 faz com que o homem se volte para o futuro, transforma-o e justifica-o:\u00a0 \u201cMeu\u00a0 Senhor e meu\u00a0 Deus\u201d, confessa\u00a0 Tom\u00e9 (Jo 20,28).\u00a0 Os primeiros crist\u00e3os confessam que\u00a0 Jesus \u00e9\u00a0 Senhor, sob a a\u00e7\u00e3o do\u00a0 Esp\u00edrito (1Co 12,3).\u00a0\u00a0 Esta morte batismal e esta vida nova\u00a0 n\u00e3o preenchem o campo da exist\u00eancia de uma s\u00f3 assentada.\u00a0\u00a0 Esta vetustez devida ao pecado, o velho\u00a0 fermento do mal\u00a0 n\u00e3o desaparecer\u00e3o\u00a0 como num golpe de m\u00e1gica.\u00a0 As zonas de resist\u00eancia\u00a0 interior ao\u00a0 Esp\u00edrito\u00a0 s\u00e3o\u00a0 fortes.\u00a0 \u201cMortificai, pois\u00a0\u00a0 aquela parte de v\u00f3s\u00a0 que pertence \u00e0 terra&#8230;revestistes do homem novo\u201d\u00a0 (cf. Col 3,5-10).<\/p>\n<p>Paulo convida G\u00e1latas e Romanos a caminhar em novidade de vida \u00a0sob o\u00a0 impulso do\u00a0 Esp\u00edrito.\u00a0 Mas aten\u00e7\u00e3o:\u00a0 nada de falso ascetismo, nem falsa liberdade.\u00a0 O empenho\u00a0 crist\u00e3o,\u00a0 a moral\u00a0 crist\u00e3\u00a0 explicitam e exprimem\u00a0 o mist\u00e9rio de morte e ressurrei\u00e7\u00e3o:\u00a0 \u201cEmbora\u00a0 vivos,\u00a0 estamos sempre morrendo\u00a0 por causa de Jesus, para que a vida de Jesus se\u00a0 manifeste\u00a0 tamb\u00e9m em nossa carne mortal\u201d (2Co 4, 11).\u00a0 Jo\u00e3o completa: \u201cSabemos que passamos da morte para a vida porque amamos nossos irm\u00e3os. O que n\u00e3o ama permanece na morte\u201d (1Jo 3,14).<\/p>\n<p><strong>Eucaristia, sacramento pascal<\/strong><\/p>\n<p>O batizado encontra o Ressuscitado quando parte o p\u00e3o.\u00a0 Come e bebe com ele,\u00a0 como Pedro e as testemunhas da primeira hora no cen\u00e1culo,\u00a0 em Ema\u00fas ou \u00e0s margens do lago da Galileia.\u00a0\u00a0\u00a0 Paulo designa a eucaristia\u00a0\u00a0 \u201cmesa do Senhor\u201d, \u201co p\u00e3o e o\u00a0 c\u00e1lice do\u00a0 Senhor\u201d,\u00a0 ou \u201c a mesa do Senhor\u201d. \u201cO c\u00e1lice de b\u00ean\u00e7\u00e3os que aben\u00e7oamos n\u00e3o \u00e9 a comunh\u00e3o com o sangue de\u00a0 Cristo? O p\u00e3o\u00a0 que partimos n\u00e3o \u00e9 a comunh\u00e3o com o Corpo de Cristo?\u00a0 (1Co 10,16).<\/p>\n<p>O autor das cartas\u00a0 \u00e0s sete igrejas do Apocalipse faz com que o\u00a0 Ressuscitado fale:\u00a0 \u201cJ\u00e1 estou chegando e batendo \u00e0 porta.\u00a0 Se algu\u00e9m\u00a0 ouvir a minha voz e abrir a porta, entrarei em sua casa e juntos\u00a0 faremos a refei\u00e7\u00e3o. Ao vencedor concederei sentar-se\u00a0 comigo em meu trono, assim como eu tamb\u00e9m venci e estou\u00a0 sentado com meu Pai em seu trono\u201d (Ap\u00a0 3,20-21).<\/p>\n<p>A eucaristia \u00e9 o memorial do Cristo crucificado e ressuscitado,\u00a0 quer dizer o sinal vivo e eficaz\u00a0 de seu sacrif\u00edcio,\u00a0 realizado um vez por todas na cruz e sempre\u00a0 agindo em favor de toda a humanidade.\u00a0 A\u00a0 concep\u00e7\u00e3o b\u00edblia do memorial\u00a0 aplicada\u00a0 \u00e0\u00a0 Eucaristia a efic\u00e1cia atual da obra de Deus quando celebrada pelo seu\u00a0 povo em forma de liturgia.<\/p>\n<p><strong>O\u00a0 dia do Senhor<\/strong><\/p>\n<p>Pelo fato de Jesus\u00a0 ter ressuscitado no primeiro dia da semana\u00a0 (Mc 16,2), os crist\u00e3os v\u00e3o celebrar\u00a0 seu memorial no primeiro dia de cada semana (Jo\u00a0 20, 19,26;\u00a0 At 20,7;\u00a0 Ap 1,10).\u00a0 A Boa Nova anunciada \u00e0s na\u00e7\u00f5es\u00a0 \u00e9 precisamente esta:\u00a0 a participa\u00e7\u00e3o de todo homem na Ressurrei\u00e7\u00e3o do\u00a0 Filho, no\u00a0 Esp\u00edrito.\u00a0 Se Cristo n\u00e3o ressuscitou,\u00a0 v\u00e3 \u00e9 nossa\u00a0 f\u00e9:\u00a0\u00a0 Paulo n\u00e3o se cansa de repetir em\u00a0 suas cartas.\u00a0 O Cristo ressuscitado\u00a0 que ele encontrou no caminho de Damasco\u00a0 n\u00e3o era vis\u00edvel para todos.\u00a0\u00a0 Sua vinda se faz esperar e sua manifesta\u00e7\u00e3o\u00a0 \u00e9 objeto de f\u00e9 e de esperan\u00e7a.\u00a0 \u00c9 o tempo\u00a0 da paci\u00eancia e da vigil\u00e2ncia, \u00a0esperando\u00a0 a vinda do\u00a0 Senhor e a dilata\u00e7\u00e3o da ressurrei\u00e7\u00e3o a toda criatura.<\/p>\n<p>Cada domingo, a comunidade celebra o\u00a0 Senhor. Ela antecipa na Eucaristia o\u00a0 banquete dos novos c\u00e9us e na nova terra\u00a0\u00a0 quando o\u00a0 Cristo ressuscitar\u00e1 toda a humanidade, seu corpo. \u201cFaze,\u00a0 Senhor, com que apare\u00e7a\u00a0 teu dia e o tempo da tua gra\u00e7a, de tua gl\u00f3ria.\u00a0 D\u00e1-nos hoje o p\u00e3o daquele\u00a0 em que\u00a0 ser\u00e1s tudo em todos\u201d.<\/p>\n<hr \/>\n<p><u>Nota:<\/u><\/p>\n<p><em>Este texto apareceu\u00a0 numa revista\u00a0 francesa &#8220;<\/em><em>Les\u00a0 Dossiers de la\u00a0 Bible&#8221;, mar\u00e7o de 1989,<\/em><\/p>\n<p><em>Fran\u00e7ois\u00a0 Tricard,\u00a0 seu autor, escreveu na qualidade de biblista\u00a0 com o titulo de:\u00a0 &#8220;La r\u00e9surrection\u00a0 du Christ, centre de notre foi&#8221;.<\/em><\/p>\n","protected":false},"excerpt":{"rendered":"<p>Medita\u00e7\u00e3o de Frei Almir Guimar\u00e3es<\/p>\n","protected":false},"author":3,"featured_media":176907,"comment_status":"open","ping_status":"open","sticky":false,"template":"","format":"standard","meta":[],"categories":[65],"tags":[110],"yoast_head":"<!-- This site is optimized with the Yoast SEO plugin v19.2 - https:\/\/yoast.com\/wordpress\/plugins\/seo\/ -->\n<title>Irm\u00e3s Clarissas - Elementos de Forma\u00e7\u00e3o - V - Carisma - Franciscanos<\/title>\n<meta name=\"robots\" content=\"index, follow, max-snippet:-1, max-image-preview:large, max-video-preview:-1\" \/>\n<link rel=\"canonical\" href=\"https:\/\/franciscanos.org.br\/carisma\/irmas-clarissas-elementos-de-formacao-v.html\" \/>\n<meta property=\"og:locale\" content=\"pt_BR\" \/>\n<meta property=\"og:type\" content=\"article\" \/>\n<meta property=\"og:title\" content=\"Irm\u00e3s Clarissas - Elementos de Forma\u00e7\u00e3o - V - Carisma - Franciscanos\" \/>\n<meta property=\"og:description\" content=\"Medita\u00e7\u00e3o de Frei Almir Guimar\u00e3es\" \/>\n<meta property=\"og:url\" content=\"https:\/\/franciscanos.org.br\/carisma\/irmas-clarissas-elementos-de-formacao-v.html\" \/>\n<meta property=\"og:site_name\" content=\"Carisma - Franciscanos\" \/>\n<meta property=\"article:published_time\" content=\"2020-04-16T17:28:58+00:00\" \/>\n<meta property=\"og:image\" content=\"https:\/\/franciscanos.org.br\/carisma\/wp-content\/uploads\/2020\/04\/artigo_05d.jpg\" \/>\n\t<meta property=\"og:image:width\" content=\"800\" \/>\n\t<meta property=\"og:image:height\" content=\"600\" \/>\n\t<meta property=\"og:image:type\" content=\"image\/jpeg\" \/>\n<meta name=\"author\" content=\"moacir\" \/>\n<meta name=\"twitter:card\" content=\"summary_large_image\" \/>\n<meta name=\"twitter:label1\" content=\"Escrito por\" \/>\n\t<meta name=\"twitter:data1\" content=\"moacir\" \/>\n\t<meta name=\"twitter:label2\" content=\"Est. tempo de leitura\" \/>\n\t<meta name=\"twitter:data2\" content=\"6 minutos\" \/>\n<script type=\"application\/ld+json\" class=\"yoast-schema-graph\">{\"@context\":\"https:\/\/schema.org\",\"@graph\":[{\"@type\":\"WebSite\",\"@id\":\"https:\/\/franciscanos.org.br\/carisma\/#website\",\"url\":\"https:\/\/franciscanos.org.br\/carisma\/\",\"name\":\"Carisma - Franciscanos\",\"description\":\"Prov\u00edncia Franciscana da Imaculada Concei\u00e7\u00e3o do Brasil - Ordem dos Frades Menores\",\"potentialAction\":[{\"@type\":\"SearchAction\",\"target\":{\"@type\":\"EntryPoint\",\"urlTemplate\":\"https:\/\/franciscanos.org.br\/carisma\/?s={search_term_string}\"},\"query-input\":\"required name=search_term_string\"}],\"inLanguage\":\"pt-BR\"},{\"@type\":\"ImageObject\",\"inLanguage\":\"pt-BR\",\"@id\":\"https:\/\/franciscanos.org.br\/carisma\/irmas-clarissas-elementos-de-formacao-v.html#primaryimage\",\"url\":\"https:\/\/franciscanos.org.br\/carisma\/wp-content\/uploads\/2020\/04\/artigo_05d.jpg\",\"contentUrl\":\"https:\/\/franciscanos.org.br\/carisma\/wp-content\/uploads\/2020\/04\/artigo_05d.jpg\",\"width\":800,\"height\":600},{\"@type\":\"WebPage\",\"@id\":\"https:\/\/franciscanos.org.br\/carisma\/irmas-clarissas-elementos-de-formacao-v.html#webpage\",\"url\":\"https:\/\/franciscanos.org.br\/carisma\/irmas-clarissas-elementos-de-formacao-v.html\",\"name\":\"Irm\u00e3s Clarissas - Elementos de Forma\u00e7\u00e3o - V - Carisma - Franciscanos\",\"isPartOf\":{\"@id\":\"https:\/\/franciscanos.org.br\/carisma\/#website\"},\"primaryImageOfPage\":{\"@id\":\"https:\/\/franciscanos.org.br\/carisma\/irmas-clarissas-elementos-de-formacao-v.html#primaryimage\"},\"datePublished\":\"2020-04-16T17:28:58+00:00\",\"dateModified\":\"2020-04-16T17:28:58+00:00\",\"author\":{\"@id\":\"https:\/\/franciscanos.org.br\/carisma\/#\/schema\/person\/bf14cae4d2151ab6b6e41d96660f93a2\"},\"breadcrumb\":{\"@id\":\"https:\/\/franciscanos.org.br\/carisma\/irmas-clarissas-elementos-de-formacao-v.html#breadcrumb\"},\"inLanguage\":\"pt-BR\",\"potentialAction\":[{\"@type\":\"ReadAction\",\"target\":[\"https:\/\/franciscanos.org.br\/carisma\/irmas-clarissas-elementos-de-formacao-v.html\"]}]},{\"@type\":\"BreadcrumbList\",\"@id\":\"https:\/\/franciscanos.org.br\/carisma\/irmas-clarissas-elementos-de-formacao-v.html#breadcrumb\",\"itemListElement\":[{\"@type\":\"ListItem\",\"position\":1,\"name\":\"Home\",\"item\":\"https:\/\/franciscanos.org.br\/carisma\"},{\"@type\":\"ListItem\",\"position\":2,\"name\":\"Irm\u00e3s Clarissas &#8211; Elementos de Forma\u00e7\u00e3o &#8211; V\"}]},{\"@type\":\"Person\",\"@id\":\"https:\/\/franciscanos.org.br\/carisma\/#\/schema\/person\/bf14cae4d2151ab6b6e41d96660f93a2\",\"name\":\"moacir\",\"image\":{\"@type\":\"ImageObject\",\"inLanguage\":\"pt-BR\",\"@id\":\"https:\/\/franciscanos.org.br\/carisma\/#\/schema\/person\/image\/\",\"url\":\"https:\/\/secure.gravatar.com\/avatar\/d08aa2ce4c8dd416d4479aa8536fcf64?s=96&d=mm&r=g\",\"contentUrl\":\"https:\/\/secure.gravatar.com\/avatar\/d08aa2ce4c8dd416d4479aa8536fcf64?s=96&d=mm&r=g\",\"caption\":\"moacir\"},\"url\":\"https:\/\/franciscanos.org.br\/carisma\/author\/moacir\"}]}<\/script>\n<!-- \/ Yoast SEO plugin. -->","yoast_head_json":{"title":"Irm\u00e3s Clarissas - Elementos de Forma\u00e7\u00e3o - V - Carisma - Franciscanos","robots":{"index":"index","follow":"follow","max-snippet":"max-snippet:-1","max-image-preview":"max-image-preview:large","max-video-preview":"max-video-preview:-1"},"canonical":"https:\/\/franciscanos.org.br\/carisma\/irmas-clarissas-elementos-de-formacao-v.html","og_locale":"pt_BR","og_type":"article","og_title":"Irm\u00e3s Clarissas - Elementos de Forma\u00e7\u00e3o - V - Carisma - Franciscanos","og_description":"Medita\u00e7\u00e3o de Frei Almir Guimar\u00e3es","og_url":"https:\/\/franciscanos.org.br\/carisma\/irmas-clarissas-elementos-de-formacao-v.html","og_site_name":"Carisma - Franciscanos","article_published_time":"2020-04-16T17:28:58+00:00","og_image":[{"width":800,"height":600,"url":"https:\/\/franciscanos.org.br\/carisma\/wp-content\/uploads\/2020\/04\/artigo_05d.jpg","type":"image\/jpeg"}],"author":"moacir","twitter_card":"summary_large_image","twitter_misc":{"Escrito por":"moacir","Est. tempo de leitura":"6 minutos"},"schema":{"@context":"https:\/\/schema.org","@graph":[{"@type":"WebSite","@id":"https:\/\/franciscanos.org.br\/carisma\/#website","url":"https:\/\/franciscanos.org.br\/carisma\/","name":"Carisma - Franciscanos","description":"Prov\u00edncia Franciscana da Imaculada Concei\u00e7\u00e3o do Brasil - Ordem dos Frades Menores","potentialAction":[{"@type":"SearchAction","target":{"@type":"EntryPoint","urlTemplate":"https:\/\/franciscanos.org.br\/carisma\/?s={search_term_string}"},"query-input":"required name=search_term_string"}],"inLanguage":"pt-BR"},{"@type":"ImageObject","inLanguage":"pt-BR","@id":"https:\/\/franciscanos.org.br\/carisma\/irmas-clarissas-elementos-de-formacao-v.html#primaryimage","url":"https:\/\/franciscanos.org.br\/carisma\/wp-content\/uploads\/2020\/04\/artigo_05d.jpg","contentUrl":"https:\/\/franciscanos.org.br\/carisma\/wp-content\/uploads\/2020\/04\/artigo_05d.jpg","width":800,"height":600},{"@type":"WebPage","@id":"https:\/\/franciscanos.org.br\/carisma\/irmas-clarissas-elementos-de-formacao-v.html#webpage","url":"https:\/\/franciscanos.org.br\/carisma\/irmas-clarissas-elementos-de-formacao-v.html","name":"Irm\u00e3s Clarissas - Elementos de Forma\u00e7\u00e3o - V - Carisma - Franciscanos","isPartOf":{"@id":"https:\/\/franciscanos.org.br\/carisma\/#website"},"primaryImageOfPage":{"@id":"https:\/\/franciscanos.org.br\/carisma\/irmas-clarissas-elementos-de-formacao-v.html#primaryimage"},"datePublished":"2020-04-16T17:28:58+00:00","dateModified":"2020-04-16T17:28:58+00:00","author":{"@id":"https:\/\/franciscanos.org.br\/carisma\/#\/schema\/person\/bf14cae4d2151ab6b6e41d96660f93a2"},"breadcrumb":{"@id":"https:\/\/franciscanos.org.br\/carisma\/irmas-clarissas-elementos-de-formacao-v.html#breadcrumb"},"inLanguage":"pt-BR","potentialAction":[{"@type":"ReadAction","target":["https:\/\/franciscanos.org.br\/carisma\/irmas-clarissas-elementos-de-formacao-v.html"]}]},{"@type":"BreadcrumbList","@id":"https:\/\/franciscanos.org.br\/carisma\/irmas-clarissas-elementos-de-formacao-v.html#breadcrumb","itemListElement":[{"@type":"ListItem","position":1,"name":"Home","item":"https:\/\/franciscanos.org.br\/carisma"},{"@type":"ListItem","position":2,"name":"Irm\u00e3s Clarissas &#8211; Elementos de Forma\u00e7\u00e3o &#8211; V"}]},{"@type":"Person","@id":"https:\/\/franciscanos.org.br\/carisma\/#\/schema\/person\/bf14cae4d2151ab6b6e41d96660f93a2","name":"moacir","image":{"@type":"ImageObject","inLanguage":"pt-BR","@id":"https:\/\/franciscanos.org.br\/carisma\/#\/schema\/person\/image\/","url":"https:\/\/secure.gravatar.com\/avatar\/d08aa2ce4c8dd416d4479aa8536fcf64?s=96&d=mm&r=g","contentUrl":"https:\/\/secure.gravatar.com\/avatar\/d08aa2ce4c8dd416d4479aa8536fcf64?s=96&d=mm&r=g","caption":"moacir"},"url":"https:\/\/franciscanos.org.br\/carisma\/author\/moacir"}]}},"_links":{"self":[{"href":"https:\/\/franciscanos.org.br\/carisma\/wp-json\/wp\/v2\/posts\/176905"}],"collection":[{"href":"https:\/\/franciscanos.org.br\/carisma\/wp-json\/wp\/v2\/posts"}],"about":[{"href":"https:\/\/franciscanos.org.br\/carisma\/wp-json\/wp\/v2\/types\/post"}],"author":[{"embeddable":true,"href":"https:\/\/franciscanos.org.br\/carisma\/wp-json\/wp\/v2\/users\/3"}],"replies":[{"embeddable":true,"href":"https:\/\/franciscanos.org.br\/carisma\/wp-json\/wp\/v2\/comments?post=176905"}],"version-history":[{"count":1,"href":"https:\/\/franciscanos.org.br\/carisma\/wp-json\/wp\/v2\/posts\/176905\/revisions"}],"predecessor-version":[{"id":176908,"href":"https:\/\/franciscanos.org.br\/carisma\/wp-json\/wp\/v2\/posts\/176905\/revisions\/176908"}],"wp:featuredmedia":[{"embeddable":true,"href":"https:\/\/franciscanos.org.br\/carisma\/wp-json\/wp\/v2\/media\/176907"}],"wp:attachment":[{"href":"https:\/\/franciscanos.org.br\/carisma\/wp-json\/wp\/v2\/media?parent=176905"}],"wp:term":[{"taxonomy":"category","embeddable":true,"href":"https:\/\/franciscanos.org.br\/carisma\/wp-json\/wp\/v2\/categories?post=176905"},{"taxonomy":"post_tag","embeddable":true,"href":"https:\/\/franciscanos.org.br\/carisma\/wp-json\/wp\/v2\/tags?post=176905"}],"curies":[{"name":"wp","href":"https:\/\/api.w.org\/{rel}","templated":true}]}}