{"id":176901,"date":"2020-04-16T14:20:08","date_gmt":"2020-04-16T17:20:08","guid":{"rendered":"https:\/\/franciscanos.org.br\/carisma\/?p=176901"},"modified":"2020-04-16T14:20:08","modified_gmt":"2020-04-16T17:20:08","slug":"irmas-clarissas-elementos-de-formacao-iv","status":"publish","type":"post","link":"https:\/\/franciscanos.org.br\/carisma\/irmas-clarissas-elementos-de-formacao-iv.html","title":{"rendered":"Irm\u00e3s Clarissas &#8211; Elementos de\u00a0 Forma\u00e7\u00e3o &#8211; IV"},"content":{"rendered":"<p><strong><img loading=\"lazy\" class=\"alignnone size-full wp-image-176902\" src=\"https:\/\/franciscanos.org.br\/carisma\/wp-content\/uploads\/2020\/04\/artigo_04.jpg\" alt=\"\" width=\"840\" height=\"439\" srcset=\"https:\/\/franciscanos.org.br\/carisma\/wp-content\/uploads\/2020\/04\/artigo_04.jpg 840w, https:\/\/franciscanos.org.br\/carisma\/wp-content\/uploads\/2020\/04\/artigo_04-450x235.jpg 450w, https:\/\/franciscanos.org.br\/carisma\/wp-content\/uploads\/2020\/04\/artigo_04-768x401.jpg 768w, https:\/\/franciscanos.org.br\/carisma\/wp-content\/uploads\/2020\/04\/artigo_04-150x78.jpg 150w\" sizes=\"(max-width: 840px) 100vw, 840px\" \/><\/strong><\/p>\n<p><strong>JESUS\u00a0 RESSUSCITOU! &#8211; Abriu-se uma brecha<\/strong><\/p>\n<p><strong>\u00a0<\/strong><em>O tema da ressurrei\u00e7\u00e3o\u00a0 do Senhor \u00e9 fundamental.\u00a0 Se\u00a0 Cristo n\u00e3o ressuscitou todo\u00a0 o edif\u00edcio da f\u00e9 desmorona.\u00a0\u00a0 Paul\u00a0 Gh\u00e9rin,\u00a0 num antigo n\u00famero da extinta revista F\u00eates et Saisons\u00a0 (fev.1982), fala\u00a0 da ressurei\u00e7\u00e3o do\u00a0 Senhor como um brecha, uma abertura,\u00a0 uma fenda.<\/em><strong>\u00a0 \u00a0 \u00a0 \u00a0\u00a0<\/strong><\/p>\n<p><strong>\u00a0<\/strong>Jesus\u00a0 ressuscitou! O que isso quer dizer?\u00a0 Percorrendo os evangelhos e as cartas de S\u00e3o Paulo n\u00e3o deparamos com\u00a0 nenhuma descri\u00e7\u00e3o do\u00a0 momento \u00a0\u00a0da \u00a0ressurrei\u00e7\u00e3o.\u00a0 Esses documentos\u00a0\u00a0 falam de apari\u00e7\u00f5es e mencionam o t\u00famulo\u00a0 vazio.\u00a0 As duas primeiras gera\u00e7\u00f5es de crist\u00e3os que testemunharam que\u00a0 Jesus estava vivo, fizeram-no\u00a0 em\u00a0 fun\u00e7\u00e3o de\u00a0 responder a \u00a0interroga\u00e7\u00f5es\u00a0 que lhes eram feitas, ataques que lhes eram dirigidos e problemas\u00a0 debatidos no interior\u00a0 das comunidades.\u00a0 Quando aparece a acusa\u00e7\u00e3o de que os disc\u00edpulos\u00a0 haviam roubado o cad\u00e1ver de Jesus, falam de soldados\u00a0 que guardavam o t\u00famulo.\u00a0 Quando se\u00a0 levantou a hip\u00f3tese\u00a0 que os crist\u00e3os estariam sendo\u00a0 v\u00edtimas de alucina\u00e7\u00f5es, lembrar\u00e3o as chagas no corpo do\u00a0 Ressuscitado.\u00a0 Quando se afirmava\u00a0 que\u00a0 Jesus estava em Deus apenas com apar\u00eancia humana\u00a0 os escritores haver\u00e3o de mostr\u00e1-lo\u00a0 partilhando as refei\u00e7\u00f5es\u00a0 com os ap\u00f3stolos.<\/p>\n<p>A literatura, \u00a0na \u00e9poca de Jesus, \u00a0\u00a0alude a pessoas que morreram e retomaram a vida\u00a0 como fora\u00a0\u00a0 o caso de L\u00e1zaro. Neste caso, \u00a0tratava-se da reanima\u00e7\u00e3o,\u00a0 retorno\u00a0 \u00e0 vida\u00a0 que precedeu \u00e0 morte.\u00a0\u00a0 Jesus\u00a0 n\u00e3o retomou a vida que tinha\u00a0 anteriormente,\u00a0 mas entrou\u00a0\u00a0 numa exist\u00eancia nova,\u00a0 a pr\u00f3pria exist\u00eancia de\u00a0 Deus.<\/p>\n<p>Muitos judeus esperavam\u00a0 para o fim dos tempos a ressurrei\u00e7\u00e3o dos justos.\u00a0 Os ap\u00f3stolos anunciam que\u00a0 Jesus inaugurou esta nova era.\u00a0 Para eles, afirmar que\u00a0 Jesus ressuscitou\u00a0 quer dizer que a hist\u00f3ria do mundo pendeu\u00a0 para a vertente de Deus.\u00a0 Come\u00e7ou\u00a0 uma\u00a0 nova cria\u00e7\u00e3o e um mundo novo toma o lugar do mundo velho.<\/p>\n<p>Esta humanidade, renascida de Jesus, havia inaugurado por\u00a0 sua luminosa maneira de viver: cada p\u00e1gina\u00a0 do evangelho\u00a0 conserva ainda seu esplendor.\u00a0 Penetrou a vida humana naquilo que ela tem de mais profundo,\u00a0 abrindo-a \u00a0para o ar puro de Deus.\u00a0 Mostrou a riqueza dos pobres, a mis\u00e9ria dos ricos, a agilidade dos paral\u00edticos, a alegria dos que choram,\u00a0 a pat\u00e9tica bem-aventuran\u00e7a\u00a0 dos que s\u00e3o\u00a0 torturados\u00a0 e os movimentos de inveja, de \u00f3dios e de todos medos surdos que foram se organizando contra ele.\u00a0\u00a0 Sinal\u00a0 de fracasso?\u00a0\u00a0 \u201cDeus o ressuscitou\u201d,\u00a0 declarou Pedro.\u00a0 Esta f\u00e9 significa\u00a0 que\u00a0 Deus\u00a0 n\u00e3o abandonou o justo esmagado e que\u00a0 Jesus est\u00e1 na plenitude da vida,\u00a0 na gl\u00f3ria.<\/p>\n<p>Costumamos, por vezes, projetar na consci\u00eancia dos ap\u00f3stolos\u00a0 de Jesus nossos questionamentos,\u00a0 preocupa\u00e7\u00f5es e abordagens das coisas\u00a0 sem levar em conta o contexto e universo\u00a0 deles. Eles\u00a0 simplesmente ignoravam\u00a0 o mundo cient\u00edfico e t\u00e9cnico no qual \u00a0\u00a0n\u00f3s estamos imersos. Esperavam ardentemente\u00a0 o surgimento de um outro mundo.<\/p>\n<p>De repente, um fogo come\u00e7ou a se alastrar na sociedade das margens do lago de Tiber\u00edades at\u00e9 a esplanada do Templo\u00a0 em Jerusal\u00e9m. Esse homem bem parecia o herdeiro\u00a0 de uma espera secular\u00a0 e ao mesmo tempo\u00a0 perturbava essa espera. Parecia que tinha vindo de um <em>Alhures<\/em>, \u00a0mas situava-se\u00a0 no cora\u00e7\u00e3o da vida mais cotidiana e da qual tirava um gosto de\u00a0 viver\u00a0 desconhecido.\u00a0 O relacionamento do homem com o homem e do homem com Deus encontravam-se profundamente\u00a0 transformados. Esse mundo novo t\u00e3o, desejado\u00a0 n\u00e3o\u00a0 estaria se despertando e nascendo nos\u00a0 sulcos do velho mundo? Quem teria vivido como ele?\u00a0 Quem morreu como ele? Ele convidava \u00e0 f\u00e9.\u00a0 Propunha que o\u00a0 homem\u00a0 desse\u00a0 grandes passos\u00a0 em frente:\u00a0 amar,\u00a0 amar os inimigos, \u00a0de pressionar a ousadia\u00a0 de se crer amado por Deus de tentar\u00a0 pagar-lhe com a mesma moeda,\u00a0 aceitar de estar sempre reconciliado\u00a0 pelo amor.<\/p>\n<p>\u201cJesus vivo\u201d,\u00a0 \u201cJesus ressuscitado\u201d, quaisquer que possam ser\u00a0 as express\u00f5es preferidas\u00a0 pelos primeiros crist\u00e3os,\u00a0 consistiam em dizer que o caminho de Jesus era o mesmo de Deus, o caminho\u00a0 das realiza\u00e7\u00f5es\u00a0 supremas.\u00a0\u00a0 Cuidado!!! N\u00e3o se acredita na ressurrei\u00e7\u00e3o \u00a0de Jesus sem a f\u00e9 em tudo\u00a0 o que foi sua\u00a0 vida.\u00a0 Seria\u00a0 neg\u00e1-lo mais uma vez, mat\u00e1-lo\u00a0 ainda.\u00a0 \u00c9 o mesmo\u00a0 Jesus\u00a0 que irrompeu na gl\u00f3ria\u00a0 de Deus e\u00a0 que \u00a0transformou a vida humana.\u00a0 N\u00e3o acreditamos de verdade em sua exist\u00eancia de Ressuscitado se n\u00e3o empenharmos todas as nossas for\u00e7as\u00a0 para fazer nossa sua maneira de viver, ao longo do\u00a0 Evangelho.<\/p>\n<p>A f\u00e9 na ressurrei\u00e7\u00e3o de Cristo n\u00e3o consiste apenas em proclamar a vida celeste de\u00a0 Jesus.\u00a0 N\u00e3o\u00a0 \u00e9 apenas uma afirma\u00e7\u00e3o tranquilizante\u00a0 que\u00a0 nos dispensaria de lutar para mudar nossa vida ou\u00a0 simplesmente a vida.\u00a0\u00a0 Para poder\u00a0 dizer com toda verdade:\u00a0 \u201cCreio em\u00a0 Jesus ressuscitado\u201d\u00a0 ser\u00e1 preciso\u00a0 correr o\u00a0 risco de viver a partir do\u00a0 Evangelho,\u00a0 colaborou \u00a0com coragem no mundo novo que ele abriu.\u00a0 A ressurrei\u00e7\u00e3o de Jesus\u00a0 n\u00e3o nos \u00e9 dada\u00a0 como\u00a0 uma dessas\u00a0 c\u00f4modas certezas\u00a0 que\u00a0 fazem parte de nossa exist\u00eancia.\u00a0\u00a0 Como\u00a0 o Evangelho de Jesus, \u00a0ela reclama\u00a0 os dinamismos mais essenciais de\u00a0 nossa vida.\u00a0 A\u00a0 intelig\u00eancia e o cora\u00e7\u00e3o,\u00a0 a lembran\u00e7a e a expectativa, o passado e\u00a0 o porvir\u00a0 n\u00e3o s\u00e3o dissoci\u00e1veis.\u00a0 Trata-se de todo o homem e da luz mais penetrante do universo.<\/p>\n<p>A f\u00e9 dos primeiros crist\u00e3os\u00a0 em Jesus ressuscitado\u00a0 era uma queimadura, uma erup\u00e7\u00e3o,\u00a0 uma brecha. Para n\u00f3s tamb\u00e9m Jesus e seu Evangelho\u00a0 continuam a atravessar\u00a0 parede,\u00a0 abrir t\u00famulos e ressuscitar a\u00a0 humanidade de Deus.<\/p>\n","protected":false},"excerpt":{"rendered":"<p>Medita\u00e7\u00e3o de Frei Almir Guimar\u00e3es<\/p>\n","protected":false},"author":3,"featured_media":176903,"comment_status":"open","ping_status":"open","sticky":false,"template":"","format":"standard","meta":[],"categories":[65],"tags":[110],"yoast_head":"<!-- This site is optimized with the Yoast SEO plugin v19.2 - https:\/\/yoast.com\/wordpress\/plugins\/seo\/ -->\n<title>Irm\u00e3s Clarissas - Elementos de\u00a0 Forma\u00e7\u00e3o - IV - Carisma - Franciscanos<\/title>\n<meta name=\"robots\" content=\"index, follow, max-snippet:-1, max-image-preview:large, max-video-preview:-1\" \/>\n<link rel=\"canonical\" href=\"https:\/\/franciscanos.org.br\/carisma\/irmas-clarissas-elementos-de-formacao-iv.html\" \/>\n<meta property=\"og:locale\" content=\"pt_BR\" \/>\n<meta property=\"og:type\" content=\"article\" \/>\n<meta property=\"og:title\" content=\"Irm\u00e3s Clarissas - Elementos de\u00a0 Forma\u00e7\u00e3o - IV - Carisma - Franciscanos\" \/>\n<meta property=\"og:description\" content=\"Medita\u00e7\u00e3o de Frei Almir Guimar\u00e3es\" \/>\n<meta property=\"og:url\" content=\"https:\/\/franciscanos.org.br\/carisma\/irmas-clarissas-elementos-de-formacao-iv.html\" \/>\n<meta property=\"og:site_name\" content=\"Carisma - Franciscanos\" \/>\n<meta property=\"article:published_time\" content=\"2020-04-16T17:20:08+00:00\" \/>\n<meta property=\"og:image\" content=\"https:\/\/franciscanos.org.br\/carisma\/wp-content\/uploads\/2020\/04\/artigo_04d.jpg\" \/>\n\t<meta property=\"og:image:width\" content=\"800\" \/>\n\t<meta property=\"og:image:height\" content=\"599\" \/>\n\t<meta property=\"og:image:type\" content=\"image\/jpeg\" \/>\n<meta name=\"author\" content=\"moacir\" \/>\n<meta name=\"twitter:card\" content=\"summary_large_image\" \/>\n<meta name=\"twitter:label1\" content=\"Escrito por\" \/>\n\t<meta name=\"twitter:data1\" content=\"moacir\" \/>\n\t<meta name=\"twitter:label2\" content=\"Est. tempo de leitura\" \/>\n\t<meta name=\"twitter:data2\" content=\"5 minutos\" \/>\n<script type=\"application\/ld+json\" class=\"yoast-schema-graph\">{\"@context\":\"https:\/\/schema.org\",\"@graph\":[{\"@type\":\"WebSite\",\"@id\":\"https:\/\/franciscanos.org.br\/carisma\/#website\",\"url\":\"https:\/\/franciscanos.org.br\/carisma\/\",\"name\":\"Carisma - Franciscanos\",\"description\":\"Prov\u00edncia Franciscana da Imaculada Concei\u00e7\u00e3o do Brasil - Ordem dos Frades Menores\",\"potentialAction\":[{\"@type\":\"SearchAction\",\"target\":{\"@type\":\"EntryPoint\",\"urlTemplate\":\"https:\/\/franciscanos.org.br\/carisma\/?s={search_term_string}\"},\"query-input\":\"required name=search_term_string\"}],\"inLanguage\":\"pt-BR\"},{\"@type\":\"ImageObject\",\"inLanguage\":\"pt-BR\",\"@id\":\"https:\/\/franciscanos.org.br\/carisma\/irmas-clarissas-elementos-de-formacao-iv.html#primaryimage\",\"url\":\"https:\/\/franciscanos.org.br\/carisma\/wp-content\/uploads\/2020\/04\/artigo_04d.jpg\",\"contentUrl\":\"https:\/\/franciscanos.org.br\/carisma\/wp-content\/uploads\/2020\/04\/artigo_04d.jpg\",\"width\":800,\"height\":599},{\"@type\":\"WebPage\",\"@id\":\"https:\/\/franciscanos.org.br\/carisma\/irmas-clarissas-elementos-de-formacao-iv.html#webpage\",\"url\":\"https:\/\/franciscanos.org.br\/carisma\/irmas-clarissas-elementos-de-formacao-iv.html\",\"name\":\"Irm\u00e3s Clarissas - Elementos de\u00a0 Forma\u00e7\u00e3o - IV - Carisma - Franciscanos\",\"isPartOf\":{\"@id\":\"https:\/\/franciscanos.org.br\/carisma\/#website\"},\"primaryImageOfPage\":{\"@id\":\"https:\/\/franciscanos.org.br\/carisma\/irmas-clarissas-elementos-de-formacao-iv.html#primaryimage\"},\"datePublished\":\"2020-04-16T17:20:08+00:00\",\"dateModified\":\"2020-04-16T17:20:08+00:00\",\"author\":{\"@id\":\"https:\/\/franciscanos.org.br\/carisma\/#\/schema\/person\/bf14cae4d2151ab6b6e41d96660f93a2\"},\"breadcrumb\":{\"@id\":\"https:\/\/franciscanos.org.br\/carisma\/irmas-clarissas-elementos-de-formacao-iv.html#breadcrumb\"},\"inLanguage\":\"pt-BR\",\"potentialAction\":[{\"@type\":\"ReadAction\",\"target\":[\"https:\/\/franciscanos.org.br\/carisma\/irmas-clarissas-elementos-de-formacao-iv.html\"]}]},{\"@type\":\"BreadcrumbList\",\"@id\":\"https:\/\/franciscanos.org.br\/carisma\/irmas-clarissas-elementos-de-formacao-iv.html#breadcrumb\",\"itemListElement\":[{\"@type\":\"ListItem\",\"position\":1,\"name\":\"Home\",\"item\":\"https:\/\/franciscanos.org.br\/carisma\"},{\"@type\":\"ListItem\",\"position\":2,\"name\":\"Irm\u00e3s Clarissas &#8211; Elementos de\u00a0 Forma\u00e7\u00e3o &#8211; IV\"}]},{\"@type\":\"Person\",\"@id\":\"https:\/\/franciscanos.org.br\/carisma\/#\/schema\/person\/bf14cae4d2151ab6b6e41d96660f93a2\",\"name\":\"moacir\",\"image\":{\"@type\":\"ImageObject\",\"inLanguage\":\"pt-BR\",\"@id\":\"https:\/\/franciscanos.org.br\/carisma\/#\/schema\/person\/image\/\",\"url\":\"https:\/\/secure.gravatar.com\/avatar\/d08aa2ce4c8dd416d4479aa8536fcf64?s=96&d=mm&r=g\",\"contentUrl\":\"https:\/\/secure.gravatar.com\/avatar\/d08aa2ce4c8dd416d4479aa8536fcf64?s=96&d=mm&r=g\",\"caption\":\"moacir\"},\"url\":\"https:\/\/franciscanos.org.br\/carisma\/author\/moacir\"}]}<\/script>\n<!-- \/ Yoast SEO plugin. -->","yoast_head_json":{"title":"Irm\u00e3s Clarissas - Elementos de\u00a0 Forma\u00e7\u00e3o - IV - Carisma - Franciscanos","robots":{"index":"index","follow":"follow","max-snippet":"max-snippet:-1","max-image-preview":"max-image-preview:large","max-video-preview":"max-video-preview:-1"},"canonical":"https:\/\/franciscanos.org.br\/carisma\/irmas-clarissas-elementos-de-formacao-iv.html","og_locale":"pt_BR","og_type":"article","og_title":"Irm\u00e3s Clarissas - Elementos de\u00a0 Forma\u00e7\u00e3o - IV - Carisma - Franciscanos","og_description":"Medita\u00e7\u00e3o de Frei Almir Guimar\u00e3es","og_url":"https:\/\/franciscanos.org.br\/carisma\/irmas-clarissas-elementos-de-formacao-iv.html","og_site_name":"Carisma - Franciscanos","article_published_time":"2020-04-16T17:20:08+00:00","og_image":[{"width":800,"height":599,"url":"https:\/\/franciscanos.org.br\/carisma\/wp-content\/uploads\/2020\/04\/artigo_04d.jpg","type":"image\/jpeg"}],"author":"moacir","twitter_card":"summary_large_image","twitter_misc":{"Escrito por":"moacir","Est. tempo de leitura":"5 minutos"},"schema":{"@context":"https:\/\/schema.org","@graph":[{"@type":"WebSite","@id":"https:\/\/franciscanos.org.br\/carisma\/#website","url":"https:\/\/franciscanos.org.br\/carisma\/","name":"Carisma - Franciscanos","description":"Prov\u00edncia Franciscana da Imaculada Concei\u00e7\u00e3o do Brasil - Ordem dos Frades Menores","potentialAction":[{"@type":"SearchAction","target":{"@type":"EntryPoint","urlTemplate":"https:\/\/franciscanos.org.br\/carisma\/?s={search_term_string}"},"query-input":"required name=search_term_string"}],"inLanguage":"pt-BR"},{"@type":"ImageObject","inLanguage":"pt-BR","@id":"https:\/\/franciscanos.org.br\/carisma\/irmas-clarissas-elementos-de-formacao-iv.html#primaryimage","url":"https:\/\/franciscanos.org.br\/carisma\/wp-content\/uploads\/2020\/04\/artigo_04d.jpg","contentUrl":"https:\/\/franciscanos.org.br\/carisma\/wp-content\/uploads\/2020\/04\/artigo_04d.jpg","width":800,"height":599},{"@type":"WebPage","@id":"https:\/\/franciscanos.org.br\/carisma\/irmas-clarissas-elementos-de-formacao-iv.html#webpage","url":"https:\/\/franciscanos.org.br\/carisma\/irmas-clarissas-elementos-de-formacao-iv.html","name":"Irm\u00e3s Clarissas - Elementos de\u00a0 Forma\u00e7\u00e3o - IV - Carisma - Franciscanos","isPartOf":{"@id":"https:\/\/franciscanos.org.br\/carisma\/#website"},"primaryImageOfPage":{"@id":"https:\/\/franciscanos.org.br\/carisma\/irmas-clarissas-elementos-de-formacao-iv.html#primaryimage"},"datePublished":"2020-04-16T17:20:08+00:00","dateModified":"2020-04-16T17:20:08+00:00","author":{"@id":"https:\/\/franciscanos.org.br\/carisma\/#\/schema\/person\/bf14cae4d2151ab6b6e41d96660f93a2"},"breadcrumb":{"@id":"https:\/\/franciscanos.org.br\/carisma\/irmas-clarissas-elementos-de-formacao-iv.html#breadcrumb"},"inLanguage":"pt-BR","potentialAction":[{"@type":"ReadAction","target":["https:\/\/franciscanos.org.br\/carisma\/irmas-clarissas-elementos-de-formacao-iv.html"]}]},{"@type":"BreadcrumbList","@id":"https:\/\/franciscanos.org.br\/carisma\/irmas-clarissas-elementos-de-formacao-iv.html#breadcrumb","itemListElement":[{"@type":"ListItem","position":1,"name":"Home","item":"https:\/\/franciscanos.org.br\/carisma"},{"@type":"ListItem","position":2,"name":"Irm\u00e3s Clarissas &#8211; Elementos de\u00a0 Forma\u00e7\u00e3o &#8211; IV"}]},{"@type":"Person","@id":"https:\/\/franciscanos.org.br\/carisma\/#\/schema\/person\/bf14cae4d2151ab6b6e41d96660f93a2","name":"moacir","image":{"@type":"ImageObject","inLanguage":"pt-BR","@id":"https:\/\/franciscanos.org.br\/carisma\/#\/schema\/person\/image\/","url":"https:\/\/secure.gravatar.com\/avatar\/d08aa2ce4c8dd416d4479aa8536fcf64?s=96&d=mm&r=g","contentUrl":"https:\/\/secure.gravatar.com\/avatar\/d08aa2ce4c8dd416d4479aa8536fcf64?s=96&d=mm&r=g","caption":"moacir"},"url":"https:\/\/franciscanos.org.br\/carisma\/author\/moacir"}]}},"_links":{"self":[{"href":"https:\/\/franciscanos.org.br\/carisma\/wp-json\/wp\/v2\/posts\/176901"}],"collection":[{"href":"https:\/\/franciscanos.org.br\/carisma\/wp-json\/wp\/v2\/posts"}],"about":[{"href":"https:\/\/franciscanos.org.br\/carisma\/wp-json\/wp\/v2\/types\/post"}],"author":[{"embeddable":true,"href":"https:\/\/franciscanos.org.br\/carisma\/wp-json\/wp\/v2\/users\/3"}],"replies":[{"embeddable":true,"href":"https:\/\/franciscanos.org.br\/carisma\/wp-json\/wp\/v2\/comments?post=176901"}],"version-history":[{"count":1,"href":"https:\/\/franciscanos.org.br\/carisma\/wp-json\/wp\/v2\/posts\/176901\/revisions"}],"predecessor-version":[{"id":176904,"href":"https:\/\/franciscanos.org.br\/carisma\/wp-json\/wp\/v2\/posts\/176901\/revisions\/176904"}],"wp:featuredmedia":[{"embeddable":true,"href":"https:\/\/franciscanos.org.br\/carisma\/wp-json\/wp\/v2\/media\/176903"}],"wp:attachment":[{"href":"https:\/\/franciscanos.org.br\/carisma\/wp-json\/wp\/v2\/media?parent=176901"}],"wp:term":[{"taxonomy":"category","embeddable":true,"href":"https:\/\/franciscanos.org.br\/carisma\/wp-json\/wp\/v2\/categories?post=176901"},{"taxonomy":"post_tag","embeddable":true,"href":"https:\/\/franciscanos.org.br\/carisma\/wp-json\/wp\/v2\/tags?post=176901"}],"curies":[{"name":"wp","href":"https:\/\/api.w.org\/{rel}","templated":true}]}}