{"id":176897,"date":"2020-04-16T11:57:02","date_gmt":"2020-04-16T14:57:02","guid":{"rendered":"https:\/\/franciscanos.org.br\/carisma\/?p=176897"},"modified":"2020-04-16T11:57:02","modified_gmt":"2020-04-16T14:57:02","slug":"irmas-clarissas-elementos-de-formacao-iii","status":"publish","type":"post","link":"https:\/\/franciscanos.org.br\/carisma\/irmas-clarissas-elementos-de-formacao-iii.html","title":{"rendered":"Irm\u00e3s Clarissas &#8211; Elementos de Forma\u00e7\u00e3o &#8211; III"},"content":{"rendered":"<p><img loading=\"lazy\" class=\"alignnone size-full wp-image-176899\" src=\"https:\/\/franciscanos.org.br\/carisma\/wp-content\/uploads\/2020\/04\/artigo_03.jpg\" alt=\"\" width=\"840\" height=\"631\" srcset=\"https:\/\/franciscanos.org.br\/carisma\/wp-content\/uploads\/2020\/04\/artigo_03.jpg 840w, https:\/\/franciscanos.org.br\/carisma\/wp-content\/uploads\/2020\/04\/artigo_03-450x338.jpg 450w, https:\/\/franciscanos.org.br\/carisma\/wp-content\/uploads\/2020\/04\/artigo_03-768x577.jpg 768w, https:\/\/franciscanos.org.br\/carisma\/wp-content\/uploads\/2020\/04\/artigo_03-150x113.jpg 150w\" sizes=\"(max-width: 840px) 100vw, 840px\" \/><\/p>\n<p><strong>EMA\u00daS:\u00a0 FASCINANTE E INESQUECIVEL<\/strong><\/p>\n<p><strong>\u00a0<\/strong><strong>\u201cAcreditei\u00a0 que\u00a0 minha lareira estava apagada, revolvi as cinzas e queimei a\u00a0 m\u00e3o\u201d\u00a0 (Ant\u00f4nio Machado)<\/strong><\/p>\n<p><strong>\u00a0<\/strong><strong>Lucas\u00a0\u00a0 24, 13-35<\/strong><\/p>\n<p><strong>\u00a0<\/strong><em>No meio de v\u00f3s est\u00e1 algu\u00e9m que\u00a0 n\u00e3o conheceis.<\/em><\/p>\n<p>Jo\u00e3o 1, 26<\/p>\n<p><strong><em>\u00a0<\/em><\/strong><em>A\u00a0 presen\u00e7a do\u00a0 Ressuscitado \u00e9 invis\u00edvel e silenciosa.\u00a0 Torna-se vis\u00edvel no rosto de um desconhecido, de um peregrino que se torna companheiro improvisado de caminho e fala atrav\u00e9s da\u00a0 Escritura. A B\u00edblia e o outro homem, a Palavra \u00a0de Deus contida nas\u00a0 Escrituras e o rosto do outro, sobretudo do estranho e do pobre, \u00a0\u00a0s\u00e3o lugares por excel\u00eancia\u00a0 em que a Presen\u00e7a do Ressuscitado pode encontrar-nos,\u00a0 recordando-nos o mandamento evang\u00e9lico:\u00a0 ama Deus e o teu pr\u00f3ximo.<\/em><\/p>\n<p><strong>Luciano Manicardi<\/strong><\/p>\n<p><em>\u00a0<\/em> \u00a0\u00a0\u00a0\u00a0\u00a0\u00a0\u00a0\u00a0\u00a0\u00a0 Nos\u00a0 dias\u00a0 da semana santa e no tempo pascal somos\u00a0 convidados a percorrer um caminho que vai\u00a0 de\u00a0 Jerusal\u00e9m at\u00e9\u00a0 vilarejo \u00a0conhecido\u00a0 pelo nome de Ema\u00fas.\u00a0 Um caminho curto de poucos quil\u00f4metros.\u00a0 N\u00e3o propriamente uma estrada.\u00a0 Queremos tentar ver e escutar, avaliar e discernir.\u00a0 Dois\u00a0 homens acabrunhados e um encantador\u00a0 peregrino\u00a0 que \u00a0se associa ao caminho\u00a0 e n\u00e3o declina o nome.\u00a0 Semana santa e tempo pascal.\u00a0 Tempo de\u00a0 visitar a estalagem de\u00a0 Ema\u00fas, mesmo\u00a0 com o isolamento decretado devido a um tempo de prova\u00e7\u00e3o.<\/p>\n<p>\u201cDois disc\u00edpulos de\u00a0 Jesus se afastam de Jerusal\u00e9m, abandonando o grupo dos seguidores que\u00a0 fora se formando\u00a0 em torno de Jesus.\u00a0 Morto este, \u00a0o grupo vai se desfazendo. Sem ele n\u00e3o tem sentido continuar reunidos. O sonho se desvaneceu. Ao morrer\u00a0 Jesus, morre tamb\u00e9m a esperan\u00e7a que ele havia\u00a0 despertado em seu cora\u00e7\u00e3o\u201d\u00a0 (<em>Pagola,\u00a0 Lucas,\u00a0 Vozes,\u00a0 p.362<\/em>).<\/p>\n<p>Quantas vezes j\u00e1 celebramos\u00a0 a semana santa!\u00a0\u00a0 Corremos o risco de\u00a0 que as coisas aconte\u00e7am por acontecer.\u00a0 \u00a0Ritos e nada mais. Mecanicamente, rotineiramente.\u00a0 Quantas maneiras de ver o\u00a0 Senhor ressuscitado! Algumas nitidamente ing\u00eanuas.\u00a0 Outras por demais\u00a0 complicadas, fantasiosas e artificiais. Passam os tempos,\u00a0 a vida se esvai\u00a0 e\u00a0 n\u00e3o podemos deixar de viver a gra\u00e7a\u00a0 de\u00a0 estar com o Ressuscitado\u00a0 nesse\u00a0 tempo que se\u00a0 chama vida\u00a0 e dizer, \u00a0\u00a0no\u00a0 regime da f\u00e9, \u00a0que vimos e vemos o\u00a0 Senhor.\u00a0 Estamos em pleno regime da f\u00e9. \u201cComo sois\u00a0 lentos para crer&#8230;\u201d H\u00e1 uma pergunta a ser respondida: Onde e como a presen\u00e7a do\u00a0 Ressuscitado pode nos encontrar?<\/p>\n<p>Cl\u00e9ofas e seu companheiro\u00a0 talvez\u00a0 tenham estado\u00a0 a poucos metros\u00a0 do local onde\u00a0 \u201cDeus morreu\u201d,\u00a0 num\u00a0 louco\u00a0 desfecho de amor e\u00a0 no mais denso abandono.\u00a0\u00a0 Os dois\u00a0 deixam o cen\u00e1rio.\u00a0 D\u00e3o as costas a Jerusal\u00e9m.\u00a0 V\u00e3o na dire\u00e7\u00e3o de um\u00a0 vilarejo\u00a0 que ficou para sempre no cora\u00e7\u00e3o dos\u00a0 disc\u00edpulos de Jesus,\u00a0 Ema\u00fas. Um caminho,\u00a0 liso ou n\u00e3o, seco ou molhado.\u00a0 Talvez outros peregrinos e peregrinas voltando de\u00a0 Jerusal\u00e9m\u00a0 um pouco \u00e0 frente,\u00a0 um pouco atr\u00e1s. Os dois caminhavam pausadamente, falando pouco ou nada. Nesses momentos de aperto do\u00eddo do\u00a0 cora\u00e7\u00e3o a\u00a0 gente costuma falar para si mesmo.\u00a0 Um di\u00e1logo que \u00e9 mais mon\u00f3logo.\u00a0 Sem falar e sem chorar a dor sufoca.<\/p>\n<p>Um peregrino\u00a0 desconhecido mostra-se\u00a0 interessado em conversar com os dois, esses dois \u00a0com a decep\u00e7\u00e3o \u00a0cavada no semblante. Esperavam e nada havia acontecido&#8230; O\u00a0 desconhecido\u00a0 tem vontade conversar\u00a0 com eles. Seus olhos\u00a0 n\u00e3o\u00a0 conseguiam\u00a0 ver naquele homem nada al\u00e9m de\u00a0\u00a0 peregrino meio desinformado dos acontecimentos&#8230; Nada mais&#8230;<\/p>\n<p>E era ele, aqueles que eles pensavam estar morto&#8230; Ali estava. O peregrino evoca as Escrituras&#8230; Era fundamental\u00a0 dar cr\u00e9dito\u00a0 \u00e0s\u00a0 Escrituras&#8230; Faz\u00ea-las arder dentro do cora\u00e7\u00e3o. Crer que o Alt\u00edssimo estava acompanhando os passos da humanidade&#8230;\u00a0 Desfilaram evoca\u00e7\u00f5es e evoca\u00e7\u00f5es&#8230;. Abra\u00e3o,\u00a0 Mois\u00e9s, Davi, promessas,\u00a0 um servo&#8230; esperan\u00e7a&#8230; ele vem&#8230;. Cl\u00e9ofas e seu companheiro\u00a0 poderiam evitar\u00a0 esse rosto\u00a0 triste se tivessem\u00a0 acolhido\u00a0 mais profundamente \u00a0em seu cora\u00e7\u00e3o a\u00a0 Palavra.<\/p>\n<p>\u201cA\u00a0 inten\u00e7\u00e3o do narrador \u00e9 clara:\u00a0 Jesus se aproxima\u00a0 quando os disc\u00edpulos o recordam e\u00a0 falam dele.\u00a0 Torna-se\u00a0 presente ali onde se comenta\u00a0 o seu Evangelho,\u00a0 onde h\u00e1 interesse por sua\u00a0 mensagem, onde se conversa sobre seu estilo de vida e seu projeto. N\u00e3o est\u00e1\u00a0 Jesus\u00a0 t\u00e3o ausente entre n\u00f3s porque falamos pouco dele?\u201d\u00a0 (<em>Pagola,\u00a0 Lucas, p.362<\/em>).<\/p>\n<p>\u201cEsse\u00a0 \u201cacendedor\u201d\u00a0 de ardor amea\u00e7a ir embora.\u00a0\u00a0 Sua miss\u00e3o havia terminado.\u00a0\u00a0 Cle\u00f3fas e seu companheiro\u00a0 pedem, no entanto, que ele se digne de\u00a0 entrar na pousada&#8230;\u00a0 \u00c9 tarde e\u00a0 a noite desce.\u00a0 H\u00e1 uma s\u00faplica \u00a0deles que vivemos repetindo:\u00a0 \u201cFica conosco,\u00a0\u00a0 Senhor,\u00a0 porque \u00e9 tarde e o dia\u00a0 vai declinando\u201d.\u00a0 Que ele fique em nossa hist\u00f3ria, nosso mundo,\u00a0 nossa\u00a0 Igreja.\u00a0 Os disc\u00edpulos sentiram\u00a0 que algo come\u00e7ava a arder dentro deles.\u00a0\u00a0 \u00c9 tarde e a vida\u00a0 ia acabando.\u00a0 Chegamos ent\u00e3o ao ponto\u00a0 da refei\u00e7\u00e3o feita em\u00a0 Ema\u00fas.\u00a0 O reconhecimento de\u00a0 Jesus foi preparado pelo \u201cardor\u201d\u00a0 que neles nascera na lembran\u00e7a ou explica\u00e7\u00e3o das Escrituras. Torna-se mais\u00a0 claro na fra\u00e7\u00e3o do p\u00e3o. O convidado toma o lugar principal\u00a0 \u00e0 mesa.\u00a0 Eram os gestos da Ceia!!!E eles o reconhecem&#8230; E o peregrino\u00a0 desaparece diante dos olhos dos dois&#8230;\u00a0 Os olhos se abriram&#8230;o cansa\u00e7o sumiu\u00a0 como\u00a0 um gato assustado. Voltam a Jerusal\u00e9m&#8230; se unem aos outros\u00a0 que por sua vez andam levando ao fundo do cora\u00e7\u00e3o as experi\u00eancias que andaram tendo de\u00a0 Jesus. \u00a0\u201cOs dois contaram o que tinha acontecido no caminho e como tinham\u00a0 reconhecido Jesus a partir do\u00a0 p\u00e3o\u201d.<\/p>\n<p>Tempo pascal.\u00a0 Tempo de aleluias, ainda que com apertos no cora\u00e7\u00e3o, nesse tempo sombrio de dores lancinantes, de medo, de mortes, \u00a0de urnas funer\u00e1rias enfileiradas esperando o sepultamento ou a crema\u00e7\u00e3o terr\u00edvel guerra, de um min\u00fasculo\u00a0 v\u00edrus que fez o mundo e a vida parar. Temos vontade dizer\u00a0 ao Senhor, \u00a0que vive perto de n\u00f3s, que se esconde nas\u00a0 unidade de tratamento intensivo, que atua pelas m\u00e3os de m\u00e9dicos\u00a0 e de her\u00f3is de todo jeito\u00a0 que estamos\u00a0 sofrendo muito e que ele tenha piedade de todos n\u00f3s.<strong>\u00a0<\/strong><\/p>\n<p><strong>No meio de v\u00f3s\u00a0 est\u00e1 algu\u00e9m\u00a0 que\u00a0 n\u00e3o conheceis!<\/strong><strong>\u00a0<\/strong><\/p>\n<p><strong>\u201cAcreditei\u00a0 que minha lareira estava apagada, revolvi as cinzas e queimei a m\u00e3o\u201d.<\/strong><\/p>\n","protected":false},"excerpt":{"rendered":"<p>Medita\u00e7\u00e3o de Frei Almir Guimar\u00e3es<\/p>\n","protected":false},"author":3,"featured_media":176898,"comment_status":"open","ping_status":"open","sticky":false,"template":"","format":"standard","meta":[],"categories":[65],"tags":[110],"yoast_head":"<!-- This site is optimized with the Yoast SEO plugin v19.2 - https:\/\/yoast.com\/wordpress\/plugins\/seo\/ -->\n<title>Irm\u00e3s Clarissas - Elementos de Forma\u00e7\u00e3o - III - Carisma - Franciscanos<\/title>\n<meta name=\"robots\" content=\"index, follow, max-snippet:-1, max-image-preview:large, max-video-preview:-1\" \/>\n<link rel=\"canonical\" href=\"https:\/\/franciscanos.org.br\/carisma\/irmas-clarissas-elementos-de-formacao-iii.html\" \/>\n<meta property=\"og:locale\" content=\"pt_BR\" \/>\n<meta property=\"og:type\" content=\"article\" \/>\n<meta property=\"og:title\" content=\"Irm\u00e3s Clarissas - Elementos de Forma\u00e7\u00e3o - III - Carisma - Franciscanos\" \/>\n<meta property=\"og:description\" content=\"Medita\u00e7\u00e3o de Frei Almir Guimar\u00e3es\" \/>\n<meta property=\"og:url\" content=\"https:\/\/franciscanos.org.br\/carisma\/irmas-clarissas-elementos-de-formacao-iii.html\" \/>\n<meta property=\"og:site_name\" content=\"Carisma - Franciscanos\" \/>\n<meta property=\"article:published_time\" content=\"2020-04-16T14:57:02+00:00\" \/>\n<meta property=\"og:image\" content=\"https:\/\/franciscanos.org.br\/carisma\/wp-content\/uploads\/2020\/04\/artigo_03d.jpg\" \/>\n\t<meta property=\"og:image:width\" content=\"800\" \/>\n\t<meta property=\"og:image:height\" content=\"600\" \/>\n\t<meta property=\"og:image:type\" content=\"image\/jpeg\" \/>\n<meta name=\"author\" content=\"moacir\" \/>\n<meta name=\"twitter:card\" content=\"summary_large_image\" \/>\n<meta name=\"twitter:label1\" content=\"Escrito por\" \/>\n\t<meta name=\"twitter:data1\" content=\"moacir\" \/>\n\t<meta name=\"twitter:label2\" content=\"Est. tempo de leitura\" \/>\n\t<meta name=\"twitter:data2\" content=\"5 minutos\" \/>\n<script type=\"application\/ld+json\" class=\"yoast-schema-graph\">{\"@context\":\"https:\/\/schema.org\",\"@graph\":[{\"@type\":\"WebSite\",\"@id\":\"https:\/\/franciscanos.org.br\/carisma\/#website\",\"url\":\"https:\/\/franciscanos.org.br\/carisma\/\",\"name\":\"Carisma - Franciscanos\",\"description\":\"Prov\u00edncia Franciscana da Imaculada Concei\u00e7\u00e3o do Brasil - Ordem dos Frades Menores\",\"potentialAction\":[{\"@type\":\"SearchAction\",\"target\":{\"@type\":\"EntryPoint\",\"urlTemplate\":\"https:\/\/franciscanos.org.br\/carisma\/?s={search_term_string}\"},\"query-input\":\"required name=search_term_string\"}],\"inLanguage\":\"pt-BR\"},{\"@type\":\"ImageObject\",\"inLanguage\":\"pt-BR\",\"@id\":\"https:\/\/franciscanos.org.br\/carisma\/irmas-clarissas-elementos-de-formacao-iii.html#primaryimage\",\"url\":\"https:\/\/franciscanos.org.br\/carisma\/wp-content\/uploads\/2020\/04\/artigo_03d.jpg\",\"contentUrl\":\"https:\/\/franciscanos.org.br\/carisma\/wp-content\/uploads\/2020\/04\/artigo_03d.jpg\",\"width\":800,\"height\":600},{\"@type\":\"WebPage\",\"@id\":\"https:\/\/franciscanos.org.br\/carisma\/irmas-clarissas-elementos-de-formacao-iii.html#webpage\",\"url\":\"https:\/\/franciscanos.org.br\/carisma\/irmas-clarissas-elementos-de-formacao-iii.html\",\"name\":\"Irm\u00e3s Clarissas - Elementos de Forma\u00e7\u00e3o - III - Carisma - Franciscanos\",\"isPartOf\":{\"@id\":\"https:\/\/franciscanos.org.br\/carisma\/#website\"},\"primaryImageOfPage\":{\"@id\":\"https:\/\/franciscanos.org.br\/carisma\/irmas-clarissas-elementos-de-formacao-iii.html#primaryimage\"},\"datePublished\":\"2020-04-16T14:57:02+00:00\",\"dateModified\":\"2020-04-16T14:57:02+00:00\",\"author\":{\"@id\":\"https:\/\/franciscanos.org.br\/carisma\/#\/schema\/person\/bf14cae4d2151ab6b6e41d96660f93a2\"},\"breadcrumb\":{\"@id\":\"https:\/\/franciscanos.org.br\/carisma\/irmas-clarissas-elementos-de-formacao-iii.html#breadcrumb\"},\"inLanguage\":\"pt-BR\",\"potentialAction\":[{\"@type\":\"ReadAction\",\"target\":[\"https:\/\/franciscanos.org.br\/carisma\/irmas-clarissas-elementos-de-formacao-iii.html\"]}]},{\"@type\":\"BreadcrumbList\",\"@id\":\"https:\/\/franciscanos.org.br\/carisma\/irmas-clarissas-elementos-de-formacao-iii.html#breadcrumb\",\"itemListElement\":[{\"@type\":\"ListItem\",\"position\":1,\"name\":\"Home\",\"item\":\"https:\/\/franciscanos.org.br\/carisma\"},{\"@type\":\"ListItem\",\"position\":2,\"name\":\"Irm\u00e3s Clarissas &#8211; Elementos de Forma\u00e7\u00e3o &#8211; III\"}]},{\"@type\":\"Person\",\"@id\":\"https:\/\/franciscanos.org.br\/carisma\/#\/schema\/person\/bf14cae4d2151ab6b6e41d96660f93a2\",\"name\":\"moacir\",\"image\":{\"@type\":\"ImageObject\",\"inLanguage\":\"pt-BR\",\"@id\":\"https:\/\/franciscanos.org.br\/carisma\/#\/schema\/person\/image\/\",\"url\":\"https:\/\/secure.gravatar.com\/avatar\/d08aa2ce4c8dd416d4479aa8536fcf64?s=96&d=mm&r=g\",\"contentUrl\":\"https:\/\/secure.gravatar.com\/avatar\/d08aa2ce4c8dd416d4479aa8536fcf64?s=96&d=mm&r=g\",\"caption\":\"moacir\"},\"url\":\"https:\/\/franciscanos.org.br\/carisma\/author\/moacir\"}]}<\/script>\n<!-- \/ Yoast SEO plugin. -->","yoast_head_json":{"title":"Irm\u00e3s Clarissas - Elementos de Forma\u00e7\u00e3o - III - Carisma - Franciscanos","robots":{"index":"index","follow":"follow","max-snippet":"max-snippet:-1","max-image-preview":"max-image-preview:large","max-video-preview":"max-video-preview:-1"},"canonical":"https:\/\/franciscanos.org.br\/carisma\/irmas-clarissas-elementos-de-formacao-iii.html","og_locale":"pt_BR","og_type":"article","og_title":"Irm\u00e3s Clarissas - Elementos de Forma\u00e7\u00e3o - III - Carisma - Franciscanos","og_description":"Medita\u00e7\u00e3o de Frei Almir Guimar\u00e3es","og_url":"https:\/\/franciscanos.org.br\/carisma\/irmas-clarissas-elementos-de-formacao-iii.html","og_site_name":"Carisma - Franciscanos","article_published_time":"2020-04-16T14:57:02+00:00","og_image":[{"width":800,"height":600,"url":"https:\/\/franciscanos.org.br\/carisma\/wp-content\/uploads\/2020\/04\/artigo_03d.jpg","type":"image\/jpeg"}],"author":"moacir","twitter_card":"summary_large_image","twitter_misc":{"Escrito por":"moacir","Est. tempo de leitura":"5 minutos"},"schema":{"@context":"https:\/\/schema.org","@graph":[{"@type":"WebSite","@id":"https:\/\/franciscanos.org.br\/carisma\/#website","url":"https:\/\/franciscanos.org.br\/carisma\/","name":"Carisma - Franciscanos","description":"Prov\u00edncia Franciscana da Imaculada Concei\u00e7\u00e3o do Brasil - Ordem dos Frades Menores","potentialAction":[{"@type":"SearchAction","target":{"@type":"EntryPoint","urlTemplate":"https:\/\/franciscanos.org.br\/carisma\/?s={search_term_string}"},"query-input":"required name=search_term_string"}],"inLanguage":"pt-BR"},{"@type":"ImageObject","inLanguage":"pt-BR","@id":"https:\/\/franciscanos.org.br\/carisma\/irmas-clarissas-elementos-de-formacao-iii.html#primaryimage","url":"https:\/\/franciscanos.org.br\/carisma\/wp-content\/uploads\/2020\/04\/artigo_03d.jpg","contentUrl":"https:\/\/franciscanos.org.br\/carisma\/wp-content\/uploads\/2020\/04\/artigo_03d.jpg","width":800,"height":600},{"@type":"WebPage","@id":"https:\/\/franciscanos.org.br\/carisma\/irmas-clarissas-elementos-de-formacao-iii.html#webpage","url":"https:\/\/franciscanos.org.br\/carisma\/irmas-clarissas-elementos-de-formacao-iii.html","name":"Irm\u00e3s Clarissas - Elementos de Forma\u00e7\u00e3o - III - Carisma - Franciscanos","isPartOf":{"@id":"https:\/\/franciscanos.org.br\/carisma\/#website"},"primaryImageOfPage":{"@id":"https:\/\/franciscanos.org.br\/carisma\/irmas-clarissas-elementos-de-formacao-iii.html#primaryimage"},"datePublished":"2020-04-16T14:57:02+00:00","dateModified":"2020-04-16T14:57:02+00:00","author":{"@id":"https:\/\/franciscanos.org.br\/carisma\/#\/schema\/person\/bf14cae4d2151ab6b6e41d96660f93a2"},"breadcrumb":{"@id":"https:\/\/franciscanos.org.br\/carisma\/irmas-clarissas-elementos-de-formacao-iii.html#breadcrumb"},"inLanguage":"pt-BR","potentialAction":[{"@type":"ReadAction","target":["https:\/\/franciscanos.org.br\/carisma\/irmas-clarissas-elementos-de-formacao-iii.html"]}]},{"@type":"BreadcrumbList","@id":"https:\/\/franciscanos.org.br\/carisma\/irmas-clarissas-elementos-de-formacao-iii.html#breadcrumb","itemListElement":[{"@type":"ListItem","position":1,"name":"Home","item":"https:\/\/franciscanos.org.br\/carisma"},{"@type":"ListItem","position":2,"name":"Irm\u00e3s Clarissas &#8211; Elementos de Forma\u00e7\u00e3o &#8211; III"}]},{"@type":"Person","@id":"https:\/\/franciscanos.org.br\/carisma\/#\/schema\/person\/bf14cae4d2151ab6b6e41d96660f93a2","name":"moacir","image":{"@type":"ImageObject","inLanguage":"pt-BR","@id":"https:\/\/franciscanos.org.br\/carisma\/#\/schema\/person\/image\/","url":"https:\/\/secure.gravatar.com\/avatar\/d08aa2ce4c8dd416d4479aa8536fcf64?s=96&d=mm&r=g","contentUrl":"https:\/\/secure.gravatar.com\/avatar\/d08aa2ce4c8dd416d4479aa8536fcf64?s=96&d=mm&r=g","caption":"moacir"},"url":"https:\/\/franciscanos.org.br\/carisma\/author\/moacir"}]}},"_links":{"self":[{"href":"https:\/\/franciscanos.org.br\/carisma\/wp-json\/wp\/v2\/posts\/176897"}],"collection":[{"href":"https:\/\/franciscanos.org.br\/carisma\/wp-json\/wp\/v2\/posts"}],"about":[{"href":"https:\/\/franciscanos.org.br\/carisma\/wp-json\/wp\/v2\/types\/post"}],"author":[{"embeddable":true,"href":"https:\/\/franciscanos.org.br\/carisma\/wp-json\/wp\/v2\/users\/3"}],"replies":[{"embeddable":true,"href":"https:\/\/franciscanos.org.br\/carisma\/wp-json\/wp\/v2\/comments?post=176897"}],"version-history":[{"count":1,"href":"https:\/\/franciscanos.org.br\/carisma\/wp-json\/wp\/v2\/posts\/176897\/revisions"}],"predecessor-version":[{"id":176900,"href":"https:\/\/franciscanos.org.br\/carisma\/wp-json\/wp\/v2\/posts\/176897\/revisions\/176900"}],"wp:featuredmedia":[{"embeddable":true,"href":"https:\/\/franciscanos.org.br\/carisma\/wp-json\/wp\/v2\/media\/176898"}],"wp:attachment":[{"href":"https:\/\/franciscanos.org.br\/carisma\/wp-json\/wp\/v2\/media?parent=176897"}],"wp:term":[{"taxonomy":"category","embeddable":true,"href":"https:\/\/franciscanos.org.br\/carisma\/wp-json\/wp\/v2\/categories?post=176897"},{"taxonomy":"post_tag","embeddable":true,"href":"https:\/\/franciscanos.org.br\/carisma\/wp-json\/wp\/v2\/tags?post=176897"}],"curies":[{"name":"wp","href":"https:\/\/api.w.org\/{rel}","templated":true}]}}