{"id":176856,"date":"2020-03-12T09:01:53","date_gmt":"2020-03-12T12:01:53","guid":{"rendered":"https:\/\/franciscanos.org.br\/carisma\/?p=176856"},"modified":"2020-03-12T09:01:53","modified_gmt":"2020-03-12T12:01:53","slug":"o-que-andamos-fazendo-de-nossas-vidas-2","status":"publish","type":"post","link":"https:\/\/franciscanos.org.br\/carisma\/o-que-andamos-fazendo-de-nossas-vidas-2.html","title":{"rendered":"O que andamos fazendo de nossas vidas?"},"content":{"rendered":"<p>&nbsp;<\/p>\n<p><img loading=\"lazy\" class=\"alignnone wp-image-176858 size-full\" src=\"https:\/\/franciscanos.org.br\/carisma\/wp-content\/uploads\/2020\/03\/artigo_almir.jpg\" alt=\"\" width=\"840\" height=\"420\" srcset=\"https:\/\/franciscanos.org.br\/carisma\/wp-content\/uploads\/2020\/03\/artigo_almir.jpg 840w, https:\/\/franciscanos.org.br\/carisma\/wp-content\/uploads\/2020\/03\/artigo_almir-450x225.jpg 450w, https:\/\/franciscanos.org.br\/carisma\/wp-content\/uploads\/2020\/03\/artigo_almir-768x384.jpg 768w, https:\/\/franciscanos.org.br\/carisma\/wp-content\/uploads\/2020\/03\/artigo_almir-150x75.jpg 150w\" sizes=\"(max-width: 840px) 100vw, 840px\" \/><\/p>\n<p><strong>Frei Almir Ribeiro Guimar\u00e3es, OFM<\/strong><\/p>\n<p>Hoje n\u00e3o h\u00e1 ambiente protegido. Desde a sua inf\u00e2ncia, o homem \u00e9 lan\u00e7ado no mundo onde todas as opini\u00f5es, todas as cren\u00e7as e todos os sistemas de valores se combatem abertamente. Neste mundo pluralista, a f\u00e9 n\u00e3o pode ser simplesmente uma li\u00e7\u00e3o aprendida. Ela exige a escolha de valores, aprofundamento na exist\u00eancia. Est\u00e1, portanto, ligada ao caminhar do homem. E ningu\u00e9m pode fazer esta experi\u00eancia em nosso lugar.<\/p>\n<p>1. Somos seres \u00fanicos, homem e mulher, nascidos numa fam\u00edlia marcadamente carinhosa ou n\u00e3o, com exig\u00eancias ou mais liberal, vivemos encontros, festas de anivers\u00e1rio, sepultamento de pessoas queridas, missas de s\u00e9timo dia, natal e carnaval. Aos poucos, fomos nos dando conta de que \u00e9ramos gente. Poderosos e fr\u00e1geis. Ora rindo, ora com apertos no cora\u00e7\u00e3o, ora sonhado. Cani\u00e7o sim, mas cani\u00e7o que pensa. Gente. Com pernas, bra\u00e7os, sonhos, intelig\u00eancia e cora\u00e7\u00e3o. Gente projetada para o amanh\u00e3.<\/p>\n<p>2. Inquieta\u00e7\u00f5es&#8230; De onde venho? O que \u00e9 viver? Que fazer de meus dias? Para onde vou? Somos mist\u00e9rios ambulantes. Sentimos que precisar\u00edamos aprender um jeito de viver que fosse respondendo a algumas destas perguntas. Pelo menos a algumas. Queremos ser seres decentes que possam e saibam conviver com outros mist\u00e9rios ambulantes. N\u00e3o queremos viver por viver. N\u00e3o queremos gastar bobamente o tempo da vida.<\/p>\n<p>3. \u201cPassamos pelas coisas sem as habitar, falamos com os outros sem os ouvir, juntamos informa\u00e7\u00f5es que nunca chegamos a aprofundar. Tudo transita num galope ruidoso, veemente e ef\u00eamero. Na verdade, a velocidade com que vivemos impede-nos de viver. Uma alternativa ser\u00e1 resgatar a nossa rela\u00e7\u00e3o com o tempo. Por tentativas, por pequenos passos. Ora, isso n\u00e3o acontece sem um abrandamento interno. Precisamente porque a press\u00e3o de decidir \u00e9 enorme, necessitamos de uma lentid\u00e3o que nos proteja das precipita\u00e7\u00f5es mec\u00e2nicas, dos gestos cegamente compulsivos, das palavras repetidas e banais. Precisamente porque nos temos de desdobrar e multiplicar, necessitamos reaprender o aqui e agora, reaprender o inteiro, o intacto, o concentrado e o uno\u201d (<em>Jos\u00e9 Tolentino Mendon\u00e7a<\/em>).<\/p>\n<p>4. Vivemos, n\u00e3o poucas vezes, uma misteriosa insatisfa\u00e7\u00e3o existencial. H\u00e1 um Tu a nos espreitar, a balbuciar dentro de n\u00f3s e que, se bem entendemos, ele anda querendo viver intimidade conosco. Em certos momentos de nossa caminhada temos certeza da presen\u00e7a do Mist\u00e9rio. Agostinho de Hipona foi tocado por este Mist\u00e9rio. \u201cTarde te amei, beleza plena&#8230; estavas em mim e eu fora de ti\u201d.<\/p>\n<p>5. Um amigo, um retiro, um livro, um sucesso ou um fracasso, uma pessoa profundamente boa, uma p\u00e1gina do Novo Testamento, o nascimento de um filho ou a morte de um ente muito querido podem nos acordar e sacudir interiormente. Sentimos claramente que n\u00e3o podemos apenas \u201cter um religi\u00e3o\u201d, rezar e cumprir o preceito da missa dominical. Ouvimos mesmo com nitidez: \u201cVem e segue-me\u201d. Olhamos para Jesus de maneira diferente e ele nos olha com insist\u00eancia. Est\u00e1vamos como que encurralados. Momento da gra\u00e7a. Uma escolha se nos impunha.<\/p>\n<p>6. Tratava-se de operar uma transforma\u00e7\u00e3o. Come\u00e7amos a questionar nosso jeito de viver, de conviver, de trabalhar, nossa vida afetiva, o ser pai ou ser m\u00e3e, nosso posicionamento frente aos bens, ao dinheiro e nossos projetos do amanh\u00e3. Havia urg\u00eancia de que tudo fosse diferente. Mudan\u00e7a. Doce tornando-se amargo e amargo, doce. Convers\u00e3o ao Evangelho vivo.<\/p>\n<p>7. Passamos a chamar Jesus de Mestre, Mestre da vida, Mestre que nos permite viver em plenitude. Mestre que passamos a amar, porque amados por ele. Uma alegria foi se apossando de n\u00f3s. Veio o tempo colocar os p\u00e9s nas passadas do Mestre. Mestre e disc\u00edpulos. Se, nesse momento, algu\u00e9m pedisse nossa carteira de identidade simplesmente dir\u00edamos: \u201cSou disc\u00edpulo de Jesus vivo que me chamou para seu seguimento\u201d. Nada mais de ritos autom\u00e1ticos e de comportamentos aparentemente correto. Busca da verdade de n\u00f3s mesmos.<\/p>\n<p>8. Os outros, os outros foram penetrando em nosso universo existencial&#8230; os de perto, os de casa, os colegas de trabalho, os companheiros de f\u00e9, as crian\u00e7as, os jovens tatuados, as mulheres de roupa simples e chinelo de dedo&#8230; os idosos&#8230; os leprosos da pele e os de cora\u00e7\u00e3o maculado. Estar com eles. Bondosa e gratuitamente. Com nosso olhar dizer-lhes que eles existem e valem muito. E nossa vida seria, ent\u00e3o, dizer ao mundo, com companheiros de f\u00e9, que o Amor precisava ser amado. Nada de doutrina\u00e7\u00e3o. Proximidade. Presen\u00e7a.<\/p>\n<p>9. De tanto ouvir falar de Francisco de Assis pode ser que nas\u00e7a ou tenha nascido em n\u00f3s o desejo de seguir a Jesus \u00e0 maneira de Francisco de Assis. Francisco foi talvez um dos poucos ou o \u00fanico que reescreveu o Evangelho em sua vida, um ser \u00fanico, sem resqu\u00edcios de vaidade, livre de amarras, liberto como um p\u00e1ssaro, amigo do Alt\u00edssimo, que ama ao Senhor como um serafim, algu\u00e9m que tinha olhos atentos e bondosos para tudo que o cercava. Podemos querer ser crist\u00e3os franciscanos, segui-lo em companhia de irm\u00e3os e irm\u00e3s, deixando-nos impregnar de sua vida, seus escritos, as regras que escreveu e as exorta\u00e7\u00f5es que deixou. Pode ser que sejamos profundamente tocados pelo seu Testamento.<\/p>\n<p>10. Viver a f\u00e9 \u00e0 maneira de Francisco e de Clara, dessa carinhosa e firme mulher de Assis. Viver a vida com outras pessoas em encontros regules e suculentos. Reuni\u00f5es cheias de verdade e de conte\u00fado. Nada de burocracia. Nada do esp\u00edrito das antigas irmandades. Grupos de irm\u00e3os que sejam par\u00e1bolas vivas do mundo novo de Jesus. Vida de ora\u00e7\u00e3o pessoal, ora\u00e7\u00e3o com os irm\u00e3os, medita\u00e7\u00e3o, intimidade com o Senhor. Preparando sempre os caminhos da paz. N\u00e3o permitindo que seja maculada e destru\u00edda a obra do nosso Pai. Colocando-nos \u00e0 disposi\u00e7\u00e3o da causa e dos desejos de Jesus.<\/p>\n","protected":false},"excerpt":{"rendered":"<p>Ordem Franciscana Secular<\/p>\n","protected":false},"author":3,"featured_media":176857,"comment_status":"open","ping_status":"open","sticky":false,"template":"","format":"standard","meta":[],"categories":[14],"tags":[47],"yoast_head":"<!-- This site is optimized with the Yoast SEO plugin v19.2 - https:\/\/yoast.com\/wordpress\/plugins\/seo\/ -->\n<title>O que andamos fazendo de nossas vidas? - Carisma - Franciscanos<\/title>\n<meta name=\"robots\" content=\"index, follow, max-snippet:-1, max-image-preview:large, max-video-preview:-1\" \/>\n<link rel=\"canonical\" href=\"https:\/\/franciscanos.org.br\/carisma\/o-que-andamos-fazendo-de-nossas-vidas-2.html\" \/>\n<meta property=\"og:locale\" content=\"pt_BR\" \/>\n<meta property=\"og:type\" content=\"article\" \/>\n<meta property=\"og:title\" content=\"O que andamos fazendo de nossas vidas? - Carisma - Franciscanos\" \/>\n<meta property=\"og:description\" content=\"Ordem Franciscana Secular\" \/>\n<meta property=\"og:url\" content=\"https:\/\/franciscanos.org.br\/carisma\/o-que-andamos-fazendo-de-nossas-vidas-2.html\" \/>\n<meta property=\"og:site_name\" content=\"Carisma - Franciscanos\" \/>\n<meta property=\"article:published_time\" content=\"2020-03-12T12:01:53+00:00\" \/>\n<meta property=\"og:image\" content=\"https:\/\/franciscanos.org.br\/carisma\/wp-content\/uploads\/2020\/03\/almir_12.jpg\" \/>\n\t<meta property=\"og:image:width\" content=\"273\" \/>\n\t<meta property=\"og:image:height\" content=\"181\" \/>\n\t<meta property=\"og:image:type\" content=\"image\/jpeg\" \/>\n<meta name=\"author\" content=\"moacir\" \/>\n<meta name=\"twitter:card\" content=\"summary_large_image\" \/>\n<meta name=\"twitter:label1\" content=\"Escrito por\" \/>\n\t<meta name=\"twitter:data1\" content=\"moacir\" \/>\n\t<meta name=\"twitter:label2\" content=\"Est. tempo de leitura\" \/>\n\t<meta name=\"twitter:data2\" content=\"5 minutos\" \/>\n<script type=\"application\/ld+json\" class=\"yoast-schema-graph\">{\"@context\":\"https:\/\/schema.org\",\"@graph\":[{\"@type\":\"WebSite\",\"@id\":\"https:\/\/franciscanos.org.br\/carisma\/#website\",\"url\":\"https:\/\/franciscanos.org.br\/carisma\/\",\"name\":\"Carisma - Franciscanos\",\"description\":\"Prov\u00edncia Franciscana da Imaculada Concei\u00e7\u00e3o do Brasil - Ordem dos Frades Menores\",\"potentialAction\":[{\"@type\":\"SearchAction\",\"target\":{\"@type\":\"EntryPoint\",\"urlTemplate\":\"https:\/\/franciscanos.org.br\/carisma\/?s={search_term_string}\"},\"query-input\":\"required name=search_term_string\"}],\"inLanguage\":\"pt-BR\"},{\"@type\":\"ImageObject\",\"inLanguage\":\"pt-BR\",\"@id\":\"https:\/\/franciscanos.org.br\/carisma\/o-que-andamos-fazendo-de-nossas-vidas-2.html#primaryimage\",\"url\":\"https:\/\/franciscanos.org.br\/carisma\/wp-content\/uploads\/2020\/03\/almir_12.jpg\",\"contentUrl\":\"https:\/\/franciscanos.org.br\/carisma\/wp-content\/uploads\/2020\/03\/almir_12.jpg\",\"width\":273,\"height\":181},{\"@type\":\"WebPage\",\"@id\":\"https:\/\/franciscanos.org.br\/carisma\/o-que-andamos-fazendo-de-nossas-vidas-2.html#webpage\",\"url\":\"https:\/\/franciscanos.org.br\/carisma\/o-que-andamos-fazendo-de-nossas-vidas-2.html\",\"name\":\"O que andamos fazendo de nossas vidas? - Carisma - Franciscanos\",\"isPartOf\":{\"@id\":\"https:\/\/franciscanos.org.br\/carisma\/#website\"},\"primaryImageOfPage\":{\"@id\":\"https:\/\/franciscanos.org.br\/carisma\/o-que-andamos-fazendo-de-nossas-vidas-2.html#primaryimage\"},\"datePublished\":\"2020-03-12T12:01:53+00:00\",\"dateModified\":\"2020-03-12T12:01:53+00:00\",\"author\":{\"@id\":\"https:\/\/franciscanos.org.br\/carisma\/#\/schema\/person\/bf14cae4d2151ab6b6e41d96660f93a2\"},\"breadcrumb\":{\"@id\":\"https:\/\/franciscanos.org.br\/carisma\/o-que-andamos-fazendo-de-nossas-vidas-2.html#breadcrumb\"},\"inLanguage\":\"pt-BR\",\"potentialAction\":[{\"@type\":\"ReadAction\",\"target\":[\"https:\/\/franciscanos.org.br\/carisma\/o-que-andamos-fazendo-de-nossas-vidas-2.html\"]}]},{\"@type\":\"BreadcrumbList\",\"@id\":\"https:\/\/franciscanos.org.br\/carisma\/o-que-andamos-fazendo-de-nossas-vidas-2.html#breadcrumb\",\"itemListElement\":[{\"@type\":\"ListItem\",\"position\":1,\"name\":\"Home\",\"item\":\"https:\/\/franciscanos.org.br\/carisma\"},{\"@type\":\"ListItem\",\"position\":2,\"name\":\"O que andamos fazendo de nossas vidas?\"}]},{\"@type\":\"Person\",\"@id\":\"https:\/\/franciscanos.org.br\/carisma\/#\/schema\/person\/bf14cae4d2151ab6b6e41d96660f93a2\",\"name\":\"moacir\",\"image\":{\"@type\":\"ImageObject\",\"inLanguage\":\"pt-BR\",\"@id\":\"https:\/\/franciscanos.org.br\/carisma\/#\/schema\/person\/image\/\",\"url\":\"https:\/\/secure.gravatar.com\/avatar\/d08aa2ce4c8dd416d4479aa8536fcf64?s=96&d=mm&r=g\",\"contentUrl\":\"https:\/\/secure.gravatar.com\/avatar\/d08aa2ce4c8dd416d4479aa8536fcf64?s=96&d=mm&r=g\",\"caption\":\"moacir\"},\"url\":\"https:\/\/franciscanos.org.br\/carisma\/author\/moacir\"}]}<\/script>\n<!-- \/ Yoast SEO plugin. -->","yoast_head_json":{"title":"O que andamos fazendo de nossas vidas? - Carisma - Franciscanos","robots":{"index":"index","follow":"follow","max-snippet":"max-snippet:-1","max-image-preview":"max-image-preview:large","max-video-preview":"max-video-preview:-1"},"canonical":"https:\/\/franciscanos.org.br\/carisma\/o-que-andamos-fazendo-de-nossas-vidas-2.html","og_locale":"pt_BR","og_type":"article","og_title":"O que andamos fazendo de nossas vidas? - Carisma - Franciscanos","og_description":"Ordem Franciscana Secular","og_url":"https:\/\/franciscanos.org.br\/carisma\/o-que-andamos-fazendo-de-nossas-vidas-2.html","og_site_name":"Carisma - Franciscanos","article_published_time":"2020-03-12T12:01:53+00:00","og_image":[{"width":273,"height":181,"url":"https:\/\/franciscanos.org.br\/carisma\/wp-content\/uploads\/2020\/03\/almir_12.jpg","type":"image\/jpeg"}],"author":"moacir","twitter_card":"summary_large_image","twitter_misc":{"Escrito por":"moacir","Est. tempo de leitura":"5 minutos"},"schema":{"@context":"https:\/\/schema.org","@graph":[{"@type":"WebSite","@id":"https:\/\/franciscanos.org.br\/carisma\/#website","url":"https:\/\/franciscanos.org.br\/carisma\/","name":"Carisma - Franciscanos","description":"Prov\u00edncia Franciscana da Imaculada Concei\u00e7\u00e3o do Brasil - Ordem dos Frades Menores","potentialAction":[{"@type":"SearchAction","target":{"@type":"EntryPoint","urlTemplate":"https:\/\/franciscanos.org.br\/carisma\/?s={search_term_string}"},"query-input":"required name=search_term_string"}],"inLanguage":"pt-BR"},{"@type":"ImageObject","inLanguage":"pt-BR","@id":"https:\/\/franciscanos.org.br\/carisma\/o-que-andamos-fazendo-de-nossas-vidas-2.html#primaryimage","url":"https:\/\/franciscanos.org.br\/carisma\/wp-content\/uploads\/2020\/03\/almir_12.jpg","contentUrl":"https:\/\/franciscanos.org.br\/carisma\/wp-content\/uploads\/2020\/03\/almir_12.jpg","width":273,"height":181},{"@type":"WebPage","@id":"https:\/\/franciscanos.org.br\/carisma\/o-que-andamos-fazendo-de-nossas-vidas-2.html#webpage","url":"https:\/\/franciscanos.org.br\/carisma\/o-que-andamos-fazendo-de-nossas-vidas-2.html","name":"O que andamos fazendo de nossas vidas? - Carisma - Franciscanos","isPartOf":{"@id":"https:\/\/franciscanos.org.br\/carisma\/#website"},"primaryImageOfPage":{"@id":"https:\/\/franciscanos.org.br\/carisma\/o-que-andamos-fazendo-de-nossas-vidas-2.html#primaryimage"},"datePublished":"2020-03-12T12:01:53+00:00","dateModified":"2020-03-12T12:01:53+00:00","author":{"@id":"https:\/\/franciscanos.org.br\/carisma\/#\/schema\/person\/bf14cae4d2151ab6b6e41d96660f93a2"},"breadcrumb":{"@id":"https:\/\/franciscanos.org.br\/carisma\/o-que-andamos-fazendo-de-nossas-vidas-2.html#breadcrumb"},"inLanguage":"pt-BR","potentialAction":[{"@type":"ReadAction","target":["https:\/\/franciscanos.org.br\/carisma\/o-que-andamos-fazendo-de-nossas-vidas-2.html"]}]},{"@type":"BreadcrumbList","@id":"https:\/\/franciscanos.org.br\/carisma\/o-que-andamos-fazendo-de-nossas-vidas-2.html#breadcrumb","itemListElement":[{"@type":"ListItem","position":1,"name":"Home","item":"https:\/\/franciscanos.org.br\/carisma"},{"@type":"ListItem","position":2,"name":"O que andamos fazendo de nossas vidas?"}]},{"@type":"Person","@id":"https:\/\/franciscanos.org.br\/carisma\/#\/schema\/person\/bf14cae4d2151ab6b6e41d96660f93a2","name":"moacir","image":{"@type":"ImageObject","inLanguage":"pt-BR","@id":"https:\/\/franciscanos.org.br\/carisma\/#\/schema\/person\/image\/","url":"https:\/\/secure.gravatar.com\/avatar\/d08aa2ce4c8dd416d4479aa8536fcf64?s=96&d=mm&r=g","contentUrl":"https:\/\/secure.gravatar.com\/avatar\/d08aa2ce4c8dd416d4479aa8536fcf64?s=96&d=mm&r=g","caption":"moacir"},"url":"https:\/\/franciscanos.org.br\/carisma\/author\/moacir"}]}},"_links":{"self":[{"href":"https:\/\/franciscanos.org.br\/carisma\/wp-json\/wp\/v2\/posts\/176856"}],"collection":[{"href":"https:\/\/franciscanos.org.br\/carisma\/wp-json\/wp\/v2\/posts"}],"about":[{"href":"https:\/\/franciscanos.org.br\/carisma\/wp-json\/wp\/v2\/types\/post"}],"author":[{"embeddable":true,"href":"https:\/\/franciscanos.org.br\/carisma\/wp-json\/wp\/v2\/users\/3"}],"replies":[{"embeddable":true,"href":"https:\/\/franciscanos.org.br\/carisma\/wp-json\/wp\/v2\/comments?post=176856"}],"version-history":[{"count":1,"href":"https:\/\/franciscanos.org.br\/carisma\/wp-json\/wp\/v2\/posts\/176856\/revisions"}],"predecessor-version":[{"id":176859,"href":"https:\/\/franciscanos.org.br\/carisma\/wp-json\/wp\/v2\/posts\/176856\/revisions\/176859"}],"wp:featuredmedia":[{"embeddable":true,"href":"https:\/\/franciscanos.org.br\/carisma\/wp-json\/wp\/v2\/media\/176857"}],"wp:attachment":[{"href":"https:\/\/franciscanos.org.br\/carisma\/wp-json\/wp\/v2\/media?parent=176856"}],"wp:term":[{"taxonomy":"category","embeddable":true,"href":"https:\/\/franciscanos.org.br\/carisma\/wp-json\/wp\/v2\/categories?post=176856"},{"taxonomy":"post_tag","embeddable":true,"href":"https:\/\/franciscanos.org.br\/carisma\/wp-json\/wp\/v2\/tags?post=176856"}],"curies":[{"name":"wp","href":"https:\/\/api.w.org\/{rel}","templated":true}]}}