{"id":176802,"date":"2020-01-13T11:32:13","date_gmt":"2020-01-13T14:32:13","guid":{"rendered":"https:\/\/franciscanos.org.br\/carisma\/?p=176802"},"modified":"2020-01-13T11:32:13","modified_gmt":"2020-01-13T14:32:13","slug":"ofs-divulga-documento-final-do-encontro-nacional-de-jpic","status":"publish","type":"post","link":"https:\/\/franciscanos.org.br\/carisma\/ofs-divulga-documento-final-do-encontro-nacional-de-jpic.html","title":{"rendered":"OFS divulga documento final do Encontro Nacional de JPIC"},"content":{"rendered":"<div id=\"attachment_176803\" style=\"width: 850px\" class=\"wp-caption alignnone\"><img aria-describedby=\"caption-attachment-176803\" loading=\"lazy\" class=\"wp-image-176803 size-full\" src=\"https:\/\/franciscanos.org.br\/carisma\/wp-content\/uploads\/2020\/01\/documento.jpg\" alt=\"Francisco Daniel Moreira\" width=\"840\" height=\"505\" srcset=\"https:\/\/franciscanos.org.br\/carisma\/wp-content\/uploads\/2020\/01\/documento.jpg 840w, https:\/\/franciscanos.org.br\/carisma\/wp-content\/uploads\/2020\/01\/documento-450x271.jpg 450w, https:\/\/franciscanos.org.br\/carisma\/wp-content\/uploads\/2020\/01\/documento-768x462.jpg 768w, https:\/\/franciscanos.org.br\/carisma\/wp-content\/uploads\/2020\/01\/documento-150x90.jpg 150w\" sizes=\"(max-width: 840px) 100vw, 840px\" \/><p id=\"caption-attachment-176803\" class=\"wp-caption-text\">\u00a0<\/p><\/div>\n<p>Irm\u00e3s e Irm\u00e3os, Paz e bem!<\/p>\n<p>\u201cProfecia e Esperan\u00e7a de uma OFS em Sa\u00edda\u201d foi o tema do Encontro Nacional de Forma\u00e7\u00e3o para Animadores de JPIC (Justi\u00e7a, Paz e Integridade da Cria\u00e7\u00e3o), realizado na cidade do Rio de Janeiro, sediado no Instituto Francisca Paula de Jesus (Escola das Irm\u00e3s Franciscanas do Senhor), no per\u00edodo de 06 a 08 de setembro de 2019, reunindo irm\u00e3s e irm\u00e3os da Ordem Franciscana Secular de todas as regi\u00f5es do Brasil.<\/p>\n<p>Esta iniciativa \u00e9 fruto do XV Cap\u00edtulo General Ordin\u00e1rio da Ordem Franciscana Secular, realizado entre os dias 04 e 12 de novembro de 2017, em Roma\/ It\u00e1lia, no qual se fixou o nome de JPIC a n\u00edvel mundial para reunir nossos esfor\u00e7os na constru\u00e7\u00e3o de um mundo de Paz e Bem, em uni\u00e3o com a Fam\u00edlia Franciscana e outros carismas que atuam na JPIC.<\/p>\n<p>Por isso, o objetivo do Encontro Nacional de Forma\u00e7\u00e3o para Animadores de JPIC foi rever a organiza\u00e7\u00e3o do servi\u00e7o de Justi\u00e7a, Paz e Integridade da Cria\u00e7\u00e3o (JPIC) para melhor atender as exig\u00eancias de nossa Regra, das Constitui\u00e7\u00f5es Gerais e do Conselho Internacional da OFS que nos apontou o JPIC como uma prioridade de nossa vida, com a qual todo franciscano e franciscana deve se comprometer.<\/p>\n<p>No XV Cap\u00edtulo General Ordin\u00e1rio da OFS houve a decis\u00e3o un\u00e2nime da assembleia capitular para a cria\u00e7\u00e3o do SECRETARIADO GERAL de JPIC, que funcionar\u00e1 como refer\u00eancia mundial para os trabalhos nesse \u00e2mbito e ser\u00e1 respons\u00e1vel pela divulga\u00e7\u00e3o e troca de materiais, confec\u00e7\u00e3o de publica\u00e7\u00f5es, promo\u00e7\u00e3o de campanhas emergenciais (desastres naturais e calamidades) e articula\u00e7\u00e3o da OFS com a Franciscans International &#8211; FI (Representa\u00e7\u00e3o dos franciscanos na Organiza\u00e7\u00e3o das Na\u00e7\u00f5es Unidas &#8211; ONU), al\u00e9m de dar suporte para quem j\u00e1 abra\u00e7ou o servi\u00e7o de Justi\u00e7a, Paz e Integridade da Cria\u00e7\u00e3o (JPIC) e motivar quem ainda n\u00e3o entrou na caminhada.<\/p>\n<p>Justi\u00e7a, Paz e Integridade da Cria\u00e7\u00e3o n\u00e3o s\u00e3o apenas tr\u00eas eixos de a\u00e7\u00e3o, mas \u00e9 uma unidade que exprime, em s\u00edntese, uma vis\u00e3o da realidade; uma realidade complexa, cujas dimens\u00f5es est\u00e3o intimamente interligadas entre si e cuja raiz est\u00e1 no mist\u00e9rio da Cria\u00e7\u00e3o e da Encarna\u00e7\u00e3o. Isso significa que negligenciar uma dessas dimens\u00f5es interfere sobre a realidade global e que o crist\u00e3o, com o seu estar e agir no mundo, \u00e9 chamado a integr\u00e1-la como fermento de transforma\u00e7\u00e3o a partir de seu interior, segundo uma ordem de justi\u00e7a, paz, cuidado da \u201ccasa comum\u201d.<\/p>\n<p>Nesse sentido, JPIC pode ser considerado como um paradigma de interpreta\u00e7\u00e3o privilegiada, no qual reconhecemos como raiz a Sagrada Escritura. Essa mensagem se tornou a vida de S\u00e3o Francisco de Assis, e nele encontrou terra f\u00e9rtil, apostolado, testemunho e profecia. Aos poucos JPIC foi sendo traduzida e melhor sistematizada como identidade de vida evang\u00e9lica pelo magist\u00e9rio dos Pont\u00edfices e, sobretudo, pelo Conc\u00edlio Vaticano II (1962 &#8211; 1965). A partir da\u00ed, nasceram Organismos e Comiss\u00f5es que concentraram a sua aten\u00e7\u00e3o sobre estas dimens\u00f5es. \u201cA evolu\u00e7\u00e3o da reflex\u00e3o e da experi\u00eancia eclesial, sob o Pontificado do Papa Francisco, levou \u00e0 matura\u00e7\u00e3o a Institui\u00e7\u00e3o de um novo Minist\u00e9rio Pontif\u00edcio para o Servi\u00e7o do Desenvolvimento Humano Integral\u201d (JPIC &#8211; Instituto das Filhas de Maria Auxiliadora, 2017).<\/p>\n<p>Diante da &#8220;boa nova&#8221; proveniente do XV Cap\u00edtulo Geral da OFS, dos desafios que nos s\u00e3o propostos e objetivando conhecer onde est\u00e3o e como andam nossas a\u00e7\u00f5es, o servi\u00e7o de JPIC do Conselho Nacional da OFS lan\u00e7ou um pequeno question\u00e1rio para mapear as diversas realidades com as quais dialogamos e somos presen\u00e7a como fraternidade ou, ainda, como irm\u00e3os e irm\u00e3s e, posteriormente, verificar como contribuir para a continuidade de projetos que visem o cuidado com a nossa Casa Comum e a inclus\u00e3o dos esquecidos que &#8220;est\u00e3o \u00e0 beira do caminho&#8221;.<\/p>\n<p>Outra necessidade percebida durante os encaminhamentos do referido Cap\u00edtulo Geral foi o pouco material formativo sobre o servi\u00e7o de JPIC da OFS. Diante dessa car\u00eancia, certos de que a a\u00e7\u00e3o de todo franciscano e franciscana secular ser\u00e1 sempre na sociedade &#8211; contribuindo, transformando e construindo novas realidades &#8211; onde nossa presen\u00e7a dever\u00e1 ser sempre sinal das bem-aventuran\u00e7as, e, no esfor\u00e7o de oferecer pistas para uma caminhada comum na OFS do Brasil, oferecemos este subs\u00eddio que n\u00e3o esgota as possibilidades de nossa contribui\u00e7\u00e3o, mas nos ajuda a caminhar na busca da \u201cUtopia\u201d Franciscana.<\/p>\n<p><strong>Maria Jos\u00e9 Coelho &#8211; Ministra Nacional da OFS do Brasil<\/strong><\/p>\n<p><strong>Equipe Nacional de Forma\u00e7\u00e3o da OFS do Brasil<\/strong><\/p>\n<p><strong>H\u00e9lio Gouv\u00eaa &#8211; Coordenador Nacional de JPIC<\/strong><\/p>\n<hr \/>\n<p><em>Imagem ilustrativa de Francisco Daniel Moreira<\/em><\/p>\n","protected":false},"excerpt":{"rendered":"<p>OFS<\/p>\n","protected":false},"author":3,"featured_media":176804,"comment_status":"open","ping_status":"open","sticky":false,"template":"","format":"standard","meta":[],"categories":[14],"tags":[47],"yoast_head":"<!-- This site is optimized with the Yoast SEO plugin v19.2 - https:\/\/yoast.com\/wordpress\/plugins\/seo\/ -->\n<title>OFS divulga documento final do Encontro Nacional de JPIC - Carisma - Franciscanos<\/title>\n<meta name=\"robots\" content=\"index, follow, max-snippet:-1, max-image-preview:large, max-video-preview:-1\" \/>\n<link rel=\"canonical\" href=\"https:\/\/franciscanos.org.br\/carisma\/ofs-divulga-documento-final-do-encontro-nacional-de-jpic.html\" \/>\n<meta property=\"og:locale\" content=\"pt_BR\" \/>\n<meta property=\"og:type\" content=\"article\" \/>\n<meta property=\"og:title\" content=\"OFS divulga documento final do Encontro Nacional de JPIC - Carisma - Franciscanos\" \/>\n<meta property=\"og:description\" content=\"OFS\" \/>\n<meta property=\"og:url\" content=\"https:\/\/franciscanos.org.br\/carisma\/ofs-divulga-documento-final-do-encontro-nacional-de-jpic.html\" \/>\n<meta property=\"og:site_name\" content=\"Carisma - Franciscanos\" \/>\n<meta property=\"article:published_time\" content=\"2020-01-13T14:32:13+00:00\" \/>\n<meta property=\"og:image\" content=\"https:\/\/franciscanos.org.br\/carisma\/wp-content\/uploads\/2020\/01\/documento_d.jpg\" \/>\n\t<meta property=\"og:image:width\" content=\"273\" \/>\n\t<meta property=\"og:image:height\" content=\"181\" \/>\n\t<meta property=\"og:image:type\" content=\"image\/jpeg\" \/>\n<meta name=\"author\" content=\"moacir\" \/>\n<meta name=\"twitter:card\" content=\"summary_large_image\" \/>\n<meta name=\"twitter:label1\" content=\"Escrito por\" \/>\n\t<meta name=\"twitter:data1\" content=\"moacir\" \/>\n\t<meta name=\"twitter:label2\" content=\"Est. tempo de leitura\" \/>\n\t<meta name=\"twitter:data2\" content=\"4 minutos\" \/>\n<script type=\"application\/ld+json\" class=\"yoast-schema-graph\">{\"@context\":\"https:\/\/schema.org\",\"@graph\":[{\"@type\":\"WebSite\",\"@id\":\"https:\/\/franciscanos.org.br\/carisma\/#website\",\"url\":\"https:\/\/franciscanos.org.br\/carisma\/\",\"name\":\"Carisma - Franciscanos\",\"description\":\"Prov\u00edncia Franciscana da Imaculada Concei\u00e7\u00e3o do Brasil - Ordem dos Frades Menores\",\"potentialAction\":[{\"@type\":\"SearchAction\",\"target\":{\"@type\":\"EntryPoint\",\"urlTemplate\":\"https:\/\/franciscanos.org.br\/carisma\/?s={search_term_string}\"},\"query-input\":\"required name=search_term_string\"}],\"inLanguage\":\"pt-BR\"},{\"@type\":\"ImageObject\",\"inLanguage\":\"pt-BR\",\"@id\":\"https:\/\/franciscanos.org.br\/carisma\/ofs-divulga-documento-final-do-encontro-nacional-de-jpic.html#primaryimage\",\"url\":\"https:\/\/franciscanos.org.br\/carisma\/wp-content\/uploads\/2020\/01\/documento_d.jpg\",\"contentUrl\":\"https:\/\/franciscanos.org.br\/carisma\/wp-content\/uploads\/2020\/01\/documento_d.jpg\",\"width\":273,\"height\":181},{\"@type\":\"WebPage\",\"@id\":\"https:\/\/franciscanos.org.br\/carisma\/ofs-divulga-documento-final-do-encontro-nacional-de-jpic.html#webpage\",\"url\":\"https:\/\/franciscanos.org.br\/carisma\/ofs-divulga-documento-final-do-encontro-nacional-de-jpic.html\",\"name\":\"OFS divulga documento final do Encontro Nacional de JPIC - Carisma - Franciscanos\",\"isPartOf\":{\"@id\":\"https:\/\/franciscanos.org.br\/carisma\/#website\"},\"primaryImageOfPage\":{\"@id\":\"https:\/\/franciscanos.org.br\/carisma\/ofs-divulga-documento-final-do-encontro-nacional-de-jpic.html#primaryimage\"},\"datePublished\":\"2020-01-13T14:32:13+00:00\",\"dateModified\":\"2020-01-13T14:32:13+00:00\",\"author\":{\"@id\":\"https:\/\/franciscanos.org.br\/carisma\/#\/schema\/person\/bf14cae4d2151ab6b6e41d96660f93a2\"},\"breadcrumb\":{\"@id\":\"https:\/\/franciscanos.org.br\/carisma\/ofs-divulga-documento-final-do-encontro-nacional-de-jpic.html#breadcrumb\"},\"inLanguage\":\"pt-BR\",\"potentialAction\":[{\"@type\":\"ReadAction\",\"target\":[\"https:\/\/franciscanos.org.br\/carisma\/ofs-divulga-documento-final-do-encontro-nacional-de-jpic.html\"]}]},{\"@type\":\"BreadcrumbList\",\"@id\":\"https:\/\/franciscanos.org.br\/carisma\/ofs-divulga-documento-final-do-encontro-nacional-de-jpic.html#breadcrumb\",\"itemListElement\":[{\"@type\":\"ListItem\",\"position\":1,\"name\":\"Home\",\"item\":\"https:\/\/franciscanos.org.br\/carisma\"},{\"@type\":\"ListItem\",\"position\":2,\"name\":\"OFS divulga documento final do Encontro Nacional de JPIC\"}]},{\"@type\":\"Person\",\"@id\":\"https:\/\/franciscanos.org.br\/carisma\/#\/schema\/person\/bf14cae4d2151ab6b6e41d96660f93a2\",\"name\":\"moacir\",\"image\":{\"@type\":\"ImageObject\",\"inLanguage\":\"pt-BR\",\"@id\":\"https:\/\/franciscanos.org.br\/carisma\/#\/schema\/person\/image\/\",\"url\":\"https:\/\/secure.gravatar.com\/avatar\/d08aa2ce4c8dd416d4479aa8536fcf64?s=96&d=mm&r=g\",\"contentUrl\":\"https:\/\/secure.gravatar.com\/avatar\/d08aa2ce4c8dd416d4479aa8536fcf64?s=96&d=mm&r=g\",\"caption\":\"moacir\"},\"url\":\"https:\/\/franciscanos.org.br\/carisma\/author\/moacir\"}]}<\/script>\n<!-- \/ Yoast SEO plugin. -->","yoast_head_json":{"title":"OFS divulga documento final do Encontro Nacional de JPIC - Carisma - Franciscanos","robots":{"index":"index","follow":"follow","max-snippet":"max-snippet:-1","max-image-preview":"max-image-preview:large","max-video-preview":"max-video-preview:-1"},"canonical":"https:\/\/franciscanos.org.br\/carisma\/ofs-divulga-documento-final-do-encontro-nacional-de-jpic.html","og_locale":"pt_BR","og_type":"article","og_title":"OFS divulga documento final do Encontro Nacional de JPIC - Carisma - Franciscanos","og_description":"OFS","og_url":"https:\/\/franciscanos.org.br\/carisma\/ofs-divulga-documento-final-do-encontro-nacional-de-jpic.html","og_site_name":"Carisma - Franciscanos","article_published_time":"2020-01-13T14:32:13+00:00","og_image":[{"width":273,"height":181,"url":"https:\/\/franciscanos.org.br\/carisma\/wp-content\/uploads\/2020\/01\/documento_d.jpg","type":"image\/jpeg"}],"author":"moacir","twitter_card":"summary_large_image","twitter_misc":{"Escrito por":"moacir","Est. tempo de leitura":"4 minutos"},"schema":{"@context":"https:\/\/schema.org","@graph":[{"@type":"WebSite","@id":"https:\/\/franciscanos.org.br\/carisma\/#website","url":"https:\/\/franciscanos.org.br\/carisma\/","name":"Carisma - Franciscanos","description":"Prov\u00edncia Franciscana da Imaculada Concei\u00e7\u00e3o do Brasil - Ordem dos Frades Menores","potentialAction":[{"@type":"SearchAction","target":{"@type":"EntryPoint","urlTemplate":"https:\/\/franciscanos.org.br\/carisma\/?s={search_term_string}"},"query-input":"required name=search_term_string"}],"inLanguage":"pt-BR"},{"@type":"ImageObject","inLanguage":"pt-BR","@id":"https:\/\/franciscanos.org.br\/carisma\/ofs-divulga-documento-final-do-encontro-nacional-de-jpic.html#primaryimage","url":"https:\/\/franciscanos.org.br\/carisma\/wp-content\/uploads\/2020\/01\/documento_d.jpg","contentUrl":"https:\/\/franciscanos.org.br\/carisma\/wp-content\/uploads\/2020\/01\/documento_d.jpg","width":273,"height":181},{"@type":"WebPage","@id":"https:\/\/franciscanos.org.br\/carisma\/ofs-divulga-documento-final-do-encontro-nacional-de-jpic.html#webpage","url":"https:\/\/franciscanos.org.br\/carisma\/ofs-divulga-documento-final-do-encontro-nacional-de-jpic.html","name":"OFS divulga documento final do Encontro Nacional de JPIC - Carisma - Franciscanos","isPartOf":{"@id":"https:\/\/franciscanos.org.br\/carisma\/#website"},"primaryImageOfPage":{"@id":"https:\/\/franciscanos.org.br\/carisma\/ofs-divulga-documento-final-do-encontro-nacional-de-jpic.html#primaryimage"},"datePublished":"2020-01-13T14:32:13+00:00","dateModified":"2020-01-13T14:32:13+00:00","author":{"@id":"https:\/\/franciscanos.org.br\/carisma\/#\/schema\/person\/bf14cae4d2151ab6b6e41d96660f93a2"},"breadcrumb":{"@id":"https:\/\/franciscanos.org.br\/carisma\/ofs-divulga-documento-final-do-encontro-nacional-de-jpic.html#breadcrumb"},"inLanguage":"pt-BR","potentialAction":[{"@type":"ReadAction","target":["https:\/\/franciscanos.org.br\/carisma\/ofs-divulga-documento-final-do-encontro-nacional-de-jpic.html"]}]},{"@type":"BreadcrumbList","@id":"https:\/\/franciscanos.org.br\/carisma\/ofs-divulga-documento-final-do-encontro-nacional-de-jpic.html#breadcrumb","itemListElement":[{"@type":"ListItem","position":1,"name":"Home","item":"https:\/\/franciscanos.org.br\/carisma"},{"@type":"ListItem","position":2,"name":"OFS divulga documento final do Encontro Nacional de JPIC"}]},{"@type":"Person","@id":"https:\/\/franciscanos.org.br\/carisma\/#\/schema\/person\/bf14cae4d2151ab6b6e41d96660f93a2","name":"moacir","image":{"@type":"ImageObject","inLanguage":"pt-BR","@id":"https:\/\/franciscanos.org.br\/carisma\/#\/schema\/person\/image\/","url":"https:\/\/secure.gravatar.com\/avatar\/d08aa2ce4c8dd416d4479aa8536fcf64?s=96&d=mm&r=g","contentUrl":"https:\/\/secure.gravatar.com\/avatar\/d08aa2ce4c8dd416d4479aa8536fcf64?s=96&d=mm&r=g","caption":"moacir"},"url":"https:\/\/franciscanos.org.br\/carisma\/author\/moacir"}]}},"_links":{"self":[{"href":"https:\/\/franciscanos.org.br\/carisma\/wp-json\/wp\/v2\/posts\/176802"}],"collection":[{"href":"https:\/\/franciscanos.org.br\/carisma\/wp-json\/wp\/v2\/posts"}],"about":[{"href":"https:\/\/franciscanos.org.br\/carisma\/wp-json\/wp\/v2\/types\/post"}],"author":[{"embeddable":true,"href":"https:\/\/franciscanos.org.br\/carisma\/wp-json\/wp\/v2\/users\/3"}],"replies":[{"embeddable":true,"href":"https:\/\/franciscanos.org.br\/carisma\/wp-json\/wp\/v2\/comments?post=176802"}],"version-history":[{"count":1,"href":"https:\/\/franciscanos.org.br\/carisma\/wp-json\/wp\/v2\/posts\/176802\/revisions"}],"predecessor-version":[{"id":176805,"href":"https:\/\/franciscanos.org.br\/carisma\/wp-json\/wp\/v2\/posts\/176802\/revisions\/176805"}],"wp:featuredmedia":[{"embeddable":true,"href":"https:\/\/franciscanos.org.br\/carisma\/wp-json\/wp\/v2\/media\/176804"}],"wp:attachment":[{"href":"https:\/\/franciscanos.org.br\/carisma\/wp-json\/wp\/v2\/media?parent=176802"}],"wp:term":[{"taxonomy":"category","embeddable":true,"href":"https:\/\/franciscanos.org.br\/carisma\/wp-json\/wp\/v2\/categories?post=176802"},{"taxonomy":"post_tag","embeddable":true,"href":"https:\/\/franciscanos.org.br\/carisma\/wp-json\/wp\/v2\/tags?post=176802"}],"curies":[{"name":"wp","href":"https:\/\/api.w.org\/{rel}","templated":true}]}}