{"id":176679,"date":"2019-09-17T07:20:10","date_gmt":"2019-09-17T10:20:10","guid":{"rendered":"https:\/\/franciscanos.org.br\/carisma\/?p=176679"},"modified":"2019-09-17T07:21:38","modified_gmt":"2019-09-17T10:21:38","slug":"o-serafim-de-assis","status":"publish","type":"post","link":"https:\/\/franciscanos.org.br\/carisma\/o-serafim-de-assis.html","title":{"rendered":"O serafim de Assis"},"content":{"rendered":"<p><img loading=\"lazy\" class=\"alignnone size-full wp-image-176680\" src=\"https:\/\/franciscanos.org.br\/carisma\/wp-content\/uploads\/2019\/09\/estigmas_17.jpg\" alt=\"\" width=\"840\" height=\"717\" srcset=\"https:\/\/franciscanos.org.br\/carisma\/wp-content\/uploads\/2019\/09\/estigmas_17.jpg 840w, https:\/\/franciscanos.org.br\/carisma\/wp-content\/uploads\/2019\/09\/estigmas_17-450x384.jpg 450w, https:\/\/franciscanos.org.br\/carisma\/wp-content\/uploads\/2019\/09\/estigmas_17-768x656.jpg 768w, https:\/\/franciscanos.org.br\/carisma\/wp-content\/uploads\/2019\/09\/estigmas_17-150x128.jpg 150w\" sizes=\"(max-width: 840px) 100vw, 840px\" \/><\/p>\n<h3>Estigmatiza\u00e7\u00e3o de Francisco de Assis<\/h3>\n<p>\u2666 Setembro e outubro s\u00e3o meses em que n\u00f3s, franciscanos e amigos de S\u00e3o Francisco, nos abeiramos do mist\u00e9rio da vida e da trajet\u00f3ria desse que \u00e9 nossa inspira\u00e7\u00e3o e nosso guia para melhor vivermos o Evangelho nesse curto tempo que chamamos de nossa vida. Sempre me lembro de um pensamento de Georges Duby: \u201cDe parceria com Cristo, foi Francisco o grande her\u00f3i da hist\u00f3ria crist\u00e3. Pode-se afirmar, sem exagero que aquilo que hoje resta do cristianismo vivo, prov\u00e9m diretamente dele\u201d (<em>Le temps des cath\u00e9drales, Gallimard<\/em>, 1976, p. 170). A 17 de setembro lembramo-nos da estigmatiza\u00e7\u00e3o no Alverne, normalmente cantamos a passagem, o \u201ctr\u00e2nsito\u201d de Francisco \u00e0 noitinha de 3 de outubro e no dia 4 celebramos as maravilhas que Deus operou no <em>Poverello.<\/em> Julien Green no seu S\u00e3o Francisco de Assis, falando do tema escreve: \u201cA vis\u00e3o dos serafins de seis asas de fogo que apareceram a Isa\u00edas deve ter causado uma impress\u00e3o que n\u00e3o podemos negligenciar. Lembran\u00e7as on\u00edricas da Escritura deviam acompanha-lo de sua convers\u00e3o at\u00e9 \u00e0 morte. Para toda a Idade M\u00e9dia, o mundo interior tinha tend\u00eancia a se exteriorizar sob forma de imagens. Irm\u00e3o Le\u00e3o, a mais s\u00e9ria das testemunhas da estigmatiza\u00e7\u00e3o, poder\u00edamos dizer a \u00fanica, est\u00e1 na origem de tudo o que se sabe e ele via pelos olhos do amor. Francisco n\u00e3o queria que se falasse disso e escondia ciumentamente a marca dos estigmas, porque esses ferimentos eram bocas que falavam demais (<em>Julien Green, S\u00e3o Francisco de Assis,<\/em> <em>Ed. Francisco Alves, Rio, 1988, p. 209<\/em>).<\/p>\n<p>\u2666 O que realmente se passava no cora\u00e7\u00e3o e na alma de Francisco? Qual teria sido o assunto de suas medita\u00e7\u00f5es? Podemos levantar a hip\u00f3tese de que refletia sobre a Cruz. Ocorria a festa da exalta\u00e7\u00e3o da Cruz. Essa Cruz vitoriosa invadia o cora\u00e7\u00e3o de Francisco e o iluminava. Limitamo-nos a transcrever a sucinta e s\u00f3bria disserta\u00e7\u00e3o do \u201cevento\u201d feita por \u00c9loi Leclerc:<\/p>\n<p style=\"padding-left: 40px;\">&gt;&gt; \u201cCerta manh\u00e3, muito cedinho, enquanto rezava diante da montanha, percebeu vir at\u00e9 ele um ser alado, um ser de fogo e de luz: um serafim com seis asas reluzentes. Como na vis\u00e3o do profeta Ezequiel, duas asas se elevam acima da cabe\u00e7a, duas outras se desdobravam para o voo e duas outras cobriam todo o corpo. Era um desses esp\u00edritos que se postam diante do trono de Deus, e que s\u00e3o irradia\u00e7\u00e3o de sua gl\u00f3ria e de sua imortalidade. Mas desconcertante era ver esse esp\u00edrito glorioso e luminoso que sofria: suas as cobriam o corpo de um homem crucificado. M\u00e3os e p\u00e9s estavam presos a uma cruz\u201d.<\/p>\n<p style=\"padding-left: 40px;\">&gt;&gt; Diante deste espet\u00e1culo a alma de Francisco se rasgava e sentimentos contradit\u00f3rios se debatiam dentro dele. A inef\u00e1vel beleza do Serafim e seu olha benevolente e cheio de gra\u00e7a o fascinavam e o enchiam de alegria. Ao mesmo tempo, no entanto, o sofrimento do crucificado o aterrorizava. Pergunta-se ent\u00e3o: Como um esp\u00edrito glorioso, imortal e t\u00e3o belo podia sofrer a mais cruel agonia? N\u00e3o sabia o que pensar. A agonia estava junto com o \u00eaxtase. A Paix\u00e3o e a Gl\u00f3ria, associadas de maneira estranha, pareciam cair sobre ele como um p\u00e1ssaro de rapina.<\/p>\n<p style=\"padding-left: 40px;\">&gt;&gt; Aos poucos a vis\u00e3o se diluiu e a angustia se acalmou. Abaixando os olhos para a terra, viu em suas m\u00e3os as marcas dos cravos. A Gl\u00f3ria de Deus acabava de toc\u00e1-lo, de transpass\u00e1-lo. Era um ser ferido. E como Jac\u00f3, depois do combate com o anjo, caminhava com muita dificuldade\u201d (E.Leclerc, Francisco de Assis.O retorno ao Evangelho, Vozes, p. 108).<\/p>\n<p>\u2022 Nada mais a acrescentar. \u201cEsses ferimentos eram bocas que falavam demais\u201d. Por isso, o Poverello os escondia. Eram os segredos do Rei. Os serafins da Gl\u00f3ria se encontravam com o serafim de Assis.<\/p>\n<p><strong>Frei Almir Ribeiro Guimar\u00e3es<\/strong><\/p>\n","protected":false},"excerpt":{"rendered":"<p>Artigo de Frei Almir Guimar\u00e3es<\/p>\n","protected":false},"author":3,"featured_media":176681,"comment_status":"open","ping_status":"open","sticky":false,"template":"","format":"standard","meta":[],"categories":[11],"tags":[],"yoast_head":"<!-- This site is optimized with the Yoast SEO plugin v19.2 - https:\/\/yoast.com\/wordpress\/plugins\/seo\/ -->\n<title>O serafim de Assis - Carisma - Franciscanos<\/title>\n<meta name=\"robots\" content=\"index, follow, max-snippet:-1, max-image-preview:large, max-video-preview:-1\" \/>\n<link rel=\"canonical\" href=\"https:\/\/franciscanos.org.br\/carisma\/o-serafim-de-assis.html\" \/>\n<meta property=\"og:locale\" content=\"pt_BR\" \/>\n<meta property=\"og:type\" content=\"article\" \/>\n<meta property=\"og:title\" content=\"O serafim de Assis - Carisma - Franciscanos\" \/>\n<meta property=\"og:description\" content=\"Artigo de Frei Almir Guimar\u00e3es\" \/>\n<meta property=\"og:url\" content=\"https:\/\/franciscanos.org.br\/carisma\/o-serafim-de-assis.html\" \/>\n<meta property=\"og:site_name\" content=\"Carisma - Franciscanos\" \/>\n<meta property=\"article:published_time\" content=\"2019-09-17T10:20:10+00:00\" \/>\n<meta property=\"article:modified_time\" content=\"2019-09-17T10:21:38+00:00\" \/>\n<meta property=\"og:image\" content=\"https:\/\/franciscanos.org.br\/carisma\/wp-content\/uploads\/2019\/09\/estigmas_17d.jpg\" \/>\n\t<meta property=\"og:image:width\" content=\"273\" \/>\n\t<meta property=\"og:image:height\" content=\"181\" \/>\n\t<meta property=\"og:image:type\" content=\"image\/jpeg\" \/>\n<meta name=\"author\" content=\"moacir\" \/>\n<meta name=\"twitter:card\" content=\"summary_large_image\" \/>\n<meta name=\"twitter:label1\" content=\"Escrito por\" \/>\n\t<meta name=\"twitter:data1\" content=\"moacir\" \/>\n\t<meta name=\"twitter:label2\" content=\"Est. tempo de leitura\" \/>\n\t<meta name=\"twitter:data2\" content=\"3 minutos\" \/>\n<script type=\"application\/ld+json\" class=\"yoast-schema-graph\">{\"@context\":\"https:\/\/schema.org\",\"@graph\":[{\"@type\":\"WebSite\",\"@id\":\"https:\/\/franciscanos.org.br\/carisma\/#website\",\"url\":\"https:\/\/franciscanos.org.br\/carisma\/\",\"name\":\"Carisma - Franciscanos\",\"description\":\"Prov\u00edncia Franciscana da Imaculada Concei\u00e7\u00e3o do Brasil - Ordem dos Frades Menores\",\"potentialAction\":[{\"@type\":\"SearchAction\",\"target\":{\"@type\":\"EntryPoint\",\"urlTemplate\":\"https:\/\/franciscanos.org.br\/carisma\/?s={search_term_string}\"},\"query-input\":\"required name=search_term_string\"}],\"inLanguage\":\"pt-BR\"},{\"@type\":\"ImageObject\",\"inLanguage\":\"pt-BR\",\"@id\":\"https:\/\/franciscanos.org.br\/carisma\/o-serafim-de-assis.html#primaryimage\",\"url\":\"https:\/\/franciscanos.org.br\/carisma\/wp-content\/uploads\/2019\/09\/estigmas_17d.jpg\",\"contentUrl\":\"https:\/\/franciscanos.org.br\/carisma\/wp-content\/uploads\/2019\/09\/estigmas_17d.jpg\",\"width\":273,\"height\":181},{\"@type\":\"WebPage\",\"@id\":\"https:\/\/franciscanos.org.br\/carisma\/o-serafim-de-assis.html#webpage\",\"url\":\"https:\/\/franciscanos.org.br\/carisma\/o-serafim-de-assis.html\",\"name\":\"O serafim de Assis - Carisma - Franciscanos\",\"isPartOf\":{\"@id\":\"https:\/\/franciscanos.org.br\/carisma\/#website\"},\"primaryImageOfPage\":{\"@id\":\"https:\/\/franciscanos.org.br\/carisma\/o-serafim-de-assis.html#primaryimage\"},\"datePublished\":\"2019-09-17T10:20:10+00:00\",\"dateModified\":\"2019-09-17T10:21:38+00:00\",\"author\":{\"@id\":\"https:\/\/franciscanos.org.br\/carisma\/#\/schema\/person\/bf14cae4d2151ab6b6e41d96660f93a2\"},\"breadcrumb\":{\"@id\":\"https:\/\/franciscanos.org.br\/carisma\/o-serafim-de-assis.html#breadcrumb\"},\"inLanguage\":\"pt-BR\",\"potentialAction\":[{\"@type\":\"ReadAction\",\"target\":[\"https:\/\/franciscanos.org.br\/carisma\/o-serafim-de-assis.html\"]}]},{\"@type\":\"BreadcrumbList\",\"@id\":\"https:\/\/franciscanos.org.br\/carisma\/o-serafim-de-assis.html#breadcrumb\",\"itemListElement\":[{\"@type\":\"ListItem\",\"position\":1,\"name\":\"Home\",\"item\":\"https:\/\/franciscanos.org.br\/carisma\"},{\"@type\":\"ListItem\",\"position\":2,\"name\":\"O serafim de Assis\"}]},{\"@type\":\"Person\",\"@id\":\"https:\/\/franciscanos.org.br\/carisma\/#\/schema\/person\/bf14cae4d2151ab6b6e41d96660f93a2\",\"name\":\"moacir\",\"image\":{\"@type\":\"ImageObject\",\"inLanguage\":\"pt-BR\",\"@id\":\"https:\/\/franciscanos.org.br\/carisma\/#\/schema\/person\/image\/\",\"url\":\"https:\/\/secure.gravatar.com\/avatar\/d08aa2ce4c8dd416d4479aa8536fcf64?s=96&d=mm&r=g\",\"contentUrl\":\"https:\/\/secure.gravatar.com\/avatar\/d08aa2ce4c8dd416d4479aa8536fcf64?s=96&d=mm&r=g\",\"caption\":\"moacir\"},\"url\":\"https:\/\/franciscanos.org.br\/carisma\/author\/moacir\"}]}<\/script>\n<!-- \/ Yoast SEO plugin. -->","yoast_head_json":{"title":"O serafim de Assis - Carisma - Franciscanos","robots":{"index":"index","follow":"follow","max-snippet":"max-snippet:-1","max-image-preview":"max-image-preview:large","max-video-preview":"max-video-preview:-1"},"canonical":"https:\/\/franciscanos.org.br\/carisma\/o-serafim-de-assis.html","og_locale":"pt_BR","og_type":"article","og_title":"O serafim de Assis - Carisma - Franciscanos","og_description":"Artigo de Frei Almir Guimar\u00e3es","og_url":"https:\/\/franciscanos.org.br\/carisma\/o-serafim-de-assis.html","og_site_name":"Carisma - Franciscanos","article_published_time":"2019-09-17T10:20:10+00:00","article_modified_time":"2019-09-17T10:21:38+00:00","og_image":[{"width":273,"height":181,"url":"https:\/\/franciscanos.org.br\/carisma\/wp-content\/uploads\/2019\/09\/estigmas_17d.jpg","type":"image\/jpeg"}],"author":"moacir","twitter_card":"summary_large_image","twitter_misc":{"Escrito por":"moacir","Est. tempo de leitura":"3 minutos"},"schema":{"@context":"https:\/\/schema.org","@graph":[{"@type":"WebSite","@id":"https:\/\/franciscanos.org.br\/carisma\/#website","url":"https:\/\/franciscanos.org.br\/carisma\/","name":"Carisma - Franciscanos","description":"Prov\u00edncia Franciscana da Imaculada Concei\u00e7\u00e3o do Brasil - Ordem dos Frades Menores","potentialAction":[{"@type":"SearchAction","target":{"@type":"EntryPoint","urlTemplate":"https:\/\/franciscanos.org.br\/carisma\/?s={search_term_string}"},"query-input":"required name=search_term_string"}],"inLanguage":"pt-BR"},{"@type":"ImageObject","inLanguage":"pt-BR","@id":"https:\/\/franciscanos.org.br\/carisma\/o-serafim-de-assis.html#primaryimage","url":"https:\/\/franciscanos.org.br\/carisma\/wp-content\/uploads\/2019\/09\/estigmas_17d.jpg","contentUrl":"https:\/\/franciscanos.org.br\/carisma\/wp-content\/uploads\/2019\/09\/estigmas_17d.jpg","width":273,"height":181},{"@type":"WebPage","@id":"https:\/\/franciscanos.org.br\/carisma\/o-serafim-de-assis.html#webpage","url":"https:\/\/franciscanos.org.br\/carisma\/o-serafim-de-assis.html","name":"O serafim de Assis - Carisma - Franciscanos","isPartOf":{"@id":"https:\/\/franciscanos.org.br\/carisma\/#website"},"primaryImageOfPage":{"@id":"https:\/\/franciscanos.org.br\/carisma\/o-serafim-de-assis.html#primaryimage"},"datePublished":"2019-09-17T10:20:10+00:00","dateModified":"2019-09-17T10:21:38+00:00","author":{"@id":"https:\/\/franciscanos.org.br\/carisma\/#\/schema\/person\/bf14cae4d2151ab6b6e41d96660f93a2"},"breadcrumb":{"@id":"https:\/\/franciscanos.org.br\/carisma\/o-serafim-de-assis.html#breadcrumb"},"inLanguage":"pt-BR","potentialAction":[{"@type":"ReadAction","target":["https:\/\/franciscanos.org.br\/carisma\/o-serafim-de-assis.html"]}]},{"@type":"BreadcrumbList","@id":"https:\/\/franciscanos.org.br\/carisma\/o-serafim-de-assis.html#breadcrumb","itemListElement":[{"@type":"ListItem","position":1,"name":"Home","item":"https:\/\/franciscanos.org.br\/carisma"},{"@type":"ListItem","position":2,"name":"O serafim de Assis"}]},{"@type":"Person","@id":"https:\/\/franciscanos.org.br\/carisma\/#\/schema\/person\/bf14cae4d2151ab6b6e41d96660f93a2","name":"moacir","image":{"@type":"ImageObject","inLanguage":"pt-BR","@id":"https:\/\/franciscanos.org.br\/carisma\/#\/schema\/person\/image\/","url":"https:\/\/secure.gravatar.com\/avatar\/d08aa2ce4c8dd416d4479aa8536fcf64?s=96&d=mm&r=g","contentUrl":"https:\/\/secure.gravatar.com\/avatar\/d08aa2ce4c8dd416d4479aa8536fcf64?s=96&d=mm&r=g","caption":"moacir"},"url":"https:\/\/franciscanos.org.br\/carisma\/author\/moacir"}]}},"_links":{"self":[{"href":"https:\/\/franciscanos.org.br\/carisma\/wp-json\/wp\/v2\/posts\/176679"}],"collection":[{"href":"https:\/\/franciscanos.org.br\/carisma\/wp-json\/wp\/v2\/posts"}],"about":[{"href":"https:\/\/franciscanos.org.br\/carisma\/wp-json\/wp\/v2\/types\/post"}],"author":[{"embeddable":true,"href":"https:\/\/franciscanos.org.br\/carisma\/wp-json\/wp\/v2\/users\/3"}],"replies":[{"embeddable":true,"href":"https:\/\/franciscanos.org.br\/carisma\/wp-json\/wp\/v2\/comments?post=176679"}],"version-history":[{"count":3,"href":"https:\/\/franciscanos.org.br\/carisma\/wp-json\/wp\/v2\/posts\/176679\/revisions"}],"predecessor-version":[{"id":176684,"href":"https:\/\/franciscanos.org.br\/carisma\/wp-json\/wp\/v2\/posts\/176679\/revisions\/176684"}],"wp:featuredmedia":[{"embeddable":true,"href":"https:\/\/franciscanos.org.br\/carisma\/wp-json\/wp\/v2\/media\/176681"}],"wp:attachment":[{"href":"https:\/\/franciscanos.org.br\/carisma\/wp-json\/wp\/v2\/media?parent=176679"}],"wp:term":[{"taxonomy":"category","embeddable":true,"href":"https:\/\/franciscanos.org.br\/carisma\/wp-json\/wp\/v2\/categories?post=176679"},{"taxonomy":"post_tag","embeddable":true,"href":"https:\/\/franciscanos.org.br\/carisma\/wp-json\/wp\/v2\/tags?post=176679"}],"curies":[{"name":"wp","href":"https:\/\/api.w.org\/{rel}","templated":true}]}}