{"id":176598,"date":"2019-08-28T00:32:01","date_gmt":"2019-08-28T03:32:01","guid":{"rendered":"https:\/\/franciscanos.org.br\/carisma\/?p=176598"},"modified":"2019-08-28T09:43:40","modified_gmt":"2019-08-28T12:43:40","slug":"podeserofs-2","status":"publish","type":"post","link":"https:\/\/franciscanos.org.br\/carisma\/podeserofs-2.html","title":{"rendered":"Quem pode ser franciscano secular?"},"content":{"rendered":"<p><img loading=\"lazy\" class=\"alignnone wp-image-176599 size-full\" src=\"https:\/\/franciscanos.org.br\/carisma\/wp-content\/uploads\/2019\/08\/ofs_2_alto.jpg\" alt=\"\" width=\"890\" height=\"488\" srcset=\"https:\/\/franciscanos.org.br\/carisma\/wp-content\/uploads\/2019\/08\/ofs_2_alto.jpg 890w, https:\/\/franciscanos.org.br\/carisma\/wp-content\/uploads\/2019\/08\/ofs_2_alto-450x247.jpg 450w, https:\/\/franciscanos.org.br\/carisma\/wp-content\/uploads\/2019\/08\/ofs_2_alto-768x421.jpg 768w, https:\/\/franciscanos.org.br\/carisma\/wp-content\/uploads\/2019\/08\/ofs_2_alto-150x82.jpg 150w\" sizes=\"(max-width: 890px) 100vw, 890px\" \/><\/p>\n<h3>Um pequeno buqu\u00ea de crit\u00e9rios vocacionais<\/h3>\n<p><strong>1<\/strong>. Nossas fraternidades franciscanas seculares est\u00e3o espalhadas pelo mundo afora com suas luzes e sombras. Elas s\u00e3o constitu\u00eddas por homens e mulheres que buscam sair de uma vida crist\u00e3 med\u00edocre, apenas de pr\u00e1ticas religiosas, e desejam encontrar-se de verdade com o Senhor Deus e o seu Cristo. N\u00e3o buscam uma \u201cassocia\u00e7\u00e3o\u201d piedosa. Embora perten\u00e7am geograficamente a territ\u00f3rios paroquiais, seu horizonte n\u00e3o se restringe \u00e0 par\u00f3quia. De alguma forma s\u00e3o sacudidos pela for\u00e7a do Evangelho. Depois de um per\u00edodo de estudo e de reflex\u00e3o aceitam fazer uma profiss\u00e3o: seguir o Evangelho de Cristo por toda a vida \u00e0 maneira de Francisco e da espiritualidade francisclariana. S\u00e3o pessoas que est\u00e3o sempre a caminho. N\u00e3o s\u00e3o, repetimos, agregados a par\u00f3quias e esquemas paroquiais. Com isto n\u00e3o dizemos que se alheiam da comunidade paroquial. No entanto, a\u00ed se fazem presentes de maneira cr\u00edtica, no bom sentido da palavra.<\/p>\n<p><strong>2.<\/strong> S\u00e3o crist\u00e3os que vivem no mundo, na fam\u00edlia, no trabalho, na qualidade de leigos em s\u00e9rio processo de matura\u00e7\u00e3o. Normalmente n\u00e3o podem ser pessoas imersas em atividades paroquiais que as impe\u00e7am de construir sua verdadeira identidade: leigos no meio do mundo com esp\u00edrito franciscano (simplicidade, cortesia, fraternismo, etc). N\u00e3o devem ingressar na Ordem os que, mesmo casados, alimentam uma \u201csaudade\u201d de uma vida de consagrados ou de ministros do altar. O lugar, espa\u00e7o, seio dos franciscanos seculares, \u00e9 a realidade secular.<\/p>\n<p><strong>3<\/strong>. Insistimos. Podem ser chamados a fazer parte das Fraternidades Seculares crist\u00e3os que andam insatisfeitos com sua pr\u00e1tica mec\u00e2nica e sem alma. N\u00e3o querem fracassar na vida. S\u00e3o pessoas \u00e0s quais o Cristo dos Evangelhos, o Cristo ressuscitado andou chamando e convocando. T\u00eam vontade de responder ao apelo: \u201cVem e segue-me\u201d. Os melhores candidatos \u00e0 vida franciscana secular n\u00e3o s\u00e3o aqueles que j\u00e1 est\u00e3o engajados e compromissados com mil e uma pastorais, mas os que est\u00e3o num estado de busca das estrelas. Os melhores candidatos s\u00e3o aqueles que t\u00eam senso cr\u00edtico diante de pessoas e comunidades alienadas, preocupadas apenas com devocional e com a dimens\u00e3o caritativa assistencialista, bem como os cultivadores de intensas emo\u00e7\u00f5es religiosas.<\/p>\n<p><strong>4.<\/strong> Podem ser chamados a ingressar na Ordem Franciscana Secular os que foram e continuam sendo tocados pelo Serm\u00e3o da Montanha: os que s\u00e3o sal da terra e luz do mundo, os que gostam de rezar no quarto com a porta fechada, os que, quando solicitados, al\u00e9m do manto d\u00e3o a t\u00fanica, os que n\u00e3o andam atr\u00e1s de honras e cargos, os que n\u00e3o se contentam com as apar\u00eancias e buscam o cerne das coisas. Os franciscanos seculares, como Francisco, desejam acolher de maneira espont\u00e2nea, os pedidos e as exig\u00eancias do Evangelho.<\/p>\n<p><strong>5.<\/strong> S\u00e3o aptos para fazer caminhada espiritual da Ordem Franciscana Secular os que desejam se desvencilhar de determinadas amarras: dinheiro e bens, sempre mais dinheiro e mais bens, os que querem tomar dist\u00e2ncia da sociedade da rentabilidade, da competi\u00e7\u00e3o, da indiferen\u00e7a para com os outros, sociedade que usa as pessoas como coisas. N\u00e3o est\u00e3o de acordo com o individualismo empobrecedor e o regime ou imp\u00e9rio da provisoriedade. Os franciscanos seculares s\u00e3o pessoas contestadoras de uma sociedade que n\u00e3o tem senso cr\u00edtico, mas cria rob\u00f4s.<\/p>\n<p><strong>6.<\/strong> S\u00e3o pessoas que podem optar pelas fileiras da Ordem Franciscana Secular os que valorizam a vida em fraternidade, a vida dos irm\u00e3os. Os grupamentos em que vivem se denominam precisamente de fraternidades. H\u00e1 o sacramento da reuni\u00e3o geral e de outras reuni\u00f5es dos irm\u00e3os, da visita aos mais necessitados (doentes, presidi\u00e1rios, os jogados \u00e0 beira do caminho), dos engajamentos s\u00e9rios em vista dos direitos dos irm\u00e3os, etc. Sem voca\u00e7\u00e3o para a fraternidade fica dif\u00edcil ser bem-sucedido no caminho da Ordem Franciscana Secular. Est\u00e3o dispostos a ir pelo mundo sem descanso, porque o Amor n\u00e3o \u00e9 amado.<\/p>\n<p><strong>Frei Almir Ribeiro Guimar\u00e3es, OFM<\/strong><\/p>\n","protected":false},"excerpt":{"rendered":"<p>Artigo de Frei Almir Ribeiro Guimar\u00e3es, OFM<\/p>\n","protected":false},"author":3,"featured_media":176600,"comment_status":"open","ping_status":"open","sticky":false,"template":"","format":"standard","meta":[],"categories":[14],"tags":[47],"yoast_head":"<!-- This site is optimized with the Yoast SEO plugin v19.2 - https:\/\/yoast.com\/wordpress\/plugins\/seo\/ -->\n<title>Quem pode ser franciscano secular? - Carisma - Franciscanos<\/title>\n<meta name=\"robots\" content=\"index, follow, max-snippet:-1, max-image-preview:large, max-video-preview:-1\" \/>\n<link rel=\"canonical\" href=\"https:\/\/franciscanos.org.br\/carisma\/podeserofs-2.html\" \/>\n<meta property=\"og:locale\" content=\"pt_BR\" \/>\n<meta property=\"og:type\" content=\"article\" \/>\n<meta property=\"og:title\" content=\"Quem pode ser franciscano secular? - Carisma - Franciscanos\" \/>\n<meta property=\"og:description\" content=\"Artigo de Frei Almir Ribeiro Guimar\u00e3es, OFM\" \/>\n<meta property=\"og:url\" content=\"https:\/\/franciscanos.org.br\/carisma\/podeserofs-2.html\" \/>\n<meta property=\"og:site_name\" content=\"Carisma - Franciscanos\" \/>\n<meta property=\"article:published_time\" content=\"2019-08-28T03:32:01+00:00\" \/>\n<meta property=\"article:modified_time\" content=\"2019-08-28T12:43:40+00:00\" \/>\n<meta property=\"og:image\" content=\"https:\/\/franciscanos.org.br\/carisma\/wp-content\/uploads\/2019\/08\/ofs_2_d.jpg\" \/>\n\t<meta property=\"og:image:width\" content=\"273\" \/>\n\t<meta property=\"og:image:height\" content=\"181\" \/>\n\t<meta property=\"og:image:type\" content=\"image\/jpeg\" \/>\n<meta name=\"author\" content=\"moacir\" \/>\n<meta name=\"twitter:card\" content=\"summary_large_image\" \/>\n<meta name=\"twitter:label1\" content=\"Escrito por\" \/>\n\t<meta name=\"twitter:data1\" content=\"moacir\" \/>\n\t<meta name=\"twitter:label2\" content=\"Est. tempo de leitura\" \/>\n\t<meta name=\"twitter:data2\" content=\"3 minutos\" \/>\n<script type=\"application\/ld+json\" class=\"yoast-schema-graph\">{\"@context\":\"https:\/\/schema.org\",\"@graph\":[{\"@type\":\"WebSite\",\"@id\":\"https:\/\/franciscanos.org.br\/carisma\/#website\",\"url\":\"https:\/\/franciscanos.org.br\/carisma\/\",\"name\":\"Carisma - Franciscanos\",\"description\":\"Prov\u00edncia Franciscana da Imaculada Concei\u00e7\u00e3o do Brasil - Ordem dos Frades Menores\",\"potentialAction\":[{\"@type\":\"SearchAction\",\"target\":{\"@type\":\"EntryPoint\",\"urlTemplate\":\"https:\/\/franciscanos.org.br\/carisma\/?s={search_term_string}\"},\"query-input\":\"required name=search_term_string\"}],\"inLanguage\":\"pt-BR\"},{\"@type\":\"ImageObject\",\"inLanguage\":\"pt-BR\",\"@id\":\"https:\/\/franciscanos.org.br\/carisma\/podeserofs-2.html#primaryimage\",\"url\":\"https:\/\/franciscanos.org.br\/carisma\/wp-content\/uploads\/2019\/08\/ofs_2_d.jpg\",\"contentUrl\":\"https:\/\/franciscanos.org.br\/carisma\/wp-content\/uploads\/2019\/08\/ofs_2_d.jpg\",\"width\":273,\"height\":181},{\"@type\":\"WebPage\",\"@id\":\"https:\/\/franciscanos.org.br\/carisma\/podeserofs-2.html#webpage\",\"url\":\"https:\/\/franciscanos.org.br\/carisma\/podeserofs-2.html\",\"name\":\"Quem pode ser franciscano secular? - Carisma - Franciscanos\",\"isPartOf\":{\"@id\":\"https:\/\/franciscanos.org.br\/carisma\/#website\"},\"primaryImageOfPage\":{\"@id\":\"https:\/\/franciscanos.org.br\/carisma\/podeserofs-2.html#primaryimage\"},\"datePublished\":\"2019-08-28T03:32:01+00:00\",\"dateModified\":\"2019-08-28T12:43:40+00:00\",\"author\":{\"@id\":\"https:\/\/franciscanos.org.br\/carisma\/#\/schema\/person\/bf14cae4d2151ab6b6e41d96660f93a2\"},\"breadcrumb\":{\"@id\":\"https:\/\/franciscanos.org.br\/carisma\/podeserofs-2.html#breadcrumb\"},\"inLanguage\":\"pt-BR\",\"potentialAction\":[{\"@type\":\"ReadAction\",\"target\":[\"https:\/\/franciscanos.org.br\/carisma\/podeserofs-2.html\"]}]},{\"@type\":\"BreadcrumbList\",\"@id\":\"https:\/\/franciscanos.org.br\/carisma\/podeserofs-2.html#breadcrumb\",\"itemListElement\":[{\"@type\":\"ListItem\",\"position\":1,\"name\":\"Home\",\"item\":\"https:\/\/franciscanos.org.br\/carisma\"},{\"@type\":\"ListItem\",\"position\":2,\"name\":\"Quem pode ser franciscano secular?\"}]},{\"@type\":\"Person\",\"@id\":\"https:\/\/franciscanos.org.br\/carisma\/#\/schema\/person\/bf14cae4d2151ab6b6e41d96660f93a2\",\"name\":\"moacir\",\"image\":{\"@type\":\"ImageObject\",\"inLanguage\":\"pt-BR\",\"@id\":\"https:\/\/franciscanos.org.br\/carisma\/#\/schema\/person\/image\/\",\"url\":\"https:\/\/secure.gravatar.com\/avatar\/d08aa2ce4c8dd416d4479aa8536fcf64?s=96&d=mm&r=g\",\"contentUrl\":\"https:\/\/secure.gravatar.com\/avatar\/d08aa2ce4c8dd416d4479aa8536fcf64?s=96&d=mm&r=g\",\"caption\":\"moacir\"},\"url\":\"https:\/\/franciscanos.org.br\/carisma\/author\/moacir\"}]}<\/script>\n<!-- \/ Yoast SEO plugin. -->","yoast_head_json":{"title":"Quem pode ser franciscano secular? - Carisma - Franciscanos","robots":{"index":"index","follow":"follow","max-snippet":"max-snippet:-1","max-image-preview":"max-image-preview:large","max-video-preview":"max-video-preview:-1"},"canonical":"https:\/\/franciscanos.org.br\/carisma\/podeserofs-2.html","og_locale":"pt_BR","og_type":"article","og_title":"Quem pode ser franciscano secular? - Carisma - Franciscanos","og_description":"Artigo de Frei Almir Ribeiro Guimar\u00e3es, OFM","og_url":"https:\/\/franciscanos.org.br\/carisma\/podeserofs-2.html","og_site_name":"Carisma - Franciscanos","article_published_time":"2019-08-28T03:32:01+00:00","article_modified_time":"2019-08-28T12:43:40+00:00","og_image":[{"width":273,"height":181,"url":"https:\/\/franciscanos.org.br\/carisma\/wp-content\/uploads\/2019\/08\/ofs_2_d.jpg","type":"image\/jpeg"}],"author":"moacir","twitter_card":"summary_large_image","twitter_misc":{"Escrito por":"moacir","Est. tempo de leitura":"3 minutos"},"schema":{"@context":"https:\/\/schema.org","@graph":[{"@type":"WebSite","@id":"https:\/\/franciscanos.org.br\/carisma\/#website","url":"https:\/\/franciscanos.org.br\/carisma\/","name":"Carisma - Franciscanos","description":"Prov\u00edncia Franciscana da Imaculada Concei\u00e7\u00e3o do Brasil - Ordem dos Frades Menores","potentialAction":[{"@type":"SearchAction","target":{"@type":"EntryPoint","urlTemplate":"https:\/\/franciscanos.org.br\/carisma\/?s={search_term_string}"},"query-input":"required name=search_term_string"}],"inLanguage":"pt-BR"},{"@type":"ImageObject","inLanguage":"pt-BR","@id":"https:\/\/franciscanos.org.br\/carisma\/podeserofs-2.html#primaryimage","url":"https:\/\/franciscanos.org.br\/carisma\/wp-content\/uploads\/2019\/08\/ofs_2_d.jpg","contentUrl":"https:\/\/franciscanos.org.br\/carisma\/wp-content\/uploads\/2019\/08\/ofs_2_d.jpg","width":273,"height":181},{"@type":"WebPage","@id":"https:\/\/franciscanos.org.br\/carisma\/podeserofs-2.html#webpage","url":"https:\/\/franciscanos.org.br\/carisma\/podeserofs-2.html","name":"Quem pode ser franciscano secular? - Carisma - Franciscanos","isPartOf":{"@id":"https:\/\/franciscanos.org.br\/carisma\/#website"},"primaryImageOfPage":{"@id":"https:\/\/franciscanos.org.br\/carisma\/podeserofs-2.html#primaryimage"},"datePublished":"2019-08-28T03:32:01+00:00","dateModified":"2019-08-28T12:43:40+00:00","author":{"@id":"https:\/\/franciscanos.org.br\/carisma\/#\/schema\/person\/bf14cae4d2151ab6b6e41d96660f93a2"},"breadcrumb":{"@id":"https:\/\/franciscanos.org.br\/carisma\/podeserofs-2.html#breadcrumb"},"inLanguage":"pt-BR","potentialAction":[{"@type":"ReadAction","target":["https:\/\/franciscanos.org.br\/carisma\/podeserofs-2.html"]}]},{"@type":"BreadcrumbList","@id":"https:\/\/franciscanos.org.br\/carisma\/podeserofs-2.html#breadcrumb","itemListElement":[{"@type":"ListItem","position":1,"name":"Home","item":"https:\/\/franciscanos.org.br\/carisma"},{"@type":"ListItem","position":2,"name":"Quem pode ser franciscano secular?"}]},{"@type":"Person","@id":"https:\/\/franciscanos.org.br\/carisma\/#\/schema\/person\/bf14cae4d2151ab6b6e41d96660f93a2","name":"moacir","image":{"@type":"ImageObject","inLanguage":"pt-BR","@id":"https:\/\/franciscanos.org.br\/carisma\/#\/schema\/person\/image\/","url":"https:\/\/secure.gravatar.com\/avatar\/d08aa2ce4c8dd416d4479aa8536fcf64?s=96&d=mm&r=g","contentUrl":"https:\/\/secure.gravatar.com\/avatar\/d08aa2ce4c8dd416d4479aa8536fcf64?s=96&d=mm&r=g","caption":"moacir"},"url":"https:\/\/franciscanos.org.br\/carisma\/author\/moacir"}]}},"_links":{"self":[{"href":"https:\/\/franciscanos.org.br\/carisma\/wp-json\/wp\/v2\/posts\/176598"}],"collection":[{"href":"https:\/\/franciscanos.org.br\/carisma\/wp-json\/wp\/v2\/posts"}],"about":[{"href":"https:\/\/franciscanos.org.br\/carisma\/wp-json\/wp\/v2\/types\/post"}],"author":[{"embeddable":true,"href":"https:\/\/franciscanos.org.br\/carisma\/wp-json\/wp\/v2\/users\/3"}],"replies":[{"embeddable":true,"href":"https:\/\/franciscanos.org.br\/carisma\/wp-json\/wp\/v2\/comments?post=176598"}],"version-history":[{"count":3,"href":"https:\/\/franciscanos.org.br\/carisma\/wp-json\/wp\/v2\/posts\/176598\/revisions"}],"predecessor-version":[{"id":176606,"href":"https:\/\/franciscanos.org.br\/carisma\/wp-json\/wp\/v2\/posts\/176598\/revisions\/176606"}],"wp:featuredmedia":[{"embeddable":true,"href":"https:\/\/franciscanos.org.br\/carisma\/wp-json\/wp\/v2\/media\/176600"}],"wp:attachment":[{"href":"https:\/\/franciscanos.org.br\/carisma\/wp-json\/wp\/v2\/media?parent=176598"}],"wp:term":[{"taxonomy":"category","embeddable":true,"href":"https:\/\/franciscanos.org.br\/carisma\/wp-json\/wp\/v2\/categories?post=176598"},{"taxonomy":"post_tag","embeddable":true,"href":"https:\/\/franciscanos.org.br\/carisma\/wp-json\/wp\/v2\/tags?post=176598"}],"curies":[{"name":"wp","href":"https:\/\/api.w.org\/{rel}","templated":true}]}}