{"id":176594,"date":"2019-08-26T00:42:32","date_gmt":"2019-08-26T03:42:32","guid":{"rendered":"https:\/\/franciscanos.org.br\/carisma\/?p=176594"},"modified":"2019-08-21T15:13:34","modified_gmt":"2019-08-21T18:13:34","slug":"o-que-andamos-fazendo-de-nossas-vidas","status":"publish","type":"post","link":"https:\/\/franciscanos.org.br\/carisma\/o-que-andamos-fazendo-de-nossas-vidas.html","title":{"rendered":"O que andamos fazendo de nossas vidas?"},"content":{"rendered":"<h3><img loading=\"lazy\" class=\"alignnone wp-image-176595 size-full\" src=\"https:\/\/franciscanos.org.br\/carisma\/wp-content\/uploads\/2019\/08\/ofs_1_g2608.jpg\" alt=\"\" width=\"890\" height=\"464\" srcset=\"https:\/\/franciscanos.org.br\/carisma\/wp-content\/uploads\/2019\/08\/ofs_1_g2608.jpg 890w, https:\/\/franciscanos.org.br\/carisma\/wp-content\/uploads\/2019\/08\/ofs_1_g2608-450x235.jpg 450w, https:\/\/franciscanos.org.br\/carisma\/wp-content\/uploads\/2019\/08\/ofs_1_g2608-768x400.jpg 768w, https:\/\/franciscanos.org.br\/carisma\/wp-content\/uploads\/2019\/08\/ofs_1_g2608-150x78.jpg 150w\" sizes=\"(max-width: 890px) 100vw, 890px\" \/><\/h3>\n<h3>\nPara os que querem iluminar sua vida com a claridade de Francisco de Assis<\/h3>\n<p><strong>Frei Almir Ribeiro Guimar\u00e3es, OFM<\/strong><\/p>\n<p><strong>1.<\/strong> N\u00e3o h\u00e1 d\u00favida. O que importa \u00e9 viver. Viver bem. Viver da melhor forma poss\u00edvel em todos os campos da exist\u00eancia. Viver bem: o ser homem e ser mulher, viver amizades e relacionamentos, ter alegria do que se faz, viver contentes e jubilosos com os dias de sol e com o cinzento da cerra\u00e7\u00e3o. Viver como pai, como m\u00e3e, conviver com as pessoas sem interesses ego\u00edstas, mesquinhos, pequenos, mas gratuitamente, fazer festa quando \u00e9 tempo de festa, e fazer luto quando \u00e9 tempo de luto. Crescer como gente, crescer de verdade. N\u00e3o se deixar apequenar no casamento, na conviv\u00eancias com os vizinhos, nos relacionamentos. Viver, conviver, viver com gosto de \u201cquero mais\u201d. Buscar uma maturidade humana. E tamb\u00e9m viver com uma \u201csaudade\u201d do Mist\u00e9rio. Desse Deus que n\u00e3o sabemos bem descrever. Ou mesmo nada sabemos dizer. Nosso cora\u00e7\u00e3o \u00e9 irrequieto enquanto n\u00e3o descansar nesse insond\u00e1vel Mist\u00e9rio. O esfor\u00e7o pela busca do verdadeiro rosto de Deus n\u00e3o devia nos abandonar. Viver \u00e9 buscar aquele que nos inventou e nos ama sem limites.<\/p>\n<p><strong>2.<\/strong> Somos crist\u00e3os. Desde nossa inf\u00e2ncia fomos levados a ser cat\u00f3licos. Prefiro a palavra <strong>crist\u00e3o.<\/strong> Sacramentos, missa, prociss\u00f5es, ladainhas, liturgia, ter\u00e7o. Tudo isso fez e faz parte de nossa vida. Sempre de novo, no entanto, somos chamados a nos interrogar sobre a qualidade de <strong>nosso ser crist\u00e3o<\/strong>. O que \u00e9 ser crist\u00e3o? E hoje? Tudo mudou&#8230; Os tempos modernos pedem que sejamos disc\u00edpulas e disc\u00edpulos mission\u00e1rios. O Papa Francisco insiste que sejamos uma<em> Igreja em sa\u00edda<\/em>, gente que se dirige \u00e0s periferias existenciais para recolher os jogados \u00e0 beira do caminho. Crist\u00e3os? Como formar nossa identidade crist\u00e3? Muito dif\u00edcil responder a essa pergunta. N\u00e3o paramos de nascer. Nunca acabamos de nascer para a f\u00e9. Nascer de novo, como foi dito a Nicodemos. At\u00e9 que ponto crescemos em nossa vida crist\u00e3? A Ordem Franciscana Secular, de fato, nos ajuda a sermos crist\u00e3os? De verdade? Morrer ao homem velho, ter intimidade com o Evangelho, entrar num constante processo de convers\u00e3o, temos uma vontade inaudita de espalhar nossa alegria de crist\u00e3os, n\u00e3o apenas de sermos certinhos em rezas e missas. Temos alegria em viver como crist\u00e3os? Temos interesse de ler autores de espiritualidade? Nunca tivemos a ideia de fazer uma vez por m\u00eas um tarde de estudos lendo juntos um livro sobre a f\u00e9, a esperan\u00e7a, a caridade e as coisas da nossa f\u00e9?<\/p>\n<p><strong>3.<\/strong> Francisco de Assis continua exercendo um grande fasc\u00ednio. N\u00e3o somente os crist\u00e3os sentem-se atra\u00eddos por ele, mas todos os homens e mulheres retos, de boa vontade. Ele andou inventando um jeito de ser crist\u00e3o muito pr\u00f3ximo do Evangelho. H\u00e1 uma fam\u00edlia franciscana que vive o Evangelho \u00e0 maneira do <em>Poverello<\/em> e Clara. Frades, leigos e leigas, religiosas que se inspiram em Clara e tantas outras irm\u00e3s com espiritualidade franciscana. Vamos construindo a duras penas nossa identidade franciscana secular. Trabalho que n\u00e3o cessa: forma\u00e7\u00e3o, retiro, dias de estudo, leitura, cultivo de uma delicadeza de consci\u00eancia.<\/p>\n<p><strong>4.<\/strong> Os que ingressam numa das Ordens Franciscanas adotam um certo estilo de viver. T\u00eam um g\u00eanero de vida marcadamente evang\u00e9lico \u00e0 maneira de Francisco. Importante frisar da OFS: leigos, fi\u00e9is crist\u00e3os leigos, leigos no mundo, no casamento, na vida de todos os dias, no caixa de um supermercado, com funcion\u00e1rio p\u00fablico. Leigo, quer dizer, n\u00e3o precisam se comparar a frades e freiras. N\u00e3o precisam ocupar lugares nos altares da missas. Leigo \u00e9 leigo, frade \u00e9 frade. A Ordem \u00e9 secular e deveria formar um laicato maduro inspirado no m\u00e9todo do <em>ver, julgar e agir.<\/em><\/p>\n<p><strong>5.<\/strong> Ponto importante \u00e9 que, aos poucos, vamos tentando ganhar o jeito franciscano de viver. Antes de tudo somos pessoas que vivemos no mundo sem ser do mundo. N\u00e3o nos adaptamos ao consumismo, \u00e0 din\u00e2mica do lucro, sempre lucro, do uso das pessoas como se fossem coisas. Entramos num processo de convers\u00e3o: o doce fica amargo, e o amargo, doce. Somos penitentes. N\u00e3o precisamos colocar cinza na comida, mas precisamos dobrar o orgulho, n\u00e3o berrar nossas vantagens, irm\u00e3os simples de todos os seres humanos. Temos uma vida de ora\u00e7\u00e3o pessoal que vale a pena? Irm\u00e3os sem nariz arrebitado.<\/p>\n<p><strong>6.<\/strong> N\u00e3o queremos e n\u00e3o podemos viver na casca das coisas. Precisamos visitar nosso interior para que n\u00e3o seja habitado pelo vazio, pela superficialidade. Vivemos o tempo da pressa, da rentabilidade, das sucessivas imagens e milhares de mensagens n\u00e3o se alojam em n\u00f3s e ficamos meio vazios, certamente perdidos e, no fundo, insatisfeitos. Temos condi\u00e7\u00f5es de introduzir a medita\u00e7\u00e3o em nosso viver? A introspec\u00e7\u00e3o? O cultivo do exerc\u00edcio do discernimento?<\/p>\n<p><strong>7.<\/strong> <strong>Alguns tra\u00e7os dos que aspiram a viver \u00e0 luz de Francisco:<\/strong><\/p>\n<p>\u2022 O franciscano \u00e9 cantor do Alt\u00edssimo e bom Senhor: contemplativo; cantor do sol e da lua, e dos irm\u00e3os da natureza, reflexos do Alt\u00edssimo.<br \/>\n\u2022 Os franciscanos sabem levar as coisas ao fundo do cora\u00e7\u00e3o como Maria e Francisco.<br \/>\n\u2022 Optam por uma postura de simplicidade e despojamento.<br \/>\n\u2022 N\u00e3o querem sobrepor-se aos outros.<br \/>\n\u2022 Marcados pela cortesia e cordialidade.<br \/>\n\u2022 T\u00eam sensibilidade para o que \u00e9 fraterno: amar com amor de m\u00e3e os de perto e os de longe.<br \/>\n\u2022 Experimentam tens\u00e3o entre contempla\u00e7\u00e3o e vida ativa; v\u00e3o pelo mundo mesmo com saudade das grutas.<br \/>\n\u2022 Exercitam-se na pr\u00e1tica da desapropria\u00e7\u00e3o.<br \/>\n\u2022 Trabalham com denodo sem perder o esp\u00edrito da ora\u00e7\u00e3o.<br \/>\n\u2022 Desejam restaurar a Igreja a partir do amor por Cristo.<br \/>\n\u2022 S\u00e3o cuidadores e jardineiros da obra da cria\u00e7\u00e3o.<\/p>\n<p><strong>8. Alguns valores humanos a serem cultivados:<\/strong><\/p>\n<p>Coragem, clareza do que \u00e9 assumir compromisso, superar o universo dos melindres e susceptibilidade, capacidade de conviver com o diferente; saber olhar o que se passa \u00e0 sua volta; esp\u00edrito de servi\u00e7o; senso de admira\u00e7\u00e3o sem \u201cchiliques\u201d.<\/p>\n<p><strong>9.<\/strong> Construir fraternidades com um clima de alegria. A alegria forma, passa confian\u00e7a, acolhida alegre e n\u00e3o formal, criar espa\u00e7os bonitos. Bom seria que pud\u00e9ssemos convidar eventualmente jovens que cantassem novos c\u00e2nticos e nos encantassem. Algumas vezes fazer encontros com filhos e netos sem muito formalismo.<\/p>\n<p><strong>10<\/strong>. <strong>Lembretes:<\/strong><\/p>\n<p>\u2666 Import\u00e2ncia da qualidade da reuni\u00e3o geral, no melhor dia, no melhor hor\u00e1rio, de forma que todos aproveitem;<br \/>\n\u2666 pontualidade nas reuni\u00f5es, ter a delicadeza de justificar quando \u00e9 necess\u00e1rio faltar;<br \/>\n\u2666 certos deveres familiares podem impedir a frequ\u00eancia regular: como fazer?<br \/>\n\u2666 pensar na qualidade do retiro anual e inventar tardes ou noites de reflex\u00e3o e de ora\u00e7\u00e3o;<br \/>\n\u2666 import\u00e2ncia de uma leitura espiritual sobre nosso jeito de sermos crist\u00e3os franciscanos;<br \/>\n\u2666 ler e refletir em particular as orienta\u00e7\u00f5es da Regra da Ordem Secular.<\/p>\n<p><strong>Preocupa\u00e7\u00f5es<\/strong><\/p>\n<p>\u2666 Dif\u00edcil tarefa de buscar novas voca\u00e7\u00f5es.<br \/>\n\u2666 Compreender o mundo de hoje e seus desafios e ser capaz de inventar o novo.<br \/>\n\u2666 Que contribui\u00e7\u00e3o efetiva podemos dar para que o Amor seja amado?<br \/>\n\u2666 O que fazer para que as pessoas possam dizer: vede como eles se amam?<\/p>\n<p><strong>Quatro pensamentos finais<\/strong><\/p>\n<p style=\"padding-left: 40px;\">\u2666 A vida espiritual \u00e9 a vida na qual somos libertados pelo Esp\u00edrito de Deus para que possamos desfrutar a vida em toda sua plenitude. Atrav\u00e9s do Esp\u00edrito podemos \u201cestar no mundo sem ser do mundo\u201d; podemos agir livremente sem estarmos presos por falsos apegos; podemos falar livremente sem medo sem medo de n\u00e3o sermos aceitos e podemos viver em paz e alegria mesmo quando em meio ao conflito e \u00e0 tristeza (<em>Henri Nouwen<\/em>).<\/p>\n<p style=\"padding-left: 40px;\">\u2666 Em nossos tempos h\u00e1 necessidade de refor\u00e7ar os valores no seio das comunidades da Igreja. O ego\u00edsmo, o egocentrismo, a obstinada insist\u00eancia em fazer as coisas somente e sempre segundo nossas ideias, o mau uso do poder e dos bens, a sede de prest\u00edgio: todos esses sintomas de enfermidade espiritual n\u00e3o constituem uma prerrogativa somente da sociedade secular e da cultura de hoje. Somos seres humanos e somos Igreja. Por isso, a Igreja precisa sempre reformar-se. Come\u00e7ar por si mesma e depois trabalhar os outros. A Igreja convoca franciscanos e franciscanas seculares a realizar tudo isso. Os franciscanos e as franciscanas seculares est\u00e3o mais intimamente envolvidos na sociedade em que vivem do que podem estar os religiosos (<em>Manual para a Assist\u00eancia Espiritual \u00e0 OFS)<\/em>.<\/p>\n<p style=\"padding-left: 40px;\">\u2666 Francisco nos convida a seguir o Cristo que nos revela quanto Deus pensa alto a respeito do ser humano, precisamente porque ele pr\u00f3prio veio percorrer os caminhos humanos para fecundar nossa humanidade, nosso cora\u00e7\u00e3o, por meio de um amor criador e libertador e desta forma dilatar o horizonte do Reino de seu Pai. Os irm\u00e3os e irm\u00e3s de Francisco, em diferentes modalidades, s\u00e3o convidados a conquistar a liberdade interior do \u201cperegrino em estado de \u00eaxodo\u201d rumo ao Reino, a lembrar que a Igreja n\u00e3o existe para si mas para ser um caminho que orienta a humanidade na dire\u00e7\u00e3o dos tesouros do Esp\u00edrito de Deus: um Deus que, longe de nos desviar de nossos compromissos humanos lhes fornece, ao contr\u00e1rio, sentido e densidade. Francisco nos convida a inventar espa\u00e7os de ora\u00e7\u00e3o, de <em>revigoramento espiritual<\/em>, de rumina\u00e7\u00e3o da palavra, da partilha da vida e das preocupa\u00e7\u00f5es de cada um (<em>Michel Hubaut<\/em>).<\/p>\n<p style=\"padding-left: 40px;\">\u2666 O ser humano que fraterniza com todas as criaturas, comungando com o amor do Criador com a totalidade da sua obra, coloca-se ao abrigo da tenta\u00e7\u00e3o de dominar seus semelhantes e de violent\u00e1-los de alguma forma. Nele as for\u00e7as de vida se convertem num impulso de simpatia e de amor. Ele mesmo se humaniza humanizando a natureza. Torna-se \u00e0 imagem do Criador, um senhor de do\u00e7ura no pr\u00f3prio seio da cria\u00e7\u00e3o (<em>\u00c9loi Leclerc)<\/em>.<\/p>\n","protected":false},"excerpt":{"rendered":"<p>Ordem Franciscana Secular<\/p>\n","protected":false},"author":3,"featured_media":176596,"comment_status":"open","ping_status":"open","sticky":false,"template":"","format":"standard","meta":[],"categories":[14],"tags":[47],"yoast_head":"<!-- This site is optimized with the Yoast SEO plugin v19.2 - https:\/\/yoast.com\/wordpress\/plugins\/seo\/ -->\n<title>O que andamos fazendo de nossas vidas? - Carisma - Franciscanos<\/title>\n<meta name=\"robots\" content=\"index, follow, max-snippet:-1, max-image-preview:large, max-video-preview:-1\" \/>\n<link rel=\"canonical\" href=\"https:\/\/franciscanos.org.br\/carisma\/o-que-andamos-fazendo-de-nossas-vidas.html\" \/>\n<meta property=\"og:locale\" content=\"pt_BR\" \/>\n<meta property=\"og:type\" content=\"article\" \/>\n<meta property=\"og:title\" content=\"O que andamos fazendo de nossas vidas? - Carisma - Franciscanos\" \/>\n<meta property=\"og:description\" content=\"Ordem Franciscana Secular\" \/>\n<meta property=\"og:url\" content=\"https:\/\/franciscanos.org.br\/carisma\/o-que-andamos-fazendo-de-nossas-vidas.html\" \/>\n<meta property=\"og:site_name\" content=\"Carisma - Franciscanos\" \/>\n<meta property=\"article:published_time\" content=\"2019-08-26T03:42:32+00:00\" \/>\n<meta property=\"article:modified_time\" content=\"2019-08-21T18:13:34+00:00\" \/>\n<meta property=\"og:image\" content=\"https:\/\/franciscanos.org.br\/carisma\/wp-content\/uploads\/2019\/08\/ofs_1_g2608d.jpg\" \/>\n\t<meta property=\"og:image:width\" content=\"273\" \/>\n\t<meta property=\"og:image:height\" content=\"181\" \/>\n\t<meta property=\"og:image:type\" content=\"image\/jpeg\" \/>\n<meta name=\"author\" content=\"moacir\" \/>\n<meta name=\"twitter:card\" content=\"summary_large_image\" \/>\n<meta name=\"twitter:label1\" content=\"Escrito por\" \/>\n\t<meta name=\"twitter:data1\" content=\"moacir\" \/>\n\t<meta name=\"twitter:label2\" content=\"Est. tempo de leitura\" \/>\n\t<meta name=\"twitter:data2\" content=\"8 minutos\" \/>\n<script type=\"application\/ld+json\" class=\"yoast-schema-graph\">{\"@context\":\"https:\/\/schema.org\",\"@graph\":[{\"@type\":\"WebSite\",\"@id\":\"https:\/\/franciscanos.org.br\/carisma\/#website\",\"url\":\"https:\/\/franciscanos.org.br\/carisma\/\",\"name\":\"Carisma - Franciscanos\",\"description\":\"Prov\u00edncia Franciscana da Imaculada Concei\u00e7\u00e3o do Brasil - Ordem dos Frades Menores\",\"potentialAction\":[{\"@type\":\"SearchAction\",\"target\":{\"@type\":\"EntryPoint\",\"urlTemplate\":\"https:\/\/franciscanos.org.br\/carisma\/?s={search_term_string}\"},\"query-input\":\"required name=search_term_string\"}],\"inLanguage\":\"pt-BR\"},{\"@type\":\"ImageObject\",\"inLanguage\":\"pt-BR\",\"@id\":\"https:\/\/franciscanos.org.br\/carisma\/o-que-andamos-fazendo-de-nossas-vidas.html#primaryimage\",\"url\":\"https:\/\/franciscanos.org.br\/carisma\/wp-content\/uploads\/2019\/08\/ofs_1_g2608d.jpg\",\"contentUrl\":\"https:\/\/franciscanos.org.br\/carisma\/wp-content\/uploads\/2019\/08\/ofs_1_g2608d.jpg\",\"width\":273,\"height\":181},{\"@type\":\"WebPage\",\"@id\":\"https:\/\/franciscanos.org.br\/carisma\/o-que-andamos-fazendo-de-nossas-vidas.html#webpage\",\"url\":\"https:\/\/franciscanos.org.br\/carisma\/o-que-andamos-fazendo-de-nossas-vidas.html\",\"name\":\"O que andamos fazendo de nossas vidas? - Carisma - Franciscanos\",\"isPartOf\":{\"@id\":\"https:\/\/franciscanos.org.br\/carisma\/#website\"},\"primaryImageOfPage\":{\"@id\":\"https:\/\/franciscanos.org.br\/carisma\/o-que-andamos-fazendo-de-nossas-vidas.html#primaryimage\"},\"datePublished\":\"2019-08-26T03:42:32+00:00\",\"dateModified\":\"2019-08-21T18:13:34+00:00\",\"author\":{\"@id\":\"https:\/\/franciscanos.org.br\/carisma\/#\/schema\/person\/bf14cae4d2151ab6b6e41d96660f93a2\"},\"breadcrumb\":{\"@id\":\"https:\/\/franciscanos.org.br\/carisma\/o-que-andamos-fazendo-de-nossas-vidas.html#breadcrumb\"},\"inLanguage\":\"pt-BR\",\"potentialAction\":[{\"@type\":\"ReadAction\",\"target\":[\"https:\/\/franciscanos.org.br\/carisma\/o-que-andamos-fazendo-de-nossas-vidas.html\"]}]},{\"@type\":\"BreadcrumbList\",\"@id\":\"https:\/\/franciscanos.org.br\/carisma\/o-que-andamos-fazendo-de-nossas-vidas.html#breadcrumb\",\"itemListElement\":[{\"@type\":\"ListItem\",\"position\":1,\"name\":\"Home\",\"item\":\"https:\/\/franciscanos.org.br\/carisma\"},{\"@type\":\"ListItem\",\"position\":2,\"name\":\"O que andamos fazendo de nossas vidas?\"}]},{\"@type\":\"Person\",\"@id\":\"https:\/\/franciscanos.org.br\/carisma\/#\/schema\/person\/bf14cae4d2151ab6b6e41d96660f93a2\",\"name\":\"moacir\",\"image\":{\"@type\":\"ImageObject\",\"inLanguage\":\"pt-BR\",\"@id\":\"https:\/\/franciscanos.org.br\/carisma\/#\/schema\/person\/image\/\",\"url\":\"https:\/\/secure.gravatar.com\/avatar\/d08aa2ce4c8dd416d4479aa8536fcf64?s=96&d=mm&r=g\",\"contentUrl\":\"https:\/\/secure.gravatar.com\/avatar\/d08aa2ce4c8dd416d4479aa8536fcf64?s=96&d=mm&r=g\",\"caption\":\"moacir\"},\"url\":\"https:\/\/franciscanos.org.br\/carisma\/author\/moacir\"}]}<\/script>\n<!-- \/ Yoast SEO plugin. -->","yoast_head_json":{"title":"O que andamos fazendo de nossas vidas? - Carisma - Franciscanos","robots":{"index":"index","follow":"follow","max-snippet":"max-snippet:-1","max-image-preview":"max-image-preview:large","max-video-preview":"max-video-preview:-1"},"canonical":"https:\/\/franciscanos.org.br\/carisma\/o-que-andamos-fazendo-de-nossas-vidas.html","og_locale":"pt_BR","og_type":"article","og_title":"O que andamos fazendo de nossas vidas? - Carisma - Franciscanos","og_description":"Ordem Franciscana Secular","og_url":"https:\/\/franciscanos.org.br\/carisma\/o-que-andamos-fazendo-de-nossas-vidas.html","og_site_name":"Carisma - Franciscanos","article_published_time":"2019-08-26T03:42:32+00:00","article_modified_time":"2019-08-21T18:13:34+00:00","og_image":[{"width":273,"height":181,"url":"https:\/\/franciscanos.org.br\/carisma\/wp-content\/uploads\/2019\/08\/ofs_1_g2608d.jpg","type":"image\/jpeg"}],"author":"moacir","twitter_card":"summary_large_image","twitter_misc":{"Escrito por":"moacir","Est. tempo de leitura":"8 minutos"},"schema":{"@context":"https:\/\/schema.org","@graph":[{"@type":"WebSite","@id":"https:\/\/franciscanos.org.br\/carisma\/#website","url":"https:\/\/franciscanos.org.br\/carisma\/","name":"Carisma - Franciscanos","description":"Prov\u00edncia Franciscana da Imaculada Concei\u00e7\u00e3o do Brasil - Ordem dos Frades Menores","potentialAction":[{"@type":"SearchAction","target":{"@type":"EntryPoint","urlTemplate":"https:\/\/franciscanos.org.br\/carisma\/?s={search_term_string}"},"query-input":"required name=search_term_string"}],"inLanguage":"pt-BR"},{"@type":"ImageObject","inLanguage":"pt-BR","@id":"https:\/\/franciscanos.org.br\/carisma\/o-que-andamos-fazendo-de-nossas-vidas.html#primaryimage","url":"https:\/\/franciscanos.org.br\/carisma\/wp-content\/uploads\/2019\/08\/ofs_1_g2608d.jpg","contentUrl":"https:\/\/franciscanos.org.br\/carisma\/wp-content\/uploads\/2019\/08\/ofs_1_g2608d.jpg","width":273,"height":181},{"@type":"WebPage","@id":"https:\/\/franciscanos.org.br\/carisma\/o-que-andamos-fazendo-de-nossas-vidas.html#webpage","url":"https:\/\/franciscanos.org.br\/carisma\/o-que-andamos-fazendo-de-nossas-vidas.html","name":"O que andamos fazendo de nossas vidas? - Carisma - Franciscanos","isPartOf":{"@id":"https:\/\/franciscanos.org.br\/carisma\/#website"},"primaryImageOfPage":{"@id":"https:\/\/franciscanos.org.br\/carisma\/o-que-andamos-fazendo-de-nossas-vidas.html#primaryimage"},"datePublished":"2019-08-26T03:42:32+00:00","dateModified":"2019-08-21T18:13:34+00:00","author":{"@id":"https:\/\/franciscanos.org.br\/carisma\/#\/schema\/person\/bf14cae4d2151ab6b6e41d96660f93a2"},"breadcrumb":{"@id":"https:\/\/franciscanos.org.br\/carisma\/o-que-andamos-fazendo-de-nossas-vidas.html#breadcrumb"},"inLanguage":"pt-BR","potentialAction":[{"@type":"ReadAction","target":["https:\/\/franciscanos.org.br\/carisma\/o-que-andamos-fazendo-de-nossas-vidas.html"]}]},{"@type":"BreadcrumbList","@id":"https:\/\/franciscanos.org.br\/carisma\/o-que-andamos-fazendo-de-nossas-vidas.html#breadcrumb","itemListElement":[{"@type":"ListItem","position":1,"name":"Home","item":"https:\/\/franciscanos.org.br\/carisma"},{"@type":"ListItem","position":2,"name":"O que andamos fazendo de nossas vidas?"}]},{"@type":"Person","@id":"https:\/\/franciscanos.org.br\/carisma\/#\/schema\/person\/bf14cae4d2151ab6b6e41d96660f93a2","name":"moacir","image":{"@type":"ImageObject","inLanguage":"pt-BR","@id":"https:\/\/franciscanos.org.br\/carisma\/#\/schema\/person\/image\/","url":"https:\/\/secure.gravatar.com\/avatar\/d08aa2ce4c8dd416d4479aa8536fcf64?s=96&d=mm&r=g","contentUrl":"https:\/\/secure.gravatar.com\/avatar\/d08aa2ce4c8dd416d4479aa8536fcf64?s=96&d=mm&r=g","caption":"moacir"},"url":"https:\/\/franciscanos.org.br\/carisma\/author\/moacir"}]}},"_links":{"self":[{"href":"https:\/\/franciscanos.org.br\/carisma\/wp-json\/wp\/v2\/posts\/176594"}],"collection":[{"href":"https:\/\/franciscanos.org.br\/carisma\/wp-json\/wp\/v2\/posts"}],"about":[{"href":"https:\/\/franciscanos.org.br\/carisma\/wp-json\/wp\/v2\/types\/post"}],"author":[{"embeddable":true,"href":"https:\/\/franciscanos.org.br\/carisma\/wp-json\/wp\/v2\/users\/3"}],"replies":[{"embeddable":true,"href":"https:\/\/franciscanos.org.br\/carisma\/wp-json\/wp\/v2\/comments?post=176594"}],"version-history":[{"count":1,"href":"https:\/\/franciscanos.org.br\/carisma\/wp-json\/wp\/v2\/posts\/176594\/revisions"}],"predecessor-version":[{"id":176597,"href":"https:\/\/franciscanos.org.br\/carisma\/wp-json\/wp\/v2\/posts\/176594\/revisions\/176597"}],"wp:featuredmedia":[{"embeddable":true,"href":"https:\/\/franciscanos.org.br\/carisma\/wp-json\/wp\/v2\/media\/176596"}],"wp:attachment":[{"href":"https:\/\/franciscanos.org.br\/carisma\/wp-json\/wp\/v2\/media?parent=176594"}],"wp:term":[{"taxonomy":"category","embeddable":true,"href":"https:\/\/franciscanos.org.br\/carisma\/wp-json\/wp\/v2\/categories?post=176594"},{"taxonomy":"post_tag","embeddable":true,"href":"https:\/\/franciscanos.org.br\/carisma\/wp-json\/wp\/v2\/tags?post=176594"}],"curies":[{"name":"wp","href":"https:\/\/api.w.org\/{rel}","templated":true}]}}