{"id":176552,"date":"2019-08-10T21:11:54","date_gmt":"2019-08-11T00:11:54","guid":{"rendered":"https:\/\/franciscanos.org.br\/carisma\/?p=176552"},"modified":"2019-08-10T21:17:18","modified_gmt":"2019-08-11T00:17:18","slug":"integra-da-homilia-de-frei-fidencio-no-3o-dia-do-triduo-de-santa-clara","status":"publish","type":"post","link":"https:\/\/franciscanos.org.br\/carisma\/integra-da-homilia-de-frei-fidencio-no-3o-dia-do-triduo-de-santa-clara.html","title":{"rendered":"\u00cdntegra da homilia de Frei Fid\u00eancio no 3\u00ba Dia do Tr\u00edduo de Santa Clara"},"content":{"rendered":"<p><img loading=\"lazy\" class=\"alignnone wp-image-176554 size-full\" src=\"https:\/\/franciscanos.org.br\/carisma\/wp-content\/uploads\/2019\/08\/clara_090819_2.jpg\" alt=\"\" width=\"890\" height=\"500\" srcset=\"https:\/\/franciscanos.org.br\/carisma\/wp-content\/uploads\/2019\/08\/clara_090819_2.jpg 890w, https:\/\/franciscanos.org.br\/carisma\/wp-content\/uploads\/2019\/08\/clara_090819_2-450x253.jpg 450w, https:\/\/franciscanos.org.br\/carisma\/wp-content\/uploads\/2019\/08\/clara_090819_2-768x431.jpg 768w, https:\/\/franciscanos.org.br\/carisma\/wp-content\/uploads\/2019\/08\/clara_090819_2-150x84.jpg 150w\" sizes=\"(max-width: 890px) 100vw, 890px\" \/><\/p>\n<p><strong><br \/>\nTema: Santa Clara, mulher de Virtude<\/strong><\/p>\n<p>O tema que escolhemos para este terceiro e \u00faltimo dia do nosso Tr\u00edduo em prepara\u00e7\u00e3o \u00e0 festa de Santa Clara de Assis \u00e9: \u201cSanta Clara, mulher de Virtude\u201d. Apenas relembrando que neste ano, ao longo do Tr\u00edduo, meditamos a primeira frase que encontramos na Legenda de Santa Clara: \u201cMulher admir\u00e1vel por seu nome, clara de palavra e virtude\u201d. Portanto, tr\u00eas proposi\u00e7\u00f5es que sintetizam a totalidade da vida de Santa Clara: Clara de nome, Clara de palavra e Clara de virtude.<\/p>\n<p><strong>1. Por que o autor da Legenda (Biografia) de Santa Clara, afirma esta Mulher admir\u00e1vel foi clara de virtude?<\/strong><\/p>\n<p>Para responder a esta pergunta devemos voltar o nosso olhar para algo muito importante que, hoje, gra\u00e7as a Deus, est\u00e1 documentado no conjunto das Fontes Franciscanas, ou mais especificamente, nas Fontes Clarianas: trata-se do Processo de Canoniza\u00e7\u00e3o de Santa Clara.<\/p>\n<p>Vamos aos fatos hist\u00f3ricos:<\/p>\n<p>Clara de Assis faleceu no dia 11 de agosto de 1253, em grande fama de santidade. E passados apenas tr\u00eas meses ap\u00f3s sua morte, ou seja, no dia 18 de outubro de 1255, em carta escrita da Bas\u00edlica de S\u00e3o Jo\u00e3o do Latr\u00e3o, o Papa Inoc\u00eancio IV encarrega o Bispo Bartolomeu de Espoleto para dar in\u00edcio ao processo de canoniza\u00e7\u00e3o de Santa Clara.<br \/>\nO pr\u00f3prio Papa, na mesma carta j\u00e1 a chama de \u201cbem-aventurada virgem Clara\u201d, como se j\u00e1 tivesse certeza da sua canoniza\u00e7\u00e3o.<\/p>\n<p>Contudo, assim escreve ao bispo Bartolomeu: \u201cque pesquise diligente e solicitamente a verdade sobre a vida, convers\u00e3o e comportamento, e tamb\u00e9m sobre os sobreditos milagres e sobre as circunst\u00e2ncias deles, de acordo com as perguntas que mandamos anexas a esta Bula\u201d.<\/p>\n<p>O Bispo foi fiel cumpridor da solicita\u00e7\u00e3o do Papa e imediatamente inicia o processo, ouvindo as testemunhas. Temos documentado 20 pessoas que deram o testemunho diante de um tribunal eclesi\u00e1stico: 15 irm\u00e3s (companheiras de Clara), uma leiga e quatro var\u00f5es.<\/p>\n<p>O tribunal eclesi\u00e1stico encaminha o processo ao Papa e, dois anos depois, provavelmente do dia 15 de agosto de 1255, a bem-aventurada Clara de Assis \u00e9 canonizada pelo Papa Alexandre IV.<\/p>\n<p>Na bula de canoniza\u00e7\u00e3o, entre tantos outros elogios que a Igreja faz a santa Clara, o Papa faz quest\u00e3o de dizer:<br \/>\n\u201c\u00d3 Clara, dotada de tantos modos pelos t\u00edtulos da claridade! Fostes clara antes da tua convers\u00e3o, mais clara na convers\u00e3o, preclara por teu comportamento no claustro, e brilhaste clar\u00edssima depois do curso da presente exist\u00eancia&#8221; (v. 3).<\/p>\n<p><strong>2. Clara de Assis, clara de Virtude para ser santa<\/strong><\/p>\n<p>A Bula de Canoniza\u00e7\u00e3o elenca v\u00e1rias virtudes de Clara, baseado no depoimento das testemunhas. Compara a de Santa Clara como a de um jardim do qual se pode \u201ccolher uma grande variedade de virtudes\u201d (v 35), destacando: \u201cClara foi vaso de humildade; arm\u00e1rio de castidade; ardor da caridade; do\u00e7ura da bondade; a primeira entre os pobres; a comandante dos humildes; for\u00e7a na paci\u00eancia; v\u00ednculo de paz e comunh\u00e3o de familiaridade; mansa de palavra; doce nas atitudes; am\u00e1vel e bem aceita; solicitude e prud\u00eancia no temor e no servi\u00e7o do Senhor; atenta nas exorta\u00e7\u00f5es; vigilante no cuidado; prestimosa para se compadecer; discreta para se calar; madura no sil\u00eancio; etc&#8230;<\/p>\n<p><strong>3. Clara de virtude, na conviv\u00eancia di\u00e1ria<\/strong><\/p>\n<p>As testemunhas no Processo de Canoniza\u00e7\u00e3o enfatizam as virtudes de Santa Clara.<\/p>\n<p>Virtude, como aprendemos, significa \u201cum h\u00e1bito operativo bom\u201d. Um dom especial que recebemos de Deus e que nos leva a fazer o bem.<\/p>\n<p>Este h\u00e1bito operativo bom foi muito eloquente na vida de Clara de Assis. Mulher virtuosa, clara de virtude, estimulou a comunidade das Irm\u00e3s Pobres do Mosteiro de S\u00e3o Dami\u00e3o no caminho da santidade.<\/p>\n<p>Entre tantas virtudes que as Irm\u00e3s elencam, podemos destacar algumas:<\/p>\n<p>Pureza \u2013 castidade (devolu\u00e7\u00e3o da dignidade \u00e0 mulher, virgindade) \u2013 maternidade espiritual; a santa humildade; a santa e verdadeira pobreza; a obedi\u00eancia; a caridade; a bondade; a compaix\u00e3o; a contempla\u00e7\u00e3o (ora\u00e7\u00e3o \u2013 transfigura); a prud\u00eancia; etc.<\/p>\n<p><strong>4. Clara, mestra de virtudes<\/strong><\/p>\n<p>Clara de Favarone acolheu com largueza de alma a forma\u00e7\u00e3o que lhe foi dada, pr\u00f3pria das mo\u00e7as de fam\u00edlia nobre (administra\u00e7\u00e3o do lar, artes, medicina, ch\u00e1s). Ela transporta para o cotidiano da vida n\u00e3o s\u00f3 as virtudes j\u00e1 cultivadas, mas as aprofunda a partir de uma decis\u00e3o que ela tomou para si mesma: \u201cO Filho de Deus se fez para n\u00f3s caminho\u201d.<br \/>\nSeguir este caminho adquire na vida de Santa Clara a linguagem feminina do espelho. Colocar-se diariamente diante do espelho para enfeitar-se, adornar-se, num ritual de amor. Para Clara, a mulher virtuosa \u00e9 a que contempla no espelho a Pobreza, a Humildade e a Caridade de nosso Senhor Jesus Cristo.<\/p>\n<p>Este ritual di\u00e1rio do amor (enfeitar-se de virtudes) perpassa toda a vida de Santa Clara. Por isso sua linguagem n\u00e3o \u00e9 mais o da carne, mas do Esp\u00edrito.<\/p>\n<p>Assim, neste caminhar, com p\u00e9s firmes, seguros e leves, Clara diz (Carta a Ermentrudes de Bruges): \u201cOlhe para o c\u00e9u que nos convida, tome a cruz e siga o Cristo que vai \u00e0 nossa frente&#8230; contemple apaixonadamente a obra que voc\u00ea come\u00e7ou e d\u00ea conta do servi\u00e7o que voc\u00ea assumiu na santa pobreza e na humildade\u201d.<\/p>\n<p><strong>Frei Fid\u00eancio Vanboemmel<\/strong><\/p>\n<p><em>S\u00e3o Paulo, Convento S\u00e3o Francisco \u00a0(10 de agosto)<\/em><\/p>\n","protected":false},"excerpt":{"rendered":"<p>Santa Clara de Assis &#8211; Frei Fid\u00eancio Vanboemmel<\/p>\n","protected":false},"author":1,"featured_media":176556,"comment_status":"open","ping_status":"open","sticky":false,"template":"","format":"standard","meta":[],"categories":[65],"tags":[108],"yoast_head":"<!-- This site is optimized with the Yoast SEO plugin v19.2 - https:\/\/yoast.com\/wordpress\/plugins\/seo\/ -->\n<title>\u00cdntegra da homilia de Frei Fid\u00eancio no 3\u00ba Dia do Tr\u00edduo de Santa Clara - Carisma - Franciscanos<\/title>\n<meta name=\"robots\" content=\"index, follow, max-snippet:-1, max-image-preview:large, max-video-preview:-1\" \/>\n<link rel=\"canonical\" href=\"https:\/\/franciscanos.org.br\/carisma\/integra-da-homilia-de-frei-fidencio-no-3o-dia-do-triduo-de-santa-clara.html\" \/>\n<meta property=\"og:locale\" content=\"pt_BR\" \/>\n<meta property=\"og:type\" content=\"article\" \/>\n<meta property=\"og:title\" content=\"\u00cdntegra da homilia de Frei Fid\u00eancio no 3\u00ba Dia do Tr\u00edduo de Santa Clara - Carisma - Franciscanos\" \/>\n<meta property=\"og:description\" content=\"Santa Clara de Assis - Frei Fid\u00eancio Vanboemmel\" \/>\n<meta property=\"og:url\" content=\"https:\/\/franciscanos.org.br\/carisma\/integra-da-homilia-de-frei-fidencio-no-3o-dia-do-triduo-de-santa-clara.html\" \/>\n<meta property=\"og:site_name\" content=\"Carisma - Franciscanos\" \/>\n<meta property=\"article:published_time\" content=\"2019-08-11T00:11:54+00:00\" \/>\n<meta property=\"article:modified_time\" content=\"2019-08-11T00:17:18+00:00\" \/>\n<meta property=\"og:image\" content=\"https:\/\/franciscanos.org.br\/carisma\/wp-content\/uploads\/2019\/08\/clara_090819_p.jpg\" \/>\n\t<meta property=\"og:image:width\" content=\"273\" \/>\n\t<meta property=\"og:image:height\" content=\"181\" \/>\n\t<meta property=\"og:image:type\" content=\"image\/jpeg\" \/>\n<meta name=\"author\" content=\"admin\" \/>\n<meta name=\"twitter:card\" content=\"summary_large_image\" \/>\n<meta name=\"twitter:label1\" content=\"Escrito por\" \/>\n\t<meta name=\"twitter:data1\" content=\"admin\" \/>\n\t<meta name=\"twitter:label2\" content=\"Est. tempo de leitura\" \/>\n\t<meta name=\"twitter:data2\" content=\"5 minutos\" \/>\n<script type=\"application\/ld+json\" class=\"yoast-schema-graph\">{\"@context\":\"https:\/\/schema.org\",\"@graph\":[{\"@type\":\"WebSite\",\"@id\":\"https:\/\/franciscanos.org.br\/carisma\/#website\",\"url\":\"https:\/\/franciscanos.org.br\/carisma\/\",\"name\":\"Carisma - Franciscanos\",\"description\":\"Prov\u00edncia Franciscana da Imaculada Concei\u00e7\u00e3o do Brasil - Ordem dos Frades Menores\",\"potentialAction\":[{\"@type\":\"SearchAction\",\"target\":{\"@type\":\"EntryPoint\",\"urlTemplate\":\"https:\/\/franciscanos.org.br\/carisma\/?s={search_term_string}\"},\"query-input\":\"required name=search_term_string\"}],\"inLanguage\":\"pt-BR\"},{\"@type\":\"ImageObject\",\"inLanguage\":\"pt-BR\",\"@id\":\"https:\/\/franciscanos.org.br\/carisma\/integra-da-homilia-de-frei-fidencio-no-3o-dia-do-triduo-de-santa-clara.html#primaryimage\",\"url\":\"https:\/\/franciscanos.org.br\/carisma\/wp-content\/uploads\/2019\/08\/clara_090819_p.jpg\",\"contentUrl\":\"https:\/\/franciscanos.org.br\/carisma\/wp-content\/uploads\/2019\/08\/clara_090819_p.jpg\",\"width\":273,\"height\":181},{\"@type\":\"WebPage\",\"@id\":\"https:\/\/franciscanos.org.br\/carisma\/integra-da-homilia-de-frei-fidencio-no-3o-dia-do-triduo-de-santa-clara.html#webpage\",\"url\":\"https:\/\/franciscanos.org.br\/carisma\/integra-da-homilia-de-frei-fidencio-no-3o-dia-do-triduo-de-santa-clara.html\",\"name\":\"\u00cdntegra da homilia de Frei Fid\u00eancio no 3\u00ba Dia do Tr\u00edduo de Santa Clara - Carisma - Franciscanos\",\"isPartOf\":{\"@id\":\"https:\/\/franciscanos.org.br\/carisma\/#website\"},\"primaryImageOfPage\":{\"@id\":\"https:\/\/franciscanos.org.br\/carisma\/integra-da-homilia-de-frei-fidencio-no-3o-dia-do-triduo-de-santa-clara.html#primaryimage\"},\"datePublished\":\"2019-08-11T00:11:54+00:00\",\"dateModified\":\"2019-08-11T00:17:18+00:00\",\"author\":{\"@id\":\"https:\/\/franciscanos.org.br\/carisma\/#\/schema\/person\/e352342a457f086dc6152f9c73a3d093\"},\"breadcrumb\":{\"@id\":\"https:\/\/franciscanos.org.br\/carisma\/integra-da-homilia-de-frei-fidencio-no-3o-dia-do-triduo-de-santa-clara.html#breadcrumb\"},\"inLanguage\":\"pt-BR\",\"potentialAction\":[{\"@type\":\"ReadAction\",\"target\":[\"https:\/\/franciscanos.org.br\/carisma\/integra-da-homilia-de-frei-fidencio-no-3o-dia-do-triduo-de-santa-clara.html\"]}]},{\"@type\":\"BreadcrumbList\",\"@id\":\"https:\/\/franciscanos.org.br\/carisma\/integra-da-homilia-de-frei-fidencio-no-3o-dia-do-triduo-de-santa-clara.html#breadcrumb\",\"itemListElement\":[{\"@type\":\"ListItem\",\"position\":1,\"name\":\"Home\",\"item\":\"https:\/\/franciscanos.org.br\/carisma\"},{\"@type\":\"ListItem\",\"position\":2,\"name\":\"\u00cdntegra da homilia de Frei Fid\u00eancio no 3\u00ba Dia do Tr\u00edduo de Santa Clara\"}]},{\"@type\":\"Person\",\"@id\":\"https:\/\/franciscanos.org.br\/carisma\/#\/schema\/person\/e352342a457f086dc6152f9c73a3d093\",\"name\":\"admin\",\"image\":{\"@type\":\"ImageObject\",\"inLanguage\":\"pt-BR\",\"@id\":\"https:\/\/franciscanos.org.br\/carisma\/#\/schema\/person\/image\/\",\"url\":\"https:\/\/secure.gravatar.com\/avatar\/e8495742d34d0ba6448ea1c628263b3e?s=96&d=mm&r=g\",\"contentUrl\":\"https:\/\/secure.gravatar.com\/avatar\/e8495742d34d0ba6448ea1c628263b3e?s=96&d=mm&r=g\",\"caption\":\"admin\"},\"url\":\"https:\/\/franciscanos.org.br\/carisma\/author\/admin\"}]}<\/script>\n<!-- \/ Yoast SEO plugin. -->","yoast_head_json":{"title":"\u00cdntegra da homilia de Frei Fid\u00eancio no 3\u00ba Dia do Tr\u00edduo de Santa Clara - Carisma - Franciscanos","robots":{"index":"index","follow":"follow","max-snippet":"max-snippet:-1","max-image-preview":"max-image-preview:large","max-video-preview":"max-video-preview:-1"},"canonical":"https:\/\/franciscanos.org.br\/carisma\/integra-da-homilia-de-frei-fidencio-no-3o-dia-do-triduo-de-santa-clara.html","og_locale":"pt_BR","og_type":"article","og_title":"\u00cdntegra da homilia de Frei Fid\u00eancio no 3\u00ba Dia do Tr\u00edduo de Santa Clara - Carisma - Franciscanos","og_description":"Santa Clara de Assis - Frei Fid\u00eancio Vanboemmel","og_url":"https:\/\/franciscanos.org.br\/carisma\/integra-da-homilia-de-frei-fidencio-no-3o-dia-do-triduo-de-santa-clara.html","og_site_name":"Carisma - Franciscanos","article_published_time":"2019-08-11T00:11:54+00:00","article_modified_time":"2019-08-11T00:17:18+00:00","og_image":[{"width":273,"height":181,"url":"https:\/\/franciscanos.org.br\/carisma\/wp-content\/uploads\/2019\/08\/clara_090819_p.jpg","type":"image\/jpeg"}],"author":"admin","twitter_card":"summary_large_image","twitter_misc":{"Escrito por":"admin","Est. tempo de leitura":"5 minutos"},"schema":{"@context":"https:\/\/schema.org","@graph":[{"@type":"WebSite","@id":"https:\/\/franciscanos.org.br\/carisma\/#website","url":"https:\/\/franciscanos.org.br\/carisma\/","name":"Carisma - Franciscanos","description":"Prov\u00edncia Franciscana da Imaculada Concei\u00e7\u00e3o do Brasil - Ordem dos Frades Menores","potentialAction":[{"@type":"SearchAction","target":{"@type":"EntryPoint","urlTemplate":"https:\/\/franciscanos.org.br\/carisma\/?s={search_term_string}"},"query-input":"required name=search_term_string"}],"inLanguage":"pt-BR"},{"@type":"ImageObject","inLanguage":"pt-BR","@id":"https:\/\/franciscanos.org.br\/carisma\/integra-da-homilia-de-frei-fidencio-no-3o-dia-do-triduo-de-santa-clara.html#primaryimage","url":"https:\/\/franciscanos.org.br\/carisma\/wp-content\/uploads\/2019\/08\/clara_090819_p.jpg","contentUrl":"https:\/\/franciscanos.org.br\/carisma\/wp-content\/uploads\/2019\/08\/clara_090819_p.jpg","width":273,"height":181},{"@type":"WebPage","@id":"https:\/\/franciscanos.org.br\/carisma\/integra-da-homilia-de-frei-fidencio-no-3o-dia-do-triduo-de-santa-clara.html#webpage","url":"https:\/\/franciscanos.org.br\/carisma\/integra-da-homilia-de-frei-fidencio-no-3o-dia-do-triduo-de-santa-clara.html","name":"\u00cdntegra da homilia de Frei Fid\u00eancio no 3\u00ba Dia do Tr\u00edduo de Santa Clara - Carisma - Franciscanos","isPartOf":{"@id":"https:\/\/franciscanos.org.br\/carisma\/#website"},"primaryImageOfPage":{"@id":"https:\/\/franciscanos.org.br\/carisma\/integra-da-homilia-de-frei-fidencio-no-3o-dia-do-triduo-de-santa-clara.html#primaryimage"},"datePublished":"2019-08-11T00:11:54+00:00","dateModified":"2019-08-11T00:17:18+00:00","author":{"@id":"https:\/\/franciscanos.org.br\/carisma\/#\/schema\/person\/e352342a457f086dc6152f9c73a3d093"},"breadcrumb":{"@id":"https:\/\/franciscanos.org.br\/carisma\/integra-da-homilia-de-frei-fidencio-no-3o-dia-do-triduo-de-santa-clara.html#breadcrumb"},"inLanguage":"pt-BR","potentialAction":[{"@type":"ReadAction","target":["https:\/\/franciscanos.org.br\/carisma\/integra-da-homilia-de-frei-fidencio-no-3o-dia-do-triduo-de-santa-clara.html"]}]},{"@type":"BreadcrumbList","@id":"https:\/\/franciscanos.org.br\/carisma\/integra-da-homilia-de-frei-fidencio-no-3o-dia-do-triduo-de-santa-clara.html#breadcrumb","itemListElement":[{"@type":"ListItem","position":1,"name":"Home","item":"https:\/\/franciscanos.org.br\/carisma"},{"@type":"ListItem","position":2,"name":"\u00cdntegra da homilia de Frei Fid\u00eancio no 3\u00ba Dia do Tr\u00edduo de Santa Clara"}]},{"@type":"Person","@id":"https:\/\/franciscanos.org.br\/carisma\/#\/schema\/person\/e352342a457f086dc6152f9c73a3d093","name":"admin","image":{"@type":"ImageObject","inLanguage":"pt-BR","@id":"https:\/\/franciscanos.org.br\/carisma\/#\/schema\/person\/image\/","url":"https:\/\/secure.gravatar.com\/avatar\/e8495742d34d0ba6448ea1c628263b3e?s=96&d=mm&r=g","contentUrl":"https:\/\/secure.gravatar.com\/avatar\/e8495742d34d0ba6448ea1c628263b3e?s=96&d=mm&r=g","caption":"admin"},"url":"https:\/\/franciscanos.org.br\/carisma\/author\/admin"}]}},"_links":{"self":[{"href":"https:\/\/franciscanos.org.br\/carisma\/wp-json\/wp\/v2\/posts\/176552"}],"collection":[{"href":"https:\/\/franciscanos.org.br\/carisma\/wp-json\/wp\/v2\/posts"}],"about":[{"href":"https:\/\/franciscanos.org.br\/carisma\/wp-json\/wp\/v2\/types\/post"}],"author":[{"embeddable":true,"href":"https:\/\/franciscanos.org.br\/carisma\/wp-json\/wp\/v2\/users\/1"}],"replies":[{"embeddable":true,"href":"https:\/\/franciscanos.org.br\/carisma\/wp-json\/wp\/v2\/comments?post=176552"}],"version-history":[{"count":3,"href":"https:\/\/franciscanos.org.br\/carisma\/wp-json\/wp\/v2\/posts\/176552\/revisions"}],"predecessor-version":[{"id":176558,"href":"https:\/\/franciscanos.org.br\/carisma\/wp-json\/wp\/v2\/posts\/176552\/revisions\/176558"}],"wp:featuredmedia":[{"embeddable":true,"href":"https:\/\/franciscanos.org.br\/carisma\/wp-json\/wp\/v2\/media\/176556"}],"wp:attachment":[{"href":"https:\/\/franciscanos.org.br\/carisma\/wp-json\/wp\/v2\/media?parent=176552"}],"wp:term":[{"taxonomy":"category","embeddable":true,"href":"https:\/\/franciscanos.org.br\/carisma\/wp-json\/wp\/v2\/categories?post=176552"},{"taxonomy":"post_tag","embeddable":true,"href":"https:\/\/franciscanos.org.br\/carisma\/wp-json\/wp\/v2\/tags?post=176552"}],"curies":[{"name":"wp","href":"https:\/\/api.w.org\/{rel}","templated":true}]}}