{"id":176538,"date":"2019-08-10T07:38:02","date_gmt":"2019-08-10T10:38:02","guid":{"rendered":"https:\/\/franciscanos.org.br\/carisma\/?p=176538"},"modified":"2019-08-10T07:49:38","modified_gmt":"2019-08-10T10:49:38","slug":"mensagem-do-ministro-provincial-para-a-festa-de-santa-clara","status":"publish","type":"post","link":"https:\/\/franciscanos.org.br\/carisma\/mensagem-do-ministro-provincial-para-a-festa-de-santa-clara.html","title":{"rendered":"Mensagem do Ministro Provincial para a Festa de Santa Clara"},"content":{"rendered":"<p><img loading=\"lazy\" class=\"alignnone wp-image-176539 size-full\" src=\"https:\/\/franciscanos.org.br\/carisma\/wp-content\/uploads\/2019\/08\/cesar_mensagem.jpg\" alt=\"\" width=\"840\" height=\"363\" srcset=\"https:\/\/franciscanos.org.br\/carisma\/wp-content\/uploads\/2019\/08\/cesar_mensagem.jpg 840w, https:\/\/franciscanos.org.br\/carisma\/wp-content\/uploads\/2019\/08\/cesar_mensagem-450x194.jpg 450w, https:\/\/franciscanos.org.br\/carisma\/wp-content\/uploads\/2019\/08\/cesar_mensagem-768x332.jpg 768w, https:\/\/franciscanos.org.br\/carisma\/wp-content\/uploads\/2019\/08\/cesar_mensagem-150x65.jpg 150w\" sizes=\"(max-width: 840px) 100vw, 840px\" \/><\/p>\n<p>&nbsp;<\/p>\n<p style=\"padding-left: 40px;\"><em>Car\u00edssimas irm\u00e3s Clarissas dos 20 mosteiros da Federa\u00e7\u00e3o Brasileira, especialmente os 7 mosteiros no territ\u00f3rio de nossa Prov\u00edncia Franciscana da Imaculada Concei\u00e7\u00e3o do Brasil;<\/em><br \/>\n<em>Queridas irm\u00e3s religiosas franciscanas dos mais diferentes institutos;<\/em><br \/>\n<em>Caros confrades, filhos tamb\u00e9m no esp\u00edrito e no ideal de nossa M\u00e3e Clara de Assis;<\/em><br \/>\n<em>Demais irm\u00e3s e irm\u00e3os, colaboradores, jovens, volunt\u00e1rios e participantes da nossa miss\u00e3o evangelizadora,<\/em><br \/>\n<em>Paz e Bem!<\/em><\/p>\n<p>Estamos nos aproximando da grande festa e solenidade da nossa irm\u00e3 e m\u00e3e Clara de Assis. O dia 11 de agosto \u00e9 o dia do tr\u00e2nsito de Santa Clara. Neste mesmo dia, em 1253, ela deixou este mundo como um dom precioso a todo o Povo de Deus.<\/p>\n<p>Para n\u00f3s, este n\u00e3o \u00e9 apenas um dia festivo, mas antes uma bela oportunidade de nos deixarmos tocar pela provoca\u00e7\u00e3o da vida e do ideal desta seguidora mais perfeita de nosso Pai S\u00e3o Francisco. Aquela que ele cultivou como sua \u201cplantinha\u201d. Por isso, ela \u00e9 para n\u00f3s \u201cmestra\u201d neste seguimento de Cristo ao modo de Francisco.<\/p>\n<p>E, na sua criatividade, soube colher aquilo que \u00e9 o cora\u00e7\u00e3o e o drama de todo o movimento franciscano. Por isso, hoje celebramos o nosso carisma franciscano. Em seu ideal apaixonado e apaixonante, Clara nos provoca a tomarmos, tamb\u00e9m n\u00f3s, um lugar nesta grande hist\u00f3ria de seguimento radical dos passos do Cristo.<\/p>\n<p><iframe loading=\"lazy\" src=\"https:\/\/www.youtube.com\/embed\/fK_G_pZiP30\" width=\"560\" height=\"315\" frameborder=\"0\" allowfullscreen=\"allowfullscreen\"><span data-mce-type=\"bookmark\" style=\"display: inline-block; width: 0px; overflow: hidden; line-height: 0;\" class=\"mce_SELRES_start\">\ufeff<\/span><\/iframe><\/p>\n<p>Seu testemunho marcou a vida de uma multid\u00e3o de fi\u00e9is, n\u00e3o s\u00f3 entre suas irm\u00e3s ou dentro da Ordem Franciscana, mas desde papas e reis at\u00e9 os mais simples e pequeninos que conseguiram ver nela, como num espelho, o reflexo de Jesus Cristo, pobre e crucificado.<\/p>\n<p>A Clara de Assis nobre, rica e bela n\u00e3o p\u00f4s nestes atributos os valores maiores de sua vida. Desde os primeiros anos, esfor\u00e7ava-se em amar profundamente o Cristo. Assim, foi percebendo em si o chamado para uma miss\u00e3o maior.<\/p>\n<p>Ouvimos em sua carta a Santa In\u00eas de Praga como ela insiste no olhar cotidiano ao espelho que \u00e9 o Cristo para nele examinar-se e a partir dele tornar-se inteiramente revestida e adornada com as sublimes virtudes: a feliz pobreza, a santa humildade e a inef\u00e1vel caridade.<\/p>\n<p>O referencial de Clara \u00e9 o Cristo e n\u00e3o apenas Francisco. Mas foi o olhar afinado por essa cont\u00ednua contempla\u00e7\u00e3o que a fez observar de longe e, cada vez, com mais aten\u00e7\u00e3o, a transforma\u00e7\u00e3o ocorrida em Francisco, sua ren\u00fancia aos bens e \u00e0 fam\u00edlia, os seus primeiros seguidores e o estilo de vida que levavam. Foi percebendo neles o encontro com o verdadeiro significado da vida, a plena felicidade.<\/p>\n<p>E depois de ser recebida por Francisco e iniciar seu caminho espiritual, com as tantas irm\u00e3s que foram se juntando a ela, o impressionante \u00e9 a qualidade do amor vivido diariamente numa rela\u00e7\u00e3o direta com Deus.<\/p>\n<p>E a escuta atenta da Palavra, este espelho que reflete muito claramente o pr\u00f3prio Cristo, leva-a a uma viv\u00eancia muito concreta de seus valores.<\/p>\n<p>Podemos destacar:<\/p>\n<p>\u2666\u00a0 Sua Vida Contemplativa que n\u00e3o \u00e9 simplesmente viver isolada num claustro, mas acima de tudo viver como consagrada, na escuta constante de Deus, ou seja, numa vida habitada por Deus.<\/p>\n<p>\u2666 A vida em fraternidade \u00e9 o lugar da viv\u00eancia do Evangelho. No cuidado de cada irm\u00e3, aprende-se da rela\u00e7\u00e3o com Deus a \u201cconservar a unidade da rec\u00edproca caridade\u201d (RCl X, 7). Amar como como Deus nos ama.<\/p>\n<p>\u2666 A vida em sant\u00edssima pobreza \u00e9 a op\u00e7\u00e3o de fundo que inspira a decis\u00e3o de viver \u201ca perfei\u00e7\u00e3o do santo Evangelho\u201d (Fv1). Como Francisco, Clara \u00e9 apaixonada pela pobreza e luta para alcan\u00e7ar o \u201cPrivil\u00e9gio da Pobreza\u201d, ou seja, o direito de n\u00e3o ter propriedades. Viver na precariedade, sentir falta at\u00e9 das coisas necess\u00e1rias, faz parte desta aventura evang\u00e9lica e da aposta na confian\u00e7a total ao Deus amor e providente.<\/p>\n<p>Clara tem muito a nos dizer. N\u00e3o s\u00f3 em palavras, mas principalmente com o seu testemunho vigoroso.<\/p>\n<p>Ela \u00e9 a express\u00e3o da viv\u00eancia radical do Evangelho: viv\u00ea-lo e nada mais. Mas, n\u00e3o faz isso com dureza. Coloca os valores essenciais do cristianismo no modo cotidiano, simples, fraterno e feminino de viver.<\/p>\n<p>Seu testemunho \u00e9, para n\u00f3s, uma garantia de que viver assim \u00e9 poss\u00edvel. Seremos crist\u00e3os e franciscanos aut\u00eanticos se nos consagrarmos \u00e0 alegria de quem vive com o Senhor. Desta forma, estaremos abrindo nossa Fraternidade e nossa fam\u00edlia \u00e0 a\u00e7\u00e3o de Deus e permitindo que esta grande santa traga um pouco mais de claridade \u00e0 Igreja e ao mundo de hoje.<\/p>\n<p>Pe\u00e7o a todos voc\u00eas as b\u00ean\u00e7\u00e3os de Deus, como gostava de pedir Santa Clara:<\/p>\n<p style=\"padding-left: 40px;\"><em>O senhor Todo-Poderoso vos aben\u00e7oe;<\/em><br \/>\n<em>volte para v\u00f3s os Seus olhos misericordiosos,<\/em><br \/>\n<em>e vos d\u00ea a Sua paz! Am\u00e9m.<\/em><br \/>\n<em>Derrame sobre v\u00f3s as Suas gra\u00e7as em abund\u00e2ncia,<\/em><br \/>\n<em>e no c\u00e9u vos coloque entre os Seus santos! Am\u00e9m.<\/em><br \/>\n<em>Que o Senhor esteja sempre convosco,<\/em><br \/>\n<em>e que v\u00f3s estejais sempre com Ele! Am\u00e9m.<\/em><\/p>\n","protected":false},"excerpt":{"rendered":"<p>Mensagem do Ministro Provincial para a Festa de Santa Clara 2019<\/p>\n","protected":false},"author":3,"featured_media":176540,"comment_status":"open","ping_status":"open","sticky":false,"template":"","format":"standard","meta":[],"categories":[65],"tags":[109,108],"yoast_head":"<!-- This site is optimized with the Yoast SEO plugin v19.2 - https:\/\/yoast.com\/wordpress\/plugins\/seo\/ -->\n<title>Mensagem do Ministro Provincial para a Festa de Santa Clara - Carisma - Franciscanos<\/title>\n<meta name=\"robots\" content=\"index, follow, max-snippet:-1, max-image-preview:large, max-video-preview:-1\" \/>\n<link rel=\"canonical\" href=\"https:\/\/franciscanos.org.br\/carisma\/mensagem-do-ministro-provincial-para-a-festa-de-santa-clara.html\" \/>\n<meta property=\"og:locale\" content=\"pt_BR\" \/>\n<meta property=\"og:type\" content=\"article\" \/>\n<meta property=\"og:title\" content=\"Mensagem do Ministro Provincial para a Festa de Santa Clara - Carisma - Franciscanos\" \/>\n<meta property=\"og:description\" content=\"Mensagem do Ministro Provincial para a Festa de Santa Clara 2019\" \/>\n<meta property=\"og:url\" content=\"https:\/\/franciscanos.org.br\/carisma\/mensagem-do-ministro-provincial-para-a-festa-de-santa-clara.html\" \/>\n<meta property=\"og:site_name\" content=\"Carisma - Franciscanos\" \/>\n<meta property=\"article:published_time\" content=\"2019-08-10T10:38:02+00:00\" \/>\n<meta property=\"article:modified_time\" content=\"2019-08-10T10:49:38+00:00\" \/>\n<meta property=\"og:image\" content=\"https:\/\/franciscanos.org.br\/carisma\/wp-content\/uploads\/2019\/08\/cesar_mensagem_d.jpg\" \/>\n\t<meta property=\"og:image:width\" content=\"273\" \/>\n\t<meta property=\"og:image:height\" content=\"181\" \/>\n\t<meta property=\"og:image:type\" content=\"image\/jpeg\" \/>\n<meta name=\"author\" content=\"moacir\" \/>\n<meta name=\"twitter:card\" content=\"summary_large_image\" \/>\n<meta name=\"twitter:label1\" content=\"Escrito por\" \/>\n\t<meta name=\"twitter:data1\" content=\"moacir\" \/>\n\t<meta name=\"twitter:label2\" content=\"Est. tempo de leitura\" \/>\n\t<meta name=\"twitter:data2\" content=\"4 minutos\" \/>\n<script type=\"application\/ld+json\" class=\"yoast-schema-graph\">{\"@context\":\"https:\/\/schema.org\",\"@graph\":[{\"@type\":\"WebSite\",\"@id\":\"https:\/\/franciscanos.org.br\/carisma\/#website\",\"url\":\"https:\/\/franciscanos.org.br\/carisma\/\",\"name\":\"Carisma - Franciscanos\",\"description\":\"Prov\u00edncia Franciscana da Imaculada Concei\u00e7\u00e3o do Brasil - Ordem dos Frades Menores\",\"potentialAction\":[{\"@type\":\"SearchAction\",\"target\":{\"@type\":\"EntryPoint\",\"urlTemplate\":\"https:\/\/franciscanos.org.br\/carisma\/?s={search_term_string}\"},\"query-input\":\"required name=search_term_string\"}],\"inLanguage\":\"pt-BR\"},{\"@type\":\"ImageObject\",\"inLanguage\":\"pt-BR\",\"@id\":\"https:\/\/franciscanos.org.br\/carisma\/mensagem-do-ministro-provincial-para-a-festa-de-santa-clara.html#primaryimage\",\"url\":\"https:\/\/franciscanos.org.br\/carisma\/wp-content\/uploads\/2019\/08\/cesar_mensagem_d.jpg\",\"contentUrl\":\"https:\/\/franciscanos.org.br\/carisma\/wp-content\/uploads\/2019\/08\/cesar_mensagem_d.jpg\",\"width\":273,\"height\":181},{\"@type\":\"WebPage\",\"@id\":\"https:\/\/franciscanos.org.br\/carisma\/mensagem-do-ministro-provincial-para-a-festa-de-santa-clara.html#webpage\",\"url\":\"https:\/\/franciscanos.org.br\/carisma\/mensagem-do-ministro-provincial-para-a-festa-de-santa-clara.html\",\"name\":\"Mensagem do Ministro Provincial para a Festa de Santa Clara - Carisma - Franciscanos\",\"isPartOf\":{\"@id\":\"https:\/\/franciscanos.org.br\/carisma\/#website\"},\"primaryImageOfPage\":{\"@id\":\"https:\/\/franciscanos.org.br\/carisma\/mensagem-do-ministro-provincial-para-a-festa-de-santa-clara.html#primaryimage\"},\"datePublished\":\"2019-08-10T10:38:02+00:00\",\"dateModified\":\"2019-08-10T10:49:38+00:00\",\"author\":{\"@id\":\"https:\/\/franciscanos.org.br\/carisma\/#\/schema\/person\/bf14cae4d2151ab6b6e41d96660f93a2\"},\"breadcrumb\":{\"@id\":\"https:\/\/franciscanos.org.br\/carisma\/mensagem-do-ministro-provincial-para-a-festa-de-santa-clara.html#breadcrumb\"},\"inLanguage\":\"pt-BR\",\"potentialAction\":[{\"@type\":\"ReadAction\",\"target\":[\"https:\/\/franciscanos.org.br\/carisma\/mensagem-do-ministro-provincial-para-a-festa-de-santa-clara.html\"]}]},{\"@type\":\"BreadcrumbList\",\"@id\":\"https:\/\/franciscanos.org.br\/carisma\/mensagem-do-ministro-provincial-para-a-festa-de-santa-clara.html#breadcrumb\",\"itemListElement\":[{\"@type\":\"ListItem\",\"position\":1,\"name\":\"Home\",\"item\":\"https:\/\/franciscanos.org.br\/carisma\"},{\"@type\":\"ListItem\",\"position\":2,\"name\":\"Mensagem do Ministro Provincial para a Festa de Santa Clara\"}]},{\"@type\":\"Person\",\"@id\":\"https:\/\/franciscanos.org.br\/carisma\/#\/schema\/person\/bf14cae4d2151ab6b6e41d96660f93a2\",\"name\":\"moacir\",\"image\":{\"@type\":\"ImageObject\",\"inLanguage\":\"pt-BR\",\"@id\":\"https:\/\/franciscanos.org.br\/carisma\/#\/schema\/person\/image\/\",\"url\":\"https:\/\/secure.gravatar.com\/avatar\/d08aa2ce4c8dd416d4479aa8536fcf64?s=96&d=mm&r=g\",\"contentUrl\":\"https:\/\/secure.gravatar.com\/avatar\/d08aa2ce4c8dd416d4479aa8536fcf64?s=96&d=mm&r=g\",\"caption\":\"moacir\"},\"url\":\"https:\/\/franciscanos.org.br\/carisma\/author\/moacir\"}]}<\/script>\n<!-- \/ Yoast SEO plugin. -->","yoast_head_json":{"title":"Mensagem do Ministro Provincial para a Festa de Santa Clara - Carisma - Franciscanos","robots":{"index":"index","follow":"follow","max-snippet":"max-snippet:-1","max-image-preview":"max-image-preview:large","max-video-preview":"max-video-preview:-1"},"canonical":"https:\/\/franciscanos.org.br\/carisma\/mensagem-do-ministro-provincial-para-a-festa-de-santa-clara.html","og_locale":"pt_BR","og_type":"article","og_title":"Mensagem do Ministro Provincial para a Festa de Santa Clara - Carisma - Franciscanos","og_description":"Mensagem do Ministro Provincial para a Festa de Santa Clara 2019","og_url":"https:\/\/franciscanos.org.br\/carisma\/mensagem-do-ministro-provincial-para-a-festa-de-santa-clara.html","og_site_name":"Carisma - Franciscanos","article_published_time":"2019-08-10T10:38:02+00:00","article_modified_time":"2019-08-10T10:49:38+00:00","og_image":[{"width":273,"height":181,"url":"https:\/\/franciscanos.org.br\/carisma\/wp-content\/uploads\/2019\/08\/cesar_mensagem_d.jpg","type":"image\/jpeg"}],"author":"moacir","twitter_card":"summary_large_image","twitter_misc":{"Escrito por":"moacir","Est. tempo de leitura":"4 minutos"},"schema":{"@context":"https:\/\/schema.org","@graph":[{"@type":"WebSite","@id":"https:\/\/franciscanos.org.br\/carisma\/#website","url":"https:\/\/franciscanos.org.br\/carisma\/","name":"Carisma - Franciscanos","description":"Prov\u00edncia Franciscana da Imaculada Concei\u00e7\u00e3o do Brasil - Ordem dos Frades Menores","potentialAction":[{"@type":"SearchAction","target":{"@type":"EntryPoint","urlTemplate":"https:\/\/franciscanos.org.br\/carisma\/?s={search_term_string}"},"query-input":"required name=search_term_string"}],"inLanguage":"pt-BR"},{"@type":"ImageObject","inLanguage":"pt-BR","@id":"https:\/\/franciscanos.org.br\/carisma\/mensagem-do-ministro-provincial-para-a-festa-de-santa-clara.html#primaryimage","url":"https:\/\/franciscanos.org.br\/carisma\/wp-content\/uploads\/2019\/08\/cesar_mensagem_d.jpg","contentUrl":"https:\/\/franciscanos.org.br\/carisma\/wp-content\/uploads\/2019\/08\/cesar_mensagem_d.jpg","width":273,"height":181},{"@type":"WebPage","@id":"https:\/\/franciscanos.org.br\/carisma\/mensagem-do-ministro-provincial-para-a-festa-de-santa-clara.html#webpage","url":"https:\/\/franciscanos.org.br\/carisma\/mensagem-do-ministro-provincial-para-a-festa-de-santa-clara.html","name":"Mensagem do Ministro Provincial para a Festa de Santa Clara - Carisma - Franciscanos","isPartOf":{"@id":"https:\/\/franciscanos.org.br\/carisma\/#website"},"primaryImageOfPage":{"@id":"https:\/\/franciscanos.org.br\/carisma\/mensagem-do-ministro-provincial-para-a-festa-de-santa-clara.html#primaryimage"},"datePublished":"2019-08-10T10:38:02+00:00","dateModified":"2019-08-10T10:49:38+00:00","author":{"@id":"https:\/\/franciscanos.org.br\/carisma\/#\/schema\/person\/bf14cae4d2151ab6b6e41d96660f93a2"},"breadcrumb":{"@id":"https:\/\/franciscanos.org.br\/carisma\/mensagem-do-ministro-provincial-para-a-festa-de-santa-clara.html#breadcrumb"},"inLanguage":"pt-BR","potentialAction":[{"@type":"ReadAction","target":["https:\/\/franciscanos.org.br\/carisma\/mensagem-do-ministro-provincial-para-a-festa-de-santa-clara.html"]}]},{"@type":"BreadcrumbList","@id":"https:\/\/franciscanos.org.br\/carisma\/mensagem-do-ministro-provincial-para-a-festa-de-santa-clara.html#breadcrumb","itemListElement":[{"@type":"ListItem","position":1,"name":"Home","item":"https:\/\/franciscanos.org.br\/carisma"},{"@type":"ListItem","position":2,"name":"Mensagem do Ministro Provincial para a Festa de Santa Clara"}]},{"@type":"Person","@id":"https:\/\/franciscanos.org.br\/carisma\/#\/schema\/person\/bf14cae4d2151ab6b6e41d96660f93a2","name":"moacir","image":{"@type":"ImageObject","inLanguage":"pt-BR","@id":"https:\/\/franciscanos.org.br\/carisma\/#\/schema\/person\/image\/","url":"https:\/\/secure.gravatar.com\/avatar\/d08aa2ce4c8dd416d4479aa8536fcf64?s=96&d=mm&r=g","contentUrl":"https:\/\/secure.gravatar.com\/avatar\/d08aa2ce4c8dd416d4479aa8536fcf64?s=96&d=mm&r=g","caption":"moacir"},"url":"https:\/\/franciscanos.org.br\/carisma\/author\/moacir"}]}},"_links":{"self":[{"href":"https:\/\/franciscanos.org.br\/carisma\/wp-json\/wp\/v2\/posts\/176538"}],"collection":[{"href":"https:\/\/franciscanos.org.br\/carisma\/wp-json\/wp\/v2\/posts"}],"about":[{"href":"https:\/\/franciscanos.org.br\/carisma\/wp-json\/wp\/v2\/types\/post"}],"author":[{"embeddable":true,"href":"https:\/\/franciscanos.org.br\/carisma\/wp-json\/wp\/v2\/users\/3"}],"replies":[{"embeddable":true,"href":"https:\/\/franciscanos.org.br\/carisma\/wp-json\/wp\/v2\/comments?post=176538"}],"version-history":[{"count":7,"href":"https:\/\/franciscanos.org.br\/carisma\/wp-json\/wp\/v2\/posts\/176538\/revisions"}],"predecessor-version":[{"id":176547,"href":"https:\/\/franciscanos.org.br\/carisma\/wp-json\/wp\/v2\/posts\/176538\/revisions\/176547"}],"wp:featuredmedia":[{"embeddable":true,"href":"https:\/\/franciscanos.org.br\/carisma\/wp-json\/wp\/v2\/media\/176540"}],"wp:attachment":[{"href":"https:\/\/franciscanos.org.br\/carisma\/wp-json\/wp\/v2\/media?parent=176538"}],"wp:term":[{"taxonomy":"category","embeddable":true,"href":"https:\/\/franciscanos.org.br\/carisma\/wp-json\/wp\/v2\/categories?post=176538"},{"taxonomy":"post_tag","embeddable":true,"href":"https:\/\/franciscanos.org.br\/carisma\/wp-json\/wp\/v2\/tags?post=176538"}],"curies":[{"name":"wp","href":"https:\/\/api.w.org\/{rel}","templated":true}]}}