{"id":176509,"date":"2018-06-15T08:17:46","date_gmt":"2018-06-15T11:17:46","guid":{"rendered":"https:\/\/franciscanos.org.br\/carisma\/?p=176509"},"modified":"2019-08-09T08:18:25","modified_gmt":"2019-08-09T11:18:25","slug":"a-missao-do-franciscano-secular","status":"publish","type":"post","link":"https:\/\/franciscanos.org.br\/carisma\/a-missao-do-franciscano-secular.html","title":{"rendered":"A miss\u00e3o do Franciscano Secular"},"content":{"rendered":"<p><strong><a href=\"http:\/\/franciscanos.org.br\/wp-content\/uploads\/2018\/06\/formcao-830.jpg\"><img loading=\"lazy\" src=\"http:\/\/franciscanos.org.br\/wp-content\/uploads\/2018\/06\/formcao-830.jpg\" alt=\"formcao-830\" width=\"830\" height=\"445\" \/><\/a><\/strong><\/p>\n<p><strong>Rosalvo Gon\u00e7alves Mota, OFS<\/strong><\/p>\n<p>A Igreja no Brasil est\u00e1 celebrando, desde 26 de novembro de 2017, Solenidade de Cristo Rei, a 25 de novembro de 2018, o \u201cAno do Laicato\u201d. O tema escolhido para animar a m\u00edstica do Ano do Laicato foi: \u201cCrist\u00e3os leigos e leigas, sujeitos na \u2018Igreja em sa\u00edda\u2019, a servi\u00e7o do Reino\u201d e o lema: \u201cSal da Terra e Luz do Mundo\u201d, Mt 5,13-14.<\/p>\n<p>O Ano do Laicato tem como objetivo geral: \u201cComo Igreja, Povo de Deus, celebrar a presen\u00e7a e a organiza\u00e7\u00e3o dos crist\u00e3os leigos e leigas no Brasil; aprofundar a sua identidade, voca\u00e7\u00e3o, espiritualidade e miss\u00e3o; e testemunhar Jesus Cristo e seu Reino na sociedade\u201d.<\/p>\n<p>S\u00e3o Francisco, h\u00e1 750 anos antes do Vaticano II, de um modo muito peculiar, volta-se para os leigos e nos d\u00e1 um \u201cmodo de vida\u201d (Regra da Ordem Franciscana Secular, OFS), na qual, \u201csomos impulsionados pelo Esp\u00edrito Santo a atingir a perfei\u00e7\u00e3o da caridade no pr\u00f3prio estado secular\u201d (ROFS 2).<\/p>\n<p>A miss\u00e3o do Crucificado de S\u00e3o Dami\u00e3o, dada a S. Francisco, \u00e9 para cada um de n\u00f3s, franciscanos seculares, atual e verdadeira: &#8230;\u201dVai e restaura minha casa\u201d. Imediatamente, Francisco disp\u00f4s-se a executar a tarefa recebida. Mas n\u00e3o a reconstruiu de novo, consertou o que era velho, e reparou o que era antigo. N\u00e3o desfez os alicerces, mas edificou sobre eles, reservando esta prerrogativa, mesmo sem pensar, ao Cristo. Ningu\u00e9m pode por outro fundamento sen\u00e3o o que foi posto: Cristo Jesus. Depois, para n\u00e3o ficar de bra\u00e7os cruzados, executou a restaura\u00e7\u00e3o de mais duas igrejas: uma dedicada a S\u00e3o Pedro, ao qual tinha grande devo\u00e7\u00e3o, e outra, no lugar chamado Porci\u00fancula, onde existia uma velha igreja dedicada \u00e0 Virgem M\u00e3e de Deus, chamada Santa Maria dos Anjos, onde fundou a Ordem dos Frades Menores.<\/p>\n<p>Deste epis\u00f3dio verificamos que S. Francisco, inicialmente, cumpriu a palavra ao \u201cp\u00e9 da letra\u201d, restaurando materialmente tr\u00eas igrejas, antes de fundar a Ordem e come\u00e7ar a pregar o Evangelho. Isto significa que ele progrediu desde as coisas materiais em dire\u00e7\u00e3o \u00e0s realiza\u00e7\u00f5es espirituais, compreendendo com mais profundidade a sua miss\u00e3o.<\/p>\n<p>A grande diferen\u00e7a entre Francisco restaurador e os \u201coutros\u201d: n\u00e3o critica, n\u00e3o divide, n\u00e3o destr\u00f3i. Francisco converte-se \u00e0 pr\u00f3pria Igreja, torna-se servo e menor. Fez tudo isto, a partir da convers\u00e3o pessoal: \u201cN\u00f3s vos adoramos, Senhor Jesus Cristo, aqui em todas as vossas igrejas que est\u00e3o no mundo inteiro e vos bendizemos, porque pela vossa santa cruz, remistes o mundo\u201d. Atitude de rever\u00eancia e respeito para com a Igreja material e espiritual.<\/p>\n<p>Franciscano(a) secular, &#8230;Vai e restaura minha casa, hoje! Esta \u00e9 a nossa miss\u00e3o. N\u00f3s, como seguidores do Evangelho \u00e0 exemplo de S. Francisco, podemos, tamb\u00e9m, restaurar tr\u00eas igrejas, que est\u00e3o em ru\u00ednas (pelos menos as duas primeiras): o homem, a fam\u00edlia e a Igreja institucional.<\/p>\n<p>Restaurar o homem-igreja, templo de Deus, morada do Esp\u00edrito Santo. Iniciando com a pr\u00f3pria pessoa, a si pr\u00f3prio, pela convers\u00e3o que, \u201cdevido \u00e0 fragilidade humana, deve ser realizada todos os dias\u201d (R.7). Depois, com o homem irm\u00e3o, procurando, dentro do \u201cnosso\u201d mundo, do limite de cada um, lutar pelos direitos fundamentais do homem, libert\u00e1-lo do pecado, dar-lhe condi\u00e7\u00f5es de vida, educa\u00e7\u00e3o, trabalho, moradia, sa\u00fade e lazer. Isto n\u00e3o \u00e9 uma tarefa imposs\u00edvel, basta que voc\u00ea comece por um, por aquele que est\u00e1 mais pr\u00f3ximo de voc\u00ea. Antes de toda e qualquer atitude para mudar alguma coisa, \u00e9 preciso mudar o homem, convert\u00ea-lo. Somente assim, poderemos iniciar a constru\u00e7\u00e3o do Reino de Deus, de uma sociedade mais justa, democr\u00e1tica e fraterna.<\/p>\n<p>Segundo, a fam\u00edlia, a igreja dom\u00e9stica. A fam\u00edlia, c\u00e9lula \u201cmater\u201d da sociedade. A nossa fam\u00edlia, a nossa casa, deve ser o endere\u00e7o de Deus. Fazer com que nossas fam\u00edlias revalorizem o amor, fazer de cada casa, a come\u00e7ar com a nossa, o lugar privilegiado de Deus, de ora\u00e7\u00e3o, de amor. Hoje, faz-se necess\u00e1rio restaurar a fam\u00edlia. Lugar para viver o esp\u00edrito franciscano de paz, atrav\u00e9s da harmonia conjugal e familiar, pela pr\u00e1tica do di\u00e1logo, da paci\u00eancia, compreens\u00e3o, perd\u00e3o e integra\u00e7\u00e3o das diferen\u00e7as. Ainda, da fidelidade conjugal, do respeito \u00e0 vida, da pr\u00e1tica do amor pr\u00f3-criativo (ter filhos) e criativo (ado\u00e7\u00e3o), do controle da natalidade, da paternidade respons\u00e1vel, de uma consci\u00eancia e educa\u00e7\u00e3o crist\u00e3 dos filhos. Como veem, s\u00e3o muitos temas que devemos estudar, aprofundar e praticar em nossas fraternidades.<\/p>\n<p>Terceiro, a Igreja institucional. Fazer com que a nossa Igreja seja a nossa comunidade, a reuni\u00e3o das fam\u00edlias, n\u00e3o um aglomerado de pessoas desconhecidas. A Igreja n\u00e3o \u00e9 o clero. A Igreja somos n\u00f3s: cl\u00e9rigos e leigos (seculares). Que a nossa voz se fa\u00e7a verdadeiramente ouvida, para que a Igreja seja realmente comunit\u00e1ria, democr\u00e1tica, a exemplo das primeiras comunidades crist\u00e3s. Acredito que neste terceiro mil\u00eanio, o laicato tem um papel preponderante na restaura\u00e7\u00e3o da verdadeira Igreja de Cristo. Principalmente n\u00f3s, franciscanos seculares, devemos procurar o nosso verdadeiro espa\u00e7o e posi\u00e7\u00e3o na Igreja. N\u00e3o como \u201cmeio-frades\u201d ou na sacristia, mas como seculares, agindo como crist\u00e3os no mundo, para transform\u00e1-lo.<\/p>\n<p>Finalmente, irm\u00e3os e irm\u00e3s, urge restaurarmos estas tr\u00eas igrejas, estes tr\u00eas templos para a implanta\u00e7\u00e3o de uma sociedade fraterna e justa, que seja o in\u00edcio do Reino de Deus aqui na terra.<\/p>\n<p>Que cada um de n\u00f3s, que nossas casas e fam\u00edlias sejam pequenas igrejas e que as igrejas sejam nossas fam\u00edlias.<\/p>\n<p>Irm\u00e3o e irm\u00e3, \u201cvai e restaura minha casa\u201d.<\/p>\n","protected":false},"excerpt":{"rendered":"<p>Artigo de Rosalvo Gon\u00e7alves Mota, OFS<\/p>\n","protected":false},"author":3,"featured_media":176510,"comment_status":"open","ping_status":"open","sticky":false,"template":"","format":"standard","meta":[],"categories":[14],"tags":[47],"yoast_head":"<!-- This site is optimized with the Yoast SEO plugin v19.2 - https:\/\/yoast.com\/wordpress\/plugins\/seo\/ -->\n<title>A miss\u00e3o do Franciscano Secular - Carisma - Franciscanos<\/title>\n<meta name=\"robots\" content=\"index, follow, max-snippet:-1, max-image-preview:large, max-video-preview:-1\" \/>\n<link rel=\"canonical\" href=\"https:\/\/franciscanos.org.br\/carisma\/a-missao-do-franciscano-secular.html\" \/>\n<meta property=\"og:locale\" content=\"pt_BR\" \/>\n<meta property=\"og:type\" content=\"article\" \/>\n<meta property=\"og:title\" content=\"A miss\u00e3o do Franciscano Secular - Carisma - Franciscanos\" \/>\n<meta property=\"og:description\" content=\"Artigo de Rosalvo Gon\u00e7alves Mota, OFS\" \/>\n<meta property=\"og:url\" content=\"https:\/\/franciscanos.org.br\/carisma\/a-missao-do-franciscano-secular.html\" \/>\n<meta property=\"og:site_name\" content=\"Carisma - Franciscanos\" \/>\n<meta property=\"article:published_time\" content=\"2018-06-15T11:17:46+00:00\" \/>\n<meta property=\"article:modified_time\" content=\"2019-08-09T11:18:25+00:00\" \/>\n<meta property=\"og:image\" content=\"https:\/\/franciscanos.org.br\/carisma\/wp-content\/uploads\/2019\/08\/formcao-830.jpg\" \/>\n\t<meta property=\"og:image:width\" content=\"273\" \/>\n\t<meta property=\"og:image:height\" content=\"181\" \/>\n\t<meta property=\"og:image:type\" content=\"image\/jpeg\" \/>\n<meta name=\"author\" content=\"moacir\" \/>\n<meta name=\"twitter:card\" content=\"summary_large_image\" \/>\n<meta name=\"twitter:label1\" content=\"Escrito por\" \/>\n\t<meta name=\"twitter:data1\" content=\"moacir\" \/>\n\t<meta name=\"twitter:label2\" content=\"Est. tempo de leitura\" \/>\n\t<meta name=\"twitter:data2\" content=\"5 minutos\" \/>\n<script type=\"application\/ld+json\" class=\"yoast-schema-graph\">{\"@context\":\"https:\/\/schema.org\",\"@graph\":[{\"@type\":\"WebSite\",\"@id\":\"https:\/\/franciscanos.org.br\/carisma\/#website\",\"url\":\"https:\/\/franciscanos.org.br\/carisma\/\",\"name\":\"Carisma - Franciscanos\",\"description\":\"Prov\u00edncia Franciscana da Imaculada Concei\u00e7\u00e3o do Brasil - Ordem dos Frades Menores\",\"potentialAction\":[{\"@type\":\"SearchAction\",\"target\":{\"@type\":\"EntryPoint\",\"urlTemplate\":\"https:\/\/franciscanos.org.br\/carisma\/?s={search_term_string}\"},\"query-input\":\"required name=search_term_string\"}],\"inLanguage\":\"pt-BR\"},{\"@type\":\"ImageObject\",\"inLanguage\":\"pt-BR\",\"@id\":\"https:\/\/franciscanos.org.br\/carisma\/a-missao-do-franciscano-secular.html#primaryimage\",\"url\":\"https:\/\/franciscanos.org.br\/carisma\/wp-content\/uploads\/2019\/08\/formcao-830.jpg\",\"contentUrl\":\"https:\/\/franciscanos.org.br\/carisma\/wp-content\/uploads\/2019\/08\/formcao-830.jpg\",\"width\":273,\"height\":181},{\"@type\":\"WebPage\",\"@id\":\"https:\/\/franciscanos.org.br\/carisma\/a-missao-do-franciscano-secular.html#webpage\",\"url\":\"https:\/\/franciscanos.org.br\/carisma\/a-missao-do-franciscano-secular.html\",\"name\":\"A miss\u00e3o do Franciscano Secular - Carisma - Franciscanos\",\"isPartOf\":{\"@id\":\"https:\/\/franciscanos.org.br\/carisma\/#website\"},\"primaryImageOfPage\":{\"@id\":\"https:\/\/franciscanos.org.br\/carisma\/a-missao-do-franciscano-secular.html#primaryimage\"},\"datePublished\":\"2018-06-15T11:17:46+00:00\",\"dateModified\":\"2019-08-09T11:18:25+00:00\",\"author\":{\"@id\":\"https:\/\/franciscanos.org.br\/carisma\/#\/schema\/person\/bf14cae4d2151ab6b6e41d96660f93a2\"},\"breadcrumb\":{\"@id\":\"https:\/\/franciscanos.org.br\/carisma\/a-missao-do-franciscano-secular.html#breadcrumb\"},\"inLanguage\":\"pt-BR\",\"potentialAction\":[{\"@type\":\"ReadAction\",\"target\":[\"https:\/\/franciscanos.org.br\/carisma\/a-missao-do-franciscano-secular.html\"]}]},{\"@type\":\"BreadcrumbList\",\"@id\":\"https:\/\/franciscanos.org.br\/carisma\/a-missao-do-franciscano-secular.html#breadcrumb\",\"itemListElement\":[{\"@type\":\"ListItem\",\"position\":1,\"name\":\"Home\",\"item\":\"https:\/\/franciscanos.org.br\/carisma\"},{\"@type\":\"ListItem\",\"position\":2,\"name\":\"A miss\u00e3o do Franciscano Secular\"}]},{\"@type\":\"Person\",\"@id\":\"https:\/\/franciscanos.org.br\/carisma\/#\/schema\/person\/bf14cae4d2151ab6b6e41d96660f93a2\",\"name\":\"moacir\",\"image\":{\"@type\":\"ImageObject\",\"inLanguage\":\"pt-BR\",\"@id\":\"https:\/\/franciscanos.org.br\/carisma\/#\/schema\/person\/image\/\",\"url\":\"https:\/\/secure.gravatar.com\/avatar\/d08aa2ce4c8dd416d4479aa8536fcf64?s=96&d=mm&r=g\",\"contentUrl\":\"https:\/\/secure.gravatar.com\/avatar\/d08aa2ce4c8dd416d4479aa8536fcf64?s=96&d=mm&r=g\",\"caption\":\"moacir\"},\"url\":\"https:\/\/franciscanos.org.br\/carisma\/author\/moacir\"}]}<\/script>\n<!-- \/ Yoast SEO plugin. -->","yoast_head_json":{"title":"A miss\u00e3o do Franciscano Secular - Carisma - Franciscanos","robots":{"index":"index","follow":"follow","max-snippet":"max-snippet:-1","max-image-preview":"max-image-preview:large","max-video-preview":"max-video-preview:-1"},"canonical":"https:\/\/franciscanos.org.br\/carisma\/a-missao-do-franciscano-secular.html","og_locale":"pt_BR","og_type":"article","og_title":"A miss\u00e3o do Franciscano Secular - Carisma - Franciscanos","og_description":"Artigo de Rosalvo Gon\u00e7alves Mota, OFS","og_url":"https:\/\/franciscanos.org.br\/carisma\/a-missao-do-franciscano-secular.html","og_site_name":"Carisma - Franciscanos","article_published_time":"2018-06-15T11:17:46+00:00","article_modified_time":"2019-08-09T11:18:25+00:00","og_image":[{"width":273,"height":181,"url":"https:\/\/franciscanos.org.br\/carisma\/wp-content\/uploads\/2019\/08\/formcao-830.jpg","type":"image\/jpeg"}],"author":"moacir","twitter_card":"summary_large_image","twitter_misc":{"Escrito por":"moacir","Est. tempo de leitura":"5 minutos"},"schema":{"@context":"https:\/\/schema.org","@graph":[{"@type":"WebSite","@id":"https:\/\/franciscanos.org.br\/carisma\/#website","url":"https:\/\/franciscanos.org.br\/carisma\/","name":"Carisma - Franciscanos","description":"Prov\u00edncia Franciscana da Imaculada Concei\u00e7\u00e3o do Brasil - Ordem dos Frades Menores","potentialAction":[{"@type":"SearchAction","target":{"@type":"EntryPoint","urlTemplate":"https:\/\/franciscanos.org.br\/carisma\/?s={search_term_string}"},"query-input":"required name=search_term_string"}],"inLanguage":"pt-BR"},{"@type":"ImageObject","inLanguage":"pt-BR","@id":"https:\/\/franciscanos.org.br\/carisma\/a-missao-do-franciscano-secular.html#primaryimage","url":"https:\/\/franciscanos.org.br\/carisma\/wp-content\/uploads\/2019\/08\/formcao-830.jpg","contentUrl":"https:\/\/franciscanos.org.br\/carisma\/wp-content\/uploads\/2019\/08\/formcao-830.jpg","width":273,"height":181},{"@type":"WebPage","@id":"https:\/\/franciscanos.org.br\/carisma\/a-missao-do-franciscano-secular.html#webpage","url":"https:\/\/franciscanos.org.br\/carisma\/a-missao-do-franciscano-secular.html","name":"A miss\u00e3o do Franciscano Secular - Carisma - Franciscanos","isPartOf":{"@id":"https:\/\/franciscanos.org.br\/carisma\/#website"},"primaryImageOfPage":{"@id":"https:\/\/franciscanos.org.br\/carisma\/a-missao-do-franciscano-secular.html#primaryimage"},"datePublished":"2018-06-15T11:17:46+00:00","dateModified":"2019-08-09T11:18:25+00:00","author":{"@id":"https:\/\/franciscanos.org.br\/carisma\/#\/schema\/person\/bf14cae4d2151ab6b6e41d96660f93a2"},"breadcrumb":{"@id":"https:\/\/franciscanos.org.br\/carisma\/a-missao-do-franciscano-secular.html#breadcrumb"},"inLanguage":"pt-BR","potentialAction":[{"@type":"ReadAction","target":["https:\/\/franciscanos.org.br\/carisma\/a-missao-do-franciscano-secular.html"]}]},{"@type":"BreadcrumbList","@id":"https:\/\/franciscanos.org.br\/carisma\/a-missao-do-franciscano-secular.html#breadcrumb","itemListElement":[{"@type":"ListItem","position":1,"name":"Home","item":"https:\/\/franciscanos.org.br\/carisma"},{"@type":"ListItem","position":2,"name":"A miss\u00e3o do Franciscano Secular"}]},{"@type":"Person","@id":"https:\/\/franciscanos.org.br\/carisma\/#\/schema\/person\/bf14cae4d2151ab6b6e41d96660f93a2","name":"moacir","image":{"@type":"ImageObject","inLanguage":"pt-BR","@id":"https:\/\/franciscanos.org.br\/carisma\/#\/schema\/person\/image\/","url":"https:\/\/secure.gravatar.com\/avatar\/d08aa2ce4c8dd416d4479aa8536fcf64?s=96&d=mm&r=g","contentUrl":"https:\/\/secure.gravatar.com\/avatar\/d08aa2ce4c8dd416d4479aa8536fcf64?s=96&d=mm&r=g","caption":"moacir"},"url":"https:\/\/franciscanos.org.br\/carisma\/author\/moacir"}]}},"_links":{"self":[{"href":"https:\/\/franciscanos.org.br\/carisma\/wp-json\/wp\/v2\/posts\/176509"}],"collection":[{"href":"https:\/\/franciscanos.org.br\/carisma\/wp-json\/wp\/v2\/posts"}],"about":[{"href":"https:\/\/franciscanos.org.br\/carisma\/wp-json\/wp\/v2\/types\/post"}],"author":[{"embeddable":true,"href":"https:\/\/franciscanos.org.br\/carisma\/wp-json\/wp\/v2\/users\/3"}],"replies":[{"embeddable":true,"href":"https:\/\/franciscanos.org.br\/carisma\/wp-json\/wp\/v2\/comments?post=176509"}],"version-history":[{"count":2,"href":"https:\/\/franciscanos.org.br\/carisma\/wp-json\/wp\/v2\/posts\/176509\/revisions"}],"predecessor-version":[{"id":176512,"href":"https:\/\/franciscanos.org.br\/carisma\/wp-json\/wp\/v2\/posts\/176509\/revisions\/176512"}],"wp:featuredmedia":[{"embeddable":true,"href":"https:\/\/franciscanos.org.br\/carisma\/wp-json\/wp\/v2\/media\/176510"}],"wp:attachment":[{"href":"https:\/\/franciscanos.org.br\/carisma\/wp-json\/wp\/v2\/media?parent=176509"}],"wp:term":[{"taxonomy":"category","embeddable":true,"href":"https:\/\/franciscanos.org.br\/carisma\/wp-json\/wp\/v2\/categories?post=176509"},{"taxonomy":"post_tag","embeddable":true,"href":"https:\/\/franciscanos.org.br\/carisma\/wp-json\/wp\/v2\/tags?post=176509"}],"curies":[{"name":"wp","href":"https:\/\/api.w.org\/{rel}","templated":true}]}}