{"id":176505,"date":"2019-08-08T18:49:21","date_gmt":"2019-08-08T21:49:21","guid":{"rendered":"https:\/\/franciscanos.org.br\/carisma\/?p=176505"},"modified":"2019-08-08T18:49:21","modified_gmt":"2019-08-08T21:49:21","slug":"integra-da-homilia-de-frei-fidencio-no-primeiro-dia-do-triduo-de-santa-clara","status":"publish","type":"post","link":"https:\/\/franciscanos.org.br\/carisma\/integra-da-homilia-de-frei-fidencio-no-primeiro-dia-do-triduo-de-santa-clara.html","title":{"rendered":"\u00cdntegra da homilia de Frei Fid\u00eancio no primeiro dia do Tr\u00edduo de Santa Clara"},"content":{"rendered":"<p><img loading=\"lazy\" class=\"alignnone size-full wp-image-176506\" src=\"https:\/\/franciscanos.org.br\/carisma\/wp-content\/uploads\/2019\/08\/clara_0808.jpg\" alt=\"\" width=\"890\" height=\"530\" srcset=\"https:\/\/franciscanos.org.br\/carisma\/wp-content\/uploads\/2019\/08\/clara_0808.jpg 890w, https:\/\/franciscanos.org.br\/carisma\/wp-content\/uploads\/2019\/08\/clara_0808-450x268.jpg 450w, https:\/\/franciscanos.org.br\/carisma\/wp-content\/uploads\/2019\/08\/clara_0808-768x457.jpg 768w, https:\/\/franciscanos.org.br\/carisma\/wp-content\/uploads\/2019\/08\/clara_0808-150x89.jpg 150w\" sizes=\"(max-width: 890px) 100vw, 890px\" \/><\/p>\n<p><strong>TEMA: &#8220;CLARA DE NOME, PALAVRA E VIRTUDE&#8221; <\/strong><\/p>\n<p><em>&#8220;Mulher admir\u00e1vel por seu nome, Clara de palavra e virtude, natural de Assis, de fam\u00edlia muito preclara, foi concidad\u00e3 do bem-aventurado Francisco na terra e, depois, foi reinar com ele na gl\u00f3ria<\/em>&#8221; (LSC 1).<\/p>\n<p><strong>1\u00aa Dia &#8211; 08 de agosto de 2019 <\/strong><\/p>\n<p><strong>Tema: &#8220;CLARA, MULHER ADMIR\u00c1VEL POR SEU NOME&#8221; <\/strong><\/p>\n<p>A palavra de Deus que acabamos de ouvir, neste dia da festa de S\u00e3o Domingos (fundador da Ordem dos Pregadores &#8211; Dominicanos), convidou-nos a sermos &#8220;sal da terra e luz do mundo&#8221; (Mt 5,13-15). Sal e luz, dois elementos importantes que indicam o que devemos ser na nossa vida crist\u00e3. Ser sal e luz para desempenharmos, como nos recordou S\u00e3o Paulo em 1Tim 4,1-5, o nosso servi\u00e7o de pregadores do Evangelho, e cumprir com perfei\u00e7\u00e3o o nosso minist\u00e9rio como: S\u00e3o Domingos, S\u00e3o Francisco, Santa Clara.<\/p>\n<p>Hoje iniciamos a nossa prepara\u00e7\u00e3o para a Festa de Santa Clara de Assis. O Tema que escolhemos <strong>&#8211; CLARA DE NOME, PALAVRA E VIRTUDE<\/strong> &#8211; se inspirou na primeira frase da Biografia de Santa Clara, escrita logo depois ap\u00f3s a sua canoniza\u00e7\u00e3o (15\/08\/1255).<\/p>\n<p>Frei Tom\u00e1s de Celano, o autor desta biografia ou legenda, assim escreveu: &#8220;Mulher admir\u00e1vel por seu nome, Clara de palavra e virtude, natural de Assis, de fam\u00edlia muito preclara, foi concidad\u00e3 do bem-aventurado Francisco na terra e, depois, foi reinar com ele na gl\u00f3ria&#8221; (LSC 1).<\/p>\n<p>Hoje, no primeiro dia do Tr\u00edduo, vamos procurar permanecer focados na primeira express\u00e3o: <strong>&#8220;CLARA, MULHER ADMIT\u00c1VEL POR SEU NOME&#8221;. <\/strong><\/p>\n<p>A mulher, quando pela primeira vez recebe a not\u00edcia da sua gravidez, enche seu cora\u00e7\u00e3o de alegria, n\u00e3o diferente da alegria cantada pela Virgem Maria, no seu encontro com Isabel: &#8220;Minha alma engrandece o Senhor e exulta meu esp\u00edrito em Deus meu Salvador&#8221;. Contudo, ao lado da alegria que ela vive, tamb\u00e9m ocorrem inquieta\u00e7\u00f5es e at\u00e9 medos. Quantas perguntas silenciosas n\u00e3o se passam no cora\u00e7\u00e3o de uma m\u00e3e? Como vai ser? Como ser\u00e1? A crian\u00e7a vai nascer com sa\u00fade? Questionamentos naturais.<\/p>\n<p>Com a m\u00e3e de Santa Clara, D. Hortolana, n\u00e3o foi diferente no contexto da \u00e9poca, na Idade M\u00e9dia, sem os recursos da moderna medicina. Quantas e quantas m\u00e3es morriam com os filhos no parto. Clara foi a primeira filha e depois vieram \u00a0outras duas filhas: In\u00eas e Beatriz. O bi\u00f3grafo de Santa Clara afirma: &#8220;A m\u00e3e, gr\u00e1vida, pr\u00f3xima de dar \u00e0 luz, estava orando ao Crucificado diante da cruz, na igreja, para passar saudavelmente pelos perigos do parto, quando ouviu uma voz que dizia: &#8216;N\u00e3o temas, mulher, porque, salva, vais dar ao mundo uma luz que vai deixar a pr\u00f3pria luz mais clara&#8217;. Instru\u00edda pelo or\u00e1culo, quis que a filhinha, ao renascer pelo sagrado batismo, se chamasse Clara, esperando que se cumprisse de algum modo, pelo benepl\u00e1cito da vontade divina, a claridade da luz prometida&#8221;.<\/p>\n<p><strong>Clara \u00e9 seu nome! <\/strong><\/p>\n<p>E assim que Clara, desde o seu nascimento e confirmado no Sacramento do Batismo, passa a ser identificada como Clara.\u00a0 Ela recebe um nome sagrado. Nome que ela procurou honrar e qualificar ao longo de toda a sua vida. Por isso, a Bula que a canonizou vai dizer esta express\u00e3o t\u00e3o bonita: &#8220;Esta Clara \u00e9 clarificada no alto pela luz divina&#8221; (BC 5). E ainda diz: &#8220;O mundo recebeu de Clara um claro espelho de exemplo: por entre os prazeres celestiais, ela ofereceu o l\u00edrio suave da virgindade. E na terra, sentem-se os rem\u00e9dios manifestos do seu aux\u00edlio&#8221; (BC 7).<\/p>\n<p><strong>Sacralidade do nome<\/strong><\/p>\n<p>N\u00f3s sabemos o quanto \u00e9 sagrado o nome que recebemos. N\u00e3o gostamos muito quando usam nosso nome para nos difamar ou usam para outros pejorativos. N\u00f3s sofremos porque sabemos da sacralidade que est\u00e1 por tr\u00e1s do nosso nome pr\u00f3prio. O nosso nome n\u00e3o \u00e9 um r\u00f3tulo de garrafa de cerveja. O nosso nome n\u00e3o \u00e9 um t\u00edtulo qualquer. O nosso nome \u00e9 tudo aquilo que n\u00f3s somos, tudo o que queremos ser. Aquilo que somos na nossa verdade. O nome nos torna conhecidos. Ele representa tudo que somos e fazemos. E quando pronunciamos o nome de uma pessoa, pensamos a totalidade daquela pessoa: a sua origem, a sua hist\u00f3ria, o seu temperamento, o seu car\u00e1ter, os seus valores\/virtudes, as suas fragilidades\/limita\u00e7\u00f5es, a sua reputa\u00e7\u00e3o, etc. O nome sempre \u00e9 sagrado, como \u00e9 o sagrado o nome de Clara. Ali\u00e1s, t\u00e3o sagrado que aprendemos, no segundo mandamento, a &#8220;n\u00e3o chamar o nome de Deus em v\u00e3o&#8221;, porque Jav\u00e9 \u00e9 sagrado, Deus \u00e9 sagrado. E esta sacralidade existe no nome pr\u00f3prio de cada um, como essa sacralidade se faz presente e se fez presente na vida de Santa Clara.<\/p>\n<p><strong>Clara, mulher admir\u00e1vel por seu nome! <\/strong><\/p>\n<p>A Bula de canoniza\u00e7\u00e3o de Santa Clara de Assis, emitida pelo Papa Alexandre IV (em 1255), ap\u00f3s a conclus\u00e3o do Processo de Canoniza\u00e7\u00e3o de Santa Clara, afirma categoricamente: &#8220;\u00d3 Clara, dotada de tantos modos pelos t\u00edtulos da claridade! Fostes clara antes da tua convers\u00e3o, mais clara na tua convers\u00e3o, preclara por teu comportamento no claustro, e brilhaste clar\u00edssima depois do curso da presente exist\u00eancia&#8221; (v. 3).<\/p>\n<p><strong>S\u00e3o os 4 pontos fundamentos que analisaram a vida de Santa Clara no processo de canoniza\u00e7\u00e3o: <\/strong><\/p>\n<ol>\n<li><strong> Mulher admir\u00e1vel por seu nome na casa paterna <\/strong><\/li>\n<\/ol>\n<p>A primeira coisa que nos v\u00eam \u00e0 mente \u00e9 a fam\u00edlia. Antes de ser monja, ela foi formada no meio de uma fam\u00edlia nobre. Por isso Clara, desde o come\u00e7o, procurou honrar o seu nome. \u00c9 muito bonito quando lemos no processo de canoniza\u00e7\u00e3o de Santa Clara as diferentes testemunhas falando como era Clara na sua vida familiar. Como ela viveu sua vida familiar. \u00a0N\u00e3o vou usar todo o processo, mas escolhi alguns exemplos do processo:<\/p>\n<p><strong>Irm\u00e3 Beatriz (12\u00aa testemunha) &#8211;<\/strong> Foi virgem e permaneceu virgem, vendeu sua heran\u00e7a e parte da heran\u00e7a dela.<br \/>\n<strong>Hugolino (16\u00aa testemunha) cavaleiro &#8211;<\/strong> Na casa do pai era honest\u00edssima no comportamento, graciosa e bondosa para com todos.<br \/>\n<strong>Bona de Guelf\u00facio (17\u00aa testemunha<\/strong>) &#8211; Conheceu Clara na casa da fam\u00edlia. Mandava para os pobres os alimentos que dizia ter comido (ela mesma muitas vezes levou).<br \/>\n<strong>Rain\u00e9rio (18\u00aa testemunha) &#8211;<\/strong> Disse que conheceu a referida Clara quando era crian\u00e7a na casa do pai. Virgem e come\u00e7ou muito cedo a cuidar das obras de santidade, como se tivesse sido santificada no seio de sua m\u00e3e. Sendo ela bonita de rosto, tratava-se de dar-lhe marido. Ent\u00e3o, n\u00e3o era a mulher que escolhia seu parceiro, mas a fam\u00edlia que escolhia o parceiro conforme os interesses.<br \/>\n<strong>Pedra Dami\u00e3o (19\u00aa testemunha<\/strong>) &#8211; Era vizinho e conheceu o pai e as virtudes de Clara e ele tamb\u00e9m testemunha que Clara vendeu toda a sua heran\u00e7a e deu aos pobres.<br \/>\n<strong>Jo\u00e3o de Ventura (20\u00aa testemunha) &#8211;<\/strong> Disse que era empregado familiar da casa: &#8220;A menina era t\u00e3o honesta nos costumes&#8221;. Da fartura de uma casa grande, mandava alimento para os pobres. Usava uma estramenha branca (veste comum para fazer penit\u00eancia) sob os outros vestidos. Clara fez honrar esse nome a partir do lugar onde esse nome foi cultivada esse nome.<\/p>\n<ol start=\"2\">\n<li><strong> Mulher admir\u00e1vel por seu nome na ousadia da convers\u00e3o <\/strong><\/li>\n<\/ol>\n<p>Por ela ser clara na fam\u00edlia, ela tamb\u00e9m foi clara na convers\u00e3o. Mesmo fugindo de noite, foi clara na sua decis\u00e3o, ao fazer o tr\u00edplice despojamento: a) matrim\u00f4nio; b) seguran\u00e7a da casa e dos muros; c) nobreza para abra\u00e7ar a pobreza. Professa, perseguida pelo tio (S\u00e3o Paulo da Bastia), outro mosteiro mais pobre no monte Sub\u00e1sio (Santo \u00c2ngelo em Panzo) e, finalmente, junto \u00e0 Igrejinha de S\u00e3o Dami\u00e3o.<\/p>\n<ol start=\"3\">\n<li><strong> Mulher admir\u00e1vel por seu nome, pois fez do seu nome, Clara, uma Palavra. <\/strong><\/li>\n<\/ol>\n<p>Palavra dada e honrada no prop\u00f3sito de vida que abra\u00e7ou, no seguimento do Filho de Deus se fez para n\u00f3s caminho. Clara de Palavra (<em>tema do 2\u00ba dia<\/em>).<\/p>\n<ol start=\"4\">\n<li><strong> Mulher admir\u00e1vel por seu nome, Clara de Virtude &#8211;<\/strong> Porque continuou a brilhar depois da morte. As Virtudes de Clara foram para al\u00e9m do mosteiro, e n\u00e3o terminam na morte. A vida virtuosa a tornaram santa. Por isso, Clara de Virtude (<em>tema do 3\u00ba dia<\/em>).<\/li>\n<\/ol>\n<p>Que Santa Clara possa nos ajudar a dar sempre claridade, clareza, santidade ao nosso nome, que \u00e9 santo, Am\u00e9m!<\/p>\n<p>Para concluir a nossa medita\u00e7\u00e3o de hoje, mais uma frase extra\u00edda da Bula de Canoniza\u00e7\u00e3o de Santa Clara:<em>\u00a0<\/em><\/p>\n<p style=\"padding-left: 40px;\"><em>&#8220;\u00d3 admir\u00e1vel clareza da vem aventurada Clara&#8230;. Brilhou no s\u00e9culo e resplandeceu na religi\u00e3o. Em casa foi luminosa como um raio, no claustro teve o clar\u00e3o de um rel\u00e2mpago. Brilhou na vida, irradia depois da morte. Foi clara na terra e reluz no c\u00e9u&#8221; (BC 8-10).<\/em><\/p>\n<p><strong>FREI FID\u00caNCIO VANBOEMMEL<\/strong><\/p>\n","protected":false},"excerpt":{"rendered":"<p>Santa Clara de Assis &#8211; Frei Fid\u00eancio Vanboemmel<\/p>\n","protected":false},"author":3,"featured_media":176507,"comment_status":"open","ping_status":"open","sticky":false,"template":"","format":"standard","meta":[],"categories":[65],"tags":[108],"yoast_head":"<!-- This site is optimized with the Yoast SEO plugin v19.2 - https:\/\/yoast.com\/wordpress\/plugins\/seo\/ -->\n<title>\u00cdntegra da homilia de Frei Fid\u00eancio no primeiro dia do Tr\u00edduo de Santa Clara - Carisma - Franciscanos<\/title>\n<meta name=\"robots\" content=\"index, follow, max-snippet:-1, max-image-preview:large, max-video-preview:-1\" \/>\n<link rel=\"canonical\" href=\"https:\/\/franciscanos.org.br\/carisma\/integra-da-homilia-de-frei-fidencio-no-primeiro-dia-do-triduo-de-santa-clara.html\" \/>\n<meta property=\"og:locale\" content=\"pt_BR\" \/>\n<meta property=\"og:type\" content=\"article\" \/>\n<meta property=\"og:title\" content=\"\u00cdntegra da homilia de Frei Fid\u00eancio no primeiro dia do Tr\u00edduo de Santa Clara - Carisma - Franciscanos\" \/>\n<meta property=\"og:description\" content=\"Santa Clara de Assis - Frei Fid\u00eancio Vanboemmel\" \/>\n<meta property=\"og:url\" content=\"https:\/\/franciscanos.org.br\/carisma\/integra-da-homilia-de-frei-fidencio-no-primeiro-dia-do-triduo-de-santa-clara.html\" \/>\n<meta property=\"og:site_name\" content=\"Carisma - Franciscanos\" \/>\n<meta property=\"article:published_time\" content=\"2019-08-08T21:49:21+00:00\" \/>\n<meta property=\"og:image\" content=\"https:\/\/franciscanos.org.br\/carisma\/wp-content\/uploads\/2019\/08\/clara_0808d.jpg\" \/>\n\t<meta property=\"og:image:width\" content=\"273\" \/>\n\t<meta property=\"og:image:height\" content=\"181\" \/>\n\t<meta property=\"og:image:type\" content=\"image\/jpeg\" \/>\n<meta name=\"author\" content=\"moacir\" \/>\n<meta name=\"twitter:card\" content=\"summary_large_image\" \/>\n<meta name=\"twitter:label1\" content=\"Escrito por\" \/>\n\t<meta name=\"twitter:data1\" content=\"moacir\" \/>\n\t<meta name=\"twitter:label2\" content=\"Est. tempo de leitura\" \/>\n\t<meta name=\"twitter:data2\" content=\"8 minutos\" \/>\n<script type=\"application\/ld+json\" class=\"yoast-schema-graph\">{\"@context\":\"https:\/\/schema.org\",\"@graph\":[{\"@type\":\"WebSite\",\"@id\":\"https:\/\/franciscanos.org.br\/carisma\/#website\",\"url\":\"https:\/\/franciscanos.org.br\/carisma\/\",\"name\":\"Carisma - Franciscanos\",\"description\":\"Prov\u00edncia Franciscana da Imaculada Concei\u00e7\u00e3o do Brasil - Ordem dos Frades Menores\",\"potentialAction\":[{\"@type\":\"SearchAction\",\"target\":{\"@type\":\"EntryPoint\",\"urlTemplate\":\"https:\/\/franciscanos.org.br\/carisma\/?s={search_term_string}\"},\"query-input\":\"required name=search_term_string\"}],\"inLanguage\":\"pt-BR\"},{\"@type\":\"ImageObject\",\"inLanguage\":\"pt-BR\",\"@id\":\"https:\/\/franciscanos.org.br\/carisma\/integra-da-homilia-de-frei-fidencio-no-primeiro-dia-do-triduo-de-santa-clara.html#primaryimage\",\"url\":\"https:\/\/franciscanos.org.br\/carisma\/wp-content\/uploads\/2019\/08\/clara_0808d.jpg\",\"contentUrl\":\"https:\/\/franciscanos.org.br\/carisma\/wp-content\/uploads\/2019\/08\/clara_0808d.jpg\",\"width\":273,\"height\":181},{\"@type\":\"WebPage\",\"@id\":\"https:\/\/franciscanos.org.br\/carisma\/integra-da-homilia-de-frei-fidencio-no-primeiro-dia-do-triduo-de-santa-clara.html#webpage\",\"url\":\"https:\/\/franciscanos.org.br\/carisma\/integra-da-homilia-de-frei-fidencio-no-primeiro-dia-do-triduo-de-santa-clara.html\",\"name\":\"\u00cdntegra da homilia de Frei Fid\u00eancio no primeiro dia do Tr\u00edduo de Santa Clara - Carisma - Franciscanos\",\"isPartOf\":{\"@id\":\"https:\/\/franciscanos.org.br\/carisma\/#website\"},\"primaryImageOfPage\":{\"@id\":\"https:\/\/franciscanos.org.br\/carisma\/integra-da-homilia-de-frei-fidencio-no-primeiro-dia-do-triduo-de-santa-clara.html#primaryimage\"},\"datePublished\":\"2019-08-08T21:49:21+00:00\",\"dateModified\":\"2019-08-08T21:49:21+00:00\",\"author\":{\"@id\":\"https:\/\/franciscanos.org.br\/carisma\/#\/schema\/person\/bf14cae4d2151ab6b6e41d96660f93a2\"},\"breadcrumb\":{\"@id\":\"https:\/\/franciscanos.org.br\/carisma\/integra-da-homilia-de-frei-fidencio-no-primeiro-dia-do-triduo-de-santa-clara.html#breadcrumb\"},\"inLanguage\":\"pt-BR\",\"potentialAction\":[{\"@type\":\"ReadAction\",\"target\":[\"https:\/\/franciscanos.org.br\/carisma\/integra-da-homilia-de-frei-fidencio-no-primeiro-dia-do-triduo-de-santa-clara.html\"]}]},{\"@type\":\"BreadcrumbList\",\"@id\":\"https:\/\/franciscanos.org.br\/carisma\/integra-da-homilia-de-frei-fidencio-no-primeiro-dia-do-triduo-de-santa-clara.html#breadcrumb\",\"itemListElement\":[{\"@type\":\"ListItem\",\"position\":1,\"name\":\"Home\",\"item\":\"https:\/\/franciscanos.org.br\/carisma\"},{\"@type\":\"ListItem\",\"position\":2,\"name\":\"\u00cdntegra da homilia de Frei Fid\u00eancio no primeiro dia do Tr\u00edduo de Santa Clara\"}]},{\"@type\":\"Person\",\"@id\":\"https:\/\/franciscanos.org.br\/carisma\/#\/schema\/person\/bf14cae4d2151ab6b6e41d96660f93a2\",\"name\":\"moacir\",\"image\":{\"@type\":\"ImageObject\",\"inLanguage\":\"pt-BR\",\"@id\":\"https:\/\/franciscanos.org.br\/carisma\/#\/schema\/person\/image\/\",\"url\":\"https:\/\/secure.gravatar.com\/avatar\/d08aa2ce4c8dd416d4479aa8536fcf64?s=96&d=mm&r=g\",\"contentUrl\":\"https:\/\/secure.gravatar.com\/avatar\/d08aa2ce4c8dd416d4479aa8536fcf64?s=96&d=mm&r=g\",\"caption\":\"moacir\"},\"url\":\"https:\/\/franciscanos.org.br\/carisma\/author\/moacir\"}]}<\/script>\n<!-- \/ Yoast SEO plugin. -->","yoast_head_json":{"title":"\u00cdntegra da homilia de Frei Fid\u00eancio no primeiro dia do Tr\u00edduo de Santa Clara - Carisma - Franciscanos","robots":{"index":"index","follow":"follow","max-snippet":"max-snippet:-1","max-image-preview":"max-image-preview:large","max-video-preview":"max-video-preview:-1"},"canonical":"https:\/\/franciscanos.org.br\/carisma\/integra-da-homilia-de-frei-fidencio-no-primeiro-dia-do-triduo-de-santa-clara.html","og_locale":"pt_BR","og_type":"article","og_title":"\u00cdntegra da homilia de Frei Fid\u00eancio no primeiro dia do Tr\u00edduo de Santa Clara - Carisma - Franciscanos","og_description":"Santa Clara de Assis - Frei Fid\u00eancio Vanboemmel","og_url":"https:\/\/franciscanos.org.br\/carisma\/integra-da-homilia-de-frei-fidencio-no-primeiro-dia-do-triduo-de-santa-clara.html","og_site_name":"Carisma - Franciscanos","article_published_time":"2019-08-08T21:49:21+00:00","og_image":[{"width":273,"height":181,"url":"https:\/\/franciscanos.org.br\/carisma\/wp-content\/uploads\/2019\/08\/clara_0808d.jpg","type":"image\/jpeg"}],"author":"moacir","twitter_card":"summary_large_image","twitter_misc":{"Escrito por":"moacir","Est. tempo de leitura":"8 minutos"},"schema":{"@context":"https:\/\/schema.org","@graph":[{"@type":"WebSite","@id":"https:\/\/franciscanos.org.br\/carisma\/#website","url":"https:\/\/franciscanos.org.br\/carisma\/","name":"Carisma - Franciscanos","description":"Prov\u00edncia Franciscana da Imaculada Concei\u00e7\u00e3o do Brasil - Ordem dos Frades Menores","potentialAction":[{"@type":"SearchAction","target":{"@type":"EntryPoint","urlTemplate":"https:\/\/franciscanos.org.br\/carisma\/?s={search_term_string}"},"query-input":"required name=search_term_string"}],"inLanguage":"pt-BR"},{"@type":"ImageObject","inLanguage":"pt-BR","@id":"https:\/\/franciscanos.org.br\/carisma\/integra-da-homilia-de-frei-fidencio-no-primeiro-dia-do-triduo-de-santa-clara.html#primaryimage","url":"https:\/\/franciscanos.org.br\/carisma\/wp-content\/uploads\/2019\/08\/clara_0808d.jpg","contentUrl":"https:\/\/franciscanos.org.br\/carisma\/wp-content\/uploads\/2019\/08\/clara_0808d.jpg","width":273,"height":181},{"@type":"WebPage","@id":"https:\/\/franciscanos.org.br\/carisma\/integra-da-homilia-de-frei-fidencio-no-primeiro-dia-do-triduo-de-santa-clara.html#webpage","url":"https:\/\/franciscanos.org.br\/carisma\/integra-da-homilia-de-frei-fidencio-no-primeiro-dia-do-triduo-de-santa-clara.html","name":"\u00cdntegra da homilia de Frei Fid\u00eancio no primeiro dia do Tr\u00edduo de Santa Clara - Carisma - Franciscanos","isPartOf":{"@id":"https:\/\/franciscanos.org.br\/carisma\/#website"},"primaryImageOfPage":{"@id":"https:\/\/franciscanos.org.br\/carisma\/integra-da-homilia-de-frei-fidencio-no-primeiro-dia-do-triduo-de-santa-clara.html#primaryimage"},"datePublished":"2019-08-08T21:49:21+00:00","dateModified":"2019-08-08T21:49:21+00:00","author":{"@id":"https:\/\/franciscanos.org.br\/carisma\/#\/schema\/person\/bf14cae4d2151ab6b6e41d96660f93a2"},"breadcrumb":{"@id":"https:\/\/franciscanos.org.br\/carisma\/integra-da-homilia-de-frei-fidencio-no-primeiro-dia-do-triduo-de-santa-clara.html#breadcrumb"},"inLanguage":"pt-BR","potentialAction":[{"@type":"ReadAction","target":["https:\/\/franciscanos.org.br\/carisma\/integra-da-homilia-de-frei-fidencio-no-primeiro-dia-do-triduo-de-santa-clara.html"]}]},{"@type":"BreadcrumbList","@id":"https:\/\/franciscanos.org.br\/carisma\/integra-da-homilia-de-frei-fidencio-no-primeiro-dia-do-triduo-de-santa-clara.html#breadcrumb","itemListElement":[{"@type":"ListItem","position":1,"name":"Home","item":"https:\/\/franciscanos.org.br\/carisma"},{"@type":"ListItem","position":2,"name":"\u00cdntegra da homilia de Frei Fid\u00eancio no primeiro dia do Tr\u00edduo de Santa Clara"}]},{"@type":"Person","@id":"https:\/\/franciscanos.org.br\/carisma\/#\/schema\/person\/bf14cae4d2151ab6b6e41d96660f93a2","name":"moacir","image":{"@type":"ImageObject","inLanguage":"pt-BR","@id":"https:\/\/franciscanos.org.br\/carisma\/#\/schema\/person\/image\/","url":"https:\/\/secure.gravatar.com\/avatar\/d08aa2ce4c8dd416d4479aa8536fcf64?s=96&d=mm&r=g","contentUrl":"https:\/\/secure.gravatar.com\/avatar\/d08aa2ce4c8dd416d4479aa8536fcf64?s=96&d=mm&r=g","caption":"moacir"},"url":"https:\/\/franciscanos.org.br\/carisma\/author\/moacir"}]}},"_links":{"self":[{"href":"https:\/\/franciscanos.org.br\/carisma\/wp-json\/wp\/v2\/posts\/176505"}],"collection":[{"href":"https:\/\/franciscanos.org.br\/carisma\/wp-json\/wp\/v2\/posts"}],"about":[{"href":"https:\/\/franciscanos.org.br\/carisma\/wp-json\/wp\/v2\/types\/post"}],"author":[{"embeddable":true,"href":"https:\/\/franciscanos.org.br\/carisma\/wp-json\/wp\/v2\/users\/3"}],"replies":[{"embeddable":true,"href":"https:\/\/franciscanos.org.br\/carisma\/wp-json\/wp\/v2\/comments?post=176505"}],"version-history":[{"count":1,"href":"https:\/\/franciscanos.org.br\/carisma\/wp-json\/wp\/v2\/posts\/176505\/revisions"}],"predecessor-version":[{"id":176508,"href":"https:\/\/franciscanos.org.br\/carisma\/wp-json\/wp\/v2\/posts\/176505\/revisions\/176508"}],"wp:featuredmedia":[{"embeddable":true,"href":"https:\/\/franciscanos.org.br\/carisma\/wp-json\/wp\/v2\/media\/176507"}],"wp:attachment":[{"href":"https:\/\/franciscanos.org.br\/carisma\/wp-json\/wp\/v2\/media?parent=176505"}],"wp:term":[{"taxonomy":"category","embeddable":true,"href":"https:\/\/franciscanos.org.br\/carisma\/wp-json\/wp\/v2\/categories?post=176505"},{"taxonomy":"post_tag","embeddable":true,"href":"https:\/\/franciscanos.org.br\/carisma\/wp-json\/wp\/v2\/tags?post=176505"}],"curies":[{"name":"wp","href":"https:\/\/api.w.org\/{rel}","templated":true}]}}