{"id":176488,"date":"2013-08-08T16:13:50","date_gmt":"2013-08-08T19:13:50","guid":{"rendered":"https:\/\/franciscanos.org.br\/carisma\/?p=176488"},"modified":"2019-08-06T16:53:37","modified_gmt":"2019-08-06T19:53:37","slug":"clara-fez-no-terreno-da-igreja-o-jardim-da-humildade","status":"publish","type":"post","link":"https:\/\/franciscanos.org.br\/carisma\/clara-fez-no-terreno-da-igreja-o-jardim-da-humildade.html","title":{"rendered":"Clara fez no terreno da Igreja o jardim da humildade"},"content":{"rendered":"<blockquote>\n<h4><img loading=\"lazy\" class=\"alignright wp-image-43269 size-full\" src=\"http:\/\/antigo.franciscanos.org.br\/wp-content\/uploads\/2013\/08\/clara_mensagem.jpg\" alt=\"clara_mensagem\" width=\"400\" height=\"1085\" data-wp-imgselect=\"1\" \/><\/h4>\n<h4>\u201cCultivou no campo da f\u00e9 a vinha da pobreza\u201d.\u00a0(Bula de Canoniza\u00e7\u00e3o 9)<\/h4>\n<\/blockquote>\n<p>Paz e bem!<\/p>\n<p>O Papa Alexandre IV, por ocasi\u00e3o da publica\u00e7\u00e3o da Bula de Canoniza\u00e7\u00e3o de Santa Clara, escreve que ela, al\u00e9m de brilhar claramente e irradiar do alto a grandeza do pr\u00eamio eterno (\u201creluz no c\u00e9u\u201d), \u00e9 uma mulher virtuosa que transmite vida e luz entre os mortais (\u201cfoi clara na terra\u201d). E a mesma Bula usa tr\u00eas s\u00edmbolos para ilustrar a grandeza da vida de Clara no cora\u00e7\u00e3o da Igreja e do mundo:<\/p>\n<p>\u201cClara foi a \u00c1RVORE destacada e eminente, de ampla ramagem, que deu o doce fruto da religi\u00e3o no campo da Igreja, e em cuja sombra agrad\u00e1vel e gostosa acorreram e acorrem de toda a parte muitas disc\u00edpulas de f\u00e9 para saborear um fruto t\u00e3o especial\u201d.<\/p>\n<p>\u201cClara foi o VEIO L\u00cdMPIDO do vale de Espoleto, que proporcionou uma nova fonte de \u00e1gua de vida para refazer e ajudar as almas. E se espalhou em ribeiros diversos no territ\u00f3rio da Igreja, regando o plantio da religi\u00e3o\u201d.<\/p>\n<p>\u201cClara foi um elevado CANDELABRO da santidade, brilhando com for\u00e7a no tabern\u00e1culo do Senhor, e para seu enorme esplendor correram e correm tantas, querendo em sua luz acender suas l\u00e2mpadas\u201d.<\/p>\n<p>Se Clara de Assis, na linguagem da Bula de Canoniza\u00e7\u00e3o, foi a \u2018\u00e1rvore\u2019 fecunda que produziu sombra e frutos, foi \u2018\u00e1gua l\u00edmpida\u2019 que saciou a sede e foi o \u2018candelabro\u2019 que irradiou luz, estas tr\u00eas imagens simb\u00f3licas retratam perfeitamente as virtudes que emanaram de Clara de Assis e que as suas coirm\u00e3s relatam com muita rever\u00eancia ao longo do chamado \u2018Processo de Canoniza\u00e7\u00e3o\u2019. Para as companheiras de voca\u00e7\u00e3o e miss\u00e3o contemplativa no Mosteiro de S\u00e3o Dami\u00e3o, Clara de Assis foi m\u00e3e, alento, abrigo, consolo, pobre, humilde, misericordiosa, paciente, honesta, benigna, compassiva, casta, transfigurada, contemplativa, iluminada, ang\u00e9lica, orante, austera, penitente, estudiosa, sens\u00edvel, acolhedora e, acima de tudo, pobre.<\/p>\n<p>Depois de apresentar Clara de Assis nas tr\u00eas imagens simb\u00f3licas, a Bula de Canoniza\u00e7\u00e3o conclui este par\u00e1grafo, afirmando: \u201c\u00c9 certo que ela plantou e cultivou no campo da f\u00e9 a vinha da pobreza, da qual se colhem frutos de salva\u00e7\u00e3o, abundantes e ricos. Ela fez no terreno da Igreja o jardim da humildade, formada pela falta de muitas coisas, em que se colhe uma grande variedade de virtudes. Ela edificou nas terras da religi\u00e3o a fortaleza da abstin\u00eancia estrita, em que se serve a refei\u00e7\u00e3o abundante dos pratos espirituais\u201d.<\/p>\n<p>Este empenho pessoal de Clara em plantar, cultivar e edificar moveu-se, sem d\u00favida alguma, pela forma corajosa com que trocou os valores do s\u00e9culo quando encontrou no \u2018campo da f\u00e9 a vinha da pobreza\u2019, valor supremo e privil\u00e9gio de que ela jamais abriu m\u00e3o.<\/p>\n<p>Foi assim que as \u2018disc\u00edpulas de f\u00e9\u2019, animadas pelo testemunho da m\u00e3e-Clara, \u2018preclara nos seus claros m\u00e9ritos\u2019, no cultivo di\u00e1rio do exerc\u00edcio penitencial de se colocarem diariamente diante do Espelho, enfeitando-se todas com as flores e roupas das virtudes todas, e contemplando particularmente o esplendor da santa pobreza, da santa humildade e da inef\u00e1vel caridade, \u2018plantaram e cultivaram no campo da f\u00e9 a vinha da pobreza\u2019.<\/p>\n<p>Neste Ano da F\u00e9, n\u00f3s todos, Franciscanos e Franciscanas, somos convidados e provocados a revigorar a condi\u00e7\u00e3o primeira que Francisco e Clara de Assis nos propuseram, antes de abra\u00e7armos esta Forma de Vida: \u201csejam examinados na f\u00e9 cat\u00f3lica\u201d. E assim, na proclama\u00e7\u00e3o di\u00e1ria da nossa f\u00e9, e \u201cfirmes na f\u00e9 cat\u00f3lica, observemos sempre a santa pobreza e a humildade de nosso Senhor Jesus Cristo e de sua M\u00e3e Sant\u00edssima\u201d. A f\u00e9 no \u201cFilho de Deus que fez-se para n\u00f3s o Caminho\u201d (Test. 5) nos conduz \u00e0 ess\u00eancia de toda contempla\u00e7\u00e3o: a busca do \u201cReino de Deus e a sua justi\u00e7a\u201d (Reg. Eremit\u00e9rios). Nesse sentido, gostaria de fazer minhas as palavras do Papa Francisco, pronunciadas no in\u00edcio da homilia, no dia 27 de julho, na Catedral do Rio de Janeiro:<\/p>\n<p>\u201cCreio que \u00e9 importante reavivar em n\u00f3s esta realidade que, frequentemente, damos por descontada em meio a tantas atividades do dia a dia: \u201cN\u00e3o fostes v\u00f3s que me escolhestes, mas eu que vos escolhi\u201d, diz-nos Jesus. Significa retornar \u00e0 fonte da nossa chamada. No in\u00edcio de nosso caminho vocacional, h\u00e1 uma elei\u00e7\u00e3o divina. Temos que nos lembrar sempre deste primeiro chamado. Fomos chamados por Deus, e chamados para permanecer com Jesus, unidos a Ele de um modo t\u00e3o profundo que nos permite dizer com S\u00e3o Paulo: \u201cEu vivo, mas n\u00e3o eu, \u00e9 Cristo que vive em mim\u201d. Este viver em Cristo configura realmente tudo aquilo que somos e fazemos. E esta vida em Cristo \u00e9 justamente o que garante a nossa efic\u00e1cia apost\u00f3lica, a fecundidade do nosso servi\u00e7o: \u201cEu vos designei para irdes e para que produzais\u00a0fruto e o vosso fruto permane\u00e7a\u201d. N\u00e3o \u00e9 a criatividade pastoral, n\u00e3o s\u00e3o as reuni\u00f5es ou planejamentos que garantem os frutos, isso ajuda e muito, mas temos que ser fi\u00e9is a Jesus, que nos diz com insist\u00eancia: \u201cPermanecei em mim, e eu permanecerei em v\u00f3s\u201d. E n\u00f3s sabemos bem o que isso significa: Contempl\u00e1-lo, ador\u00e1-lo e abra\u00e7\u00e1-lo, particularmente atrav\u00e9s da nossa fidelidade \u00e0 vida de ora\u00e7\u00e3o, do nosso encontro di\u00e1rio com Ele presente na Eucaristia e no abra\u00e7o \u00e0s pessoas mais necessitadas. O \u201cpermanecer\u201d com Cristo n\u00e3o \u00e9 se isolar, mas \u00e9 um permanecer para ir ao encontro dos demais. Vem-me \u00e0 cabe\u00e7a umas palavras da Bem-aventurada Madre Teresa de Calcut\u00e1: Devemos estar muito orgulhosos da nossa voca\u00e7\u00e3o, que nos d\u00e1 a oportunidade de servir a Cristo nos pobres\u201d.<\/p>\n<p>A todas v\u00f3s, Irm\u00e3s Clarissas, nossos votos de boas festas nesta solenidade de Santa Clara de Assis e que sobre todas v\u00f3s, por intercess\u00e3o do Ser\u00e1fico Pai S\u00e3o Francisco, des\u00e7a a mais copiosa b\u00ean\u00e7\u00e3o de Deus. E tamb\u00e9m suplico pelas vossas ora\u00e7\u00f5es e a b\u00ean\u00e7\u00e3o de Santa Clara sobre a nossa Prov\u00edncia.<\/p>\n<p>Fraternalmente,<br \/>\n<strong>Frei Fid\u00eancio Vanboemmel, OFM<\/strong><br \/>\n<em>Ministro Provincial<\/em><\/p>\n","protected":false},"excerpt":{"rendered":"<p>Santa Clara de Assis &#8211; Frei Fid\u00eancio Vanboemmel<\/p>\n","protected":false},"author":3,"featured_media":176489,"comment_status":"open","ping_status":"open","sticky":false,"template":"","format":"standard","meta":[],"categories":[65],"tags":[108],"yoast_head":"<!-- This site is optimized with the Yoast SEO plugin v19.2 - https:\/\/yoast.com\/wordpress\/plugins\/seo\/ -->\n<title>Clara fez no terreno da Igreja o jardim da humildade - Carisma - Franciscanos<\/title>\n<meta name=\"robots\" content=\"index, follow, max-snippet:-1, max-image-preview:large, max-video-preview:-1\" \/>\n<link rel=\"canonical\" href=\"https:\/\/franciscanos.org.br\/carisma\/clara-fez-no-terreno-da-igreja-o-jardim-da-humildade.html\" \/>\n<meta property=\"og:locale\" content=\"pt_BR\" \/>\n<meta property=\"og:type\" content=\"article\" \/>\n<meta property=\"og:title\" content=\"Clara fez no terreno da Igreja o jardim da humildade - Carisma - Franciscanos\" \/>\n<meta property=\"og:description\" content=\"Santa Clara de Assis - Frei Fid\u00eancio Vanboemmel\" \/>\n<meta property=\"og:url\" content=\"https:\/\/franciscanos.org.br\/carisma\/clara-fez-no-terreno-da-igreja-o-jardim-da-humildade.html\" \/>\n<meta property=\"og:site_name\" content=\"Carisma - Franciscanos\" \/>\n<meta property=\"article:published_time\" content=\"2013-08-08T19:13:50+00:00\" \/>\n<meta property=\"article:modified_time\" content=\"2019-08-06T19:53:37+00:00\" \/>\n<meta property=\"og:image\" content=\"https:\/\/franciscanos.org.br\/carisma\/wp-content\/uploads\/2019\/08\/clara_mensagem.jpg\" \/>\n\t<meta property=\"og:image:width\" content=\"273\" \/>\n\t<meta property=\"og:image:height\" content=\"181\" \/>\n\t<meta property=\"og:image:type\" content=\"image\/jpeg\" \/>\n<meta name=\"author\" content=\"moacir\" \/>\n<meta name=\"twitter:card\" content=\"summary_large_image\" \/>\n<meta name=\"twitter:label1\" content=\"Escrito por\" \/>\n\t<meta name=\"twitter:data1\" content=\"moacir\" \/>\n\t<meta name=\"twitter:label2\" content=\"Est. tempo de leitura\" \/>\n\t<meta name=\"twitter:data2\" content=\"5 minutos\" \/>\n<script type=\"application\/ld+json\" class=\"yoast-schema-graph\">{\"@context\":\"https:\/\/schema.org\",\"@graph\":[{\"@type\":\"WebSite\",\"@id\":\"https:\/\/franciscanos.org.br\/carisma\/#website\",\"url\":\"https:\/\/franciscanos.org.br\/carisma\/\",\"name\":\"Carisma - Franciscanos\",\"description\":\"Prov\u00edncia Franciscana da Imaculada Concei\u00e7\u00e3o do Brasil - Ordem dos Frades Menores\",\"potentialAction\":[{\"@type\":\"SearchAction\",\"target\":{\"@type\":\"EntryPoint\",\"urlTemplate\":\"https:\/\/franciscanos.org.br\/carisma\/?s={search_term_string}\"},\"query-input\":\"required name=search_term_string\"}],\"inLanguage\":\"pt-BR\"},{\"@type\":\"ImageObject\",\"inLanguage\":\"pt-BR\",\"@id\":\"https:\/\/franciscanos.org.br\/carisma\/clara-fez-no-terreno-da-igreja-o-jardim-da-humildade.html#primaryimage\",\"url\":\"https:\/\/franciscanos.org.br\/carisma\/wp-content\/uploads\/2019\/08\/clara_mensagem.jpg\",\"contentUrl\":\"https:\/\/franciscanos.org.br\/carisma\/wp-content\/uploads\/2019\/08\/clara_mensagem.jpg\",\"width\":273,\"height\":181},{\"@type\":\"WebPage\",\"@id\":\"https:\/\/franciscanos.org.br\/carisma\/clara-fez-no-terreno-da-igreja-o-jardim-da-humildade.html#webpage\",\"url\":\"https:\/\/franciscanos.org.br\/carisma\/clara-fez-no-terreno-da-igreja-o-jardim-da-humildade.html\",\"name\":\"Clara fez no terreno da Igreja o jardim da humildade - Carisma - Franciscanos\",\"isPartOf\":{\"@id\":\"https:\/\/franciscanos.org.br\/carisma\/#website\"},\"primaryImageOfPage\":{\"@id\":\"https:\/\/franciscanos.org.br\/carisma\/clara-fez-no-terreno-da-igreja-o-jardim-da-humildade.html#primaryimage\"},\"datePublished\":\"2013-08-08T19:13:50+00:00\",\"dateModified\":\"2019-08-06T19:53:37+00:00\",\"author\":{\"@id\":\"https:\/\/franciscanos.org.br\/carisma\/#\/schema\/person\/bf14cae4d2151ab6b6e41d96660f93a2\"},\"breadcrumb\":{\"@id\":\"https:\/\/franciscanos.org.br\/carisma\/clara-fez-no-terreno-da-igreja-o-jardim-da-humildade.html#breadcrumb\"},\"inLanguage\":\"pt-BR\",\"potentialAction\":[{\"@type\":\"ReadAction\",\"target\":[\"https:\/\/franciscanos.org.br\/carisma\/clara-fez-no-terreno-da-igreja-o-jardim-da-humildade.html\"]}]},{\"@type\":\"BreadcrumbList\",\"@id\":\"https:\/\/franciscanos.org.br\/carisma\/clara-fez-no-terreno-da-igreja-o-jardim-da-humildade.html#breadcrumb\",\"itemListElement\":[{\"@type\":\"ListItem\",\"position\":1,\"name\":\"Home\",\"item\":\"https:\/\/franciscanos.org.br\/carisma\"},{\"@type\":\"ListItem\",\"position\":2,\"name\":\"Clara fez no terreno da Igreja o jardim da humildade\"}]},{\"@type\":\"Person\",\"@id\":\"https:\/\/franciscanos.org.br\/carisma\/#\/schema\/person\/bf14cae4d2151ab6b6e41d96660f93a2\",\"name\":\"moacir\",\"image\":{\"@type\":\"ImageObject\",\"inLanguage\":\"pt-BR\",\"@id\":\"https:\/\/franciscanos.org.br\/carisma\/#\/schema\/person\/image\/\",\"url\":\"https:\/\/secure.gravatar.com\/avatar\/d08aa2ce4c8dd416d4479aa8536fcf64?s=96&d=mm&r=g\",\"contentUrl\":\"https:\/\/secure.gravatar.com\/avatar\/d08aa2ce4c8dd416d4479aa8536fcf64?s=96&d=mm&r=g\",\"caption\":\"moacir\"},\"url\":\"https:\/\/franciscanos.org.br\/carisma\/author\/moacir\"}]}<\/script>\n<!-- \/ Yoast SEO plugin. -->","yoast_head_json":{"title":"Clara fez no terreno da Igreja o jardim da humildade - Carisma - Franciscanos","robots":{"index":"index","follow":"follow","max-snippet":"max-snippet:-1","max-image-preview":"max-image-preview:large","max-video-preview":"max-video-preview:-1"},"canonical":"https:\/\/franciscanos.org.br\/carisma\/clara-fez-no-terreno-da-igreja-o-jardim-da-humildade.html","og_locale":"pt_BR","og_type":"article","og_title":"Clara fez no terreno da Igreja o jardim da humildade - Carisma - Franciscanos","og_description":"Santa Clara de Assis - Frei Fid\u00eancio Vanboemmel","og_url":"https:\/\/franciscanos.org.br\/carisma\/clara-fez-no-terreno-da-igreja-o-jardim-da-humildade.html","og_site_name":"Carisma - Franciscanos","article_published_time":"2013-08-08T19:13:50+00:00","article_modified_time":"2019-08-06T19:53:37+00:00","og_image":[{"width":273,"height":181,"url":"https:\/\/franciscanos.org.br\/carisma\/wp-content\/uploads\/2019\/08\/clara_mensagem.jpg","type":"image\/jpeg"}],"author":"moacir","twitter_card":"summary_large_image","twitter_misc":{"Escrito por":"moacir","Est. tempo de leitura":"5 minutos"},"schema":{"@context":"https:\/\/schema.org","@graph":[{"@type":"WebSite","@id":"https:\/\/franciscanos.org.br\/carisma\/#website","url":"https:\/\/franciscanos.org.br\/carisma\/","name":"Carisma - Franciscanos","description":"Prov\u00edncia Franciscana da Imaculada Concei\u00e7\u00e3o do Brasil - Ordem dos Frades Menores","potentialAction":[{"@type":"SearchAction","target":{"@type":"EntryPoint","urlTemplate":"https:\/\/franciscanos.org.br\/carisma\/?s={search_term_string}"},"query-input":"required name=search_term_string"}],"inLanguage":"pt-BR"},{"@type":"ImageObject","inLanguage":"pt-BR","@id":"https:\/\/franciscanos.org.br\/carisma\/clara-fez-no-terreno-da-igreja-o-jardim-da-humildade.html#primaryimage","url":"https:\/\/franciscanos.org.br\/carisma\/wp-content\/uploads\/2019\/08\/clara_mensagem.jpg","contentUrl":"https:\/\/franciscanos.org.br\/carisma\/wp-content\/uploads\/2019\/08\/clara_mensagem.jpg","width":273,"height":181},{"@type":"WebPage","@id":"https:\/\/franciscanos.org.br\/carisma\/clara-fez-no-terreno-da-igreja-o-jardim-da-humildade.html#webpage","url":"https:\/\/franciscanos.org.br\/carisma\/clara-fez-no-terreno-da-igreja-o-jardim-da-humildade.html","name":"Clara fez no terreno da Igreja o jardim da humildade - Carisma - Franciscanos","isPartOf":{"@id":"https:\/\/franciscanos.org.br\/carisma\/#website"},"primaryImageOfPage":{"@id":"https:\/\/franciscanos.org.br\/carisma\/clara-fez-no-terreno-da-igreja-o-jardim-da-humildade.html#primaryimage"},"datePublished":"2013-08-08T19:13:50+00:00","dateModified":"2019-08-06T19:53:37+00:00","author":{"@id":"https:\/\/franciscanos.org.br\/carisma\/#\/schema\/person\/bf14cae4d2151ab6b6e41d96660f93a2"},"breadcrumb":{"@id":"https:\/\/franciscanos.org.br\/carisma\/clara-fez-no-terreno-da-igreja-o-jardim-da-humildade.html#breadcrumb"},"inLanguage":"pt-BR","potentialAction":[{"@type":"ReadAction","target":["https:\/\/franciscanos.org.br\/carisma\/clara-fez-no-terreno-da-igreja-o-jardim-da-humildade.html"]}]},{"@type":"BreadcrumbList","@id":"https:\/\/franciscanos.org.br\/carisma\/clara-fez-no-terreno-da-igreja-o-jardim-da-humildade.html#breadcrumb","itemListElement":[{"@type":"ListItem","position":1,"name":"Home","item":"https:\/\/franciscanos.org.br\/carisma"},{"@type":"ListItem","position":2,"name":"Clara fez no terreno da Igreja o jardim da humildade"}]},{"@type":"Person","@id":"https:\/\/franciscanos.org.br\/carisma\/#\/schema\/person\/bf14cae4d2151ab6b6e41d96660f93a2","name":"moacir","image":{"@type":"ImageObject","inLanguage":"pt-BR","@id":"https:\/\/franciscanos.org.br\/carisma\/#\/schema\/person\/image\/","url":"https:\/\/secure.gravatar.com\/avatar\/d08aa2ce4c8dd416d4479aa8536fcf64?s=96&d=mm&r=g","contentUrl":"https:\/\/secure.gravatar.com\/avatar\/d08aa2ce4c8dd416d4479aa8536fcf64?s=96&d=mm&r=g","caption":"moacir"},"url":"https:\/\/franciscanos.org.br\/carisma\/author\/moacir"}]}},"_links":{"self":[{"href":"https:\/\/franciscanos.org.br\/carisma\/wp-json\/wp\/v2\/posts\/176488"}],"collection":[{"href":"https:\/\/franciscanos.org.br\/carisma\/wp-json\/wp\/v2\/posts"}],"about":[{"href":"https:\/\/franciscanos.org.br\/carisma\/wp-json\/wp\/v2\/types\/post"}],"author":[{"embeddable":true,"href":"https:\/\/franciscanos.org.br\/carisma\/wp-json\/wp\/v2\/users\/3"}],"replies":[{"embeddable":true,"href":"https:\/\/franciscanos.org.br\/carisma\/wp-json\/wp\/v2\/comments?post=176488"}],"version-history":[{"count":2,"href":"https:\/\/franciscanos.org.br\/carisma\/wp-json\/wp\/v2\/posts\/176488\/revisions"}],"predecessor-version":[{"id":176491,"href":"https:\/\/franciscanos.org.br\/carisma\/wp-json\/wp\/v2\/posts\/176488\/revisions\/176491"}],"wp:featuredmedia":[{"embeddable":true,"href":"https:\/\/franciscanos.org.br\/carisma\/wp-json\/wp\/v2\/media\/176489"}],"wp:attachment":[{"href":"https:\/\/franciscanos.org.br\/carisma\/wp-json\/wp\/v2\/media?parent=176488"}],"wp:term":[{"taxonomy":"category","embeddable":true,"href":"https:\/\/franciscanos.org.br\/carisma\/wp-json\/wp\/v2\/categories?post=176488"},{"taxonomy":"post_tag","embeddable":true,"href":"https:\/\/franciscanos.org.br\/carisma\/wp-json\/wp\/v2\/tags?post=176488"}],"curies":[{"name":"wp","href":"https:\/\/api.w.org\/{rel}","templated":true}]}}