{"id":176485,"date":"2018-08-02T16:10:40","date_gmt":"2018-08-02T19:10:40","guid":{"rendered":"https:\/\/franciscanos.org.br\/carisma\/?p=176485"},"modified":"2019-08-06T16:13:19","modified_gmt":"2019-08-06T19:13:19","slug":"clara-santificacao-em-cada-pequeno-gesto-de-amor","status":"publish","type":"post","link":"https:\/\/franciscanos.org.br\/carisma\/clara-santificacao-em-cada-pequeno-gesto-de-amor.html","title":{"rendered":"Clara: santifica\u00e7\u00e3o em cada pequeno gesto de amor"},"content":{"rendered":"<p><img loading=\"lazy\" src=\"http:\/\/franciscanos.org.br\/wp-content\/uploads\/2018\/08\/clara_assis.png\" alt=\"clara_assis\" width=\"830\" height=\"584\" data-wp-imgselect=\"1\" \/><\/p>\n<p><em>Car\u00edssimos irm\u00e3os e irm\u00e3s, que o Senhor vos d\u00ea a Paz e todo o Bem!<\/em><\/p>\n<p>Nesta carta por ocasi\u00e3o da Festa de Santa Clara me dirijo aos confrades e a todas as pessoas que conosco comungam do carisma de S\u00e3o Francisco e Santa Clara de Assis. E muito particularmente a dedico \u00e0s nossas Irm\u00e3s Clarissas que, no dia 11 de agosto, celebram jubilosamente a \u201cadmir\u00e1vel clareza da bem-aventurada Clara\u201d, a mulher \u201cdotada de tantos modos pelos t\u00edtulos da claridade\u201d e aquela que foi \u201cclarificada no alto pela plenitude da luz divina\u201d (BC 3).<\/p>\n<p>O Papa Alexandre IV, ao expedir a Bula de Canoniza\u00e7\u00e3o (BC) de Santa Clara, al\u00e9m dos v\u00e1rios t\u00edtulos que a ela atribui, sublinha que esta Dama Pobre \u00e9 para a Igreja e para o mundo \u201cum claro espelho de exemplo\u201d, representado nestes quatro s\u00edmbolos com ra\u00edzes b\u00edblicas:\u00a0<strong>luz<\/strong>\u00a0que se irradia,\u00a0<strong>planta<\/strong>\u00a0que estende sua ramagem no campo da Igreja,\u00a0<strong>veio<\/strong>\u00a0l\u00edmpido do Vale de Espoleto e\u00a0<strong>candelabro<\/strong>\u00a0de santidade em cuja luz muitos desejam acender suas l\u00e2mpadas (cf. BC 1-9). Assim, a \u201cadmir\u00e1vel clareza da bem-aventurada Clara, que quanto mais diligentemente \u00e9 buscada em pontos particulares, mais esplendidamente \u00e9 encontrada em tudo\u201d (BC 3).<\/p>\n<p>Quando lemos ou estudamos as Fontes Clarianas, nos deparamos com uma mulher que, no seu contexto medieval, encontrou na \u201cgenerosidade do Pai de toda a Miseric\u00f3rdia\u201d um novo caminho vocacional e uma nova proposta de santidade pessoal. Clara, desde a sua tenra idade, alimentou algo novo, diferente daquilo que estava predeterminado \u00e0s mulheres nobres do seu tempo. Ela, sem medo, caminhou na contram\u00e3o das propostas matrimoniais da \u00e9poca e n\u00e3o permitiu ser instrumentalizada pelos interesses e sonhos de riqueza do seu tio Monaldo. Por isso, em seu Testamento, Clara afirma que percorreu esse novo caminho com reconhecimento e gratid\u00e3o, ciente de que se tratava de uma inspira\u00e7\u00e3o divina, testemunhada pela \u201cescola\u201d de Francisco de Assis e seus primeiros Companheiros.<\/p>\n<p>Clara tem consci\u00eancia da import\u00e2ncia de Francisco no seu discernimento vocacional. Ele foi decisivo para que ela pudesse abrir seu cora\u00e7\u00e3o e maturasse no seu \u00edntimo a nova forma de vida segundo o Santo Evangelho. E assim ela, decidida e corajosa, acolheu seu caminho de santidade, cujo princ\u00edpio est\u00e1 no enamoramento do Filho de Deus, o \u201cesposo da mais nobre estirpe\u201d (1CtIn 7), \u00a0at\u00e9 culminar na celebra\u00e7\u00e3o dos esponsais m\u00edsticos. Ela atesta: \u201cO Filho de Deus fez-se para n\u00f3s o Caminho, que o nosso bem-aventurado pai Francisco, que o amou e seguiu de verdade, nos mostrou e ensinou por palavra e exemplo\u201d (Test.5). Caminho este que deve ser percorrido \u201csem desfalecer\u201d e com \u201ctamanho desejo do cora\u00e7\u00e3o e tanto amor\u201d (cf. 4CtIn 29- 32), permitindo que o Esposo a \u201cenvolva com gemas primaveris e coriscantes e d\u00ea uma coroa de ouro marcada com o sinal de santidade\u201d (1CtIn 11).<\/p>\n<p>No Testamento que deixa \u00e0s Damas Pobres do Mosteiro de S\u00e3o Dami\u00e3o, Clara exorta suas co-Irm\u00e3s a observarem tudo o que foi mandado por Deus e por Francisco, ciente da miss\u00e3o contemplativa que elas desempenham na Igreja e no mundo, sendo acima de tudo \u201cmodelo, exemplo e espelho\u201d a todas as pessoas a fim de conquistar \u201co pr\u00eamio da bem-aventuran\u00e7a eterna\u201d (cf. TestC 18-13).<\/p>\n<p>O itiner\u00e1rio de santifica\u00e7\u00e3o no seguimento de Cristo, que qualifica o ser \u201cmodelo, exemplo e espelho para os outros\u201d, se d\u00e1 na contempla\u00e7\u00e3o da face de Jesus: \u201cOlhe dentro desse espelho todos os dias, \u00f3 rainha, esposa de Jesus Cristo, e espelhe nele, sem cessar, o seu rosto, para enfeitar-se toda, interior e exteriormente, vestida e cingida de variedades, ornada tamb\u00e9m com as flores e roupas das virtudes todas, \u00f3 filha e esposa car\u00edssima do sumo Rei\u201d (4CtIn 15-18). Este ritual di\u00e1rio do enamoramento, t\u00edpico da alma feminina, perpassa toda a vida contemplativa enquanto direcionamento ao mist\u00e9rio mais profundo do amor de Deus. Para isso, Clara se serve da ora\u00e7\u00e3o e da contempla\u00e7\u00e3o, da escuta e leitura da Palavra de Deus, da intensa vida sacramental (Eucaristia e Penit\u00eancia), da import\u00e2ncia do sil\u00eancio, da partilha fraterna e do amor rec\u00edproco. A vida de santidade, animada e vivida por Clara de Assis e companheiras, nos recordam as atuais palavras do Papa Francisco expressas na Exorta\u00e7\u00e3o Apost\u00f3lica\u00a0<em>Gaudete et Exsultate<\/em>: \u201cSantidade \u00e9 feita de abertura habitual \u00e0 transcend\u00eancia\u201d (GE 147).<\/p>\n<p>Mas tamb\u00e9m, na mesma Exorta\u00e7\u00e3o Apost\u00f3lica, o Papa afirma que a \u201csantifica\u00e7\u00e3o \u00e9 um caminho comunit\u00e1rio\u201d (n\u00ba 141), com um claro projeto fraterno capaz de transformar a comunidade num \u201cespa\u00e7o teologal onde se pode experimentar a presen\u00e7a m\u00edstica do Senhor ressuscitado\u201d (n\u00ba 142). Uma vida comunit\u00e1ria atenta aos valores \u201cde tantos pequenos detalhes di\u00e1rios\u201d (n\u00ba 143), da forma \u201ccomo Jesus ensinava os disc\u00edpulos a prestarem aten\u00e7\u00e3o aos detalhes\u201d (n\u00ba144). Dar aten\u00e7\u00e3o aos pequenos detalhes do cotidiano n\u00e3o significa dispers\u00e3o na busca do essencial, antes, detalhes s\u00e3o sacramentais que ajudam a \u201cn\u00e3o perder de vista o ponto de partida\u201d e fortalecem os crist\u00e3os a percorrer \u201ccom cuidado pelo caminho da bem-aventuran\u00e7a\u201d (cf. 2CtIn 11-4).<\/p>\n<p>Clara de Assis, particularmente diante da \u201cglobaliza\u00e7\u00e3o da indiferen\u00e7a\u201d do nosso tempo, provoca a humanidade a uma revis\u00e3o de vida para criar uma nova sensibilidade a partir do cora\u00e7\u00e3o. Com ternura e firmeza ela se volta para cada pessoa e diz: Preste aten\u00e7\u00e3o&#8230; Olhe dentro&#8230; N\u00e3o perca de vista&#8230; Veja como por voc\u00ea&#8230; Olhe para o c\u00e9u&#8230; Ame com todo o cora\u00e7\u00e3o&#8230; Ore e vigie&#8230; Contemple apaixonadamente&#8230; Espelhe nele o seu rosto&#8230; Fale a l\u00edngua do esp\u00edrito, etc. A sensibilidade dessa nobre mulher se faz atenta aos pequenos detalhes da vida comunit\u00e1ria. Ela sabe que o itiner\u00e1rio de santifica\u00e7\u00e3o da comunidade se d\u00e1 no cultivo do valor de cada pequeno gesto de amor. Com toda raz\u00e3o, a Bula de Canoniza\u00e7\u00e3o de Santa Clara valoriza a santidade a partir dos detalhes do cotidiano na clausura de S\u00e3o Dami\u00e3o. Por isso, o claro exemplo daquela que se espelhou nas virtudes da Pobreza, Humildade e Caridade de Cristo, fez com que o brilho do espelho se irradiasse para al\u00e9m da clausura. Assim, Clara \u00e9 luz que brilha, \u00e9 planta que estende seus ramos, \u00e9 fonte que corre e \u00e9 candelabro que ilumina e acende outras l\u00e2mpadas.<\/p>\n<p>A grandeza dos \u201cpequenos detalhes\u201d na vida de Santa Clara, t\u00e3o fundamentais no caminho da santidade, recebem destaque no testemunho das Irm\u00e3s convocadas a depor no seu Processo de Canoniza\u00e7\u00e3o. As irm\u00e3s e outras pessoas que a conheceram, valorizaram o significado desses \u201cpequenos detalhes\u201d. A partir de uma r\u00e1pida leitura do Processo de Canoniza\u00e7\u00e3o, fa\u00e7o quest\u00e3o de destacar algumas poucas e significativas express\u00f5es do cotidiano do \u201cespa\u00e7o teologal\u201d de S\u00e3o Dami\u00e3o:<\/p>\n<blockquote><p>Amava muito os pobres; foi t\u00e3o amante da pobreza;<br \/>\nPassava tantas noites em ora\u00e7\u00e3o; fazia abstin\u00eancias; s\u00f3bria no alimentar-se;<br \/>\nExortava e confortava as irm\u00e3s; tinha compaix\u00e3o pelas aflitas;<br \/>\nGostava muito de ouvir a Palavra de Deus; a Palavra de Deus estava sempre em sua boca;<br \/>\nAo sair da ora\u00e7\u00e3o as Irm\u00e3s se alegravam; suas palavras exalavam uma do\u00e7ura inenarr\u00e1vel; fez o sinal da cruz sobre as irm\u00e3s;<br \/>\nQuando pedia algo, fazia-o com muito respeito e humildade;<br \/>\nTrabalhava e confeccionava com as pr\u00f3prias m\u00e3os; acendia as l\u00e2mpadas da igreja;<br \/>\nLavava e beijava os p\u00e9s das Irm\u00e3s; derramava \u00e1gua em suas m\u00e3os;<br \/>\nLavava com suas m\u00e3os as cadeiras sanit\u00e1rias das Irm\u00e3s enfermas;<br \/>\nEra muito misericordiosa para com as Irm\u00e3s; amava as Irm\u00e3s como a si mesma;<br \/>\nEra humilde, benigna e am\u00e1vel para com as Irm\u00e3s; tinha compaix\u00e3o pelas doentes;<br \/>\nConfessava-se muitas vezes e com devo\u00e7\u00e3o recebia o santo sacramento do Corpo do Senhor;<br \/>\nQuando estava doente, n\u00e3o deixou suas ora\u00e7\u00f5es costumeiras; jamais queria estar ociosa, mesmo na doen\u00e7a;<br \/>\nPartilha e multiplica o p\u00e3o; tra\u00e7a o sinal da cruz sobre o p\u00e3o e os doentes;<br \/>\nEsfor\u00e7ava-se em formar as Irm\u00e3s no amor de Deus; diante de dificuldades todas as Irm\u00e3s recorriam sempre ao aux\u00edlio da ora\u00e7\u00e3o;<\/p><\/blockquote>\n<p>\u201cCada crist\u00e3o, quanto mais se santifica, tanto mais fecundo se torna para o mundo\u201d (GE 33). E a santidade de Clara continua fecunda e nos estimula nos nossos dias. Ela, que \u201ctrazia do fogo do altar do Senhor palavras ardentes que acendiam tamb\u00e9m os cora\u00e7\u00f5es das Irm\u00e3s\u201d (LSC 20), reacenda em nossos cora\u00e7\u00f5es a chama da nossa voca\u00e7\u00e3o \u00e0 santidade, uma vez que \u201ca santidade \u00e9 o rosto mais belo da Igreja\u201d (GE 9).<\/p>\n<p>\u201cO Senhor esteja sempre com voc\u00eas e oxal\u00e1 estejam voc\u00eas sempre com ele. Am\u00e9m\u201d.<\/p>\n<p style=\"padding-left: 30px;\">\u00a0<strong>Frei Fid\u00eancio Vanboemmel, OFM<br \/>\n<\/strong><em>Ministro Provincial<\/em><\/p>\n","protected":false},"excerpt":{"rendered":"<p>Santa Clara de Assis &#8211; Frei Fid\u00eancio Vanboemmel<\/p>\n","protected":false},"author":3,"featured_media":176486,"comment_status":"open","ping_status":"open","sticky":false,"template":"","format":"standard","meta":[],"categories":[65],"tags":[108],"yoast_head":"<!-- This site is optimized with the Yoast SEO plugin v19.2 - https:\/\/yoast.com\/wordpress\/plugins\/seo\/ -->\n<title>Clara: santifica\u00e7\u00e3o em cada pequeno gesto de amor - Carisma - Franciscanos<\/title>\n<meta name=\"robots\" content=\"index, follow, max-snippet:-1, max-image-preview:large, max-video-preview:-1\" \/>\n<link rel=\"canonical\" href=\"https:\/\/franciscanos.org.br\/carisma\/clara-santificacao-em-cada-pequeno-gesto-de-amor.html\" \/>\n<meta property=\"og:locale\" content=\"pt_BR\" \/>\n<meta property=\"og:type\" content=\"article\" \/>\n<meta property=\"og:title\" content=\"Clara: santifica\u00e7\u00e3o em cada pequeno gesto de amor - Carisma - Franciscanos\" \/>\n<meta property=\"og:description\" content=\"Santa Clara de Assis - Frei Fid\u00eancio Vanboemmel\" \/>\n<meta property=\"og:url\" content=\"https:\/\/franciscanos.org.br\/carisma\/clara-santificacao-em-cada-pequeno-gesto-de-amor.html\" \/>\n<meta property=\"og:site_name\" content=\"Carisma - Franciscanos\" \/>\n<meta property=\"article:published_time\" content=\"2018-08-02T19:10:40+00:00\" \/>\n<meta property=\"article:modified_time\" content=\"2019-08-06T19:13:19+00:00\" \/>\n<meta property=\"og:image\" content=\"https:\/\/franciscanos.org.br\/carisma\/wp-content\/uploads\/2019\/08\/clara_assis.png\" \/>\n\t<meta property=\"og:image:width\" content=\"273\" \/>\n\t<meta property=\"og:image:height\" content=\"181\" \/>\n\t<meta property=\"og:image:type\" content=\"image\/png\" \/>\n<meta name=\"author\" content=\"moacir\" \/>\n<meta name=\"twitter:card\" content=\"summary_large_image\" \/>\n<meta name=\"twitter:label1\" content=\"Escrito por\" \/>\n\t<meta name=\"twitter:data1\" content=\"moacir\" \/>\n\t<meta name=\"twitter:label2\" content=\"Est. tempo de leitura\" \/>\n\t<meta name=\"twitter:data2\" content=\"8 minutos\" \/>\n<script type=\"application\/ld+json\" class=\"yoast-schema-graph\">{\"@context\":\"https:\/\/schema.org\",\"@graph\":[{\"@type\":\"WebSite\",\"@id\":\"https:\/\/franciscanos.org.br\/carisma\/#website\",\"url\":\"https:\/\/franciscanos.org.br\/carisma\/\",\"name\":\"Carisma - Franciscanos\",\"description\":\"Prov\u00edncia Franciscana da Imaculada Concei\u00e7\u00e3o do Brasil - Ordem dos Frades Menores\",\"potentialAction\":[{\"@type\":\"SearchAction\",\"target\":{\"@type\":\"EntryPoint\",\"urlTemplate\":\"https:\/\/franciscanos.org.br\/carisma\/?s={search_term_string}\"},\"query-input\":\"required name=search_term_string\"}],\"inLanguage\":\"pt-BR\"},{\"@type\":\"ImageObject\",\"inLanguage\":\"pt-BR\",\"@id\":\"https:\/\/franciscanos.org.br\/carisma\/clara-santificacao-em-cada-pequeno-gesto-de-amor.html#primaryimage\",\"url\":\"https:\/\/franciscanos.org.br\/carisma\/wp-content\/uploads\/2019\/08\/clara_assis.png\",\"contentUrl\":\"https:\/\/franciscanos.org.br\/carisma\/wp-content\/uploads\/2019\/08\/clara_assis.png\",\"width\":273,\"height\":181},{\"@type\":\"WebPage\",\"@id\":\"https:\/\/franciscanos.org.br\/carisma\/clara-santificacao-em-cada-pequeno-gesto-de-amor.html#webpage\",\"url\":\"https:\/\/franciscanos.org.br\/carisma\/clara-santificacao-em-cada-pequeno-gesto-de-amor.html\",\"name\":\"Clara: santifica\u00e7\u00e3o em cada pequeno gesto de amor - Carisma - Franciscanos\",\"isPartOf\":{\"@id\":\"https:\/\/franciscanos.org.br\/carisma\/#website\"},\"primaryImageOfPage\":{\"@id\":\"https:\/\/franciscanos.org.br\/carisma\/clara-santificacao-em-cada-pequeno-gesto-de-amor.html#primaryimage\"},\"datePublished\":\"2018-08-02T19:10:40+00:00\",\"dateModified\":\"2019-08-06T19:13:19+00:00\",\"author\":{\"@id\":\"https:\/\/franciscanos.org.br\/carisma\/#\/schema\/person\/bf14cae4d2151ab6b6e41d96660f93a2\"},\"breadcrumb\":{\"@id\":\"https:\/\/franciscanos.org.br\/carisma\/clara-santificacao-em-cada-pequeno-gesto-de-amor.html#breadcrumb\"},\"inLanguage\":\"pt-BR\",\"potentialAction\":[{\"@type\":\"ReadAction\",\"target\":[\"https:\/\/franciscanos.org.br\/carisma\/clara-santificacao-em-cada-pequeno-gesto-de-amor.html\"]}]},{\"@type\":\"BreadcrumbList\",\"@id\":\"https:\/\/franciscanos.org.br\/carisma\/clara-santificacao-em-cada-pequeno-gesto-de-amor.html#breadcrumb\",\"itemListElement\":[{\"@type\":\"ListItem\",\"position\":1,\"name\":\"Home\",\"item\":\"https:\/\/franciscanos.org.br\/carisma\"},{\"@type\":\"ListItem\",\"position\":2,\"name\":\"Clara: santifica\u00e7\u00e3o em cada pequeno gesto de amor\"}]},{\"@type\":\"Person\",\"@id\":\"https:\/\/franciscanos.org.br\/carisma\/#\/schema\/person\/bf14cae4d2151ab6b6e41d96660f93a2\",\"name\":\"moacir\",\"image\":{\"@type\":\"ImageObject\",\"inLanguage\":\"pt-BR\",\"@id\":\"https:\/\/franciscanos.org.br\/carisma\/#\/schema\/person\/image\/\",\"url\":\"https:\/\/secure.gravatar.com\/avatar\/d08aa2ce4c8dd416d4479aa8536fcf64?s=96&d=mm&r=g\",\"contentUrl\":\"https:\/\/secure.gravatar.com\/avatar\/d08aa2ce4c8dd416d4479aa8536fcf64?s=96&d=mm&r=g\",\"caption\":\"moacir\"},\"url\":\"https:\/\/franciscanos.org.br\/carisma\/author\/moacir\"}]}<\/script>\n<!-- \/ Yoast SEO plugin. -->","yoast_head_json":{"title":"Clara: santifica\u00e7\u00e3o em cada pequeno gesto de amor - Carisma - Franciscanos","robots":{"index":"index","follow":"follow","max-snippet":"max-snippet:-1","max-image-preview":"max-image-preview:large","max-video-preview":"max-video-preview:-1"},"canonical":"https:\/\/franciscanos.org.br\/carisma\/clara-santificacao-em-cada-pequeno-gesto-de-amor.html","og_locale":"pt_BR","og_type":"article","og_title":"Clara: santifica\u00e7\u00e3o em cada pequeno gesto de amor - Carisma - Franciscanos","og_description":"Santa Clara de Assis - Frei Fid\u00eancio Vanboemmel","og_url":"https:\/\/franciscanos.org.br\/carisma\/clara-santificacao-em-cada-pequeno-gesto-de-amor.html","og_site_name":"Carisma - Franciscanos","article_published_time":"2018-08-02T19:10:40+00:00","article_modified_time":"2019-08-06T19:13:19+00:00","og_image":[{"width":273,"height":181,"url":"https:\/\/franciscanos.org.br\/carisma\/wp-content\/uploads\/2019\/08\/clara_assis.png","type":"image\/png"}],"author":"moacir","twitter_card":"summary_large_image","twitter_misc":{"Escrito por":"moacir","Est. tempo de leitura":"8 minutos"},"schema":{"@context":"https:\/\/schema.org","@graph":[{"@type":"WebSite","@id":"https:\/\/franciscanos.org.br\/carisma\/#website","url":"https:\/\/franciscanos.org.br\/carisma\/","name":"Carisma - Franciscanos","description":"Prov\u00edncia Franciscana da Imaculada Concei\u00e7\u00e3o do Brasil - Ordem dos Frades Menores","potentialAction":[{"@type":"SearchAction","target":{"@type":"EntryPoint","urlTemplate":"https:\/\/franciscanos.org.br\/carisma\/?s={search_term_string}"},"query-input":"required name=search_term_string"}],"inLanguage":"pt-BR"},{"@type":"ImageObject","inLanguage":"pt-BR","@id":"https:\/\/franciscanos.org.br\/carisma\/clara-santificacao-em-cada-pequeno-gesto-de-amor.html#primaryimage","url":"https:\/\/franciscanos.org.br\/carisma\/wp-content\/uploads\/2019\/08\/clara_assis.png","contentUrl":"https:\/\/franciscanos.org.br\/carisma\/wp-content\/uploads\/2019\/08\/clara_assis.png","width":273,"height":181},{"@type":"WebPage","@id":"https:\/\/franciscanos.org.br\/carisma\/clara-santificacao-em-cada-pequeno-gesto-de-amor.html#webpage","url":"https:\/\/franciscanos.org.br\/carisma\/clara-santificacao-em-cada-pequeno-gesto-de-amor.html","name":"Clara: santifica\u00e7\u00e3o em cada pequeno gesto de amor - Carisma - Franciscanos","isPartOf":{"@id":"https:\/\/franciscanos.org.br\/carisma\/#website"},"primaryImageOfPage":{"@id":"https:\/\/franciscanos.org.br\/carisma\/clara-santificacao-em-cada-pequeno-gesto-de-amor.html#primaryimage"},"datePublished":"2018-08-02T19:10:40+00:00","dateModified":"2019-08-06T19:13:19+00:00","author":{"@id":"https:\/\/franciscanos.org.br\/carisma\/#\/schema\/person\/bf14cae4d2151ab6b6e41d96660f93a2"},"breadcrumb":{"@id":"https:\/\/franciscanos.org.br\/carisma\/clara-santificacao-em-cada-pequeno-gesto-de-amor.html#breadcrumb"},"inLanguage":"pt-BR","potentialAction":[{"@type":"ReadAction","target":["https:\/\/franciscanos.org.br\/carisma\/clara-santificacao-em-cada-pequeno-gesto-de-amor.html"]}]},{"@type":"BreadcrumbList","@id":"https:\/\/franciscanos.org.br\/carisma\/clara-santificacao-em-cada-pequeno-gesto-de-amor.html#breadcrumb","itemListElement":[{"@type":"ListItem","position":1,"name":"Home","item":"https:\/\/franciscanos.org.br\/carisma"},{"@type":"ListItem","position":2,"name":"Clara: santifica\u00e7\u00e3o em cada pequeno gesto de amor"}]},{"@type":"Person","@id":"https:\/\/franciscanos.org.br\/carisma\/#\/schema\/person\/bf14cae4d2151ab6b6e41d96660f93a2","name":"moacir","image":{"@type":"ImageObject","inLanguage":"pt-BR","@id":"https:\/\/franciscanos.org.br\/carisma\/#\/schema\/person\/image\/","url":"https:\/\/secure.gravatar.com\/avatar\/d08aa2ce4c8dd416d4479aa8536fcf64?s=96&d=mm&r=g","contentUrl":"https:\/\/secure.gravatar.com\/avatar\/d08aa2ce4c8dd416d4479aa8536fcf64?s=96&d=mm&r=g","caption":"moacir"},"url":"https:\/\/franciscanos.org.br\/carisma\/author\/moacir"}]}},"_links":{"self":[{"href":"https:\/\/franciscanos.org.br\/carisma\/wp-json\/wp\/v2\/posts\/176485"}],"collection":[{"href":"https:\/\/franciscanos.org.br\/carisma\/wp-json\/wp\/v2\/posts"}],"about":[{"href":"https:\/\/franciscanos.org.br\/carisma\/wp-json\/wp\/v2\/types\/post"}],"author":[{"embeddable":true,"href":"https:\/\/franciscanos.org.br\/carisma\/wp-json\/wp\/v2\/users\/3"}],"replies":[{"embeddable":true,"href":"https:\/\/franciscanos.org.br\/carisma\/wp-json\/wp\/v2\/comments?post=176485"}],"version-history":[{"count":1,"href":"https:\/\/franciscanos.org.br\/carisma\/wp-json\/wp\/v2\/posts\/176485\/revisions"}],"predecessor-version":[{"id":176487,"href":"https:\/\/franciscanos.org.br\/carisma\/wp-json\/wp\/v2\/posts\/176485\/revisions\/176487"}],"wp:featuredmedia":[{"embeddable":true,"href":"https:\/\/franciscanos.org.br\/carisma\/wp-json\/wp\/v2\/media\/176486"}],"wp:attachment":[{"href":"https:\/\/franciscanos.org.br\/carisma\/wp-json\/wp\/v2\/media?parent=176485"}],"wp:term":[{"taxonomy":"category","embeddable":true,"href":"https:\/\/franciscanos.org.br\/carisma\/wp-json\/wp\/v2\/categories?post=176485"},{"taxonomy":"post_tag","embeddable":true,"href":"https:\/\/franciscanos.org.br\/carisma\/wp-json\/wp\/v2\/tags?post=176485"}],"curies":[{"name":"wp","href":"https:\/\/api.w.org\/{rel}","templated":true}]}}