{"id":176421,"date":"2012-12-06T14:16:09","date_gmt":"2012-12-06T16:16:09","guid":{"rendered":"https:\/\/franciscanos.org.br\/carisma\/?p=176421"},"modified":"2019-08-06T14:18:59","modified_gmt":"2019-08-06T17:18:59","slug":"uma-presenca-confortante-e-animadora","status":"publish","type":"post","link":"https:\/\/franciscanos.org.br\/carisma\/uma-presenca-confortante-e-animadora.html","title":{"rendered":"Uma presen\u00e7a confortante e animadora"},"content":{"rendered":"<p><img loading=\"lazy\" class=\"alignnone size-full wp-image-176422\" src=\"https:\/\/franciscanos.org.br\/carisma\/wp-content\/uploads\/2019\/08\/santaclara-1.jpg\" alt=\"\" width=\"830\" height=\"401\" srcset=\"https:\/\/franciscanos.org.br\/carisma\/wp-content\/uploads\/2019\/08\/santaclara-1.jpg 830w, https:\/\/franciscanos.org.br\/carisma\/wp-content\/uploads\/2019\/08\/santaclara-1-450x217.jpg 450w, https:\/\/franciscanos.org.br\/carisma\/wp-content\/uploads\/2019\/08\/santaclara-1-768x371.jpg 768w, https:\/\/franciscanos.org.br\/carisma\/wp-content\/uploads\/2019\/08\/santaclara-1-150x72.jpg 150w\" sizes=\"(max-width: 830px) 100vw, 830px\" \/><\/p>\n<p><strong>Frei Orlando Bernardi<\/strong><\/p>\n<p>O \u00faltimo cap\u00edtulo da Regra de Clara, como a de Francisco, trata de fun\u00e7\u00f5es que, praticamente, pouco t\u00eam a ver com o cotidiano da vida das clarissas e dos frades, por\u00e9m, s\u00e3o de suma import\u00e2ncia para o bom andamento das comunidades. Trata-se do papel do visitador, do capel\u00e3o e do cardeal protetor da Ordem. A raz\u00e3o ou o pano de fundo se encontra nessa afirma\u00e7\u00e3o: \u201cPara que guardemos a pobreza e a humildade de N. S. Jesus Cristo e de sua M\u00e3e sant\u00edssima e o santo Evangelho que firmemente prometemos observar. Am\u00e9m!\u201d (c. XII). Percebe-se, ent\u00e3o, que a raz\u00e3o dessas tr\u00eas figuras n\u00e3o \u00e9, em primeiro lugar, jur\u00eddica, mas sim de uma presen\u00e7a que ajuda a permanecerem firmes e seguras no prop\u00f3sito assumido ao abra\u00e7ar essa forma de vida. N\u00e3o se trata, portanto, de algu\u00e9m que entra na comunidade como guarda, estranho ou, pior ainda, como fiscalizador. Embora a fun\u00e7\u00e3o dessas tr\u00eas figuras perten\u00e7a mais ao extraordin\u00e1rio da vida monacal, a visita, no entanto, pertence ao ordin\u00e1rio, quer dizer ao cotidiano. Tanto Francisco como tamb\u00e9m Clara desejam que a presen\u00e7a amiga e fraterna dos superiores continue junto aos irm\u00e3os e irm\u00e3s. Ali\u00e1s, Clara escreve no c. X que a abadessa \u201cvisite as irm\u00e3s\u201d de sua comunidade. Veja-se que se trata da mesma comunidade. Para Francisco, talvez, esse mesmo of\u00edcio esteja presente na figura da \u201cm\u00e3e\u201d da Regra dos eremit\u00e9rios.<\/p>\n<p>Essas visitas aos irm\u00e3os e irm\u00e3s das comunidades franciscanas se reportam, inicialmente, ao costume da Igreja nascente em que o fundador da comunidade a visitava com a finalidade de mant\u00ea-la firme e segura na fidelidade ao compromisso da f\u00e9. A carta de Francisco a um Ministro mostra muito bem qual a dire\u00e7\u00e3o que se devia tomar a esse respeito. Al\u00e9m disso, com respeito a Clara, Francisco assumiu um compromisso de constante presen\u00e7a (Test.Cl 4). Por ocasi\u00e3o de sua viagem ao Oriente deixara a Frei Felipe Longo para represent\u00e1-lo. Ao voltar, notou que essa presen\u00e7a se transformara em cargo est\u00e1vel, fato que o aborrecera sobremaneira e a Clara tamb\u00e9m, certamente. De imediato, pediu ao Papa a revoga\u00e7\u00e3o. Nomeou a Frei Pac\u00edfico como continuador de sua presen\u00e7a junto \u00e0s irm\u00e3s. Ao longo da hist\u00f3ria posterior, a figura do visitador assumiu mais um acento jur\u00eddico que, propriamente, presencial.<\/p>\n<p>Al\u00e9m do visitador, Clara fala de um capel\u00e3o com um companheiro cl\u00e9rigo. Entende-se essa presen\u00e7a por causa da administra\u00e7\u00e3o dos sacramentos. Note-se, particularmente, a preocupa\u00e7\u00e3o e o cuidado com que fala dessas presen\u00e7as. Prudente e conhecedora das fraquezas humanas quer, de antem\u00e3o, prevenir futuros abusos ou esc\u00e2ndalos de que a hist\u00f3ria \u00e9 testemunha!<\/p>\n<p>A figura do cardeal protetor foi introduzida por Francisco (RB 12,4) com a fun\u00e7\u00e3o de \u201cgovernar, proteger e corrigir&#8230; a fim de permanecer s\u00faditos e submissos&#8230; e observar a pobreza, a humildade e o santo Evangelho\u201d. Assim formulada a exig\u00eancia de Francisco tem um acento bem mais jur\u00eddico que fraterno. No entanto, durante a vida quer de Francisco, quer de Clara, sabe-se como se criaram la\u00e7os de intimidade e de compreens\u00e3o m\u00fatuas que fizeram dessa figura um consulente e um arrimo nas oportunidades mais importantes das duas Ordens. Para comprov\u00e1-lo seja suficiente esse trecho da carta escrita pelo Cardeal Hugolino a Clara em que a chama de \u201cm\u00e3e de sua salva\u00e7\u00e3o\u201d: \u201cCar\u00edssima irm\u00e3 Clara, desde que a multid\u00e3o dos afazeres me obrigou a afastar-me de vosso mosteiro e me privou das consola\u00e7\u00f5es que me proporcionavam vossas santas palavras e devotas confer\u00eancias, se apoderou de mim tal amargura de cora\u00e7\u00e3o, tal abund\u00e2ncia de l\u00e1grimas e dor t\u00e3o insuport\u00e1vel que, se n\u00e3o encontro aos p\u00e9s de Jesus o consolo da habitual piedade, temo cair para sempre naquelas ang\u00fastias em que, talvez, desfalecer\u00e1 meu esp\u00edrito e minha alma se dissolver\u00e1. E com raz\u00e3o, pois falta aquela alegria gloriosa que senti ao falar do Corpo de Cristo convosco, enquanto celebrava a P\u00e1scoa contigo e com as demais&#8230;\u201d (Analecta franciscana III, 183). Posteriormente, essa fun\u00e7\u00e3o foi assumida pela Sagrada Congrega\u00e7\u00e3o dos Religiosos.<\/p>\n","protected":false},"excerpt":{"rendered":"<p>Santa Clara de Assis &#8211; Frei Orlando Bernardi <\/p>\n","protected":false},"author":3,"featured_media":176424,"comment_status":"open","ping_status":"open","sticky":false,"template":"","format":"standard","meta":[],"categories":[65],"tags":[108],"yoast_head":"<!-- This site is optimized with the Yoast SEO plugin v19.2 - https:\/\/yoast.com\/wordpress\/plugins\/seo\/ -->\n<title>Uma presen\u00e7a confortante e animadora - Carisma - Franciscanos<\/title>\n<meta name=\"robots\" content=\"index, follow, max-snippet:-1, max-image-preview:large, max-video-preview:-1\" \/>\n<link rel=\"canonical\" href=\"https:\/\/franciscanos.org.br\/carisma\/uma-presenca-confortante-e-animadora.html\" \/>\n<meta property=\"og:locale\" content=\"pt_BR\" \/>\n<meta property=\"og:type\" content=\"article\" \/>\n<meta property=\"og:title\" content=\"Uma presen\u00e7a confortante e animadora - Carisma - Franciscanos\" \/>\n<meta property=\"og:description\" content=\"Santa Clara de Assis - Frei Orlando Bernardi\" \/>\n<meta property=\"og:url\" content=\"https:\/\/franciscanos.org.br\/carisma\/uma-presenca-confortante-e-animadora.html\" \/>\n<meta property=\"og:site_name\" content=\"Carisma - Franciscanos\" \/>\n<meta property=\"article:published_time\" content=\"2012-12-06T16:16:09+00:00\" \/>\n<meta property=\"article:modified_time\" content=\"2019-08-06T17:18:59+00:00\" \/>\n<meta property=\"og:image\" content=\"https:\/\/franciscanos.org.br\/carisma\/wp-content\/uploads\/2019\/08\/santaclara_d.jpg\" \/>\n\t<meta property=\"og:image:width\" content=\"273\" \/>\n\t<meta property=\"og:image:height\" content=\"181\" \/>\n\t<meta property=\"og:image:type\" content=\"image\/jpeg\" \/>\n<meta name=\"author\" content=\"moacir\" \/>\n<meta name=\"twitter:card\" content=\"summary_large_image\" \/>\n<meta name=\"twitter:label1\" content=\"Escrito por\" \/>\n\t<meta name=\"twitter:data1\" content=\"moacir\" \/>\n\t<meta name=\"twitter:label2\" content=\"Est. tempo de leitura\" \/>\n\t<meta name=\"twitter:data2\" content=\"4 minutos\" \/>\n<script type=\"application\/ld+json\" class=\"yoast-schema-graph\">{\"@context\":\"https:\/\/schema.org\",\"@graph\":[{\"@type\":\"WebSite\",\"@id\":\"https:\/\/franciscanos.org.br\/carisma\/#website\",\"url\":\"https:\/\/franciscanos.org.br\/carisma\/\",\"name\":\"Carisma - Franciscanos\",\"description\":\"Prov\u00edncia Franciscana da Imaculada Concei\u00e7\u00e3o do Brasil - Ordem dos Frades Menores\",\"potentialAction\":[{\"@type\":\"SearchAction\",\"target\":{\"@type\":\"EntryPoint\",\"urlTemplate\":\"https:\/\/franciscanos.org.br\/carisma\/?s={search_term_string}\"},\"query-input\":\"required name=search_term_string\"}],\"inLanguage\":\"pt-BR\"},{\"@type\":\"ImageObject\",\"inLanguage\":\"pt-BR\",\"@id\":\"https:\/\/franciscanos.org.br\/carisma\/uma-presenca-confortante-e-animadora.html#primaryimage\",\"url\":\"https:\/\/franciscanos.org.br\/carisma\/wp-content\/uploads\/2019\/08\/santaclara_d.jpg\",\"contentUrl\":\"https:\/\/franciscanos.org.br\/carisma\/wp-content\/uploads\/2019\/08\/santaclara_d.jpg\",\"width\":273,\"height\":181},{\"@type\":\"WebPage\",\"@id\":\"https:\/\/franciscanos.org.br\/carisma\/uma-presenca-confortante-e-animadora.html#webpage\",\"url\":\"https:\/\/franciscanos.org.br\/carisma\/uma-presenca-confortante-e-animadora.html\",\"name\":\"Uma presen\u00e7a confortante e animadora - Carisma - Franciscanos\",\"isPartOf\":{\"@id\":\"https:\/\/franciscanos.org.br\/carisma\/#website\"},\"primaryImageOfPage\":{\"@id\":\"https:\/\/franciscanos.org.br\/carisma\/uma-presenca-confortante-e-animadora.html#primaryimage\"},\"datePublished\":\"2012-12-06T16:16:09+00:00\",\"dateModified\":\"2019-08-06T17:18:59+00:00\",\"author\":{\"@id\":\"https:\/\/franciscanos.org.br\/carisma\/#\/schema\/person\/bf14cae4d2151ab6b6e41d96660f93a2\"},\"breadcrumb\":{\"@id\":\"https:\/\/franciscanos.org.br\/carisma\/uma-presenca-confortante-e-animadora.html#breadcrumb\"},\"inLanguage\":\"pt-BR\",\"potentialAction\":[{\"@type\":\"ReadAction\",\"target\":[\"https:\/\/franciscanos.org.br\/carisma\/uma-presenca-confortante-e-animadora.html\"]}]},{\"@type\":\"BreadcrumbList\",\"@id\":\"https:\/\/franciscanos.org.br\/carisma\/uma-presenca-confortante-e-animadora.html#breadcrumb\",\"itemListElement\":[{\"@type\":\"ListItem\",\"position\":1,\"name\":\"Home\",\"item\":\"https:\/\/franciscanos.org.br\/carisma\"},{\"@type\":\"ListItem\",\"position\":2,\"name\":\"Uma presen\u00e7a confortante e animadora\"}]},{\"@type\":\"Person\",\"@id\":\"https:\/\/franciscanos.org.br\/carisma\/#\/schema\/person\/bf14cae4d2151ab6b6e41d96660f93a2\",\"name\":\"moacir\",\"image\":{\"@type\":\"ImageObject\",\"inLanguage\":\"pt-BR\",\"@id\":\"https:\/\/franciscanos.org.br\/carisma\/#\/schema\/person\/image\/\",\"url\":\"https:\/\/secure.gravatar.com\/avatar\/d08aa2ce4c8dd416d4479aa8536fcf64?s=96&d=mm&r=g\",\"contentUrl\":\"https:\/\/secure.gravatar.com\/avatar\/d08aa2ce4c8dd416d4479aa8536fcf64?s=96&d=mm&r=g\",\"caption\":\"moacir\"},\"url\":\"https:\/\/franciscanos.org.br\/carisma\/author\/moacir\"}]}<\/script>\n<!-- \/ Yoast SEO plugin. -->","yoast_head_json":{"title":"Uma presen\u00e7a confortante e animadora - Carisma - Franciscanos","robots":{"index":"index","follow":"follow","max-snippet":"max-snippet:-1","max-image-preview":"max-image-preview:large","max-video-preview":"max-video-preview:-1"},"canonical":"https:\/\/franciscanos.org.br\/carisma\/uma-presenca-confortante-e-animadora.html","og_locale":"pt_BR","og_type":"article","og_title":"Uma presen\u00e7a confortante e animadora - Carisma - Franciscanos","og_description":"Santa Clara de Assis - Frei Orlando Bernardi","og_url":"https:\/\/franciscanos.org.br\/carisma\/uma-presenca-confortante-e-animadora.html","og_site_name":"Carisma - Franciscanos","article_published_time":"2012-12-06T16:16:09+00:00","article_modified_time":"2019-08-06T17:18:59+00:00","og_image":[{"width":273,"height":181,"url":"https:\/\/franciscanos.org.br\/carisma\/wp-content\/uploads\/2019\/08\/santaclara_d.jpg","type":"image\/jpeg"}],"author":"moacir","twitter_card":"summary_large_image","twitter_misc":{"Escrito por":"moacir","Est. tempo de leitura":"4 minutos"},"schema":{"@context":"https:\/\/schema.org","@graph":[{"@type":"WebSite","@id":"https:\/\/franciscanos.org.br\/carisma\/#website","url":"https:\/\/franciscanos.org.br\/carisma\/","name":"Carisma - Franciscanos","description":"Prov\u00edncia Franciscana da Imaculada Concei\u00e7\u00e3o do Brasil - Ordem dos Frades Menores","potentialAction":[{"@type":"SearchAction","target":{"@type":"EntryPoint","urlTemplate":"https:\/\/franciscanos.org.br\/carisma\/?s={search_term_string}"},"query-input":"required name=search_term_string"}],"inLanguage":"pt-BR"},{"@type":"ImageObject","inLanguage":"pt-BR","@id":"https:\/\/franciscanos.org.br\/carisma\/uma-presenca-confortante-e-animadora.html#primaryimage","url":"https:\/\/franciscanos.org.br\/carisma\/wp-content\/uploads\/2019\/08\/santaclara_d.jpg","contentUrl":"https:\/\/franciscanos.org.br\/carisma\/wp-content\/uploads\/2019\/08\/santaclara_d.jpg","width":273,"height":181},{"@type":"WebPage","@id":"https:\/\/franciscanos.org.br\/carisma\/uma-presenca-confortante-e-animadora.html#webpage","url":"https:\/\/franciscanos.org.br\/carisma\/uma-presenca-confortante-e-animadora.html","name":"Uma presen\u00e7a confortante e animadora - Carisma - Franciscanos","isPartOf":{"@id":"https:\/\/franciscanos.org.br\/carisma\/#website"},"primaryImageOfPage":{"@id":"https:\/\/franciscanos.org.br\/carisma\/uma-presenca-confortante-e-animadora.html#primaryimage"},"datePublished":"2012-12-06T16:16:09+00:00","dateModified":"2019-08-06T17:18:59+00:00","author":{"@id":"https:\/\/franciscanos.org.br\/carisma\/#\/schema\/person\/bf14cae4d2151ab6b6e41d96660f93a2"},"breadcrumb":{"@id":"https:\/\/franciscanos.org.br\/carisma\/uma-presenca-confortante-e-animadora.html#breadcrumb"},"inLanguage":"pt-BR","potentialAction":[{"@type":"ReadAction","target":["https:\/\/franciscanos.org.br\/carisma\/uma-presenca-confortante-e-animadora.html"]}]},{"@type":"BreadcrumbList","@id":"https:\/\/franciscanos.org.br\/carisma\/uma-presenca-confortante-e-animadora.html#breadcrumb","itemListElement":[{"@type":"ListItem","position":1,"name":"Home","item":"https:\/\/franciscanos.org.br\/carisma"},{"@type":"ListItem","position":2,"name":"Uma presen\u00e7a confortante e animadora"}]},{"@type":"Person","@id":"https:\/\/franciscanos.org.br\/carisma\/#\/schema\/person\/bf14cae4d2151ab6b6e41d96660f93a2","name":"moacir","image":{"@type":"ImageObject","inLanguage":"pt-BR","@id":"https:\/\/franciscanos.org.br\/carisma\/#\/schema\/person\/image\/","url":"https:\/\/secure.gravatar.com\/avatar\/d08aa2ce4c8dd416d4479aa8536fcf64?s=96&d=mm&r=g","contentUrl":"https:\/\/secure.gravatar.com\/avatar\/d08aa2ce4c8dd416d4479aa8536fcf64?s=96&d=mm&r=g","caption":"moacir"},"url":"https:\/\/franciscanos.org.br\/carisma\/author\/moacir"}]}},"_links":{"self":[{"href":"https:\/\/franciscanos.org.br\/carisma\/wp-json\/wp\/v2\/posts\/176421"}],"collection":[{"href":"https:\/\/franciscanos.org.br\/carisma\/wp-json\/wp\/v2\/posts"}],"about":[{"href":"https:\/\/franciscanos.org.br\/carisma\/wp-json\/wp\/v2\/types\/post"}],"author":[{"embeddable":true,"href":"https:\/\/franciscanos.org.br\/carisma\/wp-json\/wp\/v2\/users\/3"}],"replies":[{"embeddable":true,"href":"https:\/\/franciscanos.org.br\/carisma\/wp-json\/wp\/v2\/comments?post=176421"}],"version-history":[{"count":1,"href":"https:\/\/franciscanos.org.br\/carisma\/wp-json\/wp\/v2\/posts\/176421\/revisions"}],"predecessor-version":[{"id":176425,"href":"https:\/\/franciscanos.org.br\/carisma\/wp-json\/wp\/v2\/posts\/176421\/revisions\/176425"}],"wp:featuredmedia":[{"embeddable":true,"href":"https:\/\/franciscanos.org.br\/carisma\/wp-json\/wp\/v2\/media\/176424"}],"wp:attachment":[{"href":"https:\/\/franciscanos.org.br\/carisma\/wp-json\/wp\/v2\/media?parent=176421"}],"wp:term":[{"taxonomy":"category","embeddable":true,"href":"https:\/\/franciscanos.org.br\/carisma\/wp-json\/wp\/v2\/categories?post=176421"},{"taxonomy":"post_tag","embeddable":true,"href":"https:\/\/franciscanos.org.br\/carisma\/wp-json\/wp\/v2\/tags?post=176421"}],"curies":[{"name":"wp","href":"https:\/\/api.w.org\/{rel}","templated":true}]}}