{"id":176402,"date":"2012-05-07T13:41:00","date_gmt":"2012-05-07T16:41:00","guid":{"rendered":"https:\/\/franciscanos.org.br\/carisma\/?p=176402"},"modified":"2019-08-06T13:47:48","modified_gmt":"2019-08-06T16:47:48","slug":"a-graca-do-silencio-reflexoes-a-partir-do-capitulo-quinto-da-regra-de-santa-clara","status":"publish","type":"post","link":"https:\/\/franciscanos.org.br\/carisma\/a-graca-do-silencio-reflexoes-a-partir-do-capitulo-quinto-da-regra-de-santa-clara.html","title":{"rendered":"\u201cA gra\u00e7a do sil\u00eancio\u201d: reflex\u00f5es a partir do cap\u00edtulo quinto da Regra de Santa Clara"},"content":{"rendered":"<p><img loading=\"lazy\" class=\"alignnone size-full wp-image-176403\" src=\"https:\/\/franciscanos.org.br\/carisma\/wp-content\/uploads\/2019\/08\/clara_fabio_07.jpg\" alt=\"\" width=\"840\" height=\"472\" srcset=\"https:\/\/franciscanos.org.br\/carisma\/wp-content\/uploads\/2019\/08\/clara_fabio_07.jpg 840w, https:\/\/franciscanos.org.br\/carisma\/wp-content\/uploads\/2019\/08\/clara_fabio_07-450x253.jpg 450w, https:\/\/franciscanos.org.br\/carisma\/wp-content\/uploads\/2019\/08\/clara_fabio_07-768x432.jpg 768w, https:\/\/franciscanos.org.br\/carisma\/wp-content\/uploads\/2019\/08\/clara_fabio_07-150x84.jpg 150w\" sizes=\"(max-width: 840px) 100vw, 840px\" \/><\/p>\n<p><strong>Frei F\u00e1bio Cesar Gomes<\/strong><\/p>\n<p>O cap\u00edtulo quinto da Forma de Vida de Santa Clara como sugere o pr\u00f3prio t\u00edtulo: \u201cSobre o sil\u00eancio, o locut\u00f3rio e a grade\u201d, trata de quest\u00f5es que dizem respeito\u00a0\u00a0 mais\u00a0 propriamente\u00a0 \u00e0 \u00edndole contemplativa da vida das Irm\u00e3s Pobres. As v\u00e1rias determina\u00e7\u00f5es sobre portas, chaves, trancas, etc \u2013 tamb\u00e9m presentes no cap\u00edtulo onze que trata da observ\u00e2ncia da clausura (cfr. rsc 11,3-7) &#8211; prov\u00eam das Regras papais e se justificam pelo fato de que o mosteiro de S\u00e3o Dami\u00e3o estava localizado fora dos muros de Assis e, por isso, muito exposto a invas\u00f5es.<\/p>\n<p>A originalidade de Clara neste cap\u00edtulo da Forma de Vida, por\u00e9m, aparece sobretudo no que diz respeito \u00e0 sua compreens\u00e3o de sil\u00eancio, sobre o que, num primeiro momento gostar\u00edamos de concentrar nossa aten\u00e7\u00e3o para, logo em seguida, tra\u00e7armos alguns paralelos entre o pensamento dela e o de Francisco sobre o assunto. Por fim, muito brevemente, acenaremos para a pertin\u00eancia do tema com rela\u00e7\u00e3o a algumas quest\u00f5es levantadas nos F\u00f3runs Provinciais.<\/p>\n<p><strong>Compreens\u00e3o de sil\u00eancio em Clara<\/strong><\/p>\n<p>Ainda que Clara prescreva a observ\u00e2ncia da norma do sil\u00eancio em tempos e lugares bem determinados (cfr. rsc 5,1-2), a sua Regra n\u00e3o chega a proibir \u00e0s irm\u00e3s o uso da palavra, como acontece, por exemplo, na Regra de Hugolino: \u201co sil\u00eancio cont\u00ednuo seja constantemente observado por todas, de maneira que n\u00e3o lhes seja permitido falar nem umas com as outras nem com outras pessoas sem licen\u00e7a, &#8230;\u201d (RHUG 6).<\/p>\n<p>Pelo contr\u00e1rio, a Regra de Clara determina que as irm\u00e3s \u201cpodem insinuar o que for necess\u00e1rio sempre e em toda parte\u201d (rsc 5,4), al\u00e9m de admitir que elas conversem com as pessoas externas ao mosteiro, no locut\u00f3rio e at\u00e9 &#8211; ainda que rarissimamente &#8211; tamb\u00e9m na grade (cfr. rsc 5,5-9). De fato, a norma do sil\u00eancio parece estar subordinada ao grande valor da conviv\u00eancia fraterna, em fun\u00e7\u00e3o da qual ela reconhece a necessidade e a import\u00e2ncia da fala, especialmente na enfermaria, \u201cem que as irm\u00e3s sempre podem falar discretamente para distrair as doentes e cuidar delas\u201d (rsc 5,3).<\/p>\n<p>Assim, podemos afirmar que para Clara, mais do que aus\u00eancia total de palavras e rumores, o sil\u00eancio diz respeito a uma atitude fundamental de vida, ao modo de ser da escuta de Deus em todos os momentos e circunst\u00e2ncias da vida. Trata-se, portanto, de cultivar o modo de ser da escuta como uma atitude fundamental da pr\u00f3pria vida. Um modo de ser que se manifesta tamb\u00e9m no pr\u00f3prio modo de falar das irm\u00e3s: \u201cdiscretamente\u201d, \u201cbrevemente e em voz baixa\u201d (rsc 5,3-4). \u00c9 para a aquisi\u00e7\u00e3o e conserva\u00e7\u00e3o deste modo de ser por parte de cada irm\u00e3 que a observ\u00e2ncia da norma do sil\u00eancio parece estar querendo apontar.<\/p>\n<p><strong>Compreens\u00e3o do sil\u00eancio em Clara e Francisco: alguns paralelos<\/strong><\/p>\n<p>Ainda que a Regra de Francisco n\u00e3o determine, como a de Clara, os tempos e os lugares de se observar a norma do sil\u00eancio, isso n\u00e3o significa que ele n\u00e3o o considere importante. Pelo contr\u00e1rio, para Francisco o sil\u00eancio \u00e9 tido como uma gra\u00e7a proveniente da prodigalidade do pr\u00f3prio Deus. Portanto, antes de ser uma conquista humana, o sil\u00eancio \u00e9 uma d\u00e1diva divina que o frade deve esfor\u00e7ar-se por manter, por guardar (cfr. RNB 11,2; RERM 3). Assim, tal como para Clara, tamb\u00e9m para Francisco o sil\u00eancio, mais do que uma quest\u00e3o de calar ou falar, diz respeito \u00e0 disposi\u00e7\u00e3o daquele que, em todas as situa\u00e7\u00f5es da vida, est\u00e1 continuamente preocupado em escutar aquela palavra que brota continuamente do \u00e2mago do sil\u00eancio abismal de Deus.<\/p>\n<p>Al\u00e9m disso, \u00e9 interessante observar que Francisco fala da \u201cgra\u00e7a do sil\u00eancio\u201d justamente naquele cap\u00edtulo da Regra em que trata mais propriamente do relacionamento dos frades entre si, exortando-os a n\u00e3o se caluniarem nem porfiarem com palavras (cfr. RnB 11,2). Desta forma, o cultivo do modo de ser da escuta por parte de cada frade representa a condi\u00e7\u00e3o de possibilidade de uma aut\u00eantica vida fraterna, enquanto nos previne das suas duas maiores amea\u00e7as: a cal\u00fania e as discuss\u00f5es v\u00e3s. Aqui, \u00e9 interessante perceber que, se para Clara &#8211; como vimos &#8211; o crit\u00e9rio da caridade fraterna permite que o sil\u00eancio pr\u00f3prio da vida contemplativa seja rompido, para Francisco, \u00e9 a mesma caridade fraterna a impor aos irm\u00e3os que v\u00e3o pelo mundo que silenciem todo tipo de discuss\u00e3o e de julgamento (cfr. rb 3,11).<\/p>\n<p>Mais ainda, assim compreendido como atitude fundamental de escuta, o sil\u00eancio n\u00e3o diz apenas respeito aos chamados \u00e0 vida contemplativa, mas, tamb\u00e9m a n\u00f3s que, desde as nossas origens, fomos enviados pela Igreja a pregar a todos a penit\u00eancia (cfr. 1Cel 33,7; lm 3,10.11; 12; ltc 49,2; 51,10; ap 37,6). De fato, \u00e9 interessante perceber que, na Carta a Toda Ordem, antes mesmo de nos exortar a darmos testemunho da voz do Filho de Deus e a anunciarmos a todos a Sua onipot\u00eancia (cfr. CTORD 9), Francisco nos convoca a uma atitude de escuta atenta e de profundo acolhimento da Palavra de Deus (cfr. CTORD 6-7).<\/p>\n<p>Por fim, tal como Clara, tamb\u00e9m para Francisco o modo de ser da escuta deve manifestar-se no nosso pr\u00f3prio modo de falar. E se isso vale para todos os frades, mais ainda para os pregadores, aos quais recomenda que \u201cseja sua linguagem examinada e casta, para utilidade e edifica\u00e7\u00e3o do povo, anunciando-lhe, com brevidade de palavra, os v\u00edcios e as virtudes, o castigo e a gl\u00f3ria; porque o Senhor, sobre a Terra, usou de palavra breve\u201d (rb 9,4-5). Neste contexto, a gra\u00e7a do sil\u00eancio manifesta-se num modo pr\u00f3prio de pregar segundo o qual n\u00e3o \u00e9 o evangelizador &#8211; com sua eloq\u00fc\u00eancia &#8211; a colocar-se em evid\u00eancia, mas, em cujo centro est\u00e1 sempre a pessoa de Jesus Cristo, aquele que \u201cusou de palavra breve\u201d, pois nos transmitiu somente as palavras que o Pai Lhe tinha confiado (cfr. Jo 17,8).<\/p>\n<p><strong>Relev\u00e2ncias do tema<\/strong><\/p>\n<p>Na s\u00edntese dos nossos f\u00f3runs, falou-se em realizar a leitura orante da Palavra de Deus em fraternidade semanalmente e em celebrar o cap\u00edtulo local mensal, privilegiando momentos de ora\u00e7\u00e3o e de retiro. At\u00e9 mesmo surgiu a proposta da revitaliza\u00e7\u00e3o do nosso eremit\u00e9rio a fim de acolher pessoas que demandam por retiro e recolhimento. N\u00e3o estaria tudo isso revelando a necessidade de privilegiarmos tempos e espa\u00e7os de sil\u00eancio exterior que nos possibilitem adquirir e conservar a atitude interior de escuta e acolhimento da voz do Filho de Deus (cfr. CTORD 6)?<\/p>\n<p>No entanto, evidenciou-se sobretudo a necessidade de redimensionarmos as nossas presen\u00e7as, primando pela qualidade de vida fraterna em vista da evangeliza\u00e7\u00e3o. Aqui, a reflex\u00e3o de Clara e Francisco sobre o sil\u00eancio nos parece bastante oportuna. De fato, o redimensionamento diz respeito a um processo que requer de cada um de n\u00f3s,\u00a0 e de todos n\u00f3s juntos, uma grande capacidade de fazer sil\u00eancio, um grande esfor\u00e7o \u201cpor manter o sil\u00eancio\u201d (RNB 11,2; RERM 3), como diria Francisco. E isso, tanto no sentido de nos colocarmos \u00e0 escuta daquilo que o Esp\u00edrito do Senhor nos fala no momento presente da Hist\u00f3ria, como no sentido de silenciarmos todas as formas de cal\u00fanias e de discuss\u00f5es v\u00e3s (cfr. rnb 11,1; 2Tm 2,14).<\/p>\n","protected":false},"excerpt":{"rendered":"<p>Santa Clara de Assis &#8211; Frei F\u00e1bio Cesar Gomes<\/p>\n","protected":false},"author":3,"featured_media":176404,"comment_status":"open","ping_status":"open","sticky":false,"template":"","format":"standard","meta":[],"categories":[65],"tags":[108],"yoast_head":"<!-- This site is optimized with the Yoast SEO plugin v19.2 - https:\/\/yoast.com\/wordpress\/plugins\/seo\/ -->\n<title>\u201cA gra\u00e7a do sil\u00eancio\u201d: reflex\u00f5es a partir do cap\u00edtulo quinto da Regra de Santa Clara - Carisma - Franciscanos<\/title>\n<meta name=\"robots\" content=\"index, follow, max-snippet:-1, max-image-preview:large, max-video-preview:-1\" \/>\n<link rel=\"canonical\" href=\"https:\/\/franciscanos.org.br\/carisma\/a-graca-do-silencio-reflexoes-a-partir-do-capitulo-quinto-da-regra-de-santa-clara.html\" \/>\n<meta property=\"og:locale\" content=\"pt_BR\" \/>\n<meta property=\"og:type\" content=\"article\" \/>\n<meta property=\"og:title\" content=\"\u201cA gra\u00e7a do sil\u00eancio\u201d: reflex\u00f5es a partir do cap\u00edtulo quinto da Regra de Santa Clara - Carisma - Franciscanos\" \/>\n<meta property=\"og:description\" content=\"Santa Clara de Assis - Frei F\u00e1bio Cesar Gomes\" \/>\n<meta property=\"og:url\" content=\"https:\/\/franciscanos.org.br\/carisma\/a-graca-do-silencio-reflexoes-a-partir-do-capitulo-quinto-da-regra-de-santa-clara.html\" \/>\n<meta property=\"og:site_name\" content=\"Carisma - Franciscanos\" \/>\n<meta property=\"article:published_time\" content=\"2012-05-07T16:41:00+00:00\" \/>\n<meta property=\"article:modified_time\" content=\"2019-08-06T16:47:48+00:00\" \/>\n<meta property=\"og:image\" content=\"https:\/\/franciscanos.org.br\/carisma\/wp-content\/uploads\/2019\/08\/clara_fabio_07d.jpg\" \/>\n\t<meta property=\"og:image:width\" content=\"273\" \/>\n\t<meta property=\"og:image:height\" content=\"181\" \/>\n\t<meta property=\"og:image:type\" content=\"image\/jpeg\" \/>\n<meta name=\"author\" content=\"moacir\" \/>\n<meta name=\"twitter:card\" content=\"summary_large_image\" \/>\n<meta name=\"twitter:label1\" content=\"Escrito por\" \/>\n\t<meta name=\"twitter:data1\" content=\"moacir\" \/>\n\t<meta name=\"twitter:label2\" content=\"Est. tempo de leitura\" \/>\n\t<meta name=\"twitter:data2\" content=\"6 minutos\" \/>\n<script type=\"application\/ld+json\" class=\"yoast-schema-graph\">{\"@context\":\"https:\/\/schema.org\",\"@graph\":[{\"@type\":\"WebSite\",\"@id\":\"https:\/\/franciscanos.org.br\/carisma\/#website\",\"url\":\"https:\/\/franciscanos.org.br\/carisma\/\",\"name\":\"Carisma - Franciscanos\",\"description\":\"Prov\u00edncia Franciscana da Imaculada Concei\u00e7\u00e3o do Brasil - Ordem dos Frades Menores\",\"potentialAction\":[{\"@type\":\"SearchAction\",\"target\":{\"@type\":\"EntryPoint\",\"urlTemplate\":\"https:\/\/franciscanos.org.br\/carisma\/?s={search_term_string}\"},\"query-input\":\"required name=search_term_string\"}],\"inLanguage\":\"pt-BR\"},{\"@type\":\"ImageObject\",\"inLanguage\":\"pt-BR\",\"@id\":\"https:\/\/franciscanos.org.br\/carisma\/a-graca-do-silencio-reflexoes-a-partir-do-capitulo-quinto-da-regra-de-santa-clara.html#primaryimage\",\"url\":\"https:\/\/franciscanos.org.br\/carisma\/wp-content\/uploads\/2019\/08\/clara_fabio_07d.jpg\",\"contentUrl\":\"https:\/\/franciscanos.org.br\/carisma\/wp-content\/uploads\/2019\/08\/clara_fabio_07d.jpg\",\"width\":273,\"height\":181},{\"@type\":\"WebPage\",\"@id\":\"https:\/\/franciscanos.org.br\/carisma\/a-graca-do-silencio-reflexoes-a-partir-do-capitulo-quinto-da-regra-de-santa-clara.html#webpage\",\"url\":\"https:\/\/franciscanos.org.br\/carisma\/a-graca-do-silencio-reflexoes-a-partir-do-capitulo-quinto-da-regra-de-santa-clara.html\",\"name\":\"\u201cA gra\u00e7a do sil\u00eancio\u201d: reflex\u00f5es a partir do cap\u00edtulo quinto da Regra de Santa Clara - Carisma - Franciscanos\",\"isPartOf\":{\"@id\":\"https:\/\/franciscanos.org.br\/carisma\/#website\"},\"primaryImageOfPage\":{\"@id\":\"https:\/\/franciscanos.org.br\/carisma\/a-graca-do-silencio-reflexoes-a-partir-do-capitulo-quinto-da-regra-de-santa-clara.html#primaryimage\"},\"datePublished\":\"2012-05-07T16:41:00+00:00\",\"dateModified\":\"2019-08-06T16:47:48+00:00\",\"author\":{\"@id\":\"https:\/\/franciscanos.org.br\/carisma\/#\/schema\/person\/bf14cae4d2151ab6b6e41d96660f93a2\"},\"breadcrumb\":{\"@id\":\"https:\/\/franciscanos.org.br\/carisma\/a-graca-do-silencio-reflexoes-a-partir-do-capitulo-quinto-da-regra-de-santa-clara.html#breadcrumb\"},\"inLanguage\":\"pt-BR\",\"potentialAction\":[{\"@type\":\"ReadAction\",\"target\":[\"https:\/\/franciscanos.org.br\/carisma\/a-graca-do-silencio-reflexoes-a-partir-do-capitulo-quinto-da-regra-de-santa-clara.html\"]}]},{\"@type\":\"BreadcrumbList\",\"@id\":\"https:\/\/franciscanos.org.br\/carisma\/a-graca-do-silencio-reflexoes-a-partir-do-capitulo-quinto-da-regra-de-santa-clara.html#breadcrumb\",\"itemListElement\":[{\"@type\":\"ListItem\",\"position\":1,\"name\":\"Home\",\"item\":\"https:\/\/franciscanos.org.br\/carisma\"},{\"@type\":\"ListItem\",\"position\":2,\"name\":\"\u201cA gra\u00e7a do sil\u00eancio\u201d: reflex\u00f5es a partir do cap\u00edtulo quinto da Regra de Santa Clara\"}]},{\"@type\":\"Person\",\"@id\":\"https:\/\/franciscanos.org.br\/carisma\/#\/schema\/person\/bf14cae4d2151ab6b6e41d96660f93a2\",\"name\":\"moacir\",\"image\":{\"@type\":\"ImageObject\",\"inLanguage\":\"pt-BR\",\"@id\":\"https:\/\/franciscanos.org.br\/carisma\/#\/schema\/person\/image\/\",\"url\":\"https:\/\/secure.gravatar.com\/avatar\/d08aa2ce4c8dd416d4479aa8536fcf64?s=96&d=mm&r=g\",\"contentUrl\":\"https:\/\/secure.gravatar.com\/avatar\/d08aa2ce4c8dd416d4479aa8536fcf64?s=96&d=mm&r=g\",\"caption\":\"moacir\"},\"url\":\"https:\/\/franciscanos.org.br\/carisma\/author\/moacir\"}]}<\/script>\n<!-- \/ Yoast SEO plugin. -->","yoast_head_json":{"title":"\u201cA gra\u00e7a do sil\u00eancio\u201d: reflex\u00f5es a partir do cap\u00edtulo quinto da Regra de Santa Clara - Carisma - Franciscanos","robots":{"index":"index","follow":"follow","max-snippet":"max-snippet:-1","max-image-preview":"max-image-preview:large","max-video-preview":"max-video-preview:-1"},"canonical":"https:\/\/franciscanos.org.br\/carisma\/a-graca-do-silencio-reflexoes-a-partir-do-capitulo-quinto-da-regra-de-santa-clara.html","og_locale":"pt_BR","og_type":"article","og_title":"\u201cA gra\u00e7a do sil\u00eancio\u201d: reflex\u00f5es a partir do cap\u00edtulo quinto da Regra de Santa Clara - Carisma - Franciscanos","og_description":"Santa Clara de Assis - Frei F\u00e1bio Cesar Gomes","og_url":"https:\/\/franciscanos.org.br\/carisma\/a-graca-do-silencio-reflexoes-a-partir-do-capitulo-quinto-da-regra-de-santa-clara.html","og_site_name":"Carisma - Franciscanos","article_published_time":"2012-05-07T16:41:00+00:00","article_modified_time":"2019-08-06T16:47:48+00:00","og_image":[{"width":273,"height":181,"url":"https:\/\/franciscanos.org.br\/carisma\/wp-content\/uploads\/2019\/08\/clara_fabio_07d.jpg","type":"image\/jpeg"}],"author":"moacir","twitter_card":"summary_large_image","twitter_misc":{"Escrito por":"moacir","Est. tempo de leitura":"6 minutos"},"schema":{"@context":"https:\/\/schema.org","@graph":[{"@type":"WebSite","@id":"https:\/\/franciscanos.org.br\/carisma\/#website","url":"https:\/\/franciscanos.org.br\/carisma\/","name":"Carisma - Franciscanos","description":"Prov\u00edncia Franciscana da Imaculada Concei\u00e7\u00e3o do Brasil - Ordem dos Frades Menores","potentialAction":[{"@type":"SearchAction","target":{"@type":"EntryPoint","urlTemplate":"https:\/\/franciscanos.org.br\/carisma\/?s={search_term_string}"},"query-input":"required name=search_term_string"}],"inLanguage":"pt-BR"},{"@type":"ImageObject","inLanguage":"pt-BR","@id":"https:\/\/franciscanos.org.br\/carisma\/a-graca-do-silencio-reflexoes-a-partir-do-capitulo-quinto-da-regra-de-santa-clara.html#primaryimage","url":"https:\/\/franciscanos.org.br\/carisma\/wp-content\/uploads\/2019\/08\/clara_fabio_07d.jpg","contentUrl":"https:\/\/franciscanos.org.br\/carisma\/wp-content\/uploads\/2019\/08\/clara_fabio_07d.jpg","width":273,"height":181},{"@type":"WebPage","@id":"https:\/\/franciscanos.org.br\/carisma\/a-graca-do-silencio-reflexoes-a-partir-do-capitulo-quinto-da-regra-de-santa-clara.html#webpage","url":"https:\/\/franciscanos.org.br\/carisma\/a-graca-do-silencio-reflexoes-a-partir-do-capitulo-quinto-da-regra-de-santa-clara.html","name":"\u201cA gra\u00e7a do sil\u00eancio\u201d: reflex\u00f5es a partir do cap\u00edtulo quinto da Regra de Santa Clara - Carisma - Franciscanos","isPartOf":{"@id":"https:\/\/franciscanos.org.br\/carisma\/#website"},"primaryImageOfPage":{"@id":"https:\/\/franciscanos.org.br\/carisma\/a-graca-do-silencio-reflexoes-a-partir-do-capitulo-quinto-da-regra-de-santa-clara.html#primaryimage"},"datePublished":"2012-05-07T16:41:00+00:00","dateModified":"2019-08-06T16:47:48+00:00","author":{"@id":"https:\/\/franciscanos.org.br\/carisma\/#\/schema\/person\/bf14cae4d2151ab6b6e41d96660f93a2"},"breadcrumb":{"@id":"https:\/\/franciscanos.org.br\/carisma\/a-graca-do-silencio-reflexoes-a-partir-do-capitulo-quinto-da-regra-de-santa-clara.html#breadcrumb"},"inLanguage":"pt-BR","potentialAction":[{"@type":"ReadAction","target":["https:\/\/franciscanos.org.br\/carisma\/a-graca-do-silencio-reflexoes-a-partir-do-capitulo-quinto-da-regra-de-santa-clara.html"]}]},{"@type":"BreadcrumbList","@id":"https:\/\/franciscanos.org.br\/carisma\/a-graca-do-silencio-reflexoes-a-partir-do-capitulo-quinto-da-regra-de-santa-clara.html#breadcrumb","itemListElement":[{"@type":"ListItem","position":1,"name":"Home","item":"https:\/\/franciscanos.org.br\/carisma"},{"@type":"ListItem","position":2,"name":"\u201cA gra\u00e7a do sil\u00eancio\u201d: reflex\u00f5es a partir do cap\u00edtulo quinto da Regra de Santa Clara"}]},{"@type":"Person","@id":"https:\/\/franciscanos.org.br\/carisma\/#\/schema\/person\/bf14cae4d2151ab6b6e41d96660f93a2","name":"moacir","image":{"@type":"ImageObject","inLanguage":"pt-BR","@id":"https:\/\/franciscanos.org.br\/carisma\/#\/schema\/person\/image\/","url":"https:\/\/secure.gravatar.com\/avatar\/d08aa2ce4c8dd416d4479aa8536fcf64?s=96&d=mm&r=g","contentUrl":"https:\/\/secure.gravatar.com\/avatar\/d08aa2ce4c8dd416d4479aa8536fcf64?s=96&d=mm&r=g","caption":"moacir"},"url":"https:\/\/franciscanos.org.br\/carisma\/author\/moacir"}]}},"_links":{"self":[{"href":"https:\/\/franciscanos.org.br\/carisma\/wp-json\/wp\/v2\/posts\/176402"}],"collection":[{"href":"https:\/\/franciscanos.org.br\/carisma\/wp-json\/wp\/v2\/posts"}],"about":[{"href":"https:\/\/franciscanos.org.br\/carisma\/wp-json\/wp\/v2\/types\/post"}],"author":[{"embeddable":true,"href":"https:\/\/franciscanos.org.br\/carisma\/wp-json\/wp\/v2\/users\/3"}],"replies":[{"embeddable":true,"href":"https:\/\/franciscanos.org.br\/carisma\/wp-json\/wp\/v2\/comments?post=176402"}],"version-history":[{"count":1,"href":"https:\/\/franciscanos.org.br\/carisma\/wp-json\/wp\/v2\/posts\/176402\/revisions"}],"predecessor-version":[{"id":176405,"href":"https:\/\/franciscanos.org.br\/carisma\/wp-json\/wp\/v2\/posts\/176402\/revisions\/176405"}],"wp:featuredmedia":[{"embeddable":true,"href":"https:\/\/franciscanos.org.br\/carisma\/wp-json\/wp\/v2\/media\/176404"}],"wp:attachment":[{"href":"https:\/\/franciscanos.org.br\/carisma\/wp-json\/wp\/v2\/media?parent=176402"}],"wp:term":[{"taxonomy":"category","embeddable":true,"href":"https:\/\/franciscanos.org.br\/carisma\/wp-json\/wp\/v2\/categories?post=176402"},{"taxonomy":"post_tag","embeddable":true,"href":"https:\/\/franciscanos.org.br\/carisma\/wp-json\/wp\/v2\/tags?post=176402"}],"curies":[{"name":"wp","href":"https:\/\/api.w.org\/{rel}","templated":true}]}}