{"id":176378,"date":"2011-01-02T13:08:05","date_gmt":"2011-01-02T15:08:05","guid":{"rendered":"https:\/\/franciscanos.org.br\/carisma\/?p=176378"},"modified":"2019-08-06T13:14:12","modified_gmt":"2019-08-06T16:14:12","slug":"clara-cavalheiresca","status":"publish","type":"post","link":"https:\/\/franciscanos.org.br\/carisma\/clara-cavalheiresca.html","title":{"rendered":"Clara cavalheiresca"},"content":{"rendered":"<p><img loading=\"lazy\" class=\"alignnone size-full wp-image-176379\" src=\"https:\/\/franciscanos.org.br\/carisma\/wp-content\/uploads\/2019\/08\/clara_vitorio_4.jpg\" alt=\"\" width=\"840\" height=\"533\" srcset=\"https:\/\/franciscanos.org.br\/carisma\/wp-content\/uploads\/2019\/08\/clara_vitorio_4.jpg 840w, https:\/\/franciscanos.org.br\/carisma\/wp-content\/uploads\/2019\/08\/clara_vitorio_4-450x286.jpg 450w, https:\/\/franciscanos.org.br\/carisma\/wp-content\/uploads\/2019\/08\/clara_vitorio_4-768x487.jpg 768w, https:\/\/franciscanos.org.br\/carisma\/wp-content\/uploads\/2019\/08\/clara_vitorio_4-150x95.jpg 150w\" sizes=\"(max-width: 840px) 100vw, 840px\" \/><\/p>\n<p><strong>Frei Vit\u00f3rio Mazzuco Filho<\/strong><\/p>\n<p>Certamente, essas duas palavras do t\u00edtulo sintetizam bem a m\u00e3e do movimento de Assis. Quando falamos em Clara, relacionamos a palavra com fr\u00e1gil, alva, feminina; quando falamos em cavalheiro, logo pensamos no homem, projetado, viril, poderoso.<\/p>\n<p>Santa Clara integrou as qualidades masculinas sem perder de vista o seu feminino resplandecente. Ela representa a for\u00e7a da quietude da mulher que, de dentro do seu lar, gera o cavaleiro, antes de tudo, aquele ser que vai \u00e0 luta, \u00e0 ca\u00e7a, para prover e conquistar.<\/p>\n<p>\u00c9 do interior que ela prepara a sa\u00edda de todos aqueles que deixam a sua casa para enfrentar o mundo. A mulher \u00e9 respons\u00e1vel pela bem-aventuran\u00e7a daqueles que nos rodeiam. Por isso existe o dito popular: atr\u00e1s de um grande homem, h\u00e1 sempre um feminino de ternura e vigor.<\/p>\n<p>Assim \u00e9 que no eremit\u00e9rio de Clara n\u00e3o h\u00e1 reclus\u00e3o do mundo, porque ela sabia trazer o mundo inteiro para dentro de seu eremit\u00e9rio, explorando cada detalhe da natureza, seus ciclos e vi\u00e7os, motivando as virtudes daqueles que participavam de seu cotidiano.<\/p>\n<p>Antes de qualquer coisa, ela era inteira, inteligente; por\u00e9m, sua intelig\u00eancia passava pelo cora\u00e7\u00e3o. Vivia e experimentava a dimens\u00e3o da mente e do cora\u00e7\u00e3o, era uma mulher transparente, porque as pessoas equilibradas s\u00e3o muito claras e s\u00e3o claras porque v\u00e3o na ess\u00eancia de tudo, e n\u00e3o se apegam no pequeno eu do outro, nem no seu pr\u00f3prio.<\/p>\n<p>Por isso tudo, podemos nomear a mulher como embaixatriz de sua fam\u00edlia, ainda que permane\u00e7a no interior de sua casa. Muito al\u00e9m das fronteiras dela, n\u00f3s podemos observar, pelos frutos, a qualidade de mulher que se encontra l\u00e1 dentro.<\/p>\n<p>Clara confia, e confiar \u00e9 &#8220;fiar-com&#8221;. Ela est\u00e1 presente em tudo o que faz, e somente estando presente \u00e9 poss\u00edvel fiar com algu\u00e9m, s\u00f3 presente voc\u00ea constr\u00f3i e transforma. Algu\u00e9m \u00e9 capaz de respirar no passado? Respirar no futuro? &#8211; O sopro \u00e9 o instante. E o instante \u00e9 sempre inteiro. Por\u00e9m ficar inteira, desperta, \u00e9 um longo aprendizado.<\/p>\n<p>Quase nunca estamos presentes nas coisas que vamos fazendo em nosso cotidiano, nem mesmo quando comemos. Estamos mastigando ainda um alimento e j\u00e1 vamos preparando no prato a pr\u00f3xima garfada. \u00c9 preciso abrir a escuta para o presente, a aten\u00e7\u00e3o, o estar ereto. Pode ser complexo, mas n\u00e3o \u00e9 nada dif\u00edcil.<\/p>\n<p>Era justamente com sua presen\u00e7a que Clara animava com gentileza &#8211; isto \u00e9 muito feminino. Animava o Cristo Bonito (masculino e feminino do Cristo) e sua grande contribui\u00e7\u00e3o foi trazer ao Deus masculino da \u00e9poca, suas qualidades femininas.<\/p>\n<p>E \u00e9 bom lembrar aqui que n\u00f3s nascemos com o feminino e o masculino em nossa natureza humana, mas eles s\u00f3 podem ser potencializados no encontro, nas pessoas que passam pela nossa vida. \u00c9 assim que o masculino nos faz mais femininos, integrando o Espelho e o Vigor: &#8220;Feliz \u00e9 voc\u00ea que olha dentro desse espelho todos os dias, rainha, livre na sua vida, e espelha nele, sem cessar, o seu rosto, para enfeitar-se toda, interior e exteriormente, vestida e cingida de variedade, ou seja, ornada de flores e perfume, mas resplandecente em suas roupas de virtudes, esposa car\u00edssima do Sumo Rei. Pois nesse espelho \u00e9 preciso olhar-se inteira. Preste aten\u00e7\u00e3o, considere a humildade e a inef\u00e1vel caridade, O pr\u00f3prio espelho adverte, s\u00f3 nele, inteira, voc\u00ea vai poder contemplar com a gra\u00e7a de Deus!&#8221;<\/p>\n<p>Assim Clara v\u00ea no espelho o Cristo Total (pai e m\u00e3e) e se v\u00ea nesse mesmo espelho. Precisamos, tamb\u00e9m n\u00f3s, olharmos no nosso espelho interior, assumir o que somos, n\u00e3o podemos fugir do nosso Eu Sou, porque infalivelmente, vamos sempre terminar em frente ao espelho.<\/p>\n<p>Clara sabia quem ela era, qual era o seu desejo, e ela s\u00f3 p\u00f4de ser livre porque sabia quem era. Ela tinha o espelho interiorizado nela, n\u00e3o era pe\u00e7a de adorno do seu toucador. Por\u00e9m, para descobrir-se \u00e9 preciso questionar-se, pois mesmo Deus n\u00e3o \u00e9 uma resposta pronta para a nossa pergunta. Deus \u00e9 uma pergunta constante para as nossas respostas. Por isso Ele \u00e9 infinito.<\/p>\n<p>Quando oramos demais, talvez n\u00e3o deixemos espa\u00e7o para essas perguntas, espa\u00e7o para o vazio que \u00e9 fecundo, para o vazio onde Deus faz-se obra em n\u00f3s. E isso Clara entendeu bem. Ela abriu espa\u00e7o para Deus em sua vida, tirou as quinquilharias, envolveu-se com a hist\u00f3ria de seu povo e envolver-se \u00e9 estar dentro das situa\u00e7\u00f5es, dos sentimentos que envolvem essas situa\u00e7\u00f5es, \u00e9 fiar com as pessoas que experimentam conosco essas situa\u00e7\u00f5es. \u00c9 n\u00e3o estarmos alienados, confinados em nossas cren\u00e7as, transbordados de palavras repetitivas que nem entendemos direito!<\/p>\n<p>Por isso \u00e9 preciso dar um passo a mais&#8230; buscar nossos piores defeitos e usar essa for\u00e7a para que nos conduza aos nossos mais nobres dons, sem preconceitos como &#8220;o homem n\u00e3o chora&#8221;. Por que n\u00e3o chora? Se a l\u00e1grima lava, limpa, alivia, porque \u00e9 transparente, \u00e9 clara, espelho da nossa emo\u00e7\u00e3o. Se a l\u00e1grima est\u00e1 ali, por que repres\u00e1-la? Reprimi-la? \u00c9 preciso fazer do preconceito uma pergunta: Por que homem n\u00e3o chora? Se aquele que chora \u00e9 maior que o homem!<\/p>\n<p>Para finalizar, vamos falar da anima e do \u00e2nimus de Jung. O lado psicol\u00f3gico, na maioria das vezes, \u00e9 entendido como o lado da an\u00e1lise, mas a an\u00e1lise pode ser um m\u00e9todo de redu\u00e7\u00e3o, que tenta explicar o todo por uma parte. A an\u00e1lise trata muito do negativo, da sombra em n\u00f3s, mas nem sempre nos orienta claramente a transformar nossa sombra em luz.<\/p>\n<p>Por outro lado, a religi\u00e3o fala muito do divino, olha muito para o divino, l\u00e1 no alto de sua luz, mas nem sempre nos orienta a assumir nossa sombra para poder integr\u00e1-la e super\u00e1-la de vez. No entanto, desde Clara e Francisco, seres ecol\u00f3gicos, femininos e masculinos, n\u00f3s sentimos que h\u00e1 uma crian\u00e7a sendo parida &#8211; \u00e9 a convoca\u00e7\u00e3o para a plenitude &#8211; a crian\u00e7a plena, embora ainda crian\u00e7a, mas plena.<\/p>\n<p>Clara e Francisco nos chamam a que sejamos terapeutas, porque essa \u00e9 a tarefa de cada um de n\u00f3s, facilitar o parto dessa crian\u00e7a plena. Inspirados pelo ideal de que 1+1 nunca seja 2, por\u00e9m 3. Eu &#8211; Voc\u00ea e o Amor. Francisco &#8211; Clara e Voc\u00ea&#8230; no Espelho! Paz e Bem!<\/p>\n<p><strong>P.S.l &#8211;<\/strong> Houve uma din\u00e2mica em que as pessoas se olharam em um espelho que levava Francisco de um lado e Clara de outro, deixando o meio livre para que o espelho refletisse a imagem de quem se olhava.<\/p>\n<p><strong>P.S.2 &#8211;<\/strong> S\u00edntese de uma reflex\u00e3o elaborada por leigos no 27\u00b0 Encontro de Espiritualidade Franciscana, realizado de 19 a 22 de junho de 2003, no Semin\u00e1rio de Agudos, com grupo que h\u00e1 13 anos caminha com Frei Vitorio Mazzuco, buscando ilumina\u00e7\u00e3o das pr\u00e1ticas atrav\u00e9s da m\u00edstica de Clara e Francisco. Esta s\u00edntese foi elaborada por Maria Let\u00edcia Martins.<\/p>\n","protected":false},"excerpt":{"rendered":"<p>Santa Clara de Assis &#8211; Frei Vitorio Mazzuco<\/p>\n","protected":false},"author":3,"featured_media":176380,"comment_status":"open","ping_status":"open","sticky":false,"template":"","format":"standard","meta":[],"categories":[65],"tags":[108],"yoast_head":"<!-- This site is optimized with the Yoast SEO plugin v19.2 - https:\/\/yoast.com\/wordpress\/plugins\/seo\/ -->\n<title>Clara cavalheiresca - Carisma - Franciscanos<\/title>\n<meta name=\"robots\" content=\"index, follow, max-snippet:-1, max-image-preview:large, max-video-preview:-1\" \/>\n<link rel=\"canonical\" href=\"https:\/\/franciscanos.org.br\/carisma\/clara-cavalheiresca.html\" \/>\n<meta property=\"og:locale\" content=\"pt_BR\" \/>\n<meta property=\"og:type\" content=\"article\" \/>\n<meta property=\"og:title\" content=\"Clara cavalheiresca - Carisma - Franciscanos\" \/>\n<meta property=\"og:description\" content=\"Santa Clara de Assis - Frei Vitorio Mazzuco\" \/>\n<meta property=\"og:url\" content=\"https:\/\/franciscanos.org.br\/carisma\/clara-cavalheiresca.html\" \/>\n<meta property=\"og:site_name\" content=\"Carisma - Franciscanos\" \/>\n<meta property=\"article:published_time\" content=\"2011-01-02T15:08:05+00:00\" \/>\n<meta property=\"article:modified_time\" content=\"2019-08-06T16:14:12+00:00\" \/>\n<meta property=\"og:image\" content=\"https:\/\/franciscanos.org.br\/carisma\/wp-content\/uploads\/2019\/08\/clara_vitorio_4d.jpg\" \/>\n\t<meta property=\"og:image:width\" content=\"273\" \/>\n\t<meta property=\"og:image:height\" content=\"181\" \/>\n\t<meta property=\"og:image:type\" content=\"image\/jpeg\" \/>\n<meta name=\"author\" content=\"moacir\" \/>\n<meta name=\"twitter:card\" content=\"summary_large_image\" \/>\n<meta name=\"twitter:label1\" content=\"Escrito por\" \/>\n\t<meta name=\"twitter:data1\" content=\"moacir\" \/>\n\t<meta name=\"twitter:label2\" content=\"Est. tempo de leitura\" \/>\n\t<meta name=\"twitter:data2\" content=\"6 minutos\" \/>\n<script type=\"application\/ld+json\" class=\"yoast-schema-graph\">{\"@context\":\"https:\/\/schema.org\",\"@graph\":[{\"@type\":\"WebSite\",\"@id\":\"https:\/\/franciscanos.org.br\/carisma\/#website\",\"url\":\"https:\/\/franciscanos.org.br\/carisma\/\",\"name\":\"Carisma - Franciscanos\",\"description\":\"Prov\u00edncia Franciscana da Imaculada Concei\u00e7\u00e3o do Brasil - Ordem dos Frades Menores\",\"potentialAction\":[{\"@type\":\"SearchAction\",\"target\":{\"@type\":\"EntryPoint\",\"urlTemplate\":\"https:\/\/franciscanos.org.br\/carisma\/?s={search_term_string}\"},\"query-input\":\"required name=search_term_string\"}],\"inLanguage\":\"pt-BR\"},{\"@type\":\"ImageObject\",\"inLanguage\":\"pt-BR\",\"@id\":\"https:\/\/franciscanos.org.br\/carisma\/clara-cavalheiresca.html#primaryimage\",\"url\":\"https:\/\/franciscanos.org.br\/carisma\/wp-content\/uploads\/2019\/08\/clara_vitorio_4d.jpg\",\"contentUrl\":\"https:\/\/franciscanos.org.br\/carisma\/wp-content\/uploads\/2019\/08\/clara_vitorio_4d.jpg\",\"width\":273,\"height\":181},{\"@type\":\"WebPage\",\"@id\":\"https:\/\/franciscanos.org.br\/carisma\/clara-cavalheiresca.html#webpage\",\"url\":\"https:\/\/franciscanos.org.br\/carisma\/clara-cavalheiresca.html\",\"name\":\"Clara cavalheiresca - Carisma - Franciscanos\",\"isPartOf\":{\"@id\":\"https:\/\/franciscanos.org.br\/carisma\/#website\"},\"primaryImageOfPage\":{\"@id\":\"https:\/\/franciscanos.org.br\/carisma\/clara-cavalheiresca.html#primaryimage\"},\"datePublished\":\"2011-01-02T15:08:05+00:00\",\"dateModified\":\"2019-08-06T16:14:12+00:00\",\"author\":{\"@id\":\"https:\/\/franciscanos.org.br\/carisma\/#\/schema\/person\/bf14cae4d2151ab6b6e41d96660f93a2\"},\"breadcrumb\":{\"@id\":\"https:\/\/franciscanos.org.br\/carisma\/clara-cavalheiresca.html#breadcrumb\"},\"inLanguage\":\"pt-BR\",\"potentialAction\":[{\"@type\":\"ReadAction\",\"target\":[\"https:\/\/franciscanos.org.br\/carisma\/clara-cavalheiresca.html\"]}]},{\"@type\":\"BreadcrumbList\",\"@id\":\"https:\/\/franciscanos.org.br\/carisma\/clara-cavalheiresca.html#breadcrumb\",\"itemListElement\":[{\"@type\":\"ListItem\",\"position\":1,\"name\":\"Home\",\"item\":\"https:\/\/franciscanos.org.br\/carisma\"},{\"@type\":\"ListItem\",\"position\":2,\"name\":\"Clara cavalheiresca\"}]},{\"@type\":\"Person\",\"@id\":\"https:\/\/franciscanos.org.br\/carisma\/#\/schema\/person\/bf14cae4d2151ab6b6e41d96660f93a2\",\"name\":\"moacir\",\"image\":{\"@type\":\"ImageObject\",\"inLanguage\":\"pt-BR\",\"@id\":\"https:\/\/franciscanos.org.br\/carisma\/#\/schema\/person\/image\/\",\"url\":\"https:\/\/secure.gravatar.com\/avatar\/d08aa2ce4c8dd416d4479aa8536fcf64?s=96&d=mm&r=g\",\"contentUrl\":\"https:\/\/secure.gravatar.com\/avatar\/d08aa2ce4c8dd416d4479aa8536fcf64?s=96&d=mm&r=g\",\"caption\":\"moacir\"},\"url\":\"https:\/\/franciscanos.org.br\/carisma\/author\/moacir\"}]}<\/script>\n<!-- \/ Yoast SEO plugin. -->","yoast_head_json":{"title":"Clara cavalheiresca - Carisma - Franciscanos","robots":{"index":"index","follow":"follow","max-snippet":"max-snippet:-1","max-image-preview":"max-image-preview:large","max-video-preview":"max-video-preview:-1"},"canonical":"https:\/\/franciscanos.org.br\/carisma\/clara-cavalheiresca.html","og_locale":"pt_BR","og_type":"article","og_title":"Clara cavalheiresca - Carisma - Franciscanos","og_description":"Santa Clara de Assis - Frei Vitorio Mazzuco","og_url":"https:\/\/franciscanos.org.br\/carisma\/clara-cavalheiresca.html","og_site_name":"Carisma - Franciscanos","article_published_time":"2011-01-02T15:08:05+00:00","article_modified_time":"2019-08-06T16:14:12+00:00","og_image":[{"width":273,"height":181,"url":"https:\/\/franciscanos.org.br\/carisma\/wp-content\/uploads\/2019\/08\/clara_vitorio_4d.jpg","type":"image\/jpeg"}],"author":"moacir","twitter_card":"summary_large_image","twitter_misc":{"Escrito por":"moacir","Est. tempo de leitura":"6 minutos"},"schema":{"@context":"https:\/\/schema.org","@graph":[{"@type":"WebSite","@id":"https:\/\/franciscanos.org.br\/carisma\/#website","url":"https:\/\/franciscanos.org.br\/carisma\/","name":"Carisma - Franciscanos","description":"Prov\u00edncia Franciscana da Imaculada Concei\u00e7\u00e3o do Brasil - Ordem dos Frades Menores","potentialAction":[{"@type":"SearchAction","target":{"@type":"EntryPoint","urlTemplate":"https:\/\/franciscanos.org.br\/carisma\/?s={search_term_string}"},"query-input":"required name=search_term_string"}],"inLanguage":"pt-BR"},{"@type":"ImageObject","inLanguage":"pt-BR","@id":"https:\/\/franciscanos.org.br\/carisma\/clara-cavalheiresca.html#primaryimage","url":"https:\/\/franciscanos.org.br\/carisma\/wp-content\/uploads\/2019\/08\/clara_vitorio_4d.jpg","contentUrl":"https:\/\/franciscanos.org.br\/carisma\/wp-content\/uploads\/2019\/08\/clara_vitorio_4d.jpg","width":273,"height":181},{"@type":"WebPage","@id":"https:\/\/franciscanos.org.br\/carisma\/clara-cavalheiresca.html#webpage","url":"https:\/\/franciscanos.org.br\/carisma\/clara-cavalheiresca.html","name":"Clara cavalheiresca - Carisma - Franciscanos","isPartOf":{"@id":"https:\/\/franciscanos.org.br\/carisma\/#website"},"primaryImageOfPage":{"@id":"https:\/\/franciscanos.org.br\/carisma\/clara-cavalheiresca.html#primaryimage"},"datePublished":"2011-01-02T15:08:05+00:00","dateModified":"2019-08-06T16:14:12+00:00","author":{"@id":"https:\/\/franciscanos.org.br\/carisma\/#\/schema\/person\/bf14cae4d2151ab6b6e41d96660f93a2"},"breadcrumb":{"@id":"https:\/\/franciscanos.org.br\/carisma\/clara-cavalheiresca.html#breadcrumb"},"inLanguage":"pt-BR","potentialAction":[{"@type":"ReadAction","target":["https:\/\/franciscanos.org.br\/carisma\/clara-cavalheiresca.html"]}]},{"@type":"BreadcrumbList","@id":"https:\/\/franciscanos.org.br\/carisma\/clara-cavalheiresca.html#breadcrumb","itemListElement":[{"@type":"ListItem","position":1,"name":"Home","item":"https:\/\/franciscanos.org.br\/carisma"},{"@type":"ListItem","position":2,"name":"Clara cavalheiresca"}]},{"@type":"Person","@id":"https:\/\/franciscanos.org.br\/carisma\/#\/schema\/person\/bf14cae4d2151ab6b6e41d96660f93a2","name":"moacir","image":{"@type":"ImageObject","inLanguage":"pt-BR","@id":"https:\/\/franciscanos.org.br\/carisma\/#\/schema\/person\/image\/","url":"https:\/\/secure.gravatar.com\/avatar\/d08aa2ce4c8dd416d4479aa8536fcf64?s=96&d=mm&r=g","contentUrl":"https:\/\/secure.gravatar.com\/avatar\/d08aa2ce4c8dd416d4479aa8536fcf64?s=96&d=mm&r=g","caption":"moacir"},"url":"https:\/\/franciscanos.org.br\/carisma\/author\/moacir"}]}},"_links":{"self":[{"href":"https:\/\/franciscanos.org.br\/carisma\/wp-json\/wp\/v2\/posts\/176378"}],"collection":[{"href":"https:\/\/franciscanos.org.br\/carisma\/wp-json\/wp\/v2\/posts"}],"about":[{"href":"https:\/\/franciscanos.org.br\/carisma\/wp-json\/wp\/v2\/types\/post"}],"author":[{"embeddable":true,"href":"https:\/\/franciscanos.org.br\/carisma\/wp-json\/wp\/v2\/users\/3"}],"replies":[{"embeddable":true,"href":"https:\/\/franciscanos.org.br\/carisma\/wp-json\/wp\/v2\/comments?post=176378"}],"version-history":[{"count":1,"href":"https:\/\/franciscanos.org.br\/carisma\/wp-json\/wp\/v2\/posts\/176378\/revisions"}],"predecessor-version":[{"id":176381,"href":"https:\/\/franciscanos.org.br\/carisma\/wp-json\/wp\/v2\/posts\/176378\/revisions\/176381"}],"wp:featuredmedia":[{"embeddable":true,"href":"https:\/\/franciscanos.org.br\/carisma\/wp-json\/wp\/v2\/media\/176380"}],"wp:attachment":[{"href":"https:\/\/franciscanos.org.br\/carisma\/wp-json\/wp\/v2\/media?parent=176378"}],"wp:term":[{"taxonomy":"category","embeddable":true,"href":"https:\/\/franciscanos.org.br\/carisma\/wp-json\/wp\/v2\/categories?post=176378"},{"taxonomy":"post_tag","embeddable":true,"href":"https:\/\/franciscanos.org.br\/carisma\/wp-json\/wp\/v2\/tags?post=176378"}],"curies":[{"name":"wp","href":"https:\/\/api.w.org\/{rel}","templated":true}]}}