{"id":176374,"date":"2011-01-02T13:02:00","date_gmt":"2011-01-02T15:02:00","guid":{"rendered":"https:\/\/franciscanos.org.br\/carisma\/?p=176374"},"modified":"2019-08-06T13:07:20","modified_gmt":"2019-08-06T16:07:20","slug":"clara-e-francisco-um-encontro-que-acende","status":"publish","type":"post","link":"https:\/\/franciscanos.org.br\/carisma\/clara-e-francisco-um-encontro-que-acende.html","title":{"rendered":"Clara e francisco: um encontro que acende!"},"content":{"rendered":"<p><img loading=\"lazy\" class=\"alignnone size-full wp-image-176375\" src=\"https:\/\/franciscanos.org.br\/carisma\/wp-content\/uploads\/2019\/08\/clara_vitorio_3.jpg\" alt=\"\" width=\"840\" height=\"473\" srcset=\"https:\/\/franciscanos.org.br\/carisma\/wp-content\/uploads\/2019\/08\/clara_vitorio_3.jpg 840w, https:\/\/franciscanos.org.br\/carisma\/wp-content\/uploads\/2019\/08\/clara_vitorio_3-450x253.jpg 450w, https:\/\/franciscanos.org.br\/carisma\/wp-content\/uploads\/2019\/08\/clara_vitorio_3-768x432.jpg 768w, https:\/\/franciscanos.org.br\/carisma\/wp-content\/uploads\/2019\/08\/clara_vitorio_3-150x84.jpg 150w\" sizes=\"(max-width: 840px) 100vw, 840px\" \/><\/p>\n<p><strong>Frei Vit\u00f3rio Mazzuco Filho<\/strong><\/p>\n<p>Francisco j\u00e1 havia feito um caminho de seis anos ap\u00f3s a sua convers\u00e3o quando transformou em realidade a vertente feminina do franciscanismo: A Ordem das \u201cPobres Damas\u201d. Clara chegou para confirmar a sua convers\u00e3o. Uma mulher sempre fecunda a id\u00e9ia de um homem e faz tornar-se concreto aquilo que num homem \u00e9 apenas sonho. Clara fez do sonho de Francisco caminho e comunidade, igualando-o na via da perfei\u00e7\u00e3o.<\/p>\n<p>Temos que resgatar as palavras de Omer Englebert, em sua Vida de S\u00e3o Francisco de Assis: \u201cClara possu\u00eda grande bom senso, um cora\u00e7\u00e3o afetuoso e fiel, uma doce e prudente obstina\u00e7\u00e3o, uma coragem que n\u00e3o recuava diante de nada. Tinha o dom de fazer-se amar e era t\u00e3o persuasiva que Francisco, os cardeais e os papas acabavam cedendo ao seu parecer (\u2026). Clara \u00e9 seguramente uma das figuras femininas mais nobres e encantadoras de que a hist\u00f3ria tem not\u00edcia.\u201d<\/p>\n<p>Francisco deixou Clara conduzir sua experi\u00eancia a seu modo. N\u00e3o foi muito a S\u00e3o Dami\u00e3o respeitando sempre a originalidade e a sacralidade \u00edntima daquele lugar. Continuemos com Omer Englebert:<\/p>\n<p>\u201cSe, por v\u00e1rios anos, S\u00e3o Francisco deixou de percorrer com a mesma assiduidade de antes o caminho que leva da Porci\u00fancula a S\u00e3o Dami\u00e3o, foi sobretudo para instru\u00e7\u00e3o dos seus: \u201cN\u00e3o penseis, dizia aos que o censuravam, que meu amor por irm\u00e3 Clara e suas companheiras tenha diminu\u00eddo, mas \u00e9 que devo servir-vos de exemplo. O minist\u00e9rio das irm\u00e3s somente devem exerc\u00ea-lo aqueles que tenham demonstrado, atrav\u00e9s de longa experi\u00eancia, possuir o esp\u00edrito de Deus\u201d. E para que entendessem seu pensamento, lhes contou a seguinte par\u00e1bola:<\/p>\n<p>Um rei enviou dois embaixadores \u00e0 rainha. Quando regressaram e prestaram contas de sua miss\u00e3o, o pr\u00edncipe lhes perguntou que impress\u00e3o tiveram da rainha.<br \/>\n\u2013 Senhor, respondeu o primeiro, tendes deveras uma mulher formos\u00edssima. Feliz daquele que possa ter uma semelhante!<br \/>\n\u2013 E tu, que pensas da rainha? Perguntou ao segundo.<br \/>\n\u2013 Impressionou-me, respondeu, a aten\u00e7\u00e3o com que escutava as instru\u00e7\u00f5es que lhe transmiti de sua parte.<br \/>\n\u2013 E n\u00e3o a achaste bela?<br \/>\n\u2013 Senhor, \u00e9 a v\u00f3s que cabe julgar a respeito disso; a mim n\u00e3o cabia outra coisa sen\u00e3o transmitir-lhe vossa mensagem. O rei emitiu ent\u00e3o esta senten\u00e7a:<br \/>\n\u2013 Teus olhos s\u00e3o castos, disse ao que acabava de falar, e quero recompensar-te: daqui para adiante permanecer\u00e1s comigo. Quanto a ti, disse ao indiscreto que havia pousado seus olhares imp\u00fadicos sobre a rainha, sai daqui e n\u00e3o voltes jamais a macular o meu pal\u00e1cio com a tua presen\u00e7a.<\/p>\n<p>\u201cSe j\u00e1 os reis da terra t\u00eam tais exig\u00eancias, acrescentou Francisco, que pureza de olhar n\u00e3o tem direito de exigir Cristo daqueles que ele envia junto \u00e0s suas esposas!\u201d<\/p>\n<p>Parece, ademais, que o Santo n\u00e3o mortificou suas filhas al\u00e9m da justa medida. Os Fioretti relatam que um dia consentiu em convidar Clara para um jantar em Santa Maria dos Anjos. Tratava-se de um favor que a abadessa de S\u00e3o Dami\u00e3o h\u00e1 tempo procurava em v\u00e3o obter. Confiou sua causa aos amigos mais caros de Francisco, que tamb\u00e9m eram seus, os quais foram dizer ao Santo:<br \/>\n\u2013 \u00c9 excessivo e contr\u00e1rio \u00e0 caridade divina o rigor com que recusas atender ao desejo de Clara, virgem t\u00e3o piedosa e cara ao Senhor. N\u00e3o esque\u00e7as que, afinal, ela \u00e9 tua plantinha espiritual e que foram tuas exorta\u00e7\u00f5es que a tiraram das ilus\u00f5es do s\u00e9culo.<br \/>\n\u2013 Ent\u00e3o, pensais que devo jantar com ela?<br \/>\n\u2013 Seguramente! E ainda que te pedisse muito mais, tu devias lho conceder.<br \/>\n\u2013 Pois bem, se este \u00e9 vosso parecer, concordo convosco. E para que seja maior o contentamento de nossa irm\u00e3 Clara, tomaremos a refei\u00e7\u00e3o aqui na Porci\u00fancula. Pois h\u00e1 muito tempo que ela vive reclusa em S\u00e3o Dami\u00e3o e nada poder\u00e1 agradar-lhe mais do que rever o lugar de seus esponsais com o Senhor.<\/p>\n<p>No dia combinado, Clara chegou acompanhada de outra irm\u00e3. Com humildade e devo\u00e7\u00e3o venerou primeiro a imagem de Nossa Senhora dos Anjos que dominava o altar onde outrora ela havia recebido o v\u00e9u e cortado seus cabelos; em seguida, enquanto chegava a hora da refei\u00e7\u00e3o, visitou o eremit\u00e9rio at\u00e9 os \u00faltimos rec\u00f4nditos. Francisco, que, segundo seu costume, fizera servir a mesa sobre o ch\u00e3o, sentou ao lado dela; os demais tomaram seus respectivos lugares e todos se dispuseram a comer. Mal, por\u00e9m, haviam tomado os primeiros bocados, Francisco se p\u00f4s a falar de Deus e todos foram arrebatados em \u00eaxtase.<\/p>\n<p>Logo, uma multid\u00e3o acorreu ao convento. Eram habitantes de Assis, de Bettona e arredores que, vendo chamas sobre o bosque, acreditavam ter irrompido um grande inc\u00eandio em Santa Maria dos Anjos, e vinham para apag\u00e1-lo. Mas puderam constatar que n\u00e3o havia dano algum. Quando, ao entrar na sala do banquete, encontraram Francisco e os demais comensais com as m\u00e3os juntas e os olhos fixos no c\u00e9u, compreenderam que as chamas que pensaram ver eram as do amor divino em que ardiam aqueles santos personagens; e retiraram-se edificados e confortados.<\/p>\n<p>Acrescentam os Fioretti que foi tal a abund\u00e2ncia de consola\u00e7\u00f5es espirituais, que S\u00e3o Francisco, Santa Clara e os demais irm\u00e3os mal tocaram nos alimentos, e v\u00e1rios deles n\u00e3o provaram sequer bocado\u201d.<\/p>\n<p>N\u00e3o s\u00e3o apenas as necessidades provenientes da fome do alimento material que re\u00fane pessoas \u00e0 mesa. As pessoas que se amam muito precisam celebrar o encontro onde o \u00fanico alimento \u00e9 a sintonia, a vibra\u00e7\u00e3o interior, o esp\u00edrito comum, a viv\u00eancia do mesmo projeto de vida e a mesma busca do Amado.<\/p>\n<p>A Fraternidade alimenta-se da presen\u00e7a; no cora\u00e7\u00e3o do outro e da outra vive a sua transcendente experi\u00eancia:<\/p>\n<p>\u201cNunca existiu uni\u00e3o mais \u00edntima e harmoniosa do que entre Santa Clara e S\u00e3o Francisco; nunca duas almas estiveram t\u00e3o de acordo na sua maneira de apreciar as coisas da terra e do c\u00e9u. Por vezes se pergunta qual dos dois copia o outro; tanto se parecem os seus tra\u00e7os e seus reflexos que tal semelhan\u00e7a parece resultar de uma esp\u00e9cie de consang\u00fcidade espiritual. O ideal do Pobrezinho se conservou sempre puro naquele cora\u00e7\u00e3o filial que guardava inalter\u00e1vel o dep\u00f3sito de suas mais belas inspira\u00e7\u00f5es e, qual l\u00edmpido espelho, refletia sua mais fiel imagem. Por isso, nas horas de desalento e de trevas, veremos Francisco regressar aos humildes muros de S\u00e3o Dami\u00e3o, ber\u00e7o de sua voca\u00e7\u00e3o, para buscar junto \u00e0 sua filha espiritual o consolo e a confian\u00e7a de que necessita\u201d.<\/p>\n<p>Francisco e Clara ensinam para n\u00f3s que o humano se define em rela\u00e7\u00f5es. Encontrar-se \u00e9 dividir e transmitir o fervor existencial que contagia o cora\u00e7\u00e3o. O encontro puro e l\u00edmpido de Clara e Francisco est\u00e1 dentro de uma forte viv\u00eancia, por isso \u00e9 um dom gracioso. O forte Amor pelo mesmo Amado aprofunda o encontro e coloca os dois nos acontecimentos do cotidiano com maior profundidade. Isso \u00e9 que ilumina o sil\u00eancio, a fala, a mesa, o fato. A chama do Amor se debru\u00e7a sobre a cena para comemorar a experi\u00eancia do encontro; n\u00e3o \u00e9 s\u00f3 um encontro que ilumina, mas que acende!<\/p>\n","protected":false},"excerpt":{"rendered":"<p>Santa Clara de Assis &#8211; Frei Vitorio Mazzuco<\/p>\n","protected":false},"author":3,"featured_media":176376,"comment_status":"open","ping_status":"open","sticky":false,"template":"","format":"standard","meta":[],"categories":[65],"tags":[108],"yoast_head":"<!-- This site is optimized with the Yoast SEO plugin v19.2 - https:\/\/yoast.com\/wordpress\/plugins\/seo\/ -->\n<title>Clara e francisco: um encontro que acende! - Carisma - Franciscanos<\/title>\n<meta name=\"robots\" content=\"index, follow, max-snippet:-1, max-image-preview:large, max-video-preview:-1\" \/>\n<link rel=\"canonical\" href=\"https:\/\/franciscanos.org.br\/carisma\/clara-e-francisco-um-encontro-que-acende.html\" \/>\n<meta property=\"og:locale\" content=\"pt_BR\" \/>\n<meta property=\"og:type\" content=\"article\" \/>\n<meta property=\"og:title\" content=\"Clara e francisco: um encontro que acende! - Carisma - Franciscanos\" \/>\n<meta property=\"og:description\" content=\"Santa Clara de Assis - Frei Vitorio Mazzuco\" \/>\n<meta property=\"og:url\" content=\"https:\/\/franciscanos.org.br\/carisma\/clara-e-francisco-um-encontro-que-acende.html\" \/>\n<meta property=\"og:site_name\" content=\"Carisma - Franciscanos\" \/>\n<meta property=\"article:published_time\" content=\"2011-01-02T15:02:00+00:00\" \/>\n<meta property=\"article:modified_time\" content=\"2019-08-06T16:07:20+00:00\" \/>\n<meta property=\"og:image\" content=\"https:\/\/franciscanos.org.br\/carisma\/wp-content\/uploads\/2019\/08\/clara_vitorio_3d.jpg\" \/>\n\t<meta property=\"og:image:width\" content=\"273\" \/>\n\t<meta property=\"og:image:height\" content=\"181\" \/>\n\t<meta property=\"og:image:type\" content=\"image\/jpeg\" \/>\n<meta name=\"author\" content=\"moacir\" \/>\n<meta name=\"twitter:card\" content=\"summary_large_image\" \/>\n<meta name=\"twitter:label1\" content=\"Escrito por\" \/>\n\t<meta name=\"twitter:data1\" content=\"moacir\" \/>\n\t<meta name=\"twitter:label2\" content=\"Est. tempo de leitura\" \/>\n\t<meta name=\"twitter:data2\" content=\"6 minutos\" \/>\n<script type=\"application\/ld+json\" class=\"yoast-schema-graph\">{\"@context\":\"https:\/\/schema.org\",\"@graph\":[{\"@type\":\"WebSite\",\"@id\":\"https:\/\/franciscanos.org.br\/carisma\/#website\",\"url\":\"https:\/\/franciscanos.org.br\/carisma\/\",\"name\":\"Carisma - Franciscanos\",\"description\":\"Prov\u00edncia Franciscana da Imaculada Concei\u00e7\u00e3o do Brasil - Ordem dos Frades Menores\",\"potentialAction\":[{\"@type\":\"SearchAction\",\"target\":{\"@type\":\"EntryPoint\",\"urlTemplate\":\"https:\/\/franciscanos.org.br\/carisma\/?s={search_term_string}\"},\"query-input\":\"required name=search_term_string\"}],\"inLanguage\":\"pt-BR\"},{\"@type\":\"ImageObject\",\"inLanguage\":\"pt-BR\",\"@id\":\"https:\/\/franciscanos.org.br\/carisma\/clara-e-francisco-um-encontro-que-acende.html#primaryimage\",\"url\":\"https:\/\/franciscanos.org.br\/carisma\/wp-content\/uploads\/2019\/08\/clara_vitorio_3d.jpg\",\"contentUrl\":\"https:\/\/franciscanos.org.br\/carisma\/wp-content\/uploads\/2019\/08\/clara_vitorio_3d.jpg\",\"width\":273,\"height\":181},{\"@type\":\"WebPage\",\"@id\":\"https:\/\/franciscanos.org.br\/carisma\/clara-e-francisco-um-encontro-que-acende.html#webpage\",\"url\":\"https:\/\/franciscanos.org.br\/carisma\/clara-e-francisco-um-encontro-que-acende.html\",\"name\":\"Clara e francisco: um encontro que acende! - Carisma - Franciscanos\",\"isPartOf\":{\"@id\":\"https:\/\/franciscanos.org.br\/carisma\/#website\"},\"primaryImageOfPage\":{\"@id\":\"https:\/\/franciscanos.org.br\/carisma\/clara-e-francisco-um-encontro-que-acende.html#primaryimage\"},\"datePublished\":\"2011-01-02T15:02:00+00:00\",\"dateModified\":\"2019-08-06T16:07:20+00:00\",\"author\":{\"@id\":\"https:\/\/franciscanos.org.br\/carisma\/#\/schema\/person\/bf14cae4d2151ab6b6e41d96660f93a2\"},\"breadcrumb\":{\"@id\":\"https:\/\/franciscanos.org.br\/carisma\/clara-e-francisco-um-encontro-que-acende.html#breadcrumb\"},\"inLanguage\":\"pt-BR\",\"potentialAction\":[{\"@type\":\"ReadAction\",\"target\":[\"https:\/\/franciscanos.org.br\/carisma\/clara-e-francisco-um-encontro-que-acende.html\"]}]},{\"@type\":\"BreadcrumbList\",\"@id\":\"https:\/\/franciscanos.org.br\/carisma\/clara-e-francisco-um-encontro-que-acende.html#breadcrumb\",\"itemListElement\":[{\"@type\":\"ListItem\",\"position\":1,\"name\":\"Home\",\"item\":\"https:\/\/franciscanos.org.br\/carisma\"},{\"@type\":\"ListItem\",\"position\":2,\"name\":\"Clara e francisco: um encontro que acende!\"}]},{\"@type\":\"Person\",\"@id\":\"https:\/\/franciscanos.org.br\/carisma\/#\/schema\/person\/bf14cae4d2151ab6b6e41d96660f93a2\",\"name\":\"moacir\",\"image\":{\"@type\":\"ImageObject\",\"inLanguage\":\"pt-BR\",\"@id\":\"https:\/\/franciscanos.org.br\/carisma\/#\/schema\/person\/image\/\",\"url\":\"https:\/\/secure.gravatar.com\/avatar\/d08aa2ce4c8dd416d4479aa8536fcf64?s=96&d=mm&r=g\",\"contentUrl\":\"https:\/\/secure.gravatar.com\/avatar\/d08aa2ce4c8dd416d4479aa8536fcf64?s=96&d=mm&r=g\",\"caption\":\"moacir\"},\"url\":\"https:\/\/franciscanos.org.br\/carisma\/author\/moacir\"}]}<\/script>\n<!-- \/ Yoast SEO plugin. -->","yoast_head_json":{"title":"Clara e francisco: um encontro que acende! - Carisma - Franciscanos","robots":{"index":"index","follow":"follow","max-snippet":"max-snippet:-1","max-image-preview":"max-image-preview:large","max-video-preview":"max-video-preview:-1"},"canonical":"https:\/\/franciscanos.org.br\/carisma\/clara-e-francisco-um-encontro-que-acende.html","og_locale":"pt_BR","og_type":"article","og_title":"Clara e francisco: um encontro que acende! - Carisma - Franciscanos","og_description":"Santa Clara de Assis - Frei Vitorio Mazzuco","og_url":"https:\/\/franciscanos.org.br\/carisma\/clara-e-francisco-um-encontro-que-acende.html","og_site_name":"Carisma - Franciscanos","article_published_time":"2011-01-02T15:02:00+00:00","article_modified_time":"2019-08-06T16:07:20+00:00","og_image":[{"width":273,"height":181,"url":"https:\/\/franciscanos.org.br\/carisma\/wp-content\/uploads\/2019\/08\/clara_vitorio_3d.jpg","type":"image\/jpeg"}],"author":"moacir","twitter_card":"summary_large_image","twitter_misc":{"Escrito por":"moacir","Est. tempo de leitura":"6 minutos"},"schema":{"@context":"https:\/\/schema.org","@graph":[{"@type":"WebSite","@id":"https:\/\/franciscanos.org.br\/carisma\/#website","url":"https:\/\/franciscanos.org.br\/carisma\/","name":"Carisma - Franciscanos","description":"Prov\u00edncia Franciscana da Imaculada Concei\u00e7\u00e3o do Brasil - Ordem dos Frades Menores","potentialAction":[{"@type":"SearchAction","target":{"@type":"EntryPoint","urlTemplate":"https:\/\/franciscanos.org.br\/carisma\/?s={search_term_string}"},"query-input":"required name=search_term_string"}],"inLanguage":"pt-BR"},{"@type":"ImageObject","inLanguage":"pt-BR","@id":"https:\/\/franciscanos.org.br\/carisma\/clara-e-francisco-um-encontro-que-acende.html#primaryimage","url":"https:\/\/franciscanos.org.br\/carisma\/wp-content\/uploads\/2019\/08\/clara_vitorio_3d.jpg","contentUrl":"https:\/\/franciscanos.org.br\/carisma\/wp-content\/uploads\/2019\/08\/clara_vitorio_3d.jpg","width":273,"height":181},{"@type":"WebPage","@id":"https:\/\/franciscanos.org.br\/carisma\/clara-e-francisco-um-encontro-que-acende.html#webpage","url":"https:\/\/franciscanos.org.br\/carisma\/clara-e-francisco-um-encontro-que-acende.html","name":"Clara e francisco: um encontro que acende! - Carisma - Franciscanos","isPartOf":{"@id":"https:\/\/franciscanos.org.br\/carisma\/#website"},"primaryImageOfPage":{"@id":"https:\/\/franciscanos.org.br\/carisma\/clara-e-francisco-um-encontro-que-acende.html#primaryimage"},"datePublished":"2011-01-02T15:02:00+00:00","dateModified":"2019-08-06T16:07:20+00:00","author":{"@id":"https:\/\/franciscanos.org.br\/carisma\/#\/schema\/person\/bf14cae4d2151ab6b6e41d96660f93a2"},"breadcrumb":{"@id":"https:\/\/franciscanos.org.br\/carisma\/clara-e-francisco-um-encontro-que-acende.html#breadcrumb"},"inLanguage":"pt-BR","potentialAction":[{"@type":"ReadAction","target":["https:\/\/franciscanos.org.br\/carisma\/clara-e-francisco-um-encontro-que-acende.html"]}]},{"@type":"BreadcrumbList","@id":"https:\/\/franciscanos.org.br\/carisma\/clara-e-francisco-um-encontro-que-acende.html#breadcrumb","itemListElement":[{"@type":"ListItem","position":1,"name":"Home","item":"https:\/\/franciscanos.org.br\/carisma"},{"@type":"ListItem","position":2,"name":"Clara e francisco: um encontro que acende!"}]},{"@type":"Person","@id":"https:\/\/franciscanos.org.br\/carisma\/#\/schema\/person\/bf14cae4d2151ab6b6e41d96660f93a2","name":"moacir","image":{"@type":"ImageObject","inLanguage":"pt-BR","@id":"https:\/\/franciscanos.org.br\/carisma\/#\/schema\/person\/image\/","url":"https:\/\/secure.gravatar.com\/avatar\/d08aa2ce4c8dd416d4479aa8536fcf64?s=96&d=mm&r=g","contentUrl":"https:\/\/secure.gravatar.com\/avatar\/d08aa2ce4c8dd416d4479aa8536fcf64?s=96&d=mm&r=g","caption":"moacir"},"url":"https:\/\/franciscanos.org.br\/carisma\/author\/moacir"}]}},"_links":{"self":[{"href":"https:\/\/franciscanos.org.br\/carisma\/wp-json\/wp\/v2\/posts\/176374"}],"collection":[{"href":"https:\/\/franciscanos.org.br\/carisma\/wp-json\/wp\/v2\/posts"}],"about":[{"href":"https:\/\/franciscanos.org.br\/carisma\/wp-json\/wp\/v2\/types\/post"}],"author":[{"embeddable":true,"href":"https:\/\/franciscanos.org.br\/carisma\/wp-json\/wp\/v2\/users\/3"}],"replies":[{"embeddable":true,"href":"https:\/\/franciscanos.org.br\/carisma\/wp-json\/wp\/v2\/comments?post=176374"}],"version-history":[{"count":1,"href":"https:\/\/franciscanos.org.br\/carisma\/wp-json\/wp\/v2\/posts\/176374\/revisions"}],"predecessor-version":[{"id":176377,"href":"https:\/\/franciscanos.org.br\/carisma\/wp-json\/wp\/v2\/posts\/176374\/revisions\/176377"}],"wp:featuredmedia":[{"embeddable":true,"href":"https:\/\/franciscanos.org.br\/carisma\/wp-json\/wp\/v2\/media\/176376"}],"wp:attachment":[{"href":"https:\/\/franciscanos.org.br\/carisma\/wp-json\/wp\/v2\/media?parent=176374"}],"wp:term":[{"taxonomy":"category","embeddable":true,"href":"https:\/\/franciscanos.org.br\/carisma\/wp-json\/wp\/v2\/categories?post=176374"},{"taxonomy":"post_tag","embeddable":true,"href":"https:\/\/franciscanos.org.br\/carisma\/wp-json\/wp\/v2\/tags?post=176374"}],"curies":[{"name":"wp","href":"https:\/\/api.w.org\/{rel}","templated":true}]}}