{"id":176369,"date":"2019-08-06T11:21:46","date_gmt":"2019-08-06T14:21:46","guid":{"rendered":"https:\/\/franciscanos.org.br\/carisma\/?p=176369"},"modified":"2019-08-06T14:58:45","modified_gmt":"2019-08-06T17:58:45","slug":"santa-clara-em-quatro-tempos-iv","status":"publish","type":"post","link":"https:\/\/franciscanos.org.br\/carisma\/santa-clara-em-quatro-tempos-iv.html","title":{"rendered":"Santa Clara em quatro tempos \u2013 IV"},"content":{"rendered":"<h3><img loading=\"lazy\" class=\"alignright size-full wp-image-176371\" src=\"https:\/\/franciscanos.org.br\/carisma\/wp-content\/uploads\/2019\/08\/clara_quatro.jpg\" alt=\"\" width=\"434\" height=\"650\" srcset=\"https:\/\/franciscanos.org.br\/carisma\/wp-content\/uploads\/2019\/08\/clara_quatro.jpg 434w, https:\/\/franciscanos.org.br\/carisma\/wp-content\/uploads\/2019\/08\/clara_quatro-300x450.jpg 300w, https:\/\/franciscanos.org.br\/carisma\/wp-content\/uploads\/2019\/08\/clara_quatro-150x225.jpg 150w\" sizes=\"(max-width: 434px) 100vw, 434px\" \/>Quarto tempo<\/h3>\n<h3>Clara veste o h\u00e1bito da penit\u00eancia e desposa Cristo<\/h3>\n<p>Ajoelharam-se todos, os irm\u00e3os, Clara e a tia, diante do altar, olhando felizes para a escura imagem de Nossa Senhora. Ent\u00e3o Francisco se colocou em p\u00e9, diante dela, com uma t\u00fanica nos bra\u00e7os. Alguns irm\u00e3os se colocaram ao redor dela com tochas parecendo est\u00e1tuas de bronze. Os demais ficaram de fora pois a capela era muito pequena. E dentro, no mais sagrado sil\u00eancio, Francisco falou: \u201cIrm\u00e3, eu lhe concedo a veste celestial da pobreza\u201d.<\/p>\n<p>\u201cEu lhe agrade\u00e7o\u201d, respondeu Clara.<\/p>\n<p>A tia ajudou a tirar as joias e o vestido de seda branca, Francisco a vestiu com o h\u00e1bito, uma r\u00fastica t\u00fanica marrom, remendada em v\u00e1rios lugares e amarrada na cintura com uma corda grossa.<\/p>\n<p>\u201cTeu sapatos, irm\u00e3\u201d, disse ele.<\/p>\n<p>Ela descal\u00e7ou seus sapatinhos de seda vermelha e cal\u00e7ou um par de sand\u00e1lias de madeira.<\/p>\n<p>\u201cE\u201d&#8230; N\u00e3o chegou a falar nada, mas um irm\u00e3o lhe alcan\u00e7ou uma tesoura.<\/p>\n<p>Ela o fixou com alegria porque quanto mais se lhe tirava, tanto mais rica ela se tornava para o servi\u00e7o do Reino dos C\u00e9us. Ela ajeitou os cabelos soltos que ca\u00edam sobre seus ombros como um manto dourado e inclinou-se para frente.<\/p>\n<p>Ele com as m\u00e3os escuras, longas e magras apanhou os maravilhosos cabelos e abriu e fechou a tesoura tr\u00eas ou quatro vezes. Cada vez que sua m\u00e3o se abria, os cachos dos cabelos iam caindo desordenadamente sobre suas roupas de seda, sua gargantilha de prata, sua boina enfeitada de p\u00e9rolas, suas joias e sapatilhas que estavam espalhadas no ch\u00e3o como um buqu\u00ea de flores murchas.<\/p>\n<p>Ent\u00e3o, concedeu-lhe sua b\u00ean\u00e7\u00e3o. \u201cIrm\u00e3\u201d, disse ele, \u201cagora voc\u00ea \u00e9 a noiva do Rei da Luz\u201d.<\/p>\n<p>Agradecida, ela olhou para ele e l\u00e1grimas correram pelas suas faces. Os irm\u00e3os come\u00e7aram a cantar: \u201cOs filhos dos hebreus, com ramos de oliveira, foram ao encontro do Senhor\u201d. Suas vozes ecoaram pela floresta respondendo a este canto.<\/p>\n<p>\u201cVem, irm\u00e3, chamou Francisco, e juntos sa\u00edram do c\u00edrculo dos irm\u00e3os, que continuavam cantando, ladeados por dois irm\u00e3os conduzindo tochas. Para esconder das f\u00faria de seu pai o precioso tesouro, puseram-se a caminho do Mosteiro de S\u00e3o Paulo das Abadias que ficava em algum lugar perto do lago.<\/p>\n<p>A lua caminhava com eles.<\/p>\n<hr \/>\n<p><em>Felix Timmermans<\/em><br \/>\n<em>A harpa de S\u00e3o Francisco<\/em><br \/>\n<em>Vozes, p. 172-174<\/em><\/p>\n<p><strong>FIM<\/strong><\/p>\n","protected":false},"excerpt":{"rendered":"<p>Quarto tempo:  Clara veste o h\u00e1bito da penit\u00eancia e desposa Cristo | Frei Almir Guimar\u00e3es<\/p>\n","protected":false},"author":3,"featured_media":176370,"comment_status":"open","ping_status":"open","sticky":false,"template":"","format":"standard","meta":[],"categories":[65],"tags":[108],"yoast_head":"<!-- This site is optimized with the Yoast SEO plugin v19.2 - https:\/\/yoast.com\/wordpress\/plugins\/seo\/ -->\n<title>Santa Clara em quatro tempos \u2013 IV - Carisma - Franciscanos<\/title>\n<meta name=\"robots\" content=\"index, follow, max-snippet:-1, max-image-preview:large, max-video-preview:-1\" \/>\n<link rel=\"canonical\" href=\"https:\/\/franciscanos.org.br\/carisma\/santa-clara-em-quatro-tempos-iv.html\" \/>\n<meta property=\"og:locale\" content=\"pt_BR\" \/>\n<meta property=\"og:type\" content=\"article\" \/>\n<meta property=\"og:title\" content=\"Santa Clara em quatro tempos \u2013 IV - Carisma - Franciscanos\" \/>\n<meta property=\"og:description\" content=\"Quarto tempo: Clara veste o h\u00e1bito da penit\u00eancia e desposa Cristo | Frei Almir Guimar\u00e3es\" \/>\n<meta property=\"og:url\" content=\"https:\/\/franciscanos.org.br\/carisma\/santa-clara-em-quatro-tempos-iv.html\" \/>\n<meta property=\"og:site_name\" content=\"Carisma - Franciscanos\" \/>\n<meta property=\"article:published_time\" content=\"2019-08-06T14:21:46+00:00\" \/>\n<meta property=\"article:modified_time\" content=\"2019-08-06T17:58:45+00:00\" \/>\n<meta property=\"og:image\" content=\"https:\/\/franciscanos.org.br\/carisma\/wp-content\/uploads\/2019\/08\/clara_quatrod.jpg\" \/>\n\t<meta property=\"og:image:width\" content=\"273\" \/>\n\t<meta property=\"og:image:height\" content=\"181\" \/>\n\t<meta property=\"og:image:type\" content=\"image\/jpeg\" \/>\n<meta name=\"author\" content=\"moacir\" \/>\n<meta name=\"twitter:card\" content=\"summary_large_image\" \/>\n<meta name=\"twitter:label1\" content=\"Escrito por\" \/>\n\t<meta name=\"twitter:data1\" content=\"moacir\" \/>\n\t<meta name=\"twitter:label2\" content=\"Est. tempo de leitura\" \/>\n\t<meta name=\"twitter:data2\" content=\"2 minutos\" \/>\n<script type=\"application\/ld+json\" class=\"yoast-schema-graph\">{\"@context\":\"https:\/\/schema.org\",\"@graph\":[{\"@type\":\"WebSite\",\"@id\":\"https:\/\/franciscanos.org.br\/carisma\/#website\",\"url\":\"https:\/\/franciscanos.org.br\/carisma\/\",\"name\":\"Carisma - Franciscanos\",\"description\":\"Prov\u00edncia Franciscana da Imaculada Concei\u00e7\u00e3o do Brasil - Ordem dos Frades Menores\",\"potentialAction\":[{\"@type\":\"SearchAction\",\"target\":{\"@type\":\"EntryPoint\",\"urlTemplate\":\"https:\/\/franciscanos.org.br\/carisma\/?s={search_term_string}\"},\"query-input\":\"required name=search_term_string\"}],\"inLanguage\":\"pt-BR\"},{\"@type\":\"ImageObject\",\"inLanguage\":\"pt-BR\",\"@id\":\"https:\/\/franciscanos.org.br\/carisma\/santa-clara-em-quatro-tempos-iv.html#primaryimage\",\"url\":\"https:\/\/franciscanos.org.br\/carisma\/wp-content\/uploads\/2019\/08\/clara_quatrod.jpg\",\"contentUrl\":\"https:\/\/franciscanos.org.br\/carisma\/wp-content\/uploads\/2019\/08\/clara_quatrod.jpg\",\"width\":273,\"height\":181},{\"@type\":\"WebPage\",\"@id\":\"https:\/\/franciscanos.org.br\/carisma\/santa-clara-em-quatro-tempos-iv.html#webpage\",\"url\":\"https:\/\/franciscanos.org.br\/carisma\/santa-clara-em-quatro-tempos-iv.html\",\"name\":\"Santa Clara em quatro tempos \u2013 IV - Carisma - Franciscanos\",\"isPartOf\":{\"@id\":\"https:\/\/franciscanos.org.br\/carisma\/#website\"},\"primaryImageOfPage\":{\"@id\":\"https:\/\/franciscanos.org.br\/carisma\/santa-clara-em-quatro-tempos-iv.html#primaryimage\"},\"datePublished\":\"2019-08-06T14:21:46+00:00\",\"dateModified\":\"2019-08-06T17:58:45+00:00\",\"author\":{\"@id\":\"https:\/\/franciscanos.org.br\/carisma\/#\/schema\/person\/bf14cae4d2151ab6b6e41d96660f93a2\"},\"breadcrumb\":{\"@id\":\"https:\/\/franciscanos.org.br\/carisma\/santa-clara-em-quatro-tempos-iv.html#breadcrumb\"},\"inLanguage\":\"pt-BR\",\"potentialAction\":[{\"@type\":\"ReadAction\",\"target\":[\"https:\/\/franciscanos.org.br\/carisma\/santa-clara-em-quatro-tempos-iv.html\"]}]},{\"@type\":\"BreadcrumbList\",\"@id\":\"https:\/\/franciscanos.org.br\/carisma\/santa-clara-em-quatro-tempos-iv.html#breadcrumb\",\"itemListElement\":[{\"@type\":\"ListItem\",\"position\":1,\"name\":\"Home\",\"item\":\"https:\/\/franciscanos.org.br\/carisma\"},{\"@type\":\"ListItem\",\"position\":2,\"name\":\"Santa Clara em quatro tempos \u2013 IV\"}]},{\"@type\":\"Person\",\"@id\":\"https:\/\/franciscanos.org.br\/carisma\/#\/schema\/person\/bf14cae4d2151ab6b6e41d96660f93a2\",\"name\":\"moacir\",\"image\":{\"@type\":\"ImageObject\",\"inLanguage\":\"pt-BR\",\"@id\":\"https:\/\/franciscanos.org.br\/carisma\/#\/schema\/person\/image\/\",\"url\":\"https:\/\/secure.gravatar.com\/avatar\/d08aa2ce4c8dd416d4479aa8536fcf64?s=96&d=mm&r=g\",\"contentUrl\":\"https:\/\/secure.gravatar.com\/avatar\/d08aa2ce4c8dd416d4479aa8536fcf64?s=96&d=mm&r=g\",\"caption\":\"moacir\"},\"url\":\"https:\/\/franciscanos.org.br\/carisma\/author\/moacir\"}]}<\/script>\n<!-- \/ Yoast SEO plugin. -->","yoast_head_json":{"title":"Santa Clara em quatro tempos \u2013 IV - Carisma - Franciscanos","robots":{"index":"index","follow":"follow","max-snippet":"max-snippet:-1","max-image-preview":"max-image-preview:large","max-video-preview":"max-video-preview:-1"},"canonical":"https:\/\/franciscanos.org.br\/carisma\/santa-clara-em-quatro-tempos-iv.html","og_locale":"pt_BR","og_type":"article","og_title":"Santa Clara em quatro tempos \u2013 IV - Carisma - Franciscanos","og_description":"Quarto tempo: Clara veste o h\u00e1bito da penit\u00eancia e desposa Cristo | Frei Almir Guimar\u00e3es","og_url":"https:\/\/franciscanos.org.br\/carisma\/santa-clara-em-quatro-tempos-iv.html","og_site_name":"Carisma - Franciscanos","article_published_time":"2019-08-06T14:21:46+00:00","article_modified_time":"2019-08-06T17:58:45+00:00","og_image":[{"width":273,"height":181,"url":"https:\/\/franciscanos.org.br\/carisma\/wp-content\/uploads\/2019\/08\/clara_quatrod.jpg","type":"image\/jpeg"}],"author":"moacir","twitter_card":"summary_large_image","twitter_misc":{"Escrito por":"moacir","Est. tempo de leitura":"2 minutos"},"schema":{"@context":"https:\/\/schema.org","@graph":[{"@type":"WebSite","@id":"https:\/\/franciscanos.org.br\/carisma\/#website","url":"https:\/\/franciscanos.org.br\/carisma\/","name":"Carisma - Franciscanos","description":"Prov\u00edncia Franciscana da Imaculada Concei\u00e7\u00e3o do Brasil - Ordem dos Frades Menores","potentialAction":[{"@type":"SearchAction","target":{"@type":"EntryPoint","urlTemplate":"https:\/\/franciscanos.org.br\/carisma\/?s={search_term_string}"},"query-input":"required name=search_term_string"}],"inLanguage":"pt-BR"},{"@type":"ImageObject","inLanguage":"pt-BR","@id":"https:\/\/franciscanos.org.br\/carisma\/santa-clara-em-quatro-tempos-iv.html#primaryimage","url":"https:\/\/franciscanos.org.br\/carisma\/wp-content\/uploads\/2019\/08\/clara_quatrod.jpg","contentUrl":"https:\/\/franciscanos.org.br\/carisma\/wp-content\/uploads\/2019\/08\/clara_quatrod.jpg","width":273,"height":181},{"@type":"WebPage","@id":"https:\/\/franciscanos.org.br\/carisma\/santa-clara-em-quatro-tempos-iv.html#webpage","url":"https:\/\/franciscanos.org.br\/carisma\/santa-clara-em-quatro-tempos-iv.html","name":"Santa Clara em quatro tempos \u2013 IV - Carisma - Franciscanos","isPartOf":{"@id":"https:\/\/franciscanos.org.br\/carisma\/#website"},"primaryImageOfPage":{"@id":"https:\/\/franciscanos.org.br\/carisma\/santa-clara-em-quatro-tempos-iv.html#primaryimage"},"datePublished":"2019-08-06T14:21:46+00:00","dateModified":"2019-08-06T17:58:45+00:00","author":{"@id":"https:\/\/franciscanos.org.br\/carisma\/#\/schema\/person\/bf14cae4d2151ab6b6e41d96660f93a2"},"breadcrumb":{"@id":"https:\/\/franciscanos.org.br\/carisma\/santa-clara-em-quatro-tempos-iv.html#breadcrumb"},"inLanguage":"pt-BR","potentialAction":[{"@type":"ReadAction","target":["https:\/\/franciscanos.org.br\/carisma\/santa-clara-em-quatro-tempos-iv.html"]}]},{"@type":"BreadcrumbList","@id":"https:\/\/franciscanos.org.br\/carisma\/santa-clara-em-quatro-tempos-iv.html#breadcrumb","itemListElement":[{"@type":"ListItem","position":1,"name":"Home","item":"https:\/\/franciscanos.org.br\/carisma"},{"@type":"ListItem","position":2,"name":"Santa Clara em quatro tempos \u2013 IV"}]},{"@type":"Person","@id":"https:\/\/franciscanos.org.br\/carisma\/#\/schema\/person\/bf14cae4d2151ab6b6e41d96660f93a2","name":"moacir","image":{"@type":"ImageObject","inLanguage":"pt-BR","@id":"https:\/\/franciscanos.org.br\/carisma\/#\/schema\/person\/image\/","url":"https:\/\/secure.gravatar.com\/avatar\/d08aa2ce4c8dd416d4479aa8536fcf64?s=96&d=mm&r=g","contentUrl":"https:\/\/secure.gravatar.com\/avatar\/d08aa2ce4c8dd416d4479aa8536fcf64?s=96&d=mm&r=g","caption":"moacir"},"url":"https:\/\/franciscanos.org.br\/carisma\/author\/moacir"}]}},"_links":{"self":[{"href":"https:\/\/franciscanos.org.br\/carisma\/wp-json\/wp\/v2\/posts\/176369"}],"collection":[{"href":"https:\/\/franciscanos.org.br\/carisma\/wp-json\/wp\/v2\/posts"}],"about":[{"href":"https:\/\/franciscanos.org.br\/carisma\/wp-json\/wp\/v2\/types\/post"}],"author":[{"embeddable":true,"href":"https:\/\/franciscanos.org.br\/carisma\/wp-json\/wp\/v2\/users\/3"}],"replies":[{"embeddable":true,"href":"https:\/\/franciscanos.org.br\/carisma\/wp-json\/wp\/v2\/comments?post=176369"}],"version-history":[{"count":4,"href":"https:\/\/franciscanos.org.br\/carisma\/wp-json\/wp\/v2\/posts\/176369\/revisions"}],"predecessor-version":[{"id":176442,"href":"https:\/\/franciscanos.org.br\/carisma\/wp-json\/wp\/v2\/posts\/176369\/revisions\/176442"}],"wp:featuredmedia":[{"embeddable":true,"href":"https:\/\/franciscanos.org.br\/carisma\/wp-json\/wp\/v2\/media\/176370"}],"wp:attachment":[{"href":"https:\/\/franciscanos.org.br\/carisma\/wp-json\/wp\/v2\/media?parent=176369"}],"wp:term":[{"taxonomy":"category","embeddable":true,"href":"https:\/\/franciscanos.org.br\/carisma\/wp-json\/wp\/v2\/categories?post=176369"},{"taxonomy":"post_tag","embeddable":true,"href":"https:\/\/franciscanos.org.br\/carisma\/wp-json\/wp\/v2\/tags?post=176369"}],"curies":[{"name":"wp","href":"https:\/\/api.w.org\/{rel}","templated":true}]}}