{"id":176364,"date":"2011-01-02T10:51:56","date_gmt":"2011-01-02T12:51:56","guid":{"rendered":"https:\/\/franciscanos.org.br\/carisma\/?p=176364"},"modified":"2019-08-06T10:58:04","modified_gmt":"2019-08-06T13:58:04","slug":"seu-nome-e-clara-de-assis","status":"publish","type":"post","link":"https:\/\/franciscanos.org.br\/carisma\/seu-nome-e-clara-de-assis.html","title":{"rendered":"Seu nome \u00e9 Clara de Assis"},"content":{"rendered":"<p><strong><img loading=\"lazy\" class=\"alignleft wp-image-176365 size-full\" src=\"https:\/\/franciscanos.org.br\/carisma\/wp-content\/uploads\/2019\/08\/clara_nome.png\" alt=\"\" width=\"503\" height=\"650\" srcset=\"https:\/\/franciscanos.org.br\/carisma\/wp-content\/uploads\/2019\/08\/clara_nome.png 503w, https:\/\/franciscanos.org.br\/carisma\/wp-content\/uploads\/2019\/08\/clara_nome-348x450.png 348w, https:\/\/franciscanos.org.br\/carisma\/wp-content\/uploads\/2019\/08\/clara_nome-150x194.png 150w\" sizes=\"(max-width: 503px) 100vw, 503px\" \/>Frei Vit\u00f3rio Mazzuco Filho<\/strong><\/p>\n<p>A m\u00e3e Hortolana teve uma gravidez complicada com a possibilidade de n\u00e3o ser bem sucedida na hora de dar \u00e0 luz a mais um fruto do seu ventre. Quando a vida de um filho ou uma filha corre perigo toda m\u00e3e agiganta-se na f\u00e9. Hortolana entrega a Deus a sua fecundidade maternal e sente a seguran\u00e7a e a certeza que v\u00eam das for\u00e7as divinas, percebe que quem dela vai nascer \u00e9 fruto da paz e serenidade; acredita que ser\u00e1 um parto de luz a aclarar o mundo. Muitos nomes foram sugeridos, mas a sua escolha \u00e9 Clara! Clara \u00e9 seu nome!<\/p>\n<p>Para o mundo b\u00edblico dar nome \u00e9 trazer para a vida e para o sentido desta vida. Ter nome \u00e9 ter um papel a cumprir, uma miss\u00e3o a concretizar. O que n\u00e3o tem nome n\u00e3o existe. Clara \u00e9 seu nome!<\/p>\n<p>A hist\u00f3ria da espiritualidade \u00e9 a hist\u00f3ria da luz, quem nasceu para iluminar caminhos s\u00f3 poderia ter um nome como este. Esta menina nasceu para incendiar a vida com a chama do Amor. \u00c9 prof\u00e9tica a conhecida afirma\u00e7\u00e3o de Tomas de Celano: &#8220;Foi nobre de nascimento e muito mais pela gra\u00e7a. Foi virgem no corpo e pur\u00edssima no cora\u00e7\u00e3o; jovem em idade mas amadurecida no esp\u00edrito. Firme na decis\u00e3o e ardent\u00edssima no amor de Deus. Rica em sabedoria sobressaiu na humildade. Foi Clara de nome, mais clara por sua vida e clar\u00edssima em suas virtudes. Sobre ela foi edificada uma estrutura das mais preciosas p\u00e9rolas, cujo louvor n\u00e3o vem dos homens mas de Deus. \u00c9 imposs\u00edvel compreend\u00ea-la com nossa estreita intelig\u00eancia e apresent\u00e1-la em poucas palavras&#8221;. (1 Cel 8, 18-19) Clara nasce em Assis no dia 16 de julho de 1193. \u00c9 batizada na catedral de S\u00e3o Rufino com o nome escolhido pela m\u00e3e iniciando a\u00ed uma clara hist\u00f3ria. Seu pai \u00e9 o Conde Favarone, nobre e cavaleiro, personalidade forte mas muito terno e afetuoso com seu filho e filhas. \u00c9 descendente dos Offreduccio Favarone di Bernardino, uma fam\u00edlia da melhor estirpe. Sua m\u00e3e, Hortolana, Condessa de Sasso Rosso, \u00e9 uma mulher com o &#8220;esprit du finesse&#8221; caracter\u00edstico das grandes damas medievais. \u00c9 devota, s\u00e1bia e segura. Ap\u00f3s a morte do marido junta-se \u00e0s filhas em S\u00e3o Dami\u00e3o.<\/p>\n<p>Clara tem um irm\u00e3o chamando Boso e tr\u00eas irm\u00e3s: Pessenda, In\u00eas e Beatriz. As duas \u00faltimas seguiram Clara na experi\u00eancia contemplativa das Senhoras Damas Pobres.<\/p>\n<p>Fam\u00edlia rica e influente em Assis os Offreduccio Favarone poderiam oferecer \u00e0 filha um matrim\u00f4nio de bens e de dotes e um sonhado futuro de riquezas. Contudo Clara nasceu para conduzir vidas para Deus e seu matrim\u00f4nio foi escolher o Esposo, o Rei dos Reis, num esponsal m\u00edstico.<br \/>\n\u00c9 o seu nome que inspira o conte\u00fado maravilhoso da sua Bula de Canoniza\u00e7\u00e3o. Num trocadilho impressionante o documento revela que na grandeza de um nome est\u00e1 a sua miss\u00e3o:<\/p>\n<p style=\"padding-left: 40px;\">o &#8220;Clara, preclara por seus claros m\u00e9ritos, clareia claramente no c\u00e9u pela claridade da grande gl\u00f3ria (&#8230;) sua virtude resplandece para os mortais com sinais magn\u00edficos.<br \/>\no Esta Clara foi distinguida aqui por suas obras f\u00falgidas, esta Clara \u00e9 clarificada no alto pela plenitude da luz divina.<br \/>\no \u00d3 Clara, dotada de tantos modos pelos t\u00edtulos da claridade! Foste clara antes da convers\u00e3o, mais clara na convers\u00e3o, preclara por teu comportamento.<br \/>\no O mundo recebeu de Clara um claro espelho de exemplo.<br \/>\no Em casa foi luminosa como um raio, no claustro teve o clar\u00e3o de um rel\u00e2mpago.<br \/>\no Brilhou na vida, irradia depois da morte!<br \/>\no Foi Clara na terra e reluz no c\u00e9u!<br \/>\no Como \u00e9 grande a veem\u00eancia de sua luz e como \u00e9 veemente a ilumina\u00e7\u00e3o de sua claridade!<br \/>\no Ficava esta luz fechada no segredo do claustro, mas emitia raios brilhantes para fora. Recolhia-se no estreito convento, e se espalhava pelo amplo mundo.<br \/>\no Clara se calava, mas sua fama clamava.<br \/>\no Ela foi um elevado candelabro da santidade, brilhando com for\u00e7a no tabern\u00e1culo do Senhor, e para seu enorme esplendor correram e correm tantas, querendo em sua luz acender suas l\u00e2mpadas.<br \/>\no Vigilante no cuidado<br \/>\nEsfor\u00e7ada no esp\u00edrito<br \/>\nAtenta na exorta\u00e7\u00e3o<br \/>\nDiligente para admoestar<br \/>\nPrestimosa para se compadecer<br \/>\nDiscreta para se calar<br \/>\nMadura no sil\u00eancio<br \/>\nExperimentada em todas as coisas oportunas<br \/>\nPara um perfeito governo<br \/>\nQuerendo mais prestar servi\u00e7o que dominar e mais honrar do que ser honrada.<\/p>\n<p style=\"padding-left: 40px;\">o Vaso da humildade<br \/>\no Arm\u00e1rio da castidade<br \/>\no Ardor da caridade<br \/>\no Do\u00e7ura da bondade<br \/>\no For\u00e7a da paci\u00eancia<br \/>\no V\u00ednculo de paz e comunh\u00e3o de familiaridade<br \/>\no Mansa de palavra, doce nas atitudes, em tudo am\u00e1vel e bem aceita<br \/>\no Neste espelho de vida as irm\u00e3s contemplaram os caminhos da vida.<\/p>\n<p>Na beleza deste nome um modo de ser. Na grandeza deste nome a dignidade de ser mulher e santa. Na for\u00e7a deste nome um programa de vida. Clara M\u00e3e, Clara Irm\u00e3, rogai por n\u00f3s!<\/p>\n","protected":false},"excerpt":{"rendered":"<p>Santa Clara de Assis &#8211; Frei Vitorio Mazzuco<\/p>\n","protected":false},"author":3,"featured_media":176366,"comment_status":"open","ping_status":"open","sticky":false,"template":"","format":"standard","meta":[],"categories":[65],"tags":[108],"yoast_head":"<!-- This site is optimized with the Yoast SEO plugin v19.2 - https:\/\/yoast.com\/wordpress\/plugins\/seo\/ -->\n<title>Seu nome \u00e9 Clara de Assis - Carisma - Franciscanos<\/title>\n<meta name=\"robots\" content=\"index, follow, max-snippet:-1, max-image-preview:large, max-video-preview:-1\" \/>\n<link rel=\"canonical\" href=\"https:\/\/franciscanos.org.br\/carisma\/seu-nome-e-clara-de-assis.html\" \/>\n<meta property=\"og:locale\" content=\"pt_BR\" \/>\n<meta property=\"og:type\" content=\"article\" \/>\n<meta property=\"og:title\" content=\"Seu nome \u00e9 Clara de Assis - Carisma - Franciscanos\" \/>\n<meta property=\"og:description\" content=\"Santa Clara de Assis - Frei Vitorio Mazzuco\" \/>\n<meta property=\"og:url\" content=\"https:\/\/franciscanos.org.br\/carisma\/seu-nome-e-clara-de-assis.html\" \/>\n<meta property=\"og:site_name\" content=\"Carisma - Franciscanos\" \/>\n<meta property=\"article:published_time\" content=\"2011-01-02T12:51:56+00:00\" \/>\n<meta property=\"article:modified_time\" content=\"2019-08-06T13:58:04+00:00\" \/>\n<meta property=\"og:image\" content=\"https:\/\/franciscanos.org.br\/carisma\/wp-content\/uploads\/2019\/08\/clara_nome_d.png\" \/>\n\t<meta property=\"og:image:width\" content=\"273\" \/>\n\t<meta property=\"og:image:height\" content=\"181\" \/>\n\t<meta property=\"og:image:type\" content=\"image\/png\" \/>\n<meta name=\"author\" content=\"moacir\" \/>\n<meta name=\"twitter:card\" content=\"summary_large_image\" \/>\n<meta name=\"twitter:label1\" content=\"Escrito por\" \/>\n\t<meta name=\"twitter:data1\" content=\"moacir\" \/>\n\t<meta name=\"twitter:label2\" content=\"Est. tempo de leitura\" \/>\n\t<meta name=\"twitter:data2\" content=\"4 minutos\" \/>\n<script type=\"application\/ld+json\" class=\"yoast-schema-graph\">{\"@context\":\"https:\/\/schema.org\",\"@graph\":[{\"@type\":\"WebSite\",\"@id\":\"https:\/\/franciscanos.org.br\/carisma\/#website\",\"url\":\"https:\/\/franciscanos.org.br\/carisma\/\",\"name\":\"Carisma - Franciscanos\",\"description\":\"Prov\u00edncia Franciscana da Imaculada Concei\u00e7\u00e3o do Brasil - Ordem dos Frades Menores\",\"potentialAction\":[{\"@type\":\"SearchAction\",\"target\":{\"@type\":\"EntryPoint\",\"urlTemplate\":\"https:\/\/franciscanos.org.br\/carisma\/?s={search_term_string}\"},\"query-input\":\"required name=search_term_string\"}],\"inLanguage\":\"pt-BR\"},{\"@type\":\"ImageObject\",\"inLanguage\":\"pt-BR\",\"@id\":\"https:\/\/franciscanos.org.br\/carisma\/seu-nome-e-clara-de-assis.html#primaryimage\",\"url\":\"https:\/\/franciscanos.org.br\/carisma\/wp-content\/uploads\/2019\/08\/clara_nome_d.png\",\"contentUrl\":\"https:\/\/franciscanos.org.br\/carisma\/wp-content\/uploads\/2019\/08\/clara_nome_d.png\",\"width\":273,\"height\":181},{\"@type\":\"WebPage\",\"@id\":\"https:\/\/franciscanos.org.br\/carisma\/seu-nome-e-clara-de-assis.html#webpage\",\"url\":\"https:\/\/franciscanos.org.br\/carisma\/seu-nome-e-clara-de-assis.html\",\"name\":\"Seu nome \u00e9 Clara de Assis - Carisma - Franciscanos\",\"isPartOf\":{\"@id\":\"https:\/\/franciscanos.org.br\/carisma\/#website\"},\"primaryImageOfPage\":{\"@id\":\"https:\/\/franciscanos.org.br\/carisma\/seu-nome-e-clara-de-assis.html#primaryimage\"},\"datePublished\":\"2011-01-02T12:51:56+00:00\",\"dateModified\":\"2019-08-06T13:58:04+00:00\",\"author\":{\"@id\":\"https:\/\/franciscanos.org.br\/carisma\/#\/schema\/person\/bf14cae4d2151ab6b6e41d96660f93a2\"},\"breadcrumb\":{\"@id\":\"https:\/\/franciscanos.org.br\/carisma\/seu-nome-e-clara-de-assis.html#breadcrumb\"},\"inLanguage\":\"pt-BR\",\"potentialAction\":[{\"@type\":\"ReadAction\",\"target\":[\"https:\/\/franciscanos.org.br\/carisma\/seu-nome-e-clara-de-assis.html\"]}]},{\"@type\":\"BreadcrumbList\",\"@id\":\"https:\/\/franciscanos.org.br\/carisma\/seu-nome-e-clara-de-assis.html#breadcrumb\",\"itemListElement\":[{\"@type\":\"ListItem\",\"position\":1,\"name\":\"Home\",\"item\":\"https:\/\/franciscanos.org.br\/carisma\"},{\"@type\":\"ListItem\",\"position\":2,\"name\":\"Seu nome \u00e9 Clara de Assis\"}]},{\"@type\":\"Person\",\"@id\":\"https:\/\/franciscanos.org.br\/carisma\/#\/schema\/person\/bf14cae4d2151ab6b6e41d96660f93a2\",\"name\":\"moacir\",\"image\":{\"@type\":\"ImageObject\",\"inLanguage\":\"pt-BR\",\"@id\":\"https:\/\/franciscanos.org.br\/carisma\/#\/schema\/person\/image\/\",\"url\":\"https:\/\/secure.gravatar.com\/avatar\/d08aa2ce4c8dd416d4479aa8536fcf64?s=96&d=mm&r=g\",\"contentUrl\":\"https:\/\/secure.gravatar.com\/avatar\/d08aa2ce4c8dd416d4479aa8536fcf64?s=96&d=mm&r=g\",\"caption\":\"moacir\"},\"url\":\"https:\/\/franciscanos.org.br\/carisma\/author\/moacir\"}]}<\/script>\n<!-- \/ Yoast SEO plugin. -->","yoast_head_json":{"title":"Seu nome \u00e9 Clara de Assis - Carisma - Franciscanos","robots":{"index":"index","follow":"follow","max-snippet":"max-snippet:-1","max-image-preview":"max-image-preview:large","max-video-preview":"max-video-preview:-1"},"canonical":"https:\/\/franciscanos.org.br\/carisma\/seu-nome-e-clara-de-assis.html","og_locale":"pt_BR","og_type":"article","og_title":"Seu nome \u00e9 Clara de Assis - Carisma - Franciscanos","og_description":"Santa Clara de Assis - Frei Vitorio Mazzuco","og_url":"https:\/\/franciscanos.org.br\/carisma\/seu-nome-e-clara-de-assis.html","og_site_name":"Carisma - Franciscanos","article_published_time":"2011-01-02T12:51:56+00:00","article_modified_time":"2019-08-06T13:58:04+00:00","og_image":[{"width":273,"height":181,"url":"https:\/\/franciscanos.org.br\/carisma\/wp-content\/uploads\/2019\/08\/clara_nome_d.png","type":"image\/png"}],"author":"moacir","twitter_card":"summary_large_image","twitter_misc":{"Escrito por":"moacir","Est. tempo de leitura":"4 minutos"},"schema":{"@context":"https:\/\/schema.org","@graph":[{"@type":"WebSite","@id":"https:\/\/franciscanos.org.br\/carisma\/#website","url":"https:\/\/franciscanos.org.br\/carisma\/","name":"Carisma - Franciscanos","description":"Prov\u00edncia Franciscana da Imaculada Concei\u00e7\u00e3o do Brasil - Ordem dos Frades Menores","potentialAction":[{"@type":"SearchAction","target":{"@type":"EntryPoint","urlTemplate":"https:\/\/franciscanos.org.br\/carisma\/?s={search_term_string}"},"query-input":"required name=search_term_string"}],"inLanguage":"pt-BR"},{"@type":"ImageObject","inLanguage":"pt-BR","@id":"https:\/\/franciscanos.org.br\/carisma\/seu-nome-e-clara-de-assis.html#primaryimage","url":"https:\/\/franciscanos.org.br\/carisma\/wp-content\/uploads\/2019\/08\/clara_nome_d.png","contentUrl":"https:\/\/franciscanos.org.br\/carisma\/wp-content\/uploads\/2019\/08\/clara_nome_d.png","width":273,"height":181},{"@type":"WebPage","@id":"https:\/\/franciscanos.org.br\/carisma\/seu-nome-e-clara-de-assis.html#webpage","url":"https:\/\/franciscanos.org.br\/carisma\/seu-nome-e-clara-de-assis.html","name":"Seu nome \u00e9 Clara de Assis - Carisma - Franciscanos","isPartOf":{"@id":"https:\/\/franciscanos.org.br\/carisma\/#website"},"primaryImageOfPage":{"@id":"https:\/\/franciscanos.org.br\/carisma\/seu-nome-e-clara-de-assis.html#primaryimage"},"datePublished":"2011-01-02T12:51:56+00:00","dateModified":"2019-08-06T13:58:04+00:00","author":{"@id":"https:\/\/franciscanos.org.br\/carisma\/#\/schema\/person\/bf14cae4d2151ab6b6e41d96660f93a2"},"breadcrumb":{"@id":"https:\/\/franciscanos.org.br\/carisma\/seu-nome-e-clara-de-assis.html#breadcrumb"},"inLanguage":"pt-BR","potentialAction":[{"@type":"ReadAction","target":["https:\/\/franciscanos.org.br\/carisma\/seu-nome-e-clara-de-assis.html"]}]},{"@type":"BreadcrumbList","@id":"https:\/\/franciscanos.org.br\/carisma\/seu-nome-e-clara-de-assis.html#breadcrumb","itemListElement":[{"@type":"ListItem","position":1,"name":"Home","item":"https:\/\/franciscanos.org.br\/carisma"},{"@type":"ListItem","position":2,"name":"Seu nome \u00e9 Clara de Assis"}]},{"@type":"Person","@id":"https:\/\/franciscanos.org.br\/carisma\/#\/schema\/person\/bf14cae4d2151ab6b6e41d96660f93a2","name":"moacir","image":{"@type":"ImageObject","inLanguage":"pt-BR","@id":"https:\/\/franciscanos.org.br\/carisma\/#\/schema\/person\/image\/","url":"https:\/\/secure.gravatar.com\/avatar\/d08aa2ce4c8dd416d4479aa8536fcf64?s=96&d=mm&r=g","contentUrl":"https:\/\/secure.gravatar.com\/avatar\/d08aa2ce4c8dd416d4479aa8536fcf64?s=96&d=mm&r=g","caption":"moacir"},"url":"https:\/\/franciscanos.org.br\/carisma\/author\/moacir"}]}},"_links":{"self":[{"href":"https:\/\/franciscanos.org.br\/carisma\/wp-json\/wp\/v2\/posts\/176364"}],"collection":[{"href":"https:\/\/franciscanos.org.br\/carisma\/wp-json\/wp\/v2\/posts"}],"about":[{"href":"https:\/\/franciscanos.org.br\/carisma\/wp-json\/wp\/v2\/types\/post"}],"author":[{"embeddable":true,"href":"https:\/\/franciscanos.org.br\/carisma\/wp-json\/wp\/v2\/users\/3"}],"replies":[{"embeddable":true,"href":"https:\/\/franciscanos.org.br\/carisma\/wp-json\/wp\/v2\/comments?post=176364"}],"version-history":[{"count":2,"href":"https:\/\/franciscanos.org.br\/carisma\/wp-json\/wp\/v2\/posts\/176364\/revisions"}],"predecessor-version":[{"id":176368,"href":"https:\/\/franciscanos.org.br\/carisma\/wp-json\/wp\/v2\/posts\/176364\/revisions\/176368"}],"wp:featuredmedia":[{"embeddable":true,"href":"https:\/\/franciscanos.org.br\/carisma\/wp-json\/wp\/v2\/media\/176366"}],"wp:attachment":[{"href":"https:\/\/franciscanos.org.br\/carisma\/wp-json\/wp\/v2\/media?parent=176364"}],"wp:term":[{"taxonomy":"category","embeddable":true,"href":"https:\/\/franciscanos.org.br\/carisma\/wp-json\/wp\/v2\/categories?post=176364"},{"taxonomy":"post_tag","embeddable":true,"href":"https:\/\/franciscanos.org.br\/carisma\/wp-json\/wp\/v2\/tags?post=176364"}],"curies":[{"name":"wp","href":"https:\/\/api.w.org\/{rel}","templated":true}]}}