{"id":176361,"date":"2011-01-02T10:46:28","date_gmt":"2011-01-02T12:46:28","guid":{"rendered":"https:\/\/franciscanos.org.br\/carisma\/?p=176361"},"modified":"2019-08-06T10:51:15","modified_gmt":"2019-08-06T13:51:15","slug":"conhecendo-clara-de-assis","status":"publish","type":"post","link":"https:\/\/franciscanos.org.br\/carisma\/conhecendo-clara-de-assis.html","title":{"rendered":"Conhecendo Clara de Assis"},"content":{"rendered":"<p><strong><a href=\"http:\/\/franciscanos.org.br\/wp-content\/uploads\/2011\/11\/2067_180412.jpg\"><img loading=\"lazy\" class=\"alignleft size-full wp-image-16300\" title=\"2067_180412\" src=\"http:\/\/franciscanos.org.br\/wp-content\/uploads\/2011\/11\/2067_180412.jpg\" alt=\"\" width=\"296\" height=\"400\" \/><\/a>Frei Vit\u00f3rio Mazzuco Filho<\/strong><\/p>\n<p>Podemos dizer que sem Clara a experi\u00eancia de Francisco \u00e9 incompleta; ela \u00e9 um testemunho excepcional da heran\u00e7a do ideal evang\u00e9lico que nasce em Assis e incendeia o mundo h\u00e1 800 anos. Ela \u00e9 a vers\u00e3o feminina do ideal franciscano.<\/p>\n<p>Clara e Francisco s\u00e3o arqu\u00e9tipos humanos e prot\u00f3tipos da encarna\u00e7\u00e3o do evangelho; uma rigorosa mudan\u00e7a pessoal, uma cordial viv\u00eancia fraterna, uma convers\u00e3o de ternura e cuidado, um verdadeiro encontro entre esp\u00edrito e afeto.<\/p>\n<p>Em Clara, Francisco encontra o seu cora\u00e7\u00e3o de m\u00e3e; em Francisco, Clara encontra o seu cora\u00e7\u00e3o de irm\u00e3.<\/p>\n<p>O conhecimento do esp\u00edrito e dos projetos do Movimento de Assis permaneceria incompleto sem Clara, ela que seguiu de perto a nova vida e as pr\u00e1ticas do in\u00edcio da nossa forma de viver. &#8220;Clara assimilou profundamente o esp\u00edrito de Francisco, conservando em si o estado mais puro deste esp\u00edrito. O seu testemunho \u00e9 digno da mais alta considera\u00e7\u00e3o&#8221; (K. Esser).<\/p>\n<p>At\u00e9 os in\u00edcios do s\u00e9culo XX pode-se dizer que a vida de Clara era conhecida somente atrav\u00e9s de biografias cheias de devo\u00e7\u00e3o, baseadas sobre a sua Legenda, ora atribu\u00edda a S\u00e3o Boaventura ora a Tom\u00e1s de Celano. Mas vamos elencar alguns momentos que alavancaram o conhecimento da nossa M\u00e3e fundadora.<\/p>\n<p>\u2022 No ano de 1912 comemorou-se os 700 anos da Voca\u00e7\u00e3o de Clara e a Funda\u00e7\u00e3o das Clarissas. A\u00ed surgiram os estudos sobre as pesquisas de Lemp (1892) e de Lemmens (1902). Com Oliger (1912) e Lazzeri (1912-1920) crescem as novas investiga\u00e7\u00f5es sobre Clara. Foi muito importante neste per\u00edodo a descoberta e a publica\u00e7\u00e3o do &#8220;Processo de Canoniza\u00e7\u00e3o&#8221;, m\u00e9rito de Lazzeri. Nos dez anos seguintes vieram os estudos cr\u00edticos junto com as Fontes Clarianas, como os de Martin de Barcelona (1921) e de Fassbinder (1936).<\/p>\n<p>\u2022 No ano de 1953 temos os 700 anos da morte de Clara; a\u00ed foram abundantes as publica\u00e7\u00f5es de todos os g\u00eaneros. Destacaram-se Hardick, Grou, Franceschini e Arnaldo Fortini. As publica\u00e7\u00f5es vieram com a grande ajuda do Protomonastero de Assis e com a publica\u00e7\u00e3o de &#8220;Santa Chiara: Studi e Cronaca&#8221;. A partir de ent\u00e3o pudemos conhecer as &#8220;Cartas para In\u00eas de Praga&#8221; que ajudaram muito no perfil da espiritualidade e personalidade da fundadora.<\/p>\n<p>\u2022 A partir de 1965 o Conc\u00edlio Vaticano II determina o retorno \u00e0s origens e com isso influencia o desejo de aprofundar os escritos pessoais de Clara para colher a\u00ed seus ideais em toda a sua autenticidade, como base de renova\u00e7\u00e3o do rosto feminino do franciscanismo e a descoberta de uma verdadeira, original e pr\u00f3pria espiritualidade.<\/p>\n<p>\u2022 No ano de 1994 celebramos o 8\u00ba Centen\u00e1rio do nascimento de nossa m\u00e3e, irm\u00e3 e mestra. Novas publica\u00e7\u00f5es marcaram a fam\u00edlia franciscana e clareana. Aqui no Brasil destacamos a publica\u00e7\u00e3o das &#8220;Fontes Clarianas&#8221;, com tradu\u00e7\u00e3o e coment\u00e1rios de Frei Jos\u00e9 Carlos Pedroso e &#8220;Clara de Assis, A primeira mulher franciscana&#8221;, de Anton Rotzetter, Vozes-FFB. Frei Clar\u00eancio Neotti coordenou a comiss\u00e3o central do 8\u00ba Centen\u00e1rio que nos legou os excelentes fasc\u00edculos: &#8220;Recome\u00e7ar com Clara e Francisco&#8221;, &#8220;Caminhar com Clara e Francisco&#8221;, &#8220;Para celebrar Santa Clara&#8221;, &#8220;Para Rezar com Clara e Francisco&#8221;.<\/p>\n<p>\u2022 E finalmente estamos celebrando os 750 anos da morte de Santa Clara. Ano Clariano! N\u00e3o podemos deixar de ler a excelente Carta do Ministro Geral Frei Giacomo Bini, OFM, &#8220;Clara de Assis: um hino de louvor&#8221; , na qual ele lembra que &#8220;tamb\u00e9m uma carta pode tornar-se lugar de comunh\u00e3o, de di\u00e1logo fraterno, para descobrir aquele algo novo a respeito do Senhor que Clara pedia a Jun\u00edpero e que nossos tempos e nossas gera\u00e7\u00f5es ainda esperam de n\u00f3s com urg\u00eancia&#8221;.<\/p>\n<p>Gra\u00e7as a estes momentos celebrativos, muitos valores da grande fundadora chegam at\u00e9 n\u00f3s. A presen\u00e7a e a mensagem de Clara s\u00e3o parte integrante e imprescind\u00edvel da espiritu-alidade franciscana. N\u00e3o se pode falar de Francisco sem Clara de Assis.<\/p>\n<p>&nbsp;<\/p>\n","protected":false},"excerpt":{"rendered":"<p>Santa Clara de Assis &#8211; Frei Vitorio Mazzuco<\/p>\n","protected":false},"author":3,"featured_media":176362,"comment_status":"open","ping_status":"open","sticky":false,"template":"","format":"standard","meta":[],"categories":[65],"tags":[108],"yoast_head":"<!-- This site is optimized with the Yoast SEO plugin v19.2 - https:\/\/yoast.com\/wordpress\/plugins\/seo\/ -->\n<title>Conhecendo Clara de Assis - Carisma - Franciscanos<\/title>\n<meta name=\"robots\" content=\"index, follow, max-snippet:-1, max-image-preview:large, max-video-preview:-1\" \/>\n<link rel=\"canonical\" href=\"https:\/\/franciscanos.org.br\/carisma\/conhecendo-clara-de-assis.html\" \/>\n<meta property=\"og:locale\" content=\"pt_BR\" \/>\n<meta property=\"og:type\" content=\"article\" \/>\n<meta property=\"og:title\" content=\"Conhecendo Clara de Assis - Carisma - Franciscanos\" \/>\n<meta property=\"og:description\" content=\"Santa Clara de Assis - Frei Vitorio Mazzuco\" \/>\n<meta property=\"og:url\" content=\"https:\/\/franciscanos.org.br\/carisma\/conhecendo-clara-de-assis.html\" \/>\n<meta property=\"og:site_name\" content=\"Carisma - Franciscanos\" \/>\n<meta property=\"article:published_time\" content=\"2011-01-02T12:46:28+00:00\" \/>\n<meta property=\"article:modified_time\" content=\"2019-08-06T13:51:15+00:00\" \/>\n<meta property=\"og:image\" content=\"https:\/\/franciscanos.org.br\/carisma\/wp-content\/uploads\/2019\/08\/clara_brasil.jpg\" \/>\n\t<meta property=\"og:image:width\" content=\"273\" \/>\n\t<meta property=\"og:image:height\" content=\"181\" \/>\n\t<meta property=\"og:image:type\" content=\"image\/jpeg\" \/>\n<meta name=\"author\" content=\"moacir\" \/>\n<meta name=\"twitter:card\" content=\"summary_large_image\" \/>\n<meta name=\"twitter:label1\" content=\"Escrito por\" \/>\n\t<meta name=\"twitter:data1\" content=\"moacir\" \/>\n\t<meta name=\"twitter:label2\" content=\"Est. tempo de leitura\" \/>\n\t<meta name=\"twitter:data2\" content=\"3 minutos\" \/>\n<script type=\"application\/ld+json\" class=\"yoast-schema-graph\">{\"@context\":\"https:\/\/schema.org\",\"@graph\":[{\"@type\":\"WebSite\",\"@id\":\"https:\/\/franciscanos.org.br\/carisma\/#website\",\"url\":\"https:\/\/franciscanos.org.br\/carisma\/\",\"name\":\"Carisma - Franciscanos\",\"description\":\"Prov\u00edncia Franciscana da Imaculada Concei\u00e7\u00e3o do Brasil - Ordem dos Frades Menores\",\"potentialAction\":[{\"@type\":\"SearchAction\",\"target\":{\"@type\":\"EntryPoint\",\"urlTemplate\":\"https:\/\/franciscanos.org.br\/carisma\/?s={search_term_string}\"},\"query-input\":\"required name=search_term_string\"}],\"inLanguage\":\"pt-BR\"},{\"@type\":\"ImageObject\",\"inLanguage\":\"pt-BR\",\"@id\":\"https:\/\/franciscanos.org.br\/carisma\/conhecendo-clara-de-assis.html#primaryimage\",\"url\":\"https:\/\/franciscanos.org.br\/carisma\/wp-content\/uploads\/2019\/08\/clara_brasil.jpg\",\"contentUrl\":\"https:\/\/franciscanos.org.br\/carisma\/wp-content\/uploads\/2019\/08\/clara_brasil.jpg\",\"width\":273,\"height\":181},{\"@type\":\"WebPage\",\"@id\":\"https:\/\/franciscanos.org.br\/carisma\/conhecendo-clara-de-assis.html#webpage\",\"url\":\"https:\/\/franciscanos.org.br\/carisma\/conhecendo-clara-de-assis.html\",\"name\":\"Conhecendo Clara de Assis - Carisma - Franciscanos\",\"isPartOf\":{\"@id\":\"https:\/\/franciscanos.org.br\/carisma\/#website\"},\"primaryImageOfPage\":{\"@id\":\"https:\/\/franciscanos.org.br\/carisma\/conhecendo-clara-de-assis.html#primaryimage\"},\"datePublished\":\"2011-01-02T12:46:28+00:00\",\"dateModified\":\"2019-08-06T13:51:15+00:00\",\"author\":{\"@id\":\"https:\/\/franciscanos.org.br\/carisma\/#\/schema\/person\/bf14cae4d2151ab6b6e41d96660f93a2\"},\"breadcrumb\":{\"@id\":\"https:\/\/franciscanos.org.br\/carisma\/conhecendo-clara-de-assis.html#breadcrumb\"},\"inLanguage\":\"pt-BR\",\"potentialAction\":[{\"@type\":\"ReadAction\",\"target\":[\"https:\/\/franciscanos.org.br\/carisma\/conhecendo-clara-de-assis.html\"]}]},{\"@type\":\"BreadcrumbList\",\"@id\":\"https:\/\/franciscanos.org.br\/carisma\/conhecendo-clara-de-assis.html#breadcrumb\",\"itemListElement\":[{\"@type\":\"ListItem\",\"position\":1,\"name\":\"Home\",\"item\":\"https:\/\/franciscanos.org.br\/carisma\"},{\"@type\":\"ListItem\",\"position\":2,\"name\":\"Conhecendo Clara de Assis\"}]},{\"@type\":\"Person\",\"@id\":\"https:\/\/franciscanos.org.br\/carisma\/#\/schema\/person\/bf14cae4d2151ab6b6e41d96660f93a2\",\"name\":\"moacir\",\"image\":{\"@type\":\"ImageObject\",\"inLanguage\":\"pt-BR\",\"@id\":\"https:\/\/franciscanos.org.br\/carisma\/#\/schema\/person\/image\/\",\"url\":\"https:\/\/secure.gravatar.com\/avatar\/d08aa2ce4c8dd416d4479aa8536fcf64?s=96&d=mm&r=g\",\"contentUrl\":\"https:\/\/secure.gravatar.com\/avatar\/d08aa2ce4c8dd416d4479aa8536fcf64?s=96&d=mm&r=g\",\"caption\":\"moacir\"},\"url\":\"https:\/\/franciscanos.org.br\/carisma\/author\/moacir\"}]}<\/script>\n<!-- \/ Yoast SEO plugin. -->","yoast_head_json":{"title":"Conhecendo Clara de Assis - Carisma - Franciscanos","robots":{"index":"index","follow":"follow","max-snippet":"max-snippet:-1","max-image-preview":"max-image-preview:large","max-video-preview":"max-video-preview:-1"},"canonical":"https:\/\/franciscanos.org.br\/carisma\/conhecendo-clara-de-assis.html","og_locale":"pt_BR","og_type":"article","og_title":"Conhecendo Clara de Assis - Carisma - Franciscanos","og_description":"Santa Clara de Assis - Frei Vitorio Mazzuco","og_url":"https:\/\/franciscanos.org.br\/carisma\/conhecendo-clara-de-assis.html","og_site_name":"Carisma - Franciscanos","article_published_time":"2011-01-02T12:46:28+00:00","article_modified_time":"2019-08-06T13:51:15+00:00","og_image":[{"width":273,"height":181,"url":"https:\/\/franciscanos.org.br\/carisma\/wp-content\/uploads\/2019\/08\/clara_brasil.jpg","type":"image\/jpeg"}],"author":"moacir","twitter_card":"summary_large_image","twitter_misc":{"Escrito por":"moacir","Est. tempo de leitura":"3 minutos"},"schema":{"@context":"https:\/\/schema.org","@graph":[{"@type":"WebSite","@id":"https:\/\/franciscanos.org.br\/carisma\/#website","url":"https:\/\/franciscanos.org.br\/carisma\/","name":"Carisma - Franciscanos","description":"Prov\u00edncia Franciscana da Imaculada Concei\u00e7\u00e3o do Brasil - Ordem dos Frades Menores","potentialAction":[{"@type":"SearchAction","target":{"@type":"EntryPoint","urlTemplate":"https:\/\/franciscanos.org.br\/carisma\/?s={search_term_string}"},"query-input":"required name=search_term_string"}],"inLanguage":"pt-BR"},{"@type":"ImageObject","inLanguage":"pt-BR","@id":"https:\/\/franciscanos.org.br\/carisma\/conhecendo-clara-de-assis.html#primaryimage","url":"https:\/\/franciscanos.org.br\/carisma\/wp-content\/uploads\/2019\/08\/clara_brasil.jpg","contentUrl":"https:\/\/franciscanos.org.br\/carisma\/wp-content\/uploads\/2019\/08\/clara_brasil.jpg","width":273,"height":181},{"@type":"WebPage","@id":"https:\/\/franciscanos.org.br\/carisma\/conhecendo-clara-de-assis.html#webpage","url":"https:\/\/franciscanos.org.br\/carisma\/conhecendo-clara-de-assis.html","name":"Conhecendo Clara de Assis - Carisma - Franciscanos","isPartOf":{"@id":"https:\/\/franciscanos.org.br\/carisma\/#website"},"primaryImageOfPage":{"@id":"https:\/\/franciscanos.org.br\/carisma\/conhecendo-clara-de-assis.html#primaryimage"},"datePublished":"2011-01-02T12:46:28+00:00","dateModified":"2019-08-06T13:51:15+00:00","author":{"@id":"https:\/\/franciscanos.org.br\/carisma\/#\/schema\/person\/bf14cae4d2151ab6b6e41d96660f93a2"},"breadcrumb":{"@id":"https:\/\/franciscanos.org.br\/carisma\/conhecendo-clara-de-assis.html#breadcrumb"},"inLanguage":"pt-BR","potentialAction":[{"@type":"ReadAction","target":["https:\/\/franciscanos.org.br\/carisma\/conhecendo-clara-de-assis.html"]}]},{"@type":"BreadcrumbList","@id":"https:\/\/franciscanos.org.br\/carisma\/conhecendo-clara-de-assis.html#breadcrumb","itemListElement":[{"@type":"ListItem","position":1,"name":"Home","item":"https:\/\/franciscanos.org.br\/carisma"},{"@type":"ListItem","position":2,"name":"Conhecendo Clara de Assis"}]},{"@type":"Person","@id":"https:\/\/franciscanos.org.br\/carisma\/#\/schema\/person\/bf14cae4d2151ab6b6e41d96660f93a2","name":"moacir","image":{"@type":"ImageObject","inLanguage":"pt-BR","@id":"https:\/\/franciscanos.org.br\/carisma\/#\/schema\/person\/image\/","url":"https:\/\/secure.gravatar.com\/avatar\/d08aa2ce4c8dd416d4479aa8536fcf64?s=96&d=mm&r=g","contentUrl":"https:\/\/secure.gravatar.com\/avatar\/d08aa2ce4c8dd416d4479aa8536fcf64?s=96&d=mm&r=g","caption":"moacir"},"url":"https:\/\/franciscanos.org.br\/carisma\/author\/moacir"}]}},"_links":{"self":[{"href":"https:\/\/franciscanos.org.br\/carisma\/wp-json\/wp\/v2\/posts\/176361"}],"collection":[{"href":"https:\/\/franciscanos.org.br\/carisma\/wp-json\/wp\/v2\/posts"}],"about":[{"href":"https:\/\/franciscanos.org.br\/carisma\/wp-json\/wp\/v2\/types\/post"}],"author":[{"embeddable":true,"href":"https:\/\/franciscanos.org.br\/carisma\/wp-json\/wp\/v2\/users\/3"}],"replies":[{"embeddable":true,"href":"https:\/\/franciscanos.org.br\/carisma\/wp-json\/wp\/v2\/comments?post=176361"}],"version-history":[{"count":1,"href":"https:\/\/franciscanos.org.br\/carisma\/wp-json\/wp\/v2\/posts\/176361\/revisions"}],"predecessor-version":[{"id":176363,"href":"https:\/\/franciscanos.org.br\/carisma\/wp-json\/wp\/v2\/posts\/176361\/revisions\/176363"}],"wp:featuredmedia":[{"embeddable":true,"href":"https:\/\/franciscanos.org.br\/carisma\/wp-json\/wp\/v2\/media\/176362"}],"wp:attachment":[{"href":"https:\/\/franciscanos.org.br\/carisma\/wp-json\/wp\/v2\/media?parent=176361"}],"wp:term":[{"taxonomy":"category","embeddable":true,"href":"https:\/\/franciscanos.org.br\/carisma\/wp-json\/wp\/v2\/categories?post=176361"},{"taxonomy":"post_tag","embeddable":true,"href":"https:\/\/franciscanos.org.br\/carisma\/wp-json\/wp\/v2\/tags?post=176361"}],"curies":[{"name":"wp","href":"https:\/\/api.w.org\/{rel}","templated":true}]}}