{"id":176357,"date":"2011-01-02T10:40:20","date_gmt":"2011-01-02T12:40:20","guid":{"rendered":"https:\/\/franciscanos.org.br\/carisma\/?p=176357"},"modified":"2019-08-06T10:45:40","modified_gmt":"2019-08-06T13:45:40","slug":"800-anos-do-carisma-clariano","status":"publish","type":"post","link":"https:\/\/franciscanos.org.br\/carisma\/800-anos-do-carisma-clariano.html","title":{"rendered":"800 anos do Carisma Clariano"},"content":{"rendered":"<p><strong><img loading=\"lazy\" class=\"size-full wp-image-176358 alignright\" src=\"https:\/\/franciscanos.org.br\/carisma\/wp-content\/uploads\/2019\/08\/clara_800.jpg\" alt=\"\" width=\"450\" height=\"600\" srcset=\"https:\/\/franciscanos.org.br\/carisma\/wp-content\/uploads\/2019\/08\/clara_800.jpg 450w, https:\/\/franciscanos.org.br\/carisma\/wp-content\/uploads\/2019\/08\/clara_800-338x450.jpg 338w, https:\/\/franciscanos.org.br\/carisma\/wp-content\/uploads\/2019\/08\/clara_800-150x200.jpg 150w\" sizes=\"(max-width: 450px) 100vw, 450px\" \/>Por Frei Vit\u00f3rio Mazzuco<\/strong><\/p>\n<p>At\u00e9 in\u00edcios do s\u00e9culo XX, a vida de Santa Clara era conhecida somente atrav\u00e9s de biografias cheias de devo\u00e7\u00e3o e baseadas em sua Legenda e em certos contos fant\u00e1sticos. A vida de pessoas santas, sobretudo, aquelas que v\u00eam do mundo medieval, n\u00e3o podem fugir da for\u00e7a legend\u00e1ria, uma narra\u00e7\u00e3o feita unicamente para a edifica\u00e7\u00e3o do esp\u00edrito. Aos poucos, Clara de Assis vai revelando sua atraente vida, sua clara espiritualidade e m\u00edstica, obra e escritos, sobretudo a partir destas ocasi\u00f5es celebrativas:<\/p>\n<p><strong>1.<\/strong> At\u00e9 1912 o conhecimento de Clara estava mais no espa\u00e7o fecundo dos Mosteiros e nas 21 mil Clarissas espalhadas pelo mundo todo. Neste ano de 1912, temos os 700 anos da VOCA\u00c7\u00c3O DE CLARA e da FUNDA\u00c7\u00c3O DAS CLARISSAS. Nascem a\u00ed estudos aprofundados, crescem as pesquisas e investiga\u00e7\u00f5es. Lazzeri, entre os anos 1919 e 1920, descobre e publica o PROCESSO DE CANONIZA\u00c7\u00c3O.<\/p>\n<p><strong>2.<\/strong> Em 1953, temos os 700 anos da MORTE DE SANTA CLARA. Surgem as publica\u00e7\u00f5es das CARTAS DE SANTA CLARA PARA IN\u00caS DE PRAGA, que passam a ser um marco para a Espiritualidade pessoal de Clara.<\/p>\n<p><strong>3.<\/strong> Em 1965, o Conc\u00edlio Vaticano II faz a grande convoca\u00e7\u00e3o para a VOLTA DAS ORIGENS. Conhecer os fundadores e fundadoras, seus Carismas espec\u00edficos, escritos, biografias, literatura, enfim as FONTES, para colher desta riqueza a autenticidade e o ideal como base da renova\u00e7\u00e3o das fam\u00edlias religiosas. O Franciscanismo na sua vertente Clariana descobre, com este impulso dado pelo Conc\u00edlio, uma verdadeira e pr\u00f3pria espiritualidade.<\/p>\n<p><strong>4.<\/strong> Em 2003, celebramos os 750 anos da MORTE DE SANTA CLARA. Vieram com isto publica\u00e7\u00f5es de muitos livros, artigos e muita divulga\u00e7\u00e3o da Legenda de Santa Clara.<\/p>\n<p><strong>5.<\/strong> De 2009 a 2012: 800 ANOS DA VOCA\u00c7\u00c3O DE CLARA! Estamos em pleno Tr\u00edduo deste grande JUBILEU e este \u00e9 o motivo dos textos que apresento aos poucos neste blog. O Carisma Franciscano precisa da presen\u00e7a e inspira\u00e7\u00e3o de Santa Clara de Assis. Ent\u00e3o comecemos a conhec\u00ea-la, am\u00e1-la e bem pens\u00e1-la em nosso cora\u00e7\u00e3o: No dia 18 de Mar\u00e7o de 1212, Clara de Assis sai de sua casa e vai para a igreja de Santa Maria dos Anjos, a Porci\u00fancula, encontrar-se com Francisco de Assis.<\/p>\n<p>De modo que estamos numa caminhada jubilar, para celebrar em 2012 este encontro que marca para sempre a hist\u00f3ria da Ordem. \u00c9 um momento privilegiado para, mais uma vez, redescobrir Santa Clara, a m\u00e3e, esposa e irm\u00e3 de toda fam\u00edlia franciscana. \u00c9 muito comovente o reencontro com a m\u00e3e! A partir de ent\u00e3o, a Ordem tem uma faceta feminina. Clara traz o brilho da personalidade e a for\u00e7a de seu carisma pessoal. Tem a mesma escolha de Francisco: o Evangelho. O que a move \u00e9 o Amor a Jesus, Pobre e Crucificado. O Deus humilde, simples, despojado. A grandeza de um Deus que se fez servo. Ela tamb\u00e9m quer ser assim, de grande dama da sociedade assisiense, ser serva e irm\u00e3 de inumer\u00e1veis irm\u00e3s. Quando o Amor \u00e9 grande demais n\u00e3o d\u00e1 para ser sozinha: arrasta consigo uma fam\u00edlia de Irm\u00e3s que, assim como Clara, ganha juventude atrav\u00e9s dos s\u00e9culos.<\/p>\n<p>Com certeza, podemos dizer que, sem Clara, a experi\u00eancia de Francisco n\u00e3o seria completa. Ela \u00e9 uma testemunha excepcional da busca radical da viv\u00eancia do Evangelho que abalou Assis a partir destes seus dois jovens cidad\u00e3os. Entre Francisco e Clara est\u00e1 um prot\u00f3tipo de um ideal, um modelo pleno de humano, uma convers\u00e3o que mistura radicalidade e ternura, esp\u00edrito e afeto. Escreve Caetano Esser, um dos grandes estudiosos do Franciscanismo: \u201cClara seguiu de perto S\u00e3o Francisco na sua nova vida e nas viv\u00eancias do in\u00edcio da Ordem. Dele assimilou profundamente o Esp\u00edrito, conservando em si o estado mais puro deste Esp\u00edrito. O seu testemunho \u00e9 digno da mais alta considera\u00e7\u00e3o\u201d (Origem e Valores Aut\u00eanticos da Ordem, Mil\u00e3o,1972).<\/p>\n<p>Voltemos ao ponto n\u00ba 1 desta s\u00e9rie de reflex\u00f5es, onde situamos os fortes momentos celebrativos da presen\u00e7a de Clara de Assis no mundo. Estamos no Grande Jubileu e, por isso, toda a fam\u00edlia franciscana espalhada em todos os cantos da terra e, sobretudo, as Irm\u00e3s Clarissas comemoram os 800 anos da Voca\u00e7\u00e3o de Santa Clara. Vamos apresentar as linhas mestras deste Grande Jubileu, que ser\u00e3o a base de futuras reflex\u00f5es aqui neste blog.<\/p>\n<p><strong>6. 1212 \u2013 2012:<\/strong> 800 ANOS DA VOCA\u00c7\u00c3O DE SANTA CLARA. Todo Jubileu, bem preparado e fortemente vivido, torna-se um privilegiado tempo de viv\u00eancia espiritual. A hist\u00f3ria de uma alma santa nos santifica. Comemora\u00e7\u00f5es externas provocam festas dentro de n\u00f3s. Detalhes de uma vida santa molda em n\u00f3s um encantamento \u00fanico pelo Carisma, pela vida das Clarissas, um aprofundamento na vida, hist\u00f3ria e presen\u00e7a das tr\u00eas Ordens, interioriza\u00e7\u00e3o, novos textos, novos livros, artigos, preces, can\u00e7\u00f5es e liturgias. Afloram os dons das Irm\u00e3s de ontem e de hoje, h\u00e1 uma imensa partilha fraterna em toda a Fam\u00edlia Franciscana e Clariana. Com quais conte\u00fados o Grande Jubileu est\u00e1 sendo celebrado? Vejamos:<\/p>\n<p><strong>2009 &#8211; A VOCA\u00c7\u00c3O \u2013<\/strong> Identidade e Rela\u00e7\u00e3o com a Primeira Ordem. Redescoberta das Fontes.<\/p>\n<p><strong>2010 &#8211; A CONTEMPLA\u00c7\u00c3O \u2013<\/strong> Vida Espiritual e Vida em Cristo. Escuta, Sil\u00eancio, Convers\u00e3o.<\/p>\n<p><strong>2011- EM ALT\u00cdSSIMA POBREZA \u2013<\/strong> Pobreza, Minoridade, Despojamento, Restitui\u00e7\u00e3o.<\/p>\n<p><strong>2012- A SANTA UNIDADE<\/strong><\/p>\n<p>Como \u00e9 bom celebrar e ter o que celebrar! Este Grande Jubileu \u00e9 um reencantamento do Carisma, \u00e9, mais uma vez, apresentar ao mundo a Identidade das Clarissas, revelar o seu Projeto Pessoal e Comunit\u00e1rio.<\/p>\n<p>Quantos estudos, reflex\u00f5es, retiros todos focados na fontal espiritualidade de Clara e Francisco. Um jubileu traz a Palavra de Deus nas Escrituras, na Teologia, na Eclesiologia, no Franciscanismo, e como isto \u00e9 importante para a Espiritualidade geral!<\/p>\n<p>Pessoas s\u00e3o convidadas, h\u00e1 solenes e simples momentos de mem\u00f3ria, partilha e celebra\u00e7\u00e3o, h\u00e1 leituras de textos fontais, a Regra e o Testamento s\u00e3o revisitados, os Escritos e Preces de Clara s\u00e3o alvos de fecundas releituras. Isto d\u00e1 brilho \u00e0s escolhas, aos Votos e \u00e0 vida fraterna. O povo vem, benfeitores s\u00e3o convidados, a Folhinha do Sagrado Cora\u00e7\u00e3o de Jesus registra em suas m\u00edticas pagelas, as par\u00f3quias anunciam, os encontros acontecem, novos documentos surgem, preces e poesias; a federa\u00e7\u00e3o de Mosteiros vibra e se organiza, a Fam\u00edlia Franciscana faz documentos, subs\u00eddios e Jornadas. O Servi\u00e7o de Anima\u00e7\u00e3o Vocacional fala de Clara, boletins e blogs, sites, internet e assessorias, enfim os meios de comunica\u00e7\u00e3o social publicam e, assim, Santa Clara, cada vez mais \u00e9 conhecida.<\/p>\n<p>Uma data move a criatividade de todos e a consci\u00eancia. H\u00e1 800 anos Clara saiu de sua casa paterna, encontrou-se com Francisco em Santa Maria dos Anjos e ficou para sempre em nossa lembran\u00e7a. Hoje, Clara n\u00e3o \u00e9 s\u00f3 das Clarissas; \u00e9 a Clara da Televis\u00e3o, Clara do tempo bom, Clara das Congrega\u00e7\u00f5es Femininas, Clara do Ramo de Oliveira, Clara dos Filmes, Clara dos Musicais, Clara dos Centros de estudos de Franciscanismo, Clara do Frei Jos\u00e9 Carlos Pedroso, Clara em muitas obras, Clara em muitos nomes de mulheres, Clara nas Cartas dos Ministros Gerais, Clara no samba de Jorge Benjor, Clara nos Cds e nas Cantatas, Clara em v\u00eddeo, Clara encarnada em cada Irm\u00e3 Clarissa espalhada nos silenciosos e alegres Mosteiros, Clara como a Luz! Que beleza de Jubileu \u00e9 este!<\/p>\n<p><strong>A VOCA\u00c7\u00c3O<\/strong><\/p>\n<p>O jubileu de Clara de Assis come\u00e7ou a ser preparado em 2009 com o tema: A VOCA\u00c7\u00c3O. Como podemos refletir sobre a voca\u00e7\u00e3o de Clara de Assis? H\u00e1 certo momento da vida que uma convoca\u00e7\u00e3o bate na alma e a pessoa come\u00e7a um processo de mudan\u00e7a de pensar, mudan\u00e7a de jeito e de lugar. N\u00e3o d\u00e1 para permanecer o mesmo quando uma inspira\u00e7\u00e3o come\u00e7a a tomar conta. Mesmo num contexto diferente de Francisco de Assis, Clara de Assis fez um itiner\u00e1rio espiritual de penitente. Percorrer um verdadeiro caminho penitencial significa mudar de lugar. Clara sai do pal\u00e1cio e vai ao mosteiro. Sai do brilho da nobreza e vai para a transparente simplicidade da pobreza. Sai das etiquetas da nobreza e abra\u00e7a uma Regra de Vida com forte express\u00e3o do Evangelho. Sai da vontade da fam\u00edlia biol\u00f3gica e acolhe os des\u00edgnios de Deus que a envia a uma fam\u00edlia espiritual de Irm\u00e3s. Do conv\u00edvio com Damas Nobres vai ser a m\u00e3e e irm\u00e3 espiritual de Damas Pobres.<\/p>\n<p>A voca\u00e7\u00e3o de Clara \u00e9 convers\u00e3o, isto \u00e9, deixar-se moldar por Deus numa mudan\u00e7a radical dos rumos de sua vida. Ela passa a ser uma media\u00e7\u00e3o humana do projeto divino. Sempre a media\u00e7\u00e3o passa por algo ou algu\u00e9m. Francisco passou pelos leprosos para chegar at\u00e9 Deus; Clara passou por Francisco para chegar ao Evangelho vivido em seu modo mais l\u00edmpido.<\/p>\n<p style=\"padding-left: 40px;\"><em>\u201cDepois que o Alt\u00edssimo Pai celestial, por sua miseric\u00f3rdia e<\/em><br \/>\n<em> gra\u00e7a, se dignou iluminar meu cora\u00e7\u00e3o para fazer penit\u00eancia<\/em><br \/>\n<em> segundo o exemplo e ensino de nosso bem-aventurado pai<\/em><br \/>\n<em> Francisco, pouco depois de sua convers\u00e3o, com algumas<\/em><br \/>\n<em> Irm\u00e3s que Deus me dera logo ap\u00f3s a minha convers\u00e3o, eu lhe<\/em><br \/>\n<em> prometi obedi\u00eancia voluntariamente, como o Senhor nos<\/em><br \/>\n<em> concedera pela luz de sua gra\u00e7a atrav\u00e9s da vida admir\u00e1vel e<\/em><br \/>\n<em> do ensinamento dele\u201d. (Testamento de Clara 24.25)<\/em><\/p>\n<p>Clara n\u00e3o tem um rompimento com seu passado, mas sublima sua vida anterior. N\u00e3o \u00e9 uma vida de pecado, como de muitos convertidos, mas sim uma vida sadia vivida na inf\u00e2ncia e adolesc\u00eancia, na juventude e nos cuidados de uma fam\u00edlia que sempre a quis bem nascida e bem educada nos mais nobres costumes da corte. Ela n\u00e3o precisou libertar-se das vaidades do mundo, pois j\u00e1 era livre em dividir em obras de caridade e atendimento aos necessitados os bens que possu\u00eda, e ser serva entre as servas. N\u00e3o h\u00e1 vaidade para quem exercita caridade. Voca\u00e7\u00e3o \u00e9 fazer valer o cora\u00e7\u00e3o e direcionar o centro dos sentimentos para algo maior.<\/p>\n<p>Voca\u00e7\u00e3o \u00e9 ter encontros com modelos vivos. Clara encontrou-se algumas vezes com Francisco de um modo discreto e secreto. Voca\u00e7\u00e3o tem este jeito de n\u00e3o fazer barulho; deixar tudo crescer quietinho antes que a op\u00e7\u00e3o apare\u00e7a bem n\u00edtida. Depois sim, quanto tudo est\u00e1 evidente come\u00e7ar a dizer. Os dois descobriram que voca\u00e7\u00e3o \u00e9 abrir o cora\u00e7\u00e3o para um amor sem reservas. Voca\u00e7\u00e3o \u00e9 atra\u00e7\u00e3o. O que atraiu Clara? O Amado! O mesmo Amado de Francisco, o Deus de Nosso Senhor Jesus Cristo! Francisco apenas mostrou para ela que o Amado \u00e9 real, pr\u00f3ximo, pobre e simples. Ele mostrou para ela que o Amado se fez carne no despojamento total da Senhora Dama Pobreza. Ela revelou para ele que o Amado \u00e9 o Espelho, reflexo da Beleza Maior. Os dois viveram um cristianismo de sedu\u00e7\u00e3o, de encantamento, de seguimento apaixonado. Assim como para Francisco, tamb\u00e9m n\u00e3o foi f\u00e1cil para Clara os passos da ruptura; foram passos decididos e corajosos. A atra\u00e7\u00e3o foi t\u00e3o grande que foi um pulo: fugir de casa, arriscar a reputa\u00e7\u00e3o, abalar a fam\u00edlia e a cidade de Assis, e criar um novo modo de viver uma clausura plena da liberdade e realiza\u00e7\u00e3o de quem ama. Escreveu at\u00e9 uma carta \u00e0 princesa amiga e santa, In\u00eas de Praga , dizendo assim:<\/p>\n<p style=\"padding-left: 40px;\"><em>\u201cQue troca maior e mais louv\u00e1vel: deixar as coisas<\/em><br \/>\n<em> temporais pelas eternas, merecer os bens celestes<\/em><br \/>\n<em> em vez dos terrestres, e possuir a vida feliz para<\/em><br \/>\n<em> sempre! \u201d ( 1CtIn 30 )<\/em><\/p>\n<p>Voca\u00e7\u00e3o \u00e9 perceber que a convoca\u00e7\u00e3o \u00e9 divina inspira\u00e7\u00e3o, \u00e9 preciosa predile\u00e7\u00e3o, \u00e9 acolhimento que vai purificando e guiando a escolha. Mudar de lugar \u00e9 real para Clara: de seu pal\u00e1cio para a Porci\u00fancula; dali at\u00e9 as beneditinas de Bastia, uma hospedaria de aconchego e prote\u00e7\u00e3o; dizer para o tio Monaldo e seus cavaleiros que n\u00e3o voltar\u00e1 mais para a casa, pois agora \u00e9 uma mulher devotada; depois a vida simples em Santo \u00c2ngelo de Panzo. Atrair e reunir a irm\u00e3 In\u00eas, uma amiga de juventude, o incentivo dos frades, o primo Rufino, que tamb\u00e9m foi seguir o Evangelho; as preces do pai Francisco, a irm\u00e3 Beatriz, a m\u00e3e Hortolana, as outras Irm\u00e3s&#8230;e estava aberto o definitivo caminho de S\u00e3o Dami\u00e3o. Enfim chegou aos p\u00e9s do expressivo Amado, grudado no Amor e na Cruz. Ali Clara cuidou para sempre do lugar da inspira\u00e7\u00e3o, o lugar da Voca\u00e7\u00e3o, abra\u00e7ou o Cristo Pobre como uma fecunda virgem pobre.<\/p>\n<p>Em S\u00e3o Dami\u00e3o o recolhimento, o sil\u00eancio, a prece, a conviv\u00eancia, o discernimento, a luz para sua nova Ordem e a Ordem dos Mendicantes. Um encontro entre a a\u00e7\u00e3o e a contempla\u00e7\u00e3o s\u00f3 podia dar conversas de fogo a incendiar a ceia no bosque. O futuro das duas Ordens depende da dire\u00e7\u00e3o espiritual segura do pai Francisco e do ardente e apaixonado amor da m\u00e3e Clara. O futuro das Ordens est\u00e1 na jun\u00e7\u00e3o da miss\u00e3o e da ora\u00e7\u00e3o, e nos cora\u00e7\u00f5es abrasados de tanto amor!<\/p>\n<p>Em S\u00e3o Dami\u00e3o uma vida elevada na Transcend\u00eancia tem a austeridade na iman\u00eancia. N\u00e3o \u00e9 apenas o escondimento no claustro, mas a imers\u00e3o no \u00fatero de um novo nascimento. Nascer para o um novo Amor, nascer para a Boa Nova, nascer para um novo modo de fazer o chamado sempre ser escutado e n\u00e3o sair mais do lugar do encantamento.<\/p>\n","protected":false},"excerpt":{"rendered":"<p>Santa Clara de Assis &#8211; Frei Vitorio Mazzuco<\/p>\n","protected":false},"author":3,"featured_media":176359,"comment_status":"open","ping_status":"open","sticky":false,"template":"","format":"standard","meta":[],"categories":[65],"tags":[108],"yoast_head":"<!-- This site is optimized with the Yoast SEO plugin v19.2 - https:\/\/yoast.com\/wordpress\/plugins\/seo\/ -->\n<title>800 anos do Carisma Clariano - Carisma - Franciscanos<\/title>\n<meta name=\"robots\" content=\"index, follow, max-snippet:-1, max-image-preview:large, max-video-preview:-1\" \/>\n<link rel=\"canonical\" href=\"https:\/\/franciscanos.org.br\/carisma\/800-anos-do-carisma-clariano.html\" \/>\n<meta property=\"og:locale\" content=\"pt_BR\" \/>\n<meta property=\"og:type\" content=\"article\" \/>\n<meta property=\"og:title\" content=\"800 anos do Carisma Clariano - Carisma - Franciscanos\" \/>\n<meta property=\"og:description\" content=\"Santa Clara de Assis - Frei Vitorio Mazzuco\" \/>\n<meta property=\"og:url\" content=\"https:\/\/franciscanos.org.br\/carisma\/800-anos-do-carisma-clariano.html\" \/>\n<meta property=\"og:site_name\" content=\"Carisma - Franciscanos\" \/>\n<meta property=\"article:published_time\" content=\"2011-01-02T12:40:20+00:00\" \/>\n<meta property=\"article:modified_time\" content=\"2019-08-06T13:45:40+00:00\" \/>\n<meta property=\"og:image\" content=\"https:\/\/franciscanos.org.br\/carisma\/wp-content\/uploads\/2019\/08\/clara_800d.jpg\" \/>\n\t<meta property=\"og:image:width\" content=\"273\" \/>\n\t<meta property=\"og:image:height\" content=\"181\" \/>\n\t<meta property=\"og:image:type\" content=\"image\/jpeg\" \/>\n<meta name=\"author\" content=\"moacir\" \/>\n<meta name=\"twitter:card\" content=\"summary_large_image\" \/>\n<meta name=\"twitter:label1\" content=\"Escrito por\" \/>\n\t<meta name=\"twitter:data1\" content=\"moacir\" \/>\n\t<meta name=\"twitter:label2\" content=\"Est. tempo de leitura\" \/>\n\t<meta name=\"twitter:data2\" content=\"11 minutos\" \/>\n<script type=\"application\/ld+json\" class=\"yoast-schema-graph\">{\"@context\":\"https:\/\/schema.org\",\"@graph\":[{\"@type\":\"WebSite\",\"@id\":\"https:\/\/franciscanos.org.br\/carisma\/#website\",\"url\":\"https:\/\/franciscanos.org.br\/carisma\/\",\"name\":\"Carisma - Franciscanos\",\"description\":\"Prov\u00edncia Franciscana da Imaculada Concei\u00e7\u00e3o do Brasil - Ordem dos Frades Menores\",\"potentialAction\":[{\"@type\":\"SearchAction\",\"target\":{\"@type\":\"EntryPoint\",\"urlTemplate\":\"https:\/\/franciscanos.org.br\/carisma\/?s={search_term_string}\"},\"query-input\":\"required name=search_term_string\"}],\"inLanguage\":\"pt-BR\"},{\"@type\":\"ImageObject\",\"inLanguage\":\"pt-BR\",\"@id\":\"https:\/\/franciscanos.org.br\/carisma\/800-anos-do-carisma-clariano.html#primaryimage\",\"url\":\"https:\/\/franciscanos.org.br\/carisma\/wp-content\/uploads\/2019\/08\/clara_800d.jpg\",\"contentUrl\":\"https:\/\/franciscanos.org.br\/carisma\/wp-content\/uploads\/2019\/08\/clara_800d.jpg\",\"width\":273,\"height\":181},{\"@type\":\"WebPage\",\"@id\":\"https:\/\/franciscanos.org.br\/carisma\/800-anos-do-carisma-clariano.html#webpage\",\"url\":\"https:\/\/franciscanos.org.br\/carisma\/800-anos-do-carisma-clariano.html\",\"name\":\"800 anos do Carisma Clariano - Carisma - Franciscanos\",\"isPartOf\":{\"@id\":\"https:\/\/franciscanos.org.br\/carisma\/#website\"},\"primaryImageOfPage\":{\"@id\":\"https:\/\/franciscanos.org.br\/carisma\/800-anos-do-carisma-clariano.html#primaryimage\"},\"datePublished\":\"2011-01-02T12:40:20+00:00\",\"dateModified\":\"2019-08-06T13:45:40+00:00\",\"author\":{\"@id\":\"https:\/\/franciscanos.org.br\/carisma\/#\/schema\/person\/bf14cae4d2151ab6b6e41d96660f93a2\"},\"breadcrumb\":{\"@id\":\"https:\/\/franciscanos.org.br\/carisma\/800-anos-do-carisma-clariano.html#breadcrumb\"},\"inLanguage\":\"pt-BR\",\"potentialAction\":[{\"@type\":\"ReadAction\",\"target\":[\"https:\/\/franciscanos.org.br\/carisma\/800-anos-do-carisma-clariano.html\"]}]},{\"@type\":\"BreadcrumbList\",\"@id\":\"https:\/\/franciscanos.org.br\/carisma\/800-anos-do-carisma-clariano.html#breadcrumb\",\"itemListElement\":[{\"@type\":\"ListItem\",\"position\":1,\"name\":\"Home\",\"item\":\"https:\/\/franciscanos.org.br\/carisma\"},{\"@type\":\"ListItem\",\"position\":2,\"name\":\"800 anos do Carisma Clariano\"}]},{\"@type\":\"Person\",\"@id\":\"https:\/\/franciscanos.org.br\/carisma\/#\/schema\/person\/bf14cae4d2151ab6b6e41d96660f93a2\",\"name\":\"moacir\",\"image\":{\"@type\":\"ImageObject\",\"inLanguage\":\"pt-BR\",\"@id\":\"https:\/\/franciscanos.org.br\/carisma\/#\/schema\/person\/image\/\",\"url\":\"https:\/\/secure.gravatar.com\/avatar\/d08aa2ce4c8dd416d4479aa8536fcf64?s=96&d=mm&r=g\",\"contentUrl\":\"https:\/\/secure.gravatar.com\/avatar\/d08aa2ce4c8dd416d4479aa8536fcf64?s=96&d=mm&r=g\",\"caption\":\"moacir\"},\"url\":\"https:\/\/franciscanos.org.br\/carisma\/author\/moacir\"}]}<\/script>\n<!-- \/ Yoast SEO plugin. -->","yoast_head_json":{"title":"800 anos do Carisma Clariano - Carisma - Franciscanos","robots":{"index":"index","follow":"follow","max-snippet":"max-snippet:-1","max-image-preview":"max-image-preview:large","max-video-preview":"max-video-preview:-1"},"canonical":"https:\/\/franciscanos.org.br\/carisma\/800-anos-do-carisma-clariano.html","og_locale":"pt_BR","og_type":"article","og_title":"800 anos do Carisma Clariano - Carisma - Franciscanos","og_description":"Santa Clara de Assis - Frei Vitorio Mazzuco","og_url":"https:\/\/franciscanos.org.br\/carisma\/800-anos-do-carisma-clariano.html","og_site_name":"Carisma - Franciscanos","article_published_time":"2011-01-02T12:40:20+00:00","article_modified_time":"2019-08-06T13:45:40+00:00","og_image":[{"width":273,"height":181,"url":"https:\/\/franciscanos.org.br\/carisma\/wp-content\/uploads\/2019\/08\/clara_800d.jpg","type":"image\/jpeg"}],"author":"moacir","twitter_card":"summary_large_image","twitter_misc":{"Escrito por":"moacir","Est. tempo de leitura":"11 minutos"},"schema":{"@context":"https:\/\/schema.org","@graph":[{"@type":"WebSite","@id":"https:\/\/franciscanos.org.br\/carisma\/#website","url":"https:\/\/franciscanos.org.br\/carisma\/","name":"Carisma - Franciscanos","description":"Prov\u00edncia Franciscana da Imaculada Concei\u00e7\u00e3o do Brasil - Ordem dos Frades Menores","potentialAction":[{"@type":"SearchAction","target":{"@type":"EntryPoint","urlTemplate":"https:\/\/franciscanos.org.br\/carisma\/?s={search_term_string}"},"query-input":"required name=search_term_string"}],"inLanguage":"pt-BR"},{"@type":"ImageObject","inLanguage":"pt-BR","@id":"https:\/\/franciscanos.org.br\/carisma\/800-anos-do-carisma-clariano.html#primaryimage","url":"https:\/\/franciscanos.org.br\/carisma\/wp-content\/uploads\/2019\/08\/clara_800d.jpg","contentUrl":"https:\/\/franciscanos.org.br\/carisma\/wp-content\/uploads\/2019\/08\/clara_800d.jpg","width":273,"height":181},{"@type":"WebPage","@id":"https:\/\/franciscanos.org.br\/carisma\/800-anos-do-carisma-clariano.html#webpage","url":"https:\/\/franciscanos.org.br\/carisma\/800-anos-do-carisma-clariano.html","name":"800 anos do Carisma Clariano - Carisma - Franciscanos","isPartOf":{"@id":"https:\/\/franciscanos.org.br\/carisma\/#website"},"primaryImageOfPage":{"@id":"https:\/\/franciscanos.org.br\/carisma\/800-anos-do-carisma-clariano.html#primaryimage"},"datePublished":"2011-01-02T12:40:20+00:00","dateModified":"2019-08-06T13:45:40+00:00","author":{"@id":"https:\/\/franciscanos.org.br\/carisma\/#\/schema\/person\/bf14cae4d2151ab6b6e41d96660f93a2"},"breadcrumb":{"@id":"https:\/\/franciscanos.org.br\/carisma\/800-anos-do-carisma-clariano.html#breadcrumb"},"inLanguage":"pt-BR","potentialAction":[{"@type":"ReadAction","target":["https:\/\/franciscanos.org.br\/carisma\/800-anos-do-carisma-clariano.html"]}]},{"@type":"BreadcrumbList","@id":"https:\/\/franciscanos.org.br\/carisma\/800-anos-do-carisma-clariano.html#breadcrumb","itemListElement":[{"@type":"ListItem","position":1,"name":"Home","item":"https:\/\/franciscanos.org.br\/carisma"},{"@type":"ListItem","position":2,"name":"800 anos do Carisma Clariano"}]},{"@type":"Person","@id":"https:\/\/franciscanos.org.br\/carisma\/#\/schema\/person\/bf14cae4d2151ab6b6e41d96660f93a2","name":"moacir","image":{"@type":"ImageObject","inLanguage":"pt-BR","@id":"https:\/\/franciscanos.org.br\/carisma\/#\/schema\/person\/image\/","url":"https:\/\/secure.gravatar.com\/avatar\/d08aa2ce4c8dd416d4479aa8536fcf64?s=96&d=mm&r=g","contentUrl":"https:\/\/secure.gravatar.com\/avatar\/d08aa2ce4c8dd416d4479aa8536fcf64?s=96&d=mm&r=g","caption":"moacir"},"url":"https:\/\/franciscanos.org.br\/carisma\/author\/moacir"}]}},"_links":{"self":[{"href":"https:\/\/franciscanos.org.br\/carisma\/wp-json\/wp\/v2\/posts\/176357"}],"collection":[{"href":"https:\/\/franciscanos.org.br\/carisma\/wp-json\/wp\/v2\/posts"}],"about":[{"href":"https:\/\/franciscanos.org.br\/carisma\/wp-json\/wp\/v2\/types\/post"}],"author":[{"embeddable":true,"href":"https:\/\/franciscanos.org.br\/carisma\/wp-json\/wp\/v2\/users\/3"}],"replies":[{"embeddable":true,"href":"https:\/\/franciscanos.org.br\/carisma\/wp-json\/wp\/v2\/comments?post=176357"}],"version-history":[{"count":1,"href":"https:\/\/franciscanos.org.br\/carisma\/wp-json\/wp\/v2\/posts\/176357\/revisions"}],"predecessor-version":[{"id":176360,"href":"https:\/\/franciscanos.org.br\/carisma\/wp-json\/wp\/v2\/posts\/176357\/revisions\/176360"}],"wp:featuredmedia":[{"embeddable":true,"href":"https:\/\/franciscanos.org.br\/carisma\/wp-json\/wp\/v2\/media\/176359"}],"wp:attachment":[{"href":"https:\/\/franciscanos.org.br\/carisma\/wp-json\/wp\/v2\/media?parent=176357"}],"wp:term":[{"taxonomy":"category","embeddable":true,"href":"https:\/\/franciscanos.org.br\/carisma\/wp-json\/wp\/v2\/categories?post=176357"},{"taxonomy":"post_tag","embeddable":true,"href":"https:\/\/franciscanos.org.br\/carisma\/wp-json\/wp\/v2\/tags?post=176357"}],"curies":[{"name":"wp","href":"https:\/\/api.w.org\/{rel}","templated":true}]}}