{"id":176353,"date":"2011-01-02T10:33:42","date_gmt":"2011-01-02T12:33:42","guid":{"rendered":"https:\/\/franciscanos.org.br\/carisma\/?p=176353"},"modified":"2019-08-06T10:37:11","modified_gmt":"2019-08-06T13:37:11","slug":"o-corpo-de-clara","status":"publish","type":"post","link":"https:\/\/franciscanos.org.br\/carisma\/o-corpo-de-clara.html","title":{"rendered":"O Corpo de Clara"},"content":{"rendered":"<p><img loading=\"lazy\" class=\"alignnone wp-image-176354 size-full\" src=\"https:\/\/franciscanos.org.br\/carisma\/wp-content\/uploads\/2019\/08\/clara_corpo.jpg\" alt=\"\" width=\"840\" height=\"567\" srcset=\"https:\/\/franciscanos.org.br\/carisma\/wp-content\/uploads\/2019\/08\/clara_corpo.jpg 840w, https:\/\/franciscanos.org.br\/carisma\/wp-content\/uploads\/2019\/08\/clara_corpo-450x304.jpg 450w, https:\/\/franciscanos.org.br\/carisma\/wp-content\/uploads\/2019\/08\/clara_corpo-768x518.jpg 768w, https:\/\/franciscanos.org.br\/carisma\/wp-content\/uploads\/2019\/08\/clara_corpo-150x101.jpg 150w\" sizes=\"(max-width: 840px) 100vw, 840px\" \/><\/p>\n<p><strong>Por Frei Vit\u00f3rio Mazzuco Filho<\/strong><\/p>\n<p>Em 11 de agosto de 1253, Santa Clara entra na gl\u00f3ria eterna; j\u00e1 no dia seguinte seu corpo \u00e9 levado para a Igreja de S\u00e3o Jorge onde tamb\u00e9m repousa Francisco. No dia 3 de outubro de 1260, o corpo \u00e9 exumado e colocado na Bas\u00edlica de Santa Clara; ali permanece perto do altar com uma simples inscri\u00e7\u00e3o: &#8220;Aqui jaz o corpo da Virgem Santa Clara&#8221;, protegido pelo brilho de uma l\u00e2mpada e as preces silenciosas de suas filhas que guardaram este fato no segredo de seus cora\u00e7\u00f5es.<\/p>\n<p>Em 1849 a Rep\u00fablica Italiana escolhe Assis como sede do governo e n\u00e3o tem boa rela\u00e7\u00e3o com as institui\u00e7\u00f5es religiosas. No meio de conflitos e invent\u00e1rios, persegui\u00e7\u00f5es e desordem civil e espiritual, a Abadessa Clara Columba Angeli, resolve procurar o corpo da vener\u00e1vel M\u00e3e Clara, para que a grande dama de Assis seja um verdadeiro sinal de paz e unidade para um momento sofrido da hist\u00f3ria italiana. Neste mesmo ano, o cardeal Marini, prefeito da Congrega\u00e7\u00e3o dos Ritos, visita Assis para a festa dos Estigmas, e, num encontro com as Clarissas, conversam sobre o encontro dos restos de S\u00e3o Francisco em 1813. A Abadessa aproveita a ocasi\u00e3o e diz: &#8221; Emin\u00eancia, j\u00e1 que o Sol deixou-se encontrar, n\u00e3o \u00e9 necess\u00e1rio que a Lua tenha tamb\u00e9m o seu lugar?&#8221;<\/p>\n<p>No dia 6 de agosto de 1850 recebem autoriza\u00e7\u00e3o do governo civil para a exuma\u00e7\u00e3o. No dia 23 do mesmo m\u00eas, em sil\u00eancio e sempre \u00e0 noite, os trabalhos come\u00e7am acompanhados pelo vig\u00e1rio episcopal Luigi Alexandri, do Delegado para os Religiosos Pe. Giuseppe Morichelli, e o especialista em escava\u00e7\u00f5es Marco Rondini. Oito dias depois encontravam o t\u00famulo onde o corpo da santa fora depositado h\u00e1 6 s\u00e9culos. No dia 23 de setembro, com a presen\u00e7a do Bispo de Perugia, Giocecchino Pecci (futuro Papa Le\u00e3o XIII), o qu\u00edmico Purgotti, o arque\u00f3logo Antonini e o diretor do arquivo municipal de Assis Paolo Cesini abriram o sarc\u00f3fago. N\u00e3o havia nenhuma inscri\u00e7\u00e3o junto com os restos mortais. O corpo de Clara tinha o fino semblante intacto, a pele estava sombria e bem colada aos ossos. Uma coroa de honra feita no s\u00e9culo XIII estava perfeita. Os ramos de tomilho que enfeitavam o corpo permaneciam conservados. O corpo todo estava em estado de esqueleto na disposi\u00e7\u00e3o normal dos ossos. A cabe\u00e7a inclinada sobre o ombro esquerdo, o bra\u00e7o esquerdo sobre o peito e o direito estendido ao longo do corpo. Um fio de p\u00f3 branco recobria o esqueleto. O corpo foi erguido e colocado num relic\u00e1rio. Uma grande rel\u00edquia foi mandada a Roma.<\/p>\n<p>&#8220;Um Tr\u00edduo foi celebrado em a\u00e7\u00e3o de gra\u00e7as nos dias 26, 27 e 28 de setembro, depois que a urna foi aberta uma outra vez para recobrir os ossos da Santa e lhes dar a apar\u00eancia de um corpo. Tinham sido envoltos anteriormente por uma camada de algod\u00e3o. A t\u00fanica parda, a cobertura da cabe\u00e7a branca e o v\u00e9u preto foram confeccionados por algumas senhoras desconhecidas de Assis. Colocou-se sobre a cabe\u00e7a uma coroa de flores. A urna foi ent\u00e3o fechada e ornamentada para a prociss\u00e3o solene que teve lugar na tarde de 29 de setembro. Numa recorda\u00e7\u00e3o comovente das horas hist\u00f3ricas, o corpo de Santa Clara foi conduzido por quatro sacerdotes sob os aplausos da popula\u00e7\u00e3o, em primeiro lugar a S\u00e3o Rufino e, em seguida, para uma visita ao t\u00famulo de S\u00e3o Francisco. Ao crep\u00fasculo, as Irm\u00e3s acolheram sua M\u00e3e no claustro e colocaram a urna aos p\u00e9s do crucifixo que ela tanto amara em S\u00e3o Dami\u00e3o. Bem ao lado, se encontrava ainda uma outra preciosa rel\u00edquia: a grade atr\u00e1s da qual Clara tinha recebido a Santa Comunh\u00e3o. A b\u00ean\u00e7\u00e3o do Sant\u00edssimo Sacramento encerrou este dia memor\u00e1vel.&#8221;<\/p>\n<p>O corpo de Clara que est\u00e1 hoje na bas\u00edlica foi mais uma vez restaurado. De 17 de novembro de 1986 at\u00e9 12 de abril de 1987 um paciente trabalho foi feito para tirar do corpo da Santa um estado de viscosa humildade, devido ao clima e aos longos anos que criaram a decomposi\u00e7\u00e3o das partes extremas, em particular as falanges e os dedos dos p\u00e9s. Quando examinaram o corpo, ele mantinha a mesma posi\u00e7\u00e3o deixada em 1850. Todo ele foi recomposto e restaurado com tela, gesso, esmalte e silicone. A equipe que trabalhou foi esta: Gianfranco Nolli (egipt\u00f3logo), Maria Venturi (ortopedista), Gabrielle Nazareno (qu\u00edmico), Massimo Benedettucci (escultor) acompanhados da Abadessa Madre Clara Lucia Canova e Frei Giovanni Boccalli, Provincial de Assis. Recompuseram o corpo e o rosto segundo os documentos da \u00e9poca, mantendo a personalidade de mulher fascinante, ardente, terna, sens\u00edvel, segura e muito equilibrada.<\/p>\n<p>Ao chegarmos a Assis e rezarmos diante de Clara devemos lembrar que uma vida como a dela \u00e9 sempre fecunda, nunca se decomp\u00f5e. Num cora\u00e7\u00e3o aberto para o Absoluto, Deus sempre deposita a sua Beleza. Diante de seu corpo temos que ter o desejo de rezar. \u00c9 preciso sempre desejar o esp\u00edrito! Rezar \u00e9 abrir os olhos, abrir nossas faculdades humanas e todo o nosso ser e deixar que Deus se estabele\u00e7a a\u00ed. Rezar \u00e9 ver e auscultar, perceber que o esp\u00edrito sempre trabalha na imagem.<\/p>\n<p>Diante do corpo de Clara, \u00e9 preciso redescobrir a espiritualidade da ternura, da pequenez, da pobreza. Clara, mulher e santa, n\u00e3o \u00e9 um aprendizado intelectual, mas um conhecimento afetivo. Por que Clara \u00e9 bela? Porque o Esp\u00edrito imprime sempre no corpo a sua forma. O Amor pelo Esposo tomou forma em seu corpo! Ap\u00f3s 750 anos, cuidou-se muito dos restos mortais de Clara para n\u00e3o se deixar de lembrar a sua forma de Vida, modo como ela eternizou-se no tempo.<\/p>\n","protected":false},"excerpt":{"rendered":"<p>Santa Clara de Assis &#8211; Frei Vitorio Mazzuco<\/p>\n","protected":false},"author":3,"featured_media":176355,"comment_status":"open","ping_status":"open","sticky":false,"template":"","format":"standard","meta":[],"categories":[65],"tags":[108],"yoast_head":"<!-- This site is optimized with the Yoast SEO plugin v19.2 - https:\/\/yoast.com\/wordpress\/plugins\/seo\/ -->\n<title>O Corpo de Clara - Carisma - Franciscanos<\/title>\n<meta name=\"robots\" content=\"index, follow, max-snippet:-1, max-image-preview:large, max-video-preview:-1\" \/>\n<link rel=\"canonical\" href=\"https:\/\/franciscanos.org.br\/carisma\/o-corpo-de-clara.html\" \/>\n<meta property=\"og:locale\" content=\"pt_BR\" \/>\n<meta property=\"og:type\" content=\"article\" \/>\n<meta property=\"og:title\" content=\"O Corpo de Clara - Carisma - Franciscanos\" \/>\n<meta property=\"og:description\" content=\"Santa Clara de Assis - Frei Vitorio Mazzuco\" \/>\n<meta property=\"og:url\" content=\"https:\/\/franciscanos.org.br\/carisma\/o-corpo-de-clara.html\" \/>\n<meta property=\"og:site_name\" content=\"Carisma - Franciscanos\" \/>\n<meta property=\"article:published_time\" content=\"2011-01-02T12:33:42+00:00\" \/>\n<meta property=\"article:modified_time\" content=\"2019-08-06T13:37:11+00:00\" \/>\n<meta property=\"og:image\" content=\"https:\/\/franciscanos.org.br\/carisma\/wp-content\/uploads\/2019\/08\/clara_corpo_d.jpg\" \/>\n\t<meta property=\"og:image:width\" content=\"273\" \/>\n\t<meta property=\"og:image:height\" content=\"181\" \/>\n\t<meta property=\"og:image:type\" content=\"image\/jpeg\" \/>\n<meta name=\"author\" content=\"moacir\" \/>\n<meta name=\"twitter:card\" content=\"summary_large_image\" \/>\n<meta name=\"twitter:label1\" content=\"Escrito por\" \/>\n\t<meta name=\"twitter:data1\" content=\"moacir\" \/>\n\t<meta name=\"twitter:label2\" content=\"Est. tempo de leitura\" \/>\n\t<meta name=\"twitter:data2\" content=\"5 minutos\" \/>\n<script type=\"application\/ld+json\" class=\"yoast-schema-graph\">{\"@context\":\"https:\/\/schema.org\",\"@graph\":[{\"@type\":\"WebSite\",\"@id\":\"https:\/\/franciscanos.org.br\/carisma\/#website\",\"url\":\"https:\/\/franciscanos.org.br\/carisma\/\",\"name\":\"Carisma - Franciscanos\",\"description\":\"Prov\u00edncia Franciscana da Imaculada Concei\u00e7\u00e3o do Brasil - Ordem dos Frades Menores\",\"potentialAction\":[{\"@type\":\"SearchAction\",\"target\":{\"@type\":\"EntryPoint\",\"urlTemplate\":\"https:\/\/franciscanos.org.br\/carisma\/?s={search_term_string}\"},\"query-input\":\"required name=search_term_string\"}],\"inLanguage\":\"pt-BR\"},{\"@type\":\"ImageObject\",\"inLanguage\":\"pt-BR\",\"@id\":\"https:\/\/franciscanos.org.br\/carisma\/o-corpo-de-clara.html#primaryimage\",\"url\":\"https:\/\/franciscanos.org.br\/carisma\/wp-content\/uploads\/2019\/08\/clara_corpo_d.jpg\",\"contentUrl\":\"https:\/\/franciscanos.org.br\/carisma\/wp-content\/uploads\/2019\/08\/clara_corpo_d.jpg\",\"width\":273,\"height\":181},{\"@type\":\"WebPage\",\"@id\":\"https:\/\/franciscanos.org.br\/carisma\/o-corpo-de-clara.html#webpage\",\"url\":\"https:\/\/franciscanos.org.br\/carisma\/o-corpo-de-clara.html\",\"name\":\"O Corpo de Clara - Carisma - Franciscanos\",\"isPartOf\":{\"@id\":\"https:\/\/franciscanos.org.br\/carisma\/#website\"},\"primaryImageOfPage\":{\"@id\":\"https:\/\/franciscanos.org.br\/carisma\/o-corpo-de-clara.html#primaryimage\"},\"datePublished\":\"2011-01-02T12:33:42+00:00\",\"dateModified\":\"2019-08-06T13:37:11+00:00\",\"author\":{\"@id\":\"https:\/\/franciscanos.org.br\/carisma\/#\/schema\/person\/bf14cae4d2151ab6b6e41d96660f93a2\"},\"breadcrumb\":{\"@id\":\"https:\/\/franciscanos.org.br\/carisma\/o-corpo-de-clara.html#breadcrumb\"},\"inLanguage\":\"pt-BR\",\"potentialAction\":[{\"@type\":\"ReadAction\",\"target\":[\"https:\/\/franciscanos.org.br\/carisma\/o-corpo-de-clara.html\"]}]},{\"@type\":\"BreadcrumbList\",\"@id\":\"https:\/\/franciscanos.org.br\/carisma\/o-corpo-de-clara.html#breadcrumb\",\"itemListElement\":[{\"@type\":\"ListItem\",\"position\":1,\"name\":\"Home\",\"item\":\"https:\/\/franciscanos.org.br\/carisma\"},{\"@type\":\"ListItem\",\"position\":2,\"name\":\"O Corpo de Clara\"}]},{\"@type\":\"Person\",\"@id\":\"https:\/\/franciscanos.org.br\/carisma\/#\/schema\/person\/bf14cae4d2151ab6b6e41d96660f93a2\",\"name\":\"moacir\",\"image\":{\"@type\":\"ImageObject\",\"inLanguage\":\"pt-BR\",\"@id\":\"https:\/\/franciscanos.org.br\/carisma\/#\/schema\/person\/image\/\",\"url\":\"https:\/\/secure.gravatar.com\/avatar\/d08aa2ce4c8dd416d4479aa8536fcf64?s=96&d=mm&r=g\",\"contentUrl\":\"https:\/\/secure.gravatar.com\/avatar\/d08aa2ce4c8dd416d4479aa8536fcf64?s=96&d=mm&r=g\",\"caption\":\"moacir\"},\"url\":\"https:\/\/franciscanos.org.br\/carisma\/author\/moacir\"}]}<\/script>\n<!-- \/ Yoast SEO plugin. -->","yoast_head_json":{"title":"O Corpo de Clara - Carisma - Franciscanos","robots":{"index":"index","follow":"follow","max-snippet":"max-snippet:-1","max-image-preview":"max-image-preview:large","max-video-preview":"max-video-preview:-1"},"canonical":"https:\/\/franciscanos.org.br\/carisma\/o-corpo-de-clara.html","og_locale":"pt_BR","og_type":"article","og_title":"O Corpo de Clara - Carisma - Franciscanos","og_description":"Santa Clara de Assis - Frei Vitorio Mazzuco","og_url":"https:\/\/franciscanos.org.br\/carisma\/o-corpo-de-clara.html","og_site_name":"Carisma - Franciscanos","article_published_time":"2011-01-02T12:33:42+00:00","article_modified_time":"2019-08-06T13:37:11+00:00","og_image":[{"width":273,"height":181,"url":"https:\/\/franciscanos.org.br\/carisma\/wp-content\/uploads\/2019\/08\/clara_corpo_d.jpg","type":"image\/jpeg"}],"author":"moacir","twitter_card":"summary_large_image","twitter_misc":{"Escrito por":"moacir","Est. tempo de leitura":"5 minutos"},"schema":{"@context":"https:\/\/schema.org","@graph":[{"@type":"WebSite","@id":"https:\/\/franciscanos.org.br\/carisma\/#website","url":"https:\/\/franciscanos.org.br\/carisma\/","name":"Carisma - Franciscanos","description":"Prov\u00edncia Franciscana da Imaculada Concei\u00e7\u00e3o do Brasil - Ordem dos Frades Menores","potentialAction":[{"@type":"SearchAction","target":{"@type":"EntryPoint","urlTemplate":"https:\/\/franciscanos.org.br\/carisma\/?s={search_term_string}"},"query-input":"required name=search_term_string"}],"inLanguage":"pt-BR"},{"@type":"ImageObject","inLanguage":"pt-BR","@id":"https:\/\/franciscanos.org.br\/carisma\/o-corpo-de-clara.html#primaryimage","url":"https:\/\/franciscanos.org.br\/carisma\/wp-content\/uploads\/2019\/08\/clara_corpo_d.jpg","contentUrl":"https:\/\/franciscanos.org.br\/carisma\/wp-content\/uploads\/2019\/08\/clara_corpo_d.jpg","width":273,"height":181},{"@type":"WebPage","@id":"https:\/\/franciscanos.org.br\/carisma\/o-corpo-de-clara.html#webpage","url":"https:\/\/franciscanos.org.br\/carisma\/o-corpo-de-clara.html","name":"O Corpo de Clara - Carisma - Franciscanos","isPartOf":{"@id":"https:\/\/franciscanos.org.br\/carisma\/#website"},"primaryImageOfPage":{"@id":"https:\/\/franciscanos.org.br\/carisma\/o-corpo-de-clara.html#primaryimage"},"datePublished":"2011-01-02T12:33:42+00:00","dateModified":"2019-08-06T13:37:11+00:00","author":{"@id":"https:\/\/franciscanos.org.br\/carisma\/#\/schema\/person\/bf14cae4d2151ab6b6e41d96660f93a2"},"breadcrumb":{"@id":"https:\/\/franciscanos.org.br\/carisma\/o-corpo-de-clara.html#breadcrumb"},"inLanguage":"pt-BR","potentialAction":[{"@type":"ReadAction","target":["https:\/\/franciscanos.org.br\/carisma\/o-corpo-de-clara.html"]}]},{"@type":"BreadcrumbList","@id":"https:\/\/franciscanos.org.br\/carisma\/o-corpo-de-clara.html#breadcrumb","itemListElement":[{"@type":"ListItem","position":1,"name":"Home","item":"https:\/\/franciscanos.org.br\/carisma"},{"@type":"ListItem","position":2,"name":"O Corpo de Clara"}]},{"@type":"Person","@id":"https:\/\/franciscanos.org.br\/carisma\/#\/schema\/person\/bf14cae4d2151ab6b6e41d96660f93a2","name":"moacir","image":{"@type":"ImageObject","inLanguage":"pt-BR","@id":"https:\/\/franciscanos.org.br\/carisma\/#\/schema\/person\/image\/","url":"https:\/\/secure.gravatar.com\/avatar\/d08aa2ce4c8dd416d4479aa8536fcf64?s=96&d=mm&r=g","contentUrl":"https:\/\/secure.gravatar.com\/avatar\/d08aa2ce4c8dd416d4479aa8536fcf64?s=96&d=mm&r=g","caption":"moacir"},"url":"https:\/\/franciscanos.org.br\/carisma\/author\/moacir"}]}},"_links":{"self":[{"href":"https:\/\/franciscanos.org.br\/carisma\/wp-json\/wp\/v2\/posts\/176353"}],"collection":[{"href":"https:\/\/franciscanos.org.br\/carisma\/wp-json\/wp\/v2\/posts"}],"about":[{"href":"https:\/\/franciscanos.org.br\/carisma\/wp-json\/wp\/v2\/types\/post"}],"author":[{"embeddable":true,"href":"https:\/\/franciscanos.org.br\/carisma\/wp-json\/wp\/v2\/users\/3"}],"replies":[{"embeddable":true,"href":"https:\/\/franciscanos.org.br\/carisma\/wp-json\/wp\/v2\/comments?post=176353"}],"version-history":[{"count":1,"href":"https:\/\/franciscanos.org.br\/carisma\/wp-json\/wp\/v2\/posts\/176353\/revisions"}],"predecessor-version":[{"id":176356,"href":"https:\/\/franciscanos.org.br\/carisma\/wp-json\/wp\/v2\/posts\/176353\/revisions\/176356"}],"wp:featuredmedia":[{"embeddable":true,"href":"https:\/\/franciscanos.org.br\/carisma\/wp-json\/wp\/v2\/media\/176355"}],"wp:attachment":[{"href":"https:\/\/franciscanos.org.br\/carisma\/wp-json\/wp\/v2\/media?parent=176353"}],"wp:term":[{"taxonomy":"category","embeddable":true,"href":"https:\/\/franciscanos.org.br\/carisma\/wp-json\/wp\/v2\/categories?post=176353"},{"taxonomy":"post_tag","embeddable":true,"href":"https:\/\/franciscanos.org.br\/carisma\/wp-json\/wp\/v2\/tags?post=176353"}],"curies":[{"name":"wp","href":"https:\/\/api.w.org\/{rel}","templated":true}]}}