{"id":176345,"date":"2011-01-03T10:22:04","date_gmt":"2011-01-03T12:22:04","guid":{"rendered":"https:\/\/franciscanos.org.br\/carisma\/?p=176345"},"modified":"2019-08-06T10:25:55","modified_gmt":"2019-08-06T13:25:55","slug":"a-utopia-de-francisco-se-fez-clara","status":"publish","type":"post","link":"https:\/\/franciscanos.org.br\/carisma\/a-utopia-de-francisco-se-fez-clara.html","title":{"rendered":"A utopia de Francisco se fez Clara"},"content":{"rendered":"<p><img loading=\"lazy\" class=\"alignnone size-full wp-image-176346\" src=\"https:\/\/franciscanos.org.br\/carisma\/wp-content\/uploads\/2019\/08\/clara_giotto.jpg\" alt=\"\" width=\"840\" height=\"512\" srcset=\"https:\/\/franciscanos.org.br\/carisma\/wp-content\/uploads\/2019\/08\/clara_giotto.jpg 840w, https:\/\/franciscanos.org.br\/carisma\/wp-content\/uploads\/2019\/08\/clara_giotto-450x274.jpg 450w, https:\/\/franciscanos.org.br\/carisma\/wp-content\/uploads\/2019\/08\/clara_giotto-768x468.jpg 768w, https:\/\/franciscanos.org.br\/carisma\/wp-content\/uploads\/2019\/08\/clara_giotto-150x91.jpg 150w\" sizes=\"(max-width: 840px) 100vw, 840px\" \/><\/p>\n<p><strong>Por Frei Vit\u00f3rio Mazzuco Filho<\/strong><\/p>\n<p>Estamos em pleno Ano Clariano e na oportuna comemora\u00e7\u00e3o dos 750 anos da Morte de Santa Clara de Assis. Comemorar a morte de uma santa \u00e9 comemorar o modo como sua presen\u00e7a permanece em plena vitalidade. A pessoa santa vive na perenidade da obra que deixou. Clara de Assis est\u00e1 vivendo! Mesmo que n\u00f3s frades n\u00e3o estejamos atentos a esta verdade, a presen\u00e7a de Clara \u00e9 muito forte para a humanidade e para a igreja.<\/p>\n<p>O que sabemos da m\u00e3e do nosso movimento? Ela n\u00e3o \u00e9 a sombra de Francisco, mas brilha com ele na primavera da sociedade e da igreja medieval at\u00e9 os tempos atuais. Cidad\u00e3os de Assis e cidad\u00e3os do mundo, os dois s\u00e3o portadores de uma personalidade forte e original. H\u00e1 800 anos o Movimento de Assis sacode o mundo com valores profundamente humanos e divinos, nele o Evangelho faz estrada. E desde ent\u00e3o temos esta Mulher Nova que nos legou um modo de amar e um modo de abra\u00e7ar a revolu\u00e7\u00e3o que vem da alt\u00edssima pobreza.<\/p>\n<p>O t\u00edtulo acima \u00e9 de uma obra coletiva italiana publicada pela <em>Cittadella Editrice<\/em> e remete \u00e0 escolha comum do Evangelho. Clara n\u00e3o \u00e9 fotoc\u00f3pia de Francisco mas \u00e9 o lado feminino do projeto sonhado por ele. Ela viveu o discipulado como uma mestra aut\u00f4noma e respons\u00e1vel do mesmo projeto de vida evang\u00e9lica. Por s\u00e9culos Clara ficou desconhecida por que culturalmente achamos que experi\u00eancias, escritos, m\u00edstica, espiritualidade, carisma fundacional, capacidade de conduzir grupo religioso \u00e9 atribui\u00e7\u00e3o apenas de homem; ali\u00e1s, descobrir o potencial feminino \u00e9 o que falta ainda no processo de convers\u00e3o da pr\u00f3pria eclesialidade.<\/p>\n<p>Quem de n\u00f3s conhece as fontes clarianas? Os escritos de Santa Clara e os textos ligados \u00e0 sua vida s\u00e3o as fontes para o conhecimento prim\u00e1rio da experi\u00eancia religiosa e m\u00edstica da m\u00e3e do Movimento de Assis. Clara \u00e9 nossa primeira m\u00edstica e primeira escritora, contudo as suas Cartas \u00e0 In\u00eas de Praga foram publicadas e divulgadas em 1953 por Fausta Casolini, por ocasi\u00e3o do VII Centen\u00e1rio da Morte da Santa. A Legenda de Santa Clara, atribu\u00edda \u00e0 Tomas de Celano, foi traduzida para o italiano e da\u00ed para outras l\u00ednguas a partir de 1962. O Processo de Canoniza\u00e7\u00e3o de Clara foi descoberto apenas em 1920. A partir do estudo e conhecimento destas obras podemos saber muito sobre Clara. E o que devemos saber?<\/p>\n<p>Ela \u00e9 fundamental para a nossa fam\u00edlia religiosa. \u00c9 fundadora com Francisco e mestra da nossa rica espiritualidade. Ela tem muito a dizer. Ela nos ensinou a pensar a realidade sob a \u00f3tica da contempla\u00e7\u00e3o; com ela temos que aprender a transformar o nosso tempo em tempo. N\u00f3s falamos de um modo conceitual sobre a pobreza, Clara casou-se com ela. N\u00f3s seguimos o Senhor, Clara se enamorou por Ele. N\u00f3s estudamos a pobreza, Clara pediu ao Papa o &#8220;Privilegium Paupertatis&#8221; , o privil\u00e9gio de viver sem nenhum privil\u00e9gio, a ren\u00fancia a qualquer status, a coragem de ter tudo em comum.<\/p>\n<p>Clara \u00e9 um \u00edcone da viv\u00eancia radical do Evangelho: viv\u00ea-lo e nada mais! Transformou a ess\u00eancia do cristianismo num modo cotidiano, simples e fraterno. Uma Dama Nobre que escolheu viver a sobriedade longe do barulho escandaloso das colunas sociais.<\/p>\n<p>Clara \u00e9 uma Mulher Nova a viver seus dons naturais aperfei\u00e7oados pelas virtudes do Evangelho: inteligente, bela, corajosa, bondosa, segura, compreens\u00edvel, acolhedora e contemplativa. Viveu 40 anos reclusa em S\u00e3o Dami\u00e3o e fez do mosteiro n\u00e3o uma pris\u00e3o mas um \u00fatero onde cada dia gerou o Reino de Deus. De S\u00e3o Dami\u00e3o ajudou a resolver as inquietudes de seu tempo, salvou Assis da invas\u00e3o e da guerra, como mulher olhou muito no Espelho para ver o melhor de si mesma: a beleza e a gra\u00e7a do Amado. De S\u00e3o Dami\u00e3o passou para a hist\u00f3ria como uma mulher e santa universal.<\/p>\n","protected":false},"excerpt":{"rendered":"<p>Santa Clara de Assis &#8211; Frei Vitorio Mazzuco<\/p>\n","protected":false},"author":3,"featured_media":176347,"comment_status":"open","ping_status":"open","sticky":false,"template":"","format":"standard","meta":[],"categories":[65],"tags":[108],"yoast_head":"<!-- This site is optimized with the Yoast SEO plugin v19.2 - https:\/\/yoast.com\/wordpress\/plugins\/seo\/ -->\n<title>A utopia de Francisco se fez Clara - Carisma - Franciscanos<\/title>\n<meta name=\"robots\" content=\"index, follow, max-snippet:-1, max-image-preview:large, max-video-preview:-1\" \/>\n<link rel=\"canonical\" href=\"https:\/\/franciscanos.org.br\/carisma\/a-utopia-de-francisco-se-fez-clara.html\" \/>\n<meta property=\"og:locale\" content=\"pt_BR\" \/>\n<meta property=\"og:type\" content=\"article\" \/>\n<meta property=\"og:title\" content=\"A utopia de Francisco se fez Clara - Carisma - Franciscanos\" \/>\n<meta property=\"og:description\" content=\"Santa Clara de Assis - Frei Vitorio Mazzuco\" \/>\n<meta property=\"og:url\" content=\"https:\/\/franciscanos.org.br\/carisma\/a-utopia-de-francisco-se-fez-clara.html\" \/>\n<meta property=\"og:site_name\" content=\"Carisma - Franciscanos\" \/>\n<meta property=\"article:published_time\" content=\"2011-01-03T12:22:04+00:00\" \/>\n<meta property=\"article:modified_time\" content=\"2019-08-06T13:25:55+00:00\" \/>\n<meta property=\"og:image\" content=\"https:\/\/franciscanos.org.br\/carisma\/wp-content\/uploads\/2019\/08\/clara_giotto_d.jpg\" \/>\n\t<meta property=\"og:image:width\" content=\"273\" \/>\n\t<meta property=\"og:image:height\" content=\"181\" \/>\n\t<meta property=\"og:image:type\" content=\"image\/jpeg\" \/>\n<meta name=\"author\" content=\"moacir\" \/>\n<meta name=\"twitter:card\" content=\"summary_large_image\" \/>\n<meta name=\"twitter:label1\" content=\"Escrito por\" \/>\n\t<meta name=\"twitter:data1\" content=\"moacir\" \/>\n\t<meta name=\"twitter:label2\" content=\"Est. tempo de leitura\" \/>\n\t<meta name=\"twitter:data2\" content=\"3 minutos\" \/>\n<script type=\"application\/ld+json\" class=\"yoast-schema-graph\">{\"@context\":\"https:\/\/schema.org\",\"@graph\":[{\"@type\":\"WebSite\",\"@id\":\"https:\/\/franciscanos.org.br\/carisma\/#website\",\"url\":\"https:\/\/franciscanos.org.br\/carisma\/\",\"name\":\"Carisma - Franciscanos\",\"description\":\"Prov\u00edncia Franciscana da Imaculada Concei\u00e7\u00e3o do Brasil - Ordem dos Frades Menores\",\"potentialAction\":[{\"@type\":\"SearchAction\",\"target\":{\"@type\":\"EntryPoint\",\"urlTemplate\":\"https:\/\/franciscanos.org.br\/carisma\/?s={search_term_string}\"},\"query-input\":\"required name=search_term_string\"}],\"inLanguage\":\"pt-BR\"},{\"@type\":\"ImageObject\",\"inLanguage\":\"pt-BR\",\"@id\":\"https:\/\/franciscanos.org.br\/carisma\/a-utopia-de-francisco-se-fez-clara.html#primaryimage\",\"url\":\"https:\/\/franciscanos.org.br\/carisma\/wp-content\/uploads\/2019\/08\/clara_giotto_d.jpg\",\"contentUrl\":\"https:\/\/franciscanos.org.br\/carisma\/wp-content\/uploads\/2019\/08\/clara_giotto_d.jpg\",\"width\":273,\"height\":181},{\"@type\":\"WebPage\",\"@id\":\"https:\/\/franciscanos.org.br\/carisma\/a-utopia-de-francisco-se-fez-clara.html#webpage\",\"url\":\"https:\/\/franciscanos.org.br\/carisma\/a-utopia-de-francisco-se-fez-clara.html\",\"name\":\"A utopia de Francisco se fez Clara - Carisma - Franciscanos\",\"isPartOf\":{\"@id\":\"https:\/\/franciscanos.org.br\/carisma\/#website\"},\"primaryImageOfPage\":{\"@id\":\"https:\/\/franciscanos.org.br\/carisma\/a-utopia-de-francisco-se-fez-clara.html#primaryimage\"},\"datePublished\":\"2011-01-03T12:22:04+00:00\",\"dateModified\":\"2019-08-06T13:25:55+00:00\",\"author\":{\"@id\":\"https:\/\/franciscanos.org.br\/carisma\/#\/schema\/person\/bf14cae4d2151ab6b6e41d96660f93a2\"},\"breadcrumb\":{\"@id\":\"https:\/\/franciscanos.org.br\/carisma\/a-utopia-de-francisco-se-fez-clara.html#breadcrumb\"},\"inLanguage\":\"pt-BR\",\"potentialAction\":[{\"@type\":\"ReadAction\",\"target\":[\"https:\/\/franciscanos.org.br\/carisma\/a-utopia-de-francisco-se-fez-clara.html\"]}]},{\"@type\":\"BreadcrumbList\",\"@id\":\"https:\/\/franciscanos.org.br\/carisma\/a-utopia-de-francisco-se-fez-clara.html#breadcrumb\",\"itemListElement\":[{\"@type\":\"ListItem\",\"position\":1,\"name\":\"Home\",\"item\":\"https:\/\/franciscanos.org.br\/carisma\"},{\"@type\":\"ListItem\",\"position\":2,\"name\":\"A utopia de Francisco se fez Clara\"}]},{\"@type\":\"Person\",\"@id\":\"https:\/\/franciscanos.org.br\/carisma\/#\/schema\/person\/bf14cae4d2151ab6b6e41d96660f93a2\",\"name\":\"moacir\",\"image\":{\"@type\":\"ImageObject\",\"inLanguage\":\"pt-BR\",\"@id\":\"https:\/\/franciscanos.org.br\/carisma\/#\/schema\/person\/image\/\",\"url\":\"https:\/\/secure.gravatar.com\/avatar\/d08aa2ce4c8dd416d4479aa8536fcf64?s=96&d=mm&r=g\",\"contentUrl\":\"https:\/\/secure.gravatar.com\/avatar\/d08aa2ce4c8dd416d4479aa8536fcf64?s=96&d=mm&r=g\",\"caption\":\"moacir\"},\"url\":\"https:\/\/franciscanos.org.br\/carisma\/author\/moacir\"}]}<\/script>\n<!-- \/ Yoast SEO plugin. -->","yoast_head_json":{"title":"A utopia de Francisco se fez Clara - Carisma - Franciscanos","robots":{"index":"index","follow":"follow","max-snippet":"max-snippet:-1","max-image-preview":"max-image-preview:large","max-video-preview":"max-video-preview:-1"},"canonical":"https:\/\/franciscanos.org.br\/carisma\/a-utopia-de-francisco-se-fez-clara.html","og_locale":"pt_BR","og_type":"article","og_title":"A utopia de Francisco se fez Clara - Carisma - Franciscanos","og_description":"Santa Clara de Assis - Frei Vitorio Mazzuco","og_url":"https:\/\/franciscanos.org.br\/carisma\/a-utopia-de-francisco-se-fez-clara.html","og_site_name":"Carisma - Franciscanos","article_published_time":"2011-01-03T12:22:04+00:00","article_modified_time":"2019-08-06T13:25:55+00:00","og_image":[{"width":273,"height":181,"url":"https:\/\/franciscanos.org.br\/carisma\/wp-content\/uploads\/2019\/08\/clara_giotto_d.jpg","type":"image\/jpeg"}],"author":"moacir","twitter_card":"summary_large_image","twitter_misc":{"Escrito por":"moacir","Est. tempo de leitura":"3 minutos"},"schema":{"@context":"https:\/\/schema.org","@graph":[{"@type":"WebSite","@id":"https:\/\/franciscanos.org.br\/carisma\/#website","url":"https:\/\/franciscanos.org.br\/carisma\/","name":"Carisma - Franciscanos","description":"Prov\u00edncia Franciscana da Imaculada Concei\u00e7\u00e3o do Brasil - Ordem dos Frades Menores","potentialAction":[{"@type":"SearchAction","target":{"@type":"EntryPoint","urlTemplate":"https:\/\/franciscanos.org.br\/carisma\/?s={search_term_string}"},"query-input":"required name=search_term_string"}],"inLanguage":"pt-BR"},{"@type":"ImageObject","inLanguage":"pt-BR","@id":"https:\/\/franciscanos.org.br\/carisma\/a-utopia-de-francisco-se-fez-clara.html#primaryimage","url":"https:\/\/franciscanos.org.br\/carisma\/wp-content\/uploads\/2019\/08\/clara_giotto_d.jpg","contentUrl":"https:\/\/franciscanos.org.br\/carisma\/wp-content\/uploads\/2019\/08\/clara_giotto_d.jpg","width":273,"height":181},{"@type":"WebPage","@id":"https:\/\/franciscanos.org.br\/carisma\/a-utopia-de-francisco-se-fez-clara.html#webpage","url":"https:\/\/franciscanos.org.br\/carisma\/a-utopia-de-francisco-se-fez-clara.html","name":"A utopia de Francisco se fez Clara - Carisma - Franciscanos","isPartOf":{"@id":"https:\/\/franciscanos.org.br\/carisma\/#website"},"primaryImageOfPage":{"@id":"https:\/\/franciscanos.org.br\/carisma\/a-utopia-de-francisco-se-fez-clara.html#primaryimage"},"datePublished":"2011-01-03T12:22:04+00:00","dateModified":"2019-08-06T13:25:55+00:00","author":{"@id":"https:\/\/franciscanos.org.br\/carisma\/#\/schema\/person\/bf14cae4d2151ab6b6e41d96660f93a2"},"breadcrumb":{"@id":"https:\/\/franciscanos.org.br\/carisma\/a-utopia-de-francisco-se-fez-clara.html#breadcrumb"},"inLanguage":"pt-BR","potentialAction":[{"@type":"ReadAction","target":["https:\/\/franciscanos.org.br\/carisma\/a-utopia-de-francisco-se-fez-clara.html"]}]},{"@type":"BreadcrumbList","@id":"https:\/\/franciscanos.org.br\/carisma\/a-utopia-de-francisco-se-fez-clara.html#breadcrumb","itemListElement":[{"@type":"ListItem","position":1,"name":"Home","item":"https:\/\/franciscanos.org.br\/carisma"},{"@type":"ListItem","position":2,"name":"A utopia de Francisco se fez Clara"}]},{"@type":"Person","@id":"https:\/\/franciscanos.org.br\/carisma\/#\/schema\/person\/bf14cae4d2151ab6b6e41d96660f93a2","name":"moacir","image":{"@type":"ImageObject","inLanguage":"pt-BR","@id":"https:\/\/franciscanos.org.br\/carisma\/#\/schema\/person\/image\/","url":"https:\/\/secure.gravatar.com\/avatar\/d08aa2ce4c8dd416d4479aa8536fcf64?s=96&d=mm&r=g","contentUrl":"https:\/\/secure.gravatar.com\/avatar\/d08aa2ce4c8dd416d4479aa8536fcf64?s=96&d=mm&r=g","caption":"moacir"},"url":"https:\/\/franciscanos.org.br\/carisma\/author\/moacir"}]}},"_links":{"self":[{"href":"https:\/\/franciscanos.org.br\/carisma\/wp-json\/wp\/v2\/posts\/176345"}],"collection":[{"href":"https:\/\/franciscanos.org.br\/carisma\/wp-json\/wp\/v2\/posts"}],"about":[{"href":"https:\/\/franciscanos.org.br\/carisma\/wp-json\/wp\/v2\/types\/post"}],"author":[{"embeddable":true,"href":"https:\/\/franciscanos.org.br\/carisma\/wp-json\/wp\/v2\/users\/3"}],"replies":[{"embeddable":true,"href":"https:\/\/franciscanos.org.br\/carisma\/wp-json\/wp\/v2\/comments?post=176345"}],"version-history":[{"count":1,"href":"https:\/\/franciscanos.org.br\/carisma\/wp-json\/wp\/v2\/posts\/176345\/revisions"}],"predecessor-version":[{"id":176348,"href":"https:\/\/franciscanos.org.br\/carisma\/wp-json\/wp\/v2\/posts\/176345\/revisions\/176348"}],"wp:featuredmedia":[{"embeddable":true,"href":"https:\/\/franciscanos.org.br\/carisma\/wp-json\/wp\/v2\/media\/176347"}],"wp:attachment":[{"href":"https:\/\/franciscanos.org.br\/carisma\/wp-json\/wp\/v2\/media?parent=176345"}],"wp:term":[{"taxonomy":"category","embeddable":true,"href":"https:\/\/franciscanos.org.br\/carisma\/wp-json\/wp\/v2\/categories?post=176345"},{"taxonomy":"post_tag","embeddable":true,"href":"https:\/\/franciscanos.org.br\/carisma\/wp-json\/wp\/v2\/tags?post=176345"}],"curies":[{"name":"wp","href":"https:\/\/api.w.org\/{rel}","templated":true}]}}