{"id":176328,"date":"2011-01-06T10:01:22","date_gmt":"2011-01-06T12:01:22","guid":{"rendered":"https:\/\/franciscanos.org.br\/carisma\/?p=176328"},"modified":"2019-08-06T10:20:30","modified_gmt":"2019-08-06T13:20:30","slug":"800-anos-da-vocacao-de-santa-clara-de-assis","status":"publish","type":"post","link":"https:\/\/franciscanos.org.br\/carisma\/800-anos-da-vocacao-de-santa-clara-de-assis.html","title":{"rendered":"800 anos da voca\u00e7\u00e3o de Santa Clara de Assis"},"content":{"rendered":"<p><strong><img loading=\"lazy\" class=\"alignleft size-full wp-image-176329\" src=\"https:\/\/franciscanos.org.br\/carisma\/wp-content\/uploads\/2019\/08\/clara_vitorio_2.jpg\" alt=\"\" width=\"467\" height=\"600\" srcset=\"https:\/\/franciscanos.org.br\/carisma\/wp-content\/uploads\/2019\/08\/clara_vitorio_2.jpg 467w, https:\/\/franciscanos.org.br\/carisma\/wp-content\/uploads\/2019\/08\/clara_vitorio_2-350x450.jpg 350w, https:\/\/franciscanos.org.br\/carisma\/wp-content\/uploads\/2019\/08\/clara_vitorio_2-150x193.jpg 150w\" sizes=\"(max-width: 467px) 100vw, 467px\" \/>Frei Vit\u00f3rio Mazzuco Filho<br \/>\n<\/strong><br \/>\nClara de Assis nasceu Chiara Ofreduccio Favarone, em 1194, da nobre fam\u00edlia assisiense dos Ofreducci, rica, bela, fidalga e prometida como esposa para pretendente de estirpe semelhante que pudesse aumentar os bens de seu pai.<\/p>\n<p>Em 1210, encontra-se com Francisco de Assis, jovem, louco e santo que revoluciona Assis com a viv\u00eancia do Evangelho e com uma vida de total desapego, vivendo pobre entre os pobres. Em 1211 est\u00e1 n\u00edtida a convers\u00e3o de Clara: aos 28 de mar\u00e7o de 1212, no Domingo de Ramos, recebe das m\u00e3os do bispo um ramo e l\u00ea isto como um sinal da sua decis\u00e3o e envio. Na madrugada do dia seguinte, foge da casa da fam\u00edlia e vai encontrar-se com Francisco em Santa Maria dos Anjos.<\/p>\n<p>\u00c9 o que comemoramos, 1212-2012, a Voca\u00e7\u00e3o de Clara de Assis. S\u00e3o 800 anos! De jubileu em jubileu se evidencia a hist\u00f3ria encarnada de um carisma. Clara de Assis \u00e9 a express\u00e3o mais cristalina de uma nobre mulher medieval: reclusa em seu pal\u00e1cio, rica de qualidades, rica de bens materiais, educada em bons costumes, foco de admira\u00e7\u00e3o pelas virtudes, n\u00e3o passa despercebida pela sua beleza, no aguardo de um bom dote para um bom casamento. Ela rompe com tudo isto para viver o Evangelho. Isto \u00e9 convoca\u00e7\u00e3o para existir no Amor Sagrado!<\/p>\n<p>Havia em seu tempo mulheres que n\u00e3o eram valorizadas como ela, mas todas sonhavam o melhor. Clara projeta para a sua vida a perfei\u00e7\u00e3o crist\u00e3. S\u00e9culo ap\u00f3s s\u00e9culo n\u00e3o podemos nos furtar de retomar os modelos vivos de mulheres corajosas como Joana D\u2019Arc, Catarina de Siena, Hildegard de Bingen, Br\u00edgida da Su\u00e9cia, \u00c2ngela de Foligno, Tereza D\u2019\u00c1vila. Mulheres que, assim como Clara, nos mostram que uma coisa \u00e9 inserir-se na vida das contempor\u00e2neas, outra coisa \u00e9 trilhar a desafiante senda da perfei\u00e7\u00e3o.<\/p>\n<p>Muitas destas mulheres tra\u00e7aram um caminho: se n\u00e3o h\u00e1 felicidade na escolha afetiva do prometido esposo, por que n\u00e3o buscar o Amado que posso escolher na liberdade sagrada do cora\u00e7\u00e3o? Se n\u00e3o h\u00e1 realiza\u00e7\u00e3o na preconceituosa sociedade de seu tempo, por que n\u00e3o buscar a Fraternidade? Mulheres audaciosas e fortes nos mostraram a sublima\u00e7\u00e3o da vida e n\u00e3o fracas escolhas. N\u00e3o h\u00e1 revolta, mas sim um seguimento apaixonado. N\u00e3o h\u00e1 um rompimento com a ilustre tradi\u00e7\u00e3o familiar, por\u00e9m a op\u00e7\u00e3o por abra\u00e7ar uma fam\u00edlia espiritual. Assim foi Clara de Assis. Mulher de sonhos e projetos, renunciou a suntuosos pal\u00e1cios e elegantes pr\u00edncipes para refazer os passos de um Pobre de Assis que mostrou o caminho do Evangelho. Ela nasceu dentro de uma fam\u00edlia de cavaleiros, buscadores de t\u00edtulos de nobreza e patrim\u00f4nio, aprendeu com eles a garra e a ousadia; mas direcionou esta for\u00e7a para uma fortaleza espiritual que venceu as dificuldades e prova\u00e7\u00f5es da mais extrema ren\u00fancia e pobreza. Com Francisco ela ajudou, saindo de uma casa, a reconstruir outra casa: a da civiliza\u00e7\u00e3o crist\u00e3.<\/p>\n<p>No sil\u00eancio orante do Mosteiro ouviu o Mestre dos mestres e ouviu Francisco. Criou uma linguagem pr\u00f3pria e uma voca\u00e7\u00e3o original de amor e cuidado. N\u00e3o deu s\u00f3 presen\u00e7a encantada no seguimento do Cristo Pobre; deu muito mais: sua riqueza pessoal, sua sa\u00fade, sua vida. Depois da morte de Francisco de Assis, por 27 anos, cuidou da heran\u00e7a que ele deixou e da qual ela tamb\u00e9m era cooperadora. Viveu 42 anos no Mosteiro de S\u00e3o Dami\u00e3o, junto com suas irm\u00e3s Clarissas, de um modo t\u00e3o transparente que h\u00e1 oito s\u00e9culos sua vida \u00e9 inspira\u00e7\u00e3o em todos os cantos da hist\u00f3ria. Fez do seu Mosteiro um canteiro fecundo de novas sementes contemplativas de Irm\u00e3s, ora\u00e7\u00e3o, penit\u00eancia, sil\u00eancio, austeridade e acolhimento. Clara \u00e9 um exemplo para o mundo mesmo escondida do mundo. Assim como Francisco tornou-se realidade e legenda.\u00a0 \u201cA lenda crist\u00e3, diz Barbara Br\u00edgida, n\u00e3o se preocupa com o lado humano s\u00f3 santo; mas s\u00f3 se interessa pelo ouro fin\u00edssimo da divindade que nele brilha\u201d. Como diz Joaquim Capela, OFM: \u201cNa verdade, Clara de Assis foi a gl\u00f3ria do feminino. Veio ao mundo para embelezar e enriquecer com os tesouros da sua ternura e bondade (&#8230;). Como seu guia e pai, S\u00e3o Francisco, abriu \u00e0 humanidade novos caminhos de paz e de ventura. A sua benigna sombra, t\u00e3o humana e ao mesmo tempo t\u00e3o espiritual, paira ainda hoje na doce terra da \u00dambria, toda impregnada da lembran\u00e7a dos mais santos mais simp\u00e1ticos do s\u00e9culo XIII e talvez de todos os tempos\u201d ( in Santa Clara de Assis, Editorial Franciscana , Braga, 1983).<\/p>\n<p>Que alegria celebrar um jubileu desta Santa t\u00e3o brilhante que ilumina h\u00e1 s\u00e9culos nosso mundo e nosso caminho. Santa Clara, rogai por n\u00f3s!<\/p>\n<hr \/>\n<p><em>Texto publicado no Almanaque Santo Ant\u00f4nio 2012, editado pela Vozes, p\u00e1g. 140<\/em><\/p>\n","protected":false},"excerpt":{"rendered":"<p>Santa Clara de Assis &#8211;  Frei Vitorio Mazzuco<\/p>\n","protected":false},"author":3,"featured_media":176330,"comment_status":"open","ping_status":"open","sticky":false,"template":"","format":"standard","meta":[],"categories":[65],"tags":[108],"yoast_head":"<!-- This site is optimized with the Yoast SEO plugin v19.2 - https:\/\/yoast.com\/wordpress\/plugins\/seo\/ -->\n<title>800 anos da voca\u00e7\u00e3o de Santa Clara de Assis - Carisma - Franciscanos<\/title>\n<meta name=\"robots\" content=\"index, follow, max-snippet:-1, max-image-preview:large, max-video-preview:-1\" \/>\n<link rel=\"canonical\" href=\"https:\/\/franciscanos.org.br\/carisma\/800-anos-da-vocacao-de-santa-clara-de-assis.html\" \/>\n<meta property=\"og:locale\" content=\"pt_BR\" \/>\n<meta property=\"og:type\" content=\"article\" \/>\n<meta property=\"og:title\" content=\"800 anos da voca\u00e7\u00e3o de Santa Clara de Assis - Carisma - Franciscanos\" \/>\n<meta property=\"og:description\" content=\"Santa Clara de Assis - Frei Vitorio Mazzuco\" \/>\n<meta property=\"og:url\" content=\"https:\/\/franciscanos.org.br\/carisma\/800-anos-da-vocacao-de-santa-clara-de-assis.html\" \/>\n<meta property=\"og:site_name\" content=\"Carisma - Franciscanos\" \/>\n<meta property=\"article:published_time\" content=\"2011-01-06T12:01:22+00:00\" \/>\n<meta property=\"article:modified_time\" content=\"2019-08-06T13:20:30+00:00\" \/>\n<meta property=\"og:image\" content=\"https:\/\/franciscanos.org.br\/carisma\/wp-content\/uploads\/2019\/08\/clara_vitorio_2d.jpg\" \/>\n\t<meta property=\"og:image:width\" content=\"273\" \/>\n\t<meta property=\"og:image:height\" content=\"181\" \/>\n\t<meta property=\"og:image:type\" content=\"image\/jpeg\" \/>\n<meta name=\"author\" content=\"moacir\" \/>\n<meta name=\"twitter:card\" content=\"summary_large_image\" \/>\n<meta name=\"twitter:label1\" content=\"Escrito por\" \/>\n\t<meta name=\"twitter:data1\" content=\"moacir\" \/>\n\t<meta name=\"twitter:label2\" content=\"Est. tempo de leitura\" \/>\n\t<meta name=\"twitter:data2\" content=\"4 minutos\" \/>\n<script type=\"application\/ld+json\" class=\"yoast-schema-graph\">{\"@context\":\"https:\/\/schema.org\",\"@graph\":[{\"@type\":\"WebSite\",\"@id\":\"https:\/\/franciscanos.org.br\/carisma\/#website\",\"url\":\"https:\/\/franciscanos.org.br\/carisma\/\",\"name\":\"Carisma - Franciscanos\",\"description\":\"Prov\u00edncia Franciscana da Imaculada Concei\u00e7\u00e3o do Brasil - Ordem dos Frades Menores\",\"potentialAction\":[{\"@type\":\"SearchAction\",\"target\":{\"@type\":\"EntryPoint\",\"urlTemplate\":\"https:\/\/franciscanos.org.br\/carisma\/?s={search_term_string}\"},\"query-input\":\"required name=search_term_string\"}],\"inLanguage\":\"pt-BR\"},{\"@type\":\"ImageObject\",\"inLanguage\":\"pt-BR\",\"@id\":\"https:\/\/franciscanos.org.br\/carisma\/800-anos-da-vocacao-de-santa-clara-de-assis.html#primaryimage\",\"url\":\"https:\/\/franciscanos.org.br\/carisma\/wp-content\/uploads\/2019\/08\/clara_vitorio_2d.jpg\",\"contentUrl\":\"https:\/\/franciscanos.org.br\/carisma\/wp-content\/uploads\/2019\/08\/clara_vitorio_2d.jpg\",\"width\":273,\"height\":181},{\"@type\":\"WebPage\",\"@id\":\"https:\/\/franciscanos.org.br\/carisma\/800-anos-da-vocacao-de-santa-clara-de-assis.html#webpage\",\"url\":\"https:\/\/franciscanos.org.br\/carisma\/800-anos-da-vocacao-de-santa-clara-de-assis.html\",\"name\":\"800 anos da voca\u00e7\u00e3o de Santa Clara de Assis - Carisma - Franciscanos\",\"isPartOf\":{\"@id\":\"https:\/\/franciscanos.org.br\/carisma\/#website\"},\"primaryImageOfPage\":{\"@id\":\"https:\/\/franciscanos.org.br\/carisma\/800-anos-da-vocacao-de-santa-clara-de-assis.html#primaryimage\"},\"datePublished\":\"2011-01-06T12:01:22+00:00\",\"dateModified\":\"2019-08-06T13:20:30+00:00\",\"author\":{\"@id\":\"https:\/\/franciscanos.org.br\/carisma\/#\/schema\/person\/bf14cae4d2151ab6b6e41d96660f93a2\"},\"breadcrumb\":{\"@id\":\"https:\/\/franciscanos.org.br\/carisma\/800-anos-da-vocacao-de-santa-clara-de-assis.html#breadcrumb\"},\"inLanguage\":\"pt-BR\",\"potentialAction\":[{\"@type\":\"ReadAction\",\"target\":[\"https:\/\/franciscanos.org.br\/carisma\/800-anos-da-vocacao-de-santa-clara-de-assis.html\"]}]},{\"@type\":\"BreadcrumbList\",\"@id\":\"https:\/\/franciscanos.org.br\/carisma\/800-anos-da-vocacao-de-santa-clara-de-assis.html#breadcrumb\",\"itemListElement\":[{\"@type\":\"ListItem\",\"position\":1,\"name\":\"Home\",\"item\":\"https:\/\/franciscanos.org.br\/carisma\"},{\"@type\":\"ListItem\",\"position\":2,\"name\":\"800 anos da voca\u00e7\u00e3o de Santa Clara de Assis\"}]},{\"@type\":\"Person\",\"@id\":\"https:\/\/franciscanos.org.br\/carisma\/#\/schema\/person\/bf14cae4d2151ab6b6e41d96660f93a2\",\"name\":\"moacir\",\"image\":{\"@type\":\"ImageObject\",\"inLanguage\":\"pt-BR\",\"@id\":\"https:\/\/franciscanos.org.br\/carisma\/#\/schema\/person\/image\/\",\"url\":\"https:\/\/secure.gravatar.com\/avatar\/d08aa2ce4c8dd416d4479aa8536fcf64?s=96&d=mm&r=g\",\"contentUrl\":\"https:\/\/secure.gravatar.com\/avatar\/d08aa2ce4c8dd416d4479aa8536fcf64?s=96&d=mm&r=g\",\"caption\":\"moacir\"},\"url\":\"https:\/\/franciscanos.org.br\/carisma\/author\/moacir\"}]}<\/script>\n<!-- \/ Yoast SEO plugin. -->","yoast_head_json":{"title":"800 anos da voca\u00e7\u00e3o de Santa Clara de Assis - Carisma - Franciscanos","robots":{"index":"index","follow":"follow","max-snippet":"max-snippet:-1","max-image-preview":"max-image-preview:large","max-video-preview":"max-video-preview:-1"},"canonical":"https:\/\/franciscanos.org.br\/carisma\/800-anos-da-vocacao-de-santa-clara-de-assis.html","og_locale":"pt_BR","og_type":"article","og_title":"800 anos da voca\u00e7\u00e3o de Santa Clara de Assis - Carisma - Franciscanos","og_description":"Santa Clara de Assis - Frei Vitorio Mazzuco","og_url":"https:\/\/franciscanos.org.br\/carisma\/800-anos-da-vocacao-de-santa-clara-de-assis.html","og_site_name":"Carisma - Franciscanos","article_published_time":"2011-01-06T12:01:22+00:00","article_modified_time":"2019-08-06T13:20:30+00:00","og_image":[{"width":273,"height":181,"url":"https:\/\/franciscanos.org.br\/carisma\/wp-content\/uploads\/2019\/08\/clara_vitorio_2d.jpg","type":"image\/jpeg"}],"author":"moacir","twitter_card":"summary_large_image","twitter_misc":{"Escrito por":"moacir","Est. tempo de leitura":"4 minutos"},"schema":{"@context":"https:\/\/schema.org","@graph":[{"@type":"WebSite","@id":"https:\/\/franciscanos.org.br\/carisma\/#website","url":"https:\/\/franciscanos.org.br\/carisma\/","name":"Carisma - Franciscanos","description":"Prov\u00edncia Franciscana da Imaculada Concei\u00e7\u00e3o do Brasil - Ordem dos Frades Menores","potentialAction":[{"@type":"SearchAction","target":{"@type":"EntryPoint","urlTemplate":"https:\/\/franciscanos.org.br\/carisma\/?s={search_term_string}"},"query-input":"required name=search_term_string"}],"inLanguage":"pt-BR"},{"@type":"ImageObject","inLanguage":"pt-BR","@id":"https:\/\/franciscanos.org.br\/carisma\/800-anos-da-vocacao-de-santa-clara-de-assis.html#primaryimage","url":"https:\/\/franciscanos.org.br\/carisma\/wp-content\/uploads\/2019\/08\/clara_vitorio_2d.jpg","contentUrl":"https:\/\/franciscanos.org.br\/carisma\/wp-content\/uploads\/2019\/08\/clara_vitorio_2d.jpg","width":273,"height":181},{"@type":"WebPage","@id":"https:\/\/franciscanos.org.br\/carisma\/800-anos-da-vocacao-de-santa-clara-de-assis.html#webpage","url":"https:\/\/franciscanos.org.br\/carisma\/800-anos-da-vocacao-de-santa-clara-de-assis.html","name":"800 anos da voca\u00e7\u00e3o de Santa Clara de Assis - Carisma - Franciscanos","isPartOf":{"@id":"https:\/\/franciscanos.org.br\/carisma\/#website"},"primaryImageOfPage":{"@id":"https:\/\/franciscanos.org.br\/carisma\/800-anos-da-vocacao-de-santa-clara-de-assis.html#primaryimage"},"datePublished":"2011-01-06T12:01:22+00:00","dateModified":"2019-08-06T13:20:30+00:00","author":{"@id":"https:\/\/franciscanos.org.br\/carisma\/#\/schema\/person\/bf14cae4d2151ab6b6e41d96660f93a2"},"breadcrumb":{"@id":"https:\/\/franciscanos.org.br\/carisma\/800-anos-da-vocacao-de-santa-clara-de-assis.html#breadcrumb"},"inLanguage":"pt-BR","potentialAction":[{"@type":"ReadAction","target":["https:\/\/franciscanos.org.br\/carisma\/800-anos-da-vocacao-de-santa-clara-de-assis.html"]}]},{"@type":"BreadcrumbList","@id":"https:\/\/franciscanos.org.br\/carisma\/800-anos-da-vocacao-de-santa-clara-de-assis.html#breadcrumb","itemListElement":[{"@type":"ListItem","position":1,"name":"Home","item":"https:\/\/franciscanos.org.br\/carisma"},{"@type":"ListItem","position":2,"name":"800 anos da voca\u00e7\u00e3o de Santa Clara de Assis"}]},{"@type":"Person","@id":"https:\/\/franciscanos.org.br\/carisma\/#\/schema\/person\/bf14cae4d2151ab6b6e41d96660f93a2","name":"moacir","image":{"@type":"ImageObject","inLanguage":"pt-BR","@id":"https:\/\/franciscanos.org.br\/carisma\/#\/schema\/person\/image\/","url":"https:\/\/secure.gravatar.com\/avatar\/d08aa2ce4c8dd416d4479aa8536fcf64?s=96&d=mm&r=g","contentUrl":"https:\/\/secure.gravatar.com\/avatar\/d08aa2ce4c8dd416d4479aa8536fcf64?s=96&d=mm&r=g","caption":"moacir"},"url":"https:\/\/franciscanos.org.br\/carisma\/author\/moacir"}]}},"_links":{"self":[{"href":"https:\/\/franciscanos.org.br\/carisma\/wp-json\/wp\/v2\/posts\/176328"}],"collection":[{"href":"https:\/\/franciscanos.org.br\/carisma\/wp-json\/wp\/v2\/posts"}],"about":[{"href":"https:\/\/franciscanos.org.br\/carisma\/wp-json\/wp\/v2\/types\/post"}],"author":[{"embeddable":true,"href":"https:\/\/franciscanos.org.br\/carisma\/wp-json\/wp\/v2\/users\/3"}],"replies":[{"embeddable":true,"href":"https:\/\/franciscanos.org.br\/carisma\/wp-json\/wp\/v2\/comments?post=176328"}],"version-history":[{"count":2,"href":"https:\/\/franciscanos.org.br\/carisma\/wp-json\/wp\/v2\/posts\/176328\/revisions"}],"predecessor-version":[{"id":176343,"href":"https:\/\/franciscanos.org.br\/carisma\/wp-json\/wp\/v2\/posts\/176328\/revisions\/176343"}],"wp:featuredmedia":[{"embeddable":true,"href":"https:\/\/franciscanos.org.br\/carisma\/wp-json\/wp\/v2\/media\/176330"}],"wp:attachment":[{"href":"https:\/\/franciscanos.org.br\/carisma\/wp-json\/wp\/v2\/media?parent=176328"}],"wp:term":[{"taxonomy":"category","embeddable":true,"href":"https:\/\/franciscanos.org.br\/carisma\/wp-json\/wp\/v2\/categories?post=176328"},{"taxonomy":"post_tag","embeddable":true,"href":"https:\/\/franciscanos.org.br\/carisma\/wp-json\/wp\/v2\/tags?post=176328"}],"curies":[{"name":"wp","href":"https:\/\/api.w.org\/{rel}","templated":true}]}}