{"id":176195,"date":"2019-08-03T08:49:08","date_gmt":"2019-08-03T11:49:08","guid":{"rendered":"https:\/\/franciscanos.org.br\/carisma\/?p=176195"},"modified":"2019-08-06T14:59:26","modified_gmt":"2019-08-06T17:59:26","slug":"santa-clara-em-quatro-tempos-iii","status":"publish","type":"post","link":"https:\/\/franciscanos.org.br\/carisma\/santa-clara-em-quatro-tempos-iii.html","title":{"rendered":"Santa Clara em quatro tempos &#8211; III"},"content":{"rendered":"<p><img loading=\"lazy\" class=\"alignnone size-full wp-image-176196\" src=\"https:\/\/franciscanos.org.br\/carisma\/wp-content\/uploads\/2019\/08\/clara_0308.jpg\" alt=\"\" width=\"840\" height=\"449\" srcset=\"https:\/\/franciscanos.org.br\/carisma\/wp-content\/uploads\/2019\/08\/clara_0308.jpg 840w, https:\/\/franciscanos.org.br\/carisma\/wp-content\/uploads\/2019\/08\/clara_0308-450x241.jpg 450w, https:\/\/franciscanos.org.br\/carisma\/wp-content\/uploads\/2019\/08\/clara_0308-768x411.jpg 768w, https:\/\/franciscanos.org.br\/carisma\/wp-content\/uploads\/2019\/08\/clara_0308-150x80.jpg 150w\" sizes=\"(max-width: 840px) 100vw, 840px\" \/><\/p>\n<p><em>Continuamos a nos encantar com a biografia viva e po\u00e9tica de Clara feita por Felix Timmermans.<\/em><\/p>\n<hr \/>\n<h3>Terceiro tempo:<\/h3>\n<h3>Clara foge de casa e se entrega ao Senhor<\/h3>\n<p>Num vestido de seda branco, Clara velava na escurid\u00e3o de seu quarto, ajoelhada no genuflex\u00f3rio. Ela n\u00e3o rezava, estava ansiosa e atenta \u00e0 noite, mas n\u00e3o se ouvia ru\u00eddo algum. Na ponta dos p\u00e9s ela se aproximou da janela. Jamais tinha visto tantas estrelas. Depois de um longo tempo surgiu uma meia-lua sobre o vale. Na densa escurid\u00e3o, ela procurava distinguir o bosque, mas nada conseguia ver. Ent\u00e3o uma luzinha movimentava-se l\u00e1 embaixo: devia ser no bosque. Seu cora\u00e7\u00e3o come\u00e7ou a palpitar fortemente. P\u00f4s-se \u00e0 escuta. Ela percebeu que, mesmo sem corrente de ar a porta se abriu. \u00c0s apalpadelas, ela se aproximou e pegou na m\u00e3o estendida que a procurava. Era a m\u00e3o tremula de sua tia.<\/p>\n<p>No meio da escurid\u00e3o, elas desceram os degraus das escadas de pedra e chegaram ao jardim. A tia envolveu Clara num manto e a conduziu l\u00e1 para baixo, pelo gramado, chegando at\u00e9 onde havia um pequeno port\u00e3o, que muitos anos n\u00e3o era usado. Na t\u00eanue luz das estrelas podia-se vislumbrar o bosque, pedras cobertas de musgo e uma est\u00e1tua de V\u00eanus quebrada misturada com a herva. A tia prudentemente se apressou a preparar o caminho.<\/p>\n<p>\u201cSe o port\u00e3o n\u00e3o se abrir\u201d, sussurrou Clara, \u201ceu pulo o muro\u201d! De repente, apoderou-se dela grande ansiedade. Parecia que todos de sua casa e toda Assis vinham atr\u00e1s dela para traz\u00ea-la de volta.<\/p>\n<p>Contudo, a tia, arrastando para o lado mais algumas pedras, com um empurr\u00e3o abriu o port\u00e3o. O vale estava a seus p\u00e9s, iluminado pela t\u00eanue luz da lua. Caminharam por uma trilha estreita semeada de grandes pedras e ent\u00e3o chegaram a uma estrada larga. Nesse momento, a tia sentiu-se perturbada. &#8220;E seu pai?&#8221;, sussurrou ela angustiada. &#8220;Ele vai me matar!&#8221; &#8220;Vamos rezar&#8221;, disse Clara.<\/p>\n<p>Foram caminhando ao lado de um riacho e no alto viram mover-se uma luz, mais uma, e mais outra, enfim uma dezena.<\/p>\n<p>&#8220;Os irm\u00e3os&#8221;, disse Clara.<\/p>\n<p>Eles foram se aproximando cada vez mais e, no meio deles, o pequeno Francisco. Clara se deteve e inclinou a cabe\u00e7a.<\/p>\n<p>&#8220;Deus seja louvado que voc\u00ea chegou, Irm\u00e3&#8221;, disse Francisco. Juntas, e ladeadas pelos irm\u00e3os, elas foram caminhando silenciosamente pela mata adentro.<\/p>\n<hr \/>\n<p><strong>Felix Timmermans<\/strong><br \/>\n<strong>A harpa de S\u00e3o Francisco<\/strong><br \/>\n<strong>Vozes, p. 168-171<\/strong><\/p>\n<p><em>(continua)<\/em><\/p>\n","protected":false},"excerpt":{"rendered":"<p>Terceiro tempo: Clara foge de casa e se entrega ao Senhor | Frei Almir Guimar\u00e3es<\/p>\n","protected":false},"author":3,"featured_media":176198,"comment_status":"open","ping_status":"open","sticky":false,"template":"","format":"standard","meta":[],"categories":[65],"tags":[70],"yoast_head":"<!-- This site is optimized with the Yoast SEO plugin v19.2 - https:\/\/yoast.com\/wordpress\/plugins\/seo\/ -->\n<title>Santa Clara em quatro tempos - III - Carisma - Franciscanos<\/title>\n<meta name=\"robots\" content=\"index, follow, max-snippet:-1, max-image-preview:large, max-video-preview:-1\" \/>\n<link rel=\"canonical\" href=\"https:\/\/franciscanos.org.br\/carisma\/santa-clara-em-quatro-tempos-iii.html\" \/>\n<meta property=\"og:locale\" content=\"pt_BR\" \/>\n<meta property=\"og:type\" content=\"article\" \/>\n<meta property=\"og:title\" content=\"Santa Clara em quatro tempos - III - Carisma - Franciscanos\" \/>\n<meta property=\"og:description\" content=\"Terceiro tempo: Clara foge de casa e se entrega ao Senhor | Frei Almir Guimar\u00e3es\" \/>\n<meta property=\"og:url\" content=\"https:\/\/franciscanos.org.br\/carisma\/santa-clara-em-quatro-tempos-iii.html\" \/>\n<meta property=\"og:site_name\" content=\"Carisma - Franciscanos\" \/>\n<meta property=\"article:published_time\" content=\"2019-08-03T11:49:08+00:00\" \/>\n<meta property=\"article:modified_time\" content=\"2019-08-06T17:59:26+00:00\" \/>\n<meta property=\"og:image\" content=\"https:\/\/franciscanos.org.br\/carisma\/wp-content\/uploads\/2019\/08\/clara_0308d.jpg\" \/>\n\t<meta property=\"og:image:width\" content=\"273\" \/>\n\t<meta property=\"og:image:height\" content=\"181\" \/>\n\t<meta property=\"og:image:type\" content=\"image\/jpeg\" \/>\n<meta name=\"author\" content=\"moacir\" \/>\n<meta name=\"twitter:card\" content=\"summary_large_image\" \/>\n<meta name=\"twitter:label1\" content=\"Escrito por\" \/>\n\t<meta name=\"twitter:data1\" content=\"moacir\" \/>\n\t<meta name=\"twitter:label2\" content=\"Est. tempo de leitura\" \/>\n\t<meta name=\"twitter:data2\" content=\"2 minutos\" \/>\n<script type=\"application\/ld+json\" class=\"yoast-schema-graph\">{\"@context\":\"https:\/\/schema.org\",\"@graph\":[{\"@type\":\"WebSite\",\"@id\":\"https:\/\/franciscanos.org.br\/carisma\/#website\",\"url\":\"https:\/\/franciscanos.org.br\/carisma\/\",\"name\":\"Carisma - Franciscanos\",\"description\":\"Prov\u00edncia Franciscana da Imaculada Concei\u00e7\u00e3o do Brasil - Ordem dos Frades Menores\",\"potentialAction\":[{\"@type\":\"SearchAction\",\"target\":{\"@type\":\"EntryPoint\",\"urlTemplate\":\"https:\/\/franciscanos.org.br\/carisma\/?s={search_term_string}\"},\"query-input\":\"required name=search_term_string\"}],\"inLanguage\":\"pt-BR\"},{\"@type\":\"ImageObject\",\"inLanguage\":\"pt-BR\",\"@id\":\"https:\/\/franciscanos.org.br\/carisma\/santa-clara-em-quatro-tempos-iii.html#primaryimage\",\"url\":\"https:\/\/franciscanos.org.br\/carisma\/wp-content\/uploads\/2019\/08\/clara_0308d.jpg\",\"contentUrl\":\"https:\/\/franciscanos.org.br\/carisma\/wp-content\/uploads\/2019\/08\/clara_0308d.jpg\",\"width\":273,\"height\":181},{\"@type\":\"WebPage\",\"@id\":\"https:\/\/franciscanos.org.br\/carisma\/santa-clara-em-quatro-tempos-iii.html#webpage\",\"url\":\"https:\/\/franciscanos.org.br\/carisma\/santa-clara-em-quatro-tempos-iii.html\",\"name\":\"Santa Clara em quatro tempos - III - Carisma - Franciscanos\",\"isPartOf\":{\"@id\":\"https:\/\/franciscanos.org.br\/carisma\/#website\"},\"primaryImageOfPage\":{\"@id\":\"https:\/\/franciscanos.org.br\/carisma\/santa-clara-em-quatro-tempos-iii.html#primaryimage\"},\"datePublished\":\"2019-08-03T11:49:08+00:00\",\"dateModified\":\"2019-08-06T17:59:26+00:00\",\"author\":{\"@id\":\"https:\/\/franciscanos.org.br\/carisma\/#\/schema\/person\/bf14cae4d2151ab6b6e41d96660f93a2\"},\"breadcrumb\":{\"@id\":\"https:\/\/franciscanos.org.br\/carisma\/santa-clara-em-quatro-tempos-iii.html#breadcrumb\"},\"inLanguage\":\"pt-BR\",\"potentialAction\":[{\"@type\":\"ReadAction\",\"target\":[\"https:\/\/franciscanos.org.br\/carisma\/santa-clara-em-quatro-tempos-iii.html\"]}]},{\"@type\":\"BreadcrumbList\",\"@id\":\"https:\/\/franciscanos.org.br\/carisma\/santa-clara-em-quatro-tempos-iii.html#breadcrumb\",\"itemListElement\":[{\"@type\":\"ListItem\",\"position\":1,\"name\":\"Home\",\"item\":\"https:\/\/franciscanos.org.br\/carisma\"},{\"@type\":\"ListItem\",\"position\":2,\"name\":\"Santa Clara em quatro tempos &#8211; III\"}]},{\"@type\":\"Person\",\"@id\":\"https:\/\/franciscanos.org.br\/carisma\/#\/schema\/person\/bf14cae4d2151ab6b6e41d96660f93a2\",\"name\":\"moacir\",\"image\":{\"@type\":\"ImageObject\",\"inLanguage\":\"pt-BR\",\"@id\":\"https:\/\/franciscanos.org.br\/carisma\/#\/schema\/person\/image\/\",\"url\":\"https:\/\/secure.gravatar.com\/avatar\/d08aa2ce4c8dd416d4479aa8536fcf64?s=96&d=mm&r=g\",\"contentUrl\":\"https:\/\/secure.gravatar.com\/avatar\/d08aa2ce4c8dd416d4479aa8536fcf64?s=96&d=mm&r=g\",\"caption\":\"moacir\"},\"url\":\"https:\/\/franciscanos.org.br\/carisma\/author\/moacir\"}]}<\/script>\n<!-- \/ Yoast SEO plugin. -->","yoast_head_json":{"title":"Santa Clara em quatro tempos - III - Carisma - Franciscanos","robots":{"index":"index","follow":"follow","max-snippet":"max-snippet:-1","max-image-preview":"max-image-preview:large","max-video-preview":"max-video-preview:-1"},"canonical":"https:\/\/franciscanos.org.br\/carisma\/santa-clara-em-quatro-tempos-iii.html","og_locale":"pt_BR","og_type":"article","og_title":"Santa Clara em quatro tempos - III - Carisma - Franciscanos","og_description":"Terceiro tempo: Clara foge de casa e se entrega ao Senhor | Frei Almir Guimar\u00e3es","og_url":"https:\/\/franciscanos.org.br\/carisma\/santa-clara-em-quatro-tempos-iii.html","og_site_name":"Carisma - Franciscanos","article_published_time":"2019-08-03T11:49:08+00:00","article_modified_time":"2019-08-06T17:59:26+00:00","og_image":[{"width":273,"height":181,"url":"https:\/\/franciscanos.org.br\/carisma\/wp-content\/uploads\/2019\/08\/clara_0308d.jpg","type":"image\/jpeg"}],"author":"moacir","twitter_card":"summary_large_image","twitter_misc":{"Escrito por":"moacir","Est. tempo de leitura":"2 minutos"},"schema":{"@context":"https:\/\/schema.org","@graph":[{"@type":"WebSite","@id":"https:\/\/franciscanos.org.br\/carisma\/#website","url":"https:\/\/franciscanos.org.br\/carisma\/","name":"Carisma - Franciscanos","description":"Prov\u00edncia Franciscana da Imaculada Concei\u00e7\u00e3o do Brasil - Ordem dos Frades Menores","potentialAction":[{"@type":"SearchAction","target":{"@type":"EntryPoint","urlTemplate":"https:\/\/franciscanos.org.br\/carisma\/?s={search_term_string}"},"query-input":"required name=search_term_string"}],"inLanguage":"pt-BR"},{"@type":"ImageObject","inLanguage":"pt-BR","@id":"https:\/\/franciscanos.org.br\/carisma\/santa-clara-em-quatro-tempos-iii.html#primaryimage","url":"https:\/\/franciscanos.org.br\/carisma\/wp-content\/uploads\/2019\/08\/clara_0308d.jpg","contentUrl":"https:\/\/franciscanos.org.br\/carisma\/wp-content\/uploads\/2019\/08\/clara_0308d.jpg","width":273,"height":181},{"@type":"WebPage","@id":"https:\/\/franciscanos.org.br\/carisma\/santa-clara-em-quatro-tempos-iii.html#webpage","url":"https:\/\/franciscanos.org.br\/carisma\/santa-clara-em-quatro-tempos-iii.html","name":"Santa Clara em quatro tempos - III - Carisma - Franciscanos","isPartOf":{"@id":"https:\/\/franciscanos.org.br\/carisma\/#website"},"primaryImageOfPage":{"@id":"https:\/\/franciscanos.org.br\/carisma\/santa-clara-em-quatro-tempos-iii.html#primaryimage"},"datePublished":"2019-08-03T11:49:08+00:00","dateModified":"2019-08-06T17:59:26+00:00","author":{"@id":"https:\/\/franciscanos.org.br\/carisma\/#\/schema\/person\/bf14cae4d2151ab6b6e41d96660f93a2"},"breadcrumb":{"@id":"https:\/\/franciscanos.org.br\/carisma\/santa-clara-em-quatro-tempos-iii.html#breadcrumb"},"inLanguage":"pt-BR","potentialAction":[{"@type":"ReadAction","target":["https:\/\/franciscanos.org.br\/carisma\/santa-clara-em-quatro-tempos-iii.html"]}]},{"@type":"BreadcrumbList","@id":"https:\/\/franciscanos.org.br\/carisma\/santa-clara-em-quatro-tempos-iii.html#breadcrumb","itemListElement":[{"@type":"ListItem","position":1,"name":"Home","item":"https:\/\/franciscanos.org.br\/carisma"},{"@type":"ListItem","position":2,"name":"Santa Clara em quatro tempos &#8211; III"}]},{"@type":"Person","@id":"https:\/\/franciscanos.org.br\/carisma\/#\/schema\/person\/bf14cae4d2151ab6b6e41d96660f93a2","name":"moacir","image":{"@type":"ImageObject","inLanguage":"pt-BR","@id":"https:\/\/franciscanos.org.br\/carisma\/#\/schema\/person\/image\/","url":"https:\/\/secure.gravatar.com\/avatar\/d08aa2ce4c8dd416d4479aa8536fcf64?s=96&d=mm&r=g","contentUrl":"https:\/\/secure.gravatar.com\/avatar\/d08aa2ce4c8dd416d4479aa8536fcf64?s=96&d=mm&r=g","caption":"moacir"},"url":"https:\/\/franciscanos.org.br\/carisma\/author\/moacir"}]}},"_links":{"self":[{"href":"https:\/\/franciscanos.org.br\/carisma\/wp-json\/wp\/v2\/posts\/176195"}],"collection":[{"href":"https:\/\/franciscanos.org.br\/carisma\/wp-json\/wp\/v2\/posts"}],"about":[{"href":"https:\/\/franciscanos.org.br\/carisma\/wp-json\/wp\/v2\/types\/post"}],"author":[{"embeddable":true,"href":"https:\/\/franciscanos.org.br\/carisma\/wp-json\/wp\/v2\/users\/3"}],"replies":[{"embeddable":true,"href":"https:\/\/franciscanos.org.br\/carisma\/wp-json\/wp\/v2\/comments?post=176195"}],"version-history":[{"count":4,"href":"https:\/\/franciscanos.org.br\/carisma\/wp-json\/wp\/v2\/posts\/176195\/revisions"}],"predecessor-version":[{"id":176443,"href":"https:\/\/franciscanos.org.br\/carisma\/wp-json\/wp\/v2\/posts\/176195\/revisions\/176443"}],"wp:featuredmedia":[{"embeddable":true,"href":"https:\/\/franciscanos.org.br\/carisma\/wp-json\/wp\/v2\/media\/176198"}],"wp:attachment":[{"href":"https:\/\/franciscanos.org.br\/carisma\/wp-json\/wp\/v2\/media?parent=176195"}],"wp:term":[{"taxonomy":"category","embeddable":true,"href":"https:\/\/franciscanos.org.br\/carisma\/wp-json\/wp\/v2\/categories?post=176195"},{"taxonomy":"post_tag","embeddable":true,"href":"https:\/\/franciscanos.org.br\/carisma\/wp-json\/wp\/v2\/tags?post=176195"}],"curies":[{"name":"wp","href":"https:\/\/api.w.org\/{rel}","templated":true}]}}