{"id":176162,"date":"2019-08-01T09:48:16","date_gmt":"2019-08-01T12:48:16","guid":{"rendered":"https:\/\/franciscanos.org.br\/carisma\/?p=176162"},"modified":"2019-08-06T15:00:39","modified_gmt":"2019-08-06T18:00:39","slug":"santa-clara-em-quatro-tempos-ii","status":"publish","type":"post","link":"https:\/\/franciscanos.org.br\/carisma\/santa-clara-em-quatro-tempos-ii.html","title":{"rendered":"Santa Clara em quatro tempos &#8211; II"},"content":{"rendered":"<p><img loading=\"lazy\" class=\"alignnone wp-image-176166 size-full\" src=\"https:\/\/franciscanos.org.br\/carisma\/wp-content\/uploads\/2019\/08\/clara_0108.jpg\" alt=\"\" width=\"840\" height=\"474\" srcset=\"https:\/\/franciscanos.org.br\/carisma\/wp-content\/uploads\/2019\/08\/clara_0108.jpg 840w, https:\/\/franciscanos.org.br\/carisma\/wp-content\/uploads\/2019\/08\/clara_0108-450x254.jpg 450w, https:\/\/franciscanos.org.br\/carisma\/wp-content\/uploads\/2019\/08\/clara_0108-768x433.jpg 768w, https:\/\/franciscanos.org.br\/carisma\/wp-content\/uploads\/2019\/08\/clara_0108-150x85.jpg 150w\" sizes=\"(max-width: 840px) 100vw, 840px\" \/><\/p>\n<p style=\"padding-left: 40px;\"><em>Continuamos a nos encantar com as considera\u00e7\u00f5es de Felix Timmermans sobre Clara de Assis.<\/em><\/p>\n<hr \/>\n<h3>Segundo tempo:<\/h3>\n<h3>CLARA DECIDE SEGUIR FRANCISCO NA VIDA DE POBREZA<\/h3>\n<p>Ningu\u00e9m soube dos encontros secretos entre Clara e Francisco a n\u00e3o ser os irm\u00e3os e a tia de Clara que sempre a acompanhava. Todas as conversas entre eles eram sobre os mesmos assuntos com novas palavras. Falavam sobre Jesus, o c\u00e9u, a pobreza. Francisco dizia a Clara: \u201cO caminho da pobreza \u00e9 cheio de flores, mas tamb\u00e9m repleto de espinhos\u201d. \u201cEu quero ser forte como voc\u00ea irm\u00e3o\u201d, respondia-lhe ela. \u201cEu sei que me tornarei forte por causa de voc\u00ea. Sou a flor que voc\u00ea cultivou, e pode planta-la entre espinhos, ou na sombra, mas ela florescer\u00e1\u201d.<\/p>\n<p>\u201cQue beleza, voc\u00ea \u00e9 forte como um ex\u00e9rcito em batalha\u201d. \u201cIrm\u00e3o, por meio do Senhor e por seu interm\u00e9dio, desejo fazer de meu corpo um templo de Deus. Minha alma se consome em desejo de celebrar as n\u00fapcias com o Rei celestial\u201d.<\/p>\n<p>A seguir, ele voltou a lhe contar sobre sua vida, e ela, como desde jovem estava \u00e0 espera de um milagre que transformasse sua vida simples numa chama flamejante e luminosa como agora em que realizou este milagre por meio dele, pela sua pobreza e pela sua prega\u00e7\u00e3o&#8230; Decidiram, ent\u00e3o, que ela deveria integrar a fraternidade no Domingo de Ramos. A figura do pai de Clara, no entanto, era uma sombra que pairava sobre sua m\u00edstica felicidade. Este homem, caso lhe roubassem a filha, seria capaz de assassinar todos os frades menores.<\/p>\n<p>Francisco tomou muito cuidado. Contudo, nem milhares de pais assim poderiam fazer Clara desistir. Sua \u00fanica arma era a ora\u00e7\u00e3o.<\/p>\n<p>Numa tarde reuniu os irm\u00e3os e lhe contou tudo. \u201cIrm\u00e3os, ajudem-me com suas ora\u00e7\u00f5es.! Na pr\u00f3xima semana, Jesus vai iniciar sua <em>via-crucis<\/em>, na semana santa, e vamos suavizar suas dores entregando nossa primeira irm\u00e3 ao seu cora\u00e7\u00e3o. Por isso, antecipadamente, agrade\u00e7amos ao Senhor\u201d.<\/p>\n<p>Ajoelhou-se e todos se ajoelharam com ele. A lua rompeu entre as nuvens e espalhou sua luz por entre as \u00e1rvores sobre os irm\u00e3os prostrados com a cabe\u00e7a inclinada at\u00e9 o ch\u00e3o. Contudo, um deles, de chap\u00e9u na cabe\u00e7a, permanecia em p\u00e9. Este, enfiado em seu chap\u00e9u, deu meia-volta. \u201cN\u00e3o\u201d, disse em alta voz para si mesmo. \u201cAqui n\u00e3o h\u00e1 lugar para qualquer mulher\u201d, fechou a porta.<\/p>\n<p>Era um lindo Domingo de Ramos. Durante a missa solene, o \u00f3rg\u00e3o tocava e o bispo aben\u00e7oou os ramos de oliveira. Clara e seus parentes, ajoelhados em almofadas, ocupavam a primeira fila. Seu pai era um homem altivo forte, de olhar desconfiado e obscuro, uma barba loura rente ao rosto avermelhado. Conversava sem parar com o irm\u00e3o Monaldo. Clara estava sentada entre a m\u00e3e e In\u00eas, a irm\u00e3 mais nova. Atr\u00e1s dela, magro e t\u00edmido, estava sentado o cavaleiro que lhe fora destinado em casamento. Al\u00e9m de sua tia, ningu\u00e9m mais saberia que aquela noite Clara iria fugir da casa de seus pais. Ela trajava um vestido branco de seda crepitante e exalava um perfume de flores. Suas m\u00e3os e seu peito brilhavam com as joias. Seus grandes olhos azuis olhavam para o altar, mas n\u00e3o o viam, por\u00e9m, a vis\u00e3o que tinham era do Amor e da Pobreza. As pessoas nunca a tinham visto t\u00e3o bonita e pensavam consigo: Que grande felicidade ser t\u00e3o rica e t\u00e3o bela! Ela era bela e rica, mas nesta noite abra\u00e7aria a vida dos mais pobres. Sua alma se rejubilava, mas mantinha-se calma como uma est\u00e1tua. Estava calma e forte. O bispo come\u00e7ou a distribui\u00e7\u00e3o dos ramos e o povo vinha receb\u00ea-los de suas m\u00e3os. O coral cantava: \u201cCom ramos de oliveira em suas m\u00e3os, os filhos dos hebreus vinham ao encontro do Senhor, cantando: Hosana nas alturas\u201d. Esse canto que parecia cantado para ela comoveu-a profundamente. Seus levantaram-se para buscar um ramo de oliveira, mas ela permaneceu sentada. Emocionada, nem se deu conta que o bispo a esperava. Todos os olhares se voltaram para ela. O bispo, ao perceber que ela n\u00e3o se aproximava e estava demorando, foi ele mesmo at\u00e9 ela e colocou em suas m\u00e3os o ramo de oliveira. Olhou profundamente para seus olhos cheios de pureza. Ela percebeu que ele sabia de tudo. Ent\u00e3o inclinou-se para esconder as l\u00e1grimas que lhe brotaram dos olhos.<\/p>\n<p>Passou o dia entre parentes e conhecidos e o cavaleiro n\u00e3o sa\u00eda de perto dela. Passeou e brincou no jardim. Houve m\u00fasica e cantos que Clara tamb\u00e9m cantou. Do jardim podia-se ver o bosque l\u00e1 embaixo onde moravam os frades. Ningu\u00e9m olhava para aquele lado e muito menos clara que permanecia calma e firme. Mas a tia ficou nervosa e angustiada e precisou retirar-se para o quarto. O sol maravilhoso se p\u00f4s naquele dia e tudo se tornou lindo. Rapidamente, o c\u00e9u se cobriu de estrelas, trazendo uma noite maravilhosa, perfumada e silenciosa. Aos poucos, a vida ia se extinguindo em Assis e todos foram dormir.<\/p>\n<hr \/>\n<p><strong>Felix Timmermans<\/strong><br \/>\n<strong>A harpa de S\u00e3o Francisco<\/strong><br \/>\n<strong>Vozes, p. 168-171<\/strong><\/p>\n<p><strong>(continua)<\/strong><\/p>\n<p><em>Frei Almir Guimar\u00e3es<\/em><\/p>\n","protected":false},"excerpt":{"rendered":"<p>Segundo tempo: Clara decide seguir Francisco na vida de pobreza | Frei Almir Guimar\u00e3es<\/p>\n","protected":false},"author":3,"featured_media":176165,"comment_status":"open","ping_status":"open","sticky":false,"template":"","format":"standard","meta":[],"categories":[65],"tags":[108],"yoast_head":"<!-- This site is optimized with the Yoast SEO plugin v19.2 - https:\/\/yoast.com\/wordpress\/plugins\/seo\/ -->\n<title>Santa Clara em quatro tempos - II - Carisma - Franciscanos<\/title>\n<meta name=\"robots\" content=\"index, follow, max-snippet:-1, max-image-preview:large, max-video-preview:-1\" \/>\n<link rel=\"canonical\" href=\"https:\/\/franciscanos.org.br\/carisma\/santa-clara-em-quatro-tempos-ii.html\" \/>\n<meta property=\"og:locale\" content=\"pt_BR\" \/>\n<meta property=\"og:type\" content=\"article\" \/>\n<meta property=\"og:title\" content=\"Santa Clara em quatro tempos - II - Carisma - Franciscanos\" \/>\n<meta property=\"og:description\" content=\"Segundo tempo: Clara decide seguir Francisco na vida de pobreza | Frei Almir Guimar\u00e3es\" \/>\n<meta property=\"og:url\" content=\"https:\/\/franciscanos.org.br\/carisma\/santa-clara-em-quatro-tempos-ii.html\" \/>\n<meta property=\"og:site_name\" content=\"Carisma - Franciscanos\" \/>\n<meta property=\"article:published_time\" content=\"2019-08-01T12:48:16+00:00\" \/>\n<meta property=\"article:modified_time\" content=\"2019-08-06T18:00:39+00:00\" \/>\n<meta property=\"og:image\" content=\"https:\/\/franciscanos.org.br\/carisma\/wp-content\/uploads\/2019\/08\/clara_0108d.jpg\" \/>\n\t<meta property=\"og:image:width\" content=\"273\" \/>\n\t<meta property=\"og:image:height\" content=\"181\" \/>\n\t<meta property=\"og:image:type\" content=\"image\/jpeg\" \/>\n<meta name=\"author\" content=\"moacir\" \/>\n<meta name=\"twitter:card\" content=\"summary_large_image\" \/>\n<meta name=\"twitter:label1\" content=\"Escrito por\" \/>\n\t<meta name=\"twitter:data1\" content=\"moacir\" \/>\n\t<meta name=\"twitter:label2\" content=\"Est. tempo de leitura\" \/>\n\t<meta name=\"twitter:data2\" content=\"4 minutos\" \/>\n<script type=\"application\/ld+json\" class=\"yoast-schema-graph\">{\"@context\":\"https:\/\/schema.org\",\"@graph\":[{\"@type\":\"WebSite\",\"@id\":\"https:\/\/franciscanos.org.br\/carisma\/#website\",\"url\":\"https:\/\/franciscanos.org.br\/carisma\/\",\"name\":\"Carisma - Franciscanos\",\"description\":\"Prov\u00edncia Franciscana da Imaculada Concei\u00e7\u00e3o do Brasil - Ordem dos Frades Menores\",\"potentialAction\":[{\"@type\":\"SearchAction\",\"target\":{\"@type\":\"EntryPoint\",\"urlTemplate\":\"https:\/\/franciscanos.org.br\/carisma\/?s={search_term_string}\"},\"query-input\":\"required name=search_term_string\"}],\"inLanguage\":\"pt-BR\"},{\"@type\":\"ImageObject\",\"inLanguage\":\"pt-BR\",\"@id\":\"https:\/\/franciscanos.org.br\/carisma\/santa-clara-em-quatro-tempos-ii.html#primaryimage\",\"url\":\"https:\/\/franciscanos.org.br\/carisma\/wp-content\/uploads\/2019\/08\/clara_0108d.jpg\",\"contentUrl\":\"https:\/\/franciscanos.org.br\/carisma\/wp-content\/uploads\/2019\/08\/clara_0108d.jpg\",\"width\":273,\"height\":181},{\"@type\":\"WebPage\",\"@id\":\"https:\/\/franciscanos.org.br\/carisma\/santa-clara-em-quatro-tempos-ii.html#webpage\",\"url\":\"https:\/\/franciscanos.org.br\/carisma\/santa-clara-em-quatro-tempos-ii.html\",\"name\":\"Santa Clara em quatro tempos - II - Carisma - Franciscanos\",\"isPartOf\":{\"@id\":\"https:\/\/franciscanos.org.br\/carisma\/#website\"},\"primaryImageOfPage\":{\"@id\":\"https:\/\/franciscanos.org.br\/carisma\/santa-clara-em-quatro-tempos-ii.html#primaryimage\"},\"datePublished\":\"2019-08-01T12:48:16+00:00\",\"dateModified\":\"2019-08-06T18:00:39+00:00\",\"author\":{\"@id\":\"https:\/\/franciscanos.org.br\/carisma\/#\/schema\/person\/bf14cae4d2151ab6b6e41d96660f93a2\"},\"breadcrumb\":{\"@id\":\"https:\/\/franciscanos.org.br\/carisma\/santa-clara-em-quatro-tempos-ii.html#breadcrumb\"},\"inLanguage\":\"pt-BR\",\"potentialAction\":[{\"@type\":\"ReadAction\",\"target\":[\"https:\/\/franciscanos.org.br\/carisma\/santa-clara-em-quatro-tempos-ii.html\"]}]},{\"@type\":\"BreadcrumbList\",\"@id\":\"https:\/\/franciscanos.org.br\/carisma\/santa-clara-em-quatro-tempos-ii.html#breadcrumb\",\"itemListElement\":[{\"@type\":\"ListItem\",\"position\":1,\"name\":\"Home\",\"item\":\"https:\/\/franciscanos.org.br\/carisma\"},{\"@type\":\"ListItem\",\"position\":2,\"name\":\"Santa Clara em quatro tempos &#8211; II\"}]},{\"@type\":\"Person\",\"@id\":\"https:\/\/franciscanos.org.br\/carisma\/#\/schema\/person\/bf14cae4d2151ab6b6e41d96660f93a2\",\"name\":\"moacir\",\"image\":{\"@type\":\"ImageObject\",\"inLanguage\":\"pt-BR\",\"@id\":\"https:\/\/franciscanos.org.br\/carisma\/#\/schema\/person\/image\/\",\"url\":\"https:\/\/secure.gravatar.com\/avatar\/d08aa2ce4c8dd416d4479aa8536fcf64?s=96&d=mm&r=g\",\"contentUrl\":\"https:\/\/secure.gravatar.com\/avatar\/d08aa2ce4c8dd416d4479aa8536fcf64?s=96&d=mm&r=g\",\"caption\":\"moacir\"},\"url\":\"https:\/\/franciscanos.org.br\/carisma\/author\/moacir\"}]}<\/script>\n<!-- \/ Yoast SEO plugin. -->","yoast_head_json":{"title":"Santa Clara em quatro tempos - II - Carisma - Franciscanos","robots":{"index":"index","follow":"follow","max-snippet":"max-snippet:-1","max-image-preview":"max-image-preview:large","max-video-preview":"max-video-preview:-1"},"canonical":"https:\/\/franciscanos.org.br\/carisma\/santa-clara-em-quatro-tempos-ii.html","og_locale":"pt_BR","og_type":"article","og_title":"Santa Clara em quatro tempos - II - Carisma - Franciscanos","og_description":"Segundo tempo: Clara decide seguir Francisco na vida de pobreza | Frei Almir Guimar\u00e3es","og_url":"https:\/\/franciscanos.org.br\/carisma\/santa-clara-em-quatro-tempos-ii.html","og_site_name":"Carisma - Franciscanos","article_published_time":"2019-08-01T12:48:16+00:00","article_modified_time":"2019-08-06T18:00:39+00:00","og_image":[{"width":273,"height":181,"url":"https:\/\/franciscanos.org.br\/carisma\/wp-content\/uploads\/2019\/08\/clara_0108d.jpg","type":"image\/jpeg"}],"author":"moacir","twitter_card":"summary_large_image","twitter_misc":{"Escrito por":"moacir","Est. tempo de leitura":"4 minutos"},"schema":{"@context":"https:\/\/schema.org","@graph":[{"@type":"WebSite","@id":"https:\/\/franciscanos.org.br\/carisma\/#website","url":"https:\/\/franciscanos.org.br\/carisma\/","name":"Carisma - Franciscanos","description":"Prov\u00edncia Franciscana da Imaculada Concei\u00e7\u00e3o do Brasil - Ordem dos Frades Menores","potentialAction":[{"@type":"SearchAction","target":{"@type":"EntryPoint","urlTemplate":"https:\/\/franciscanos.org.br\/carisma\/?s={search_term_string}"},"query-input":"required name=search_term_string"}],"inLanguage":"pt-BR"},{"@type":"ImageObject","inLanguage":"pt-BR","@id":"https:\/\/franciscanos.org.br\/carisma\/santa-clara-em-quatro-tempos-ii.html#primaryimage","url":"https:\/\/franciscanos.org.br\/carisma\/wp-content\/uploads\/2019\/08\/clara_0108d.jpg","contentUrl":"https:\/\/franciscanos.org.br\/carisma\/wp-content\/uploads\/2019\/08\/clara_0108d.jpg","width":273,"height":181},{"@type":"WebPage","@id":"https:\/\/franciscanos.org.br\/carisma\/santa-clara-em-quatro-tempos-ii.html#webpage","url":"https:\/\/franciscanos.org.br\/carisma\/santa-clara-em-quatro-tempos-ii.html","name":"Santa Clara em quatro tempos - II - Carisma - Franciscanos","isPartOf":{"@id":"https:\/\/franciscanos.org.br\/carisma\/#website"},"primaryImageOfPage":{"@id":"https:\/\/franciscanos.org.br\/carisma\/santa-clara-em-quatro-tempos-ii.html#primaryimage"},"datePublished":"2019-08-01T12:48:16+00:00","dateModified":"2019-08-06T18:00:39+00:00","author":{"@id":"https:\/\/franciscanos.org.br\/carisma\/#\/schema\/person\/bf14cae4d2151ab6b6e41d96660f93a2"},"breadcrumb":{"@id":"https:\/\/franciscanos.org.br\/carisma\/santa-clara-em-quatro-tempos-ii.html#breadcrumb"},"inLanguage":"pt-BR","potentialAction":[{"@type":"ReadAction","target":["https:\/\/franciscanos.org.br\/carisma\/santa-clara-em-quatro-tempos-ii.html"]}]},{"@type":"BreadcrumbList","@id":"https:\/\/franciscanos.org.br\/carisma\/santa-clara-em-quatro-tempos-ii.html#breadcrumb","itemListElement":[{"@type":"ListItem","position":1,"name":"Home","item":"https:\/\/franciscanos.org.br\/carisma"},{"@type":"ListItem","position":2,"name":"Santa Clara em quatro tempos &#8211; II"}]},{"@type":"Person","@id":"https:\/\/franciscanos.org.br\/carisma\/#\/schema\/person\/bf14cae4d2151ab6b6e41d96660f93a2","name":"moacir","image":{"@type":"ImageObject","inLanguage":"pt-BR","@id":"https:\/\/franciscanos.org.br\/carisma\/#\/schema\/person\/image\/","url":"https:\/\/secure.gravatar.com\/avatar\/d08aa2ce4c8dd416d4479aa8536fcf64?s=96&d=mm&r=g","contentUrl":"https:\/\/secure.gravatar.com\/avatar\/d08aa2ce4c8dd416d4479aa8536fcf64?s=96&d=mm&r=g","caption":"moacir"},"url":"https:\/\/franciscanos.org.br\/carisma\/author\/moacir"}]}},"_links":{"self":[{"href":"https:\/\/franciscanos.org.br\/carisma\/wp-json\/wp\/v2\/posts\/176162"}],"collection":[{"href":"https:\/\/franciscanos.org.br\/carisma\/wp-json\/wp\/v2\/posts"}],"about":[{"href":"https:\/\/franciscanos.org.br\/carisma\/wp-json\/wp\/v2\/types\/post"}],"author":[{"embeddable":true,"href":"https:\/\/franciscanos.org.br\/carisma\/wp-json\/wp\/v2\/users\/3"}],"replies":[{"embeddable":true,"href":"https:\/\/franciscanos.org.br\/carisma\/wp-json\/wp\/v2\/comments?post=176162"}],"version-history":[{"count":2,"href":"https:\/\/franciscanos.org.br\/carisma\/wp-json\/wp\/v2\/posts\/176162\/revisions"}],"predecessor-version":[{"id":176444,"href":"https:\/\/franciscanos.org.br\/carisma\/wp-json\/wp\/v2\/posts\/176162\/revisions\/176444"}],"wp:featuredmedia":[{"embeddable":true,"href":"https:\/\/franciscanos.org.br\/carisma\/wp-json\/wp\/v2\/media\/176165"}],"wp:attachment":[{"href":"https:\/\/franciscanos.org.br\/carisma\/wp-json\/wp\/v2\/media?parent=176162"}],"wp:term":[{"taxonomy":"category","embeddable":true,"href":"https:\/\/franciscanos.org.br\/carisma\/wp-json\/wp\/v2\/categories?post=176162"},{"taxonomy":"post_tag","embeddable":true,"href":"https:\/\/franciscanos.org.br\/carisma\/wp-json\/wp\/v2\/tags?post=176162"}],"curies":[{"name":"wp","href":"https:\/\/api.w.org\/{rel}","templated":true}]}}