{"id":176156,"date":"2019-07-30T11:14:34","date_gmt":"2019-07-30T14:14:34","guid":{"rendered":"https:\/\/franciscanos.org.br\/carisma\/?p=176156"},"modified":"2019-08-06T15:01:30","modified_gmt":"2019-08-06T18:01:30","slug":"santa-clara-em-quatro-tempos","status":"publish","type":"post","link":"https:\/\/franciscanos.org.br\/carisma\/santa-clara-em-quatro-tempos.html","title":{"rendered":"Santa Clara em quatro tempos &#8211; I"},"content":{"rendered":"<p><img loading=\"lazy\" class=\"alignnone wp-image-176158 size-full\" src=\"https:\/\/franciscanos.org.br\/carisma\/wp-content\/uploads\/2019\/07\/clara_3007.jpg\" alt=\"\" width=\"890\" height=\"381\" srcset=\"https:\/\/franciscanos.org.br\/carisma\/wp-content\/uploads\/2019\/07\/clara_3007.jpg 890w, https:\/\/franciscanos.org.br\/carisma\/wp-content\/uploads\/2019\/07\/clara_3007-450x193.jpg 450w, https:\/\/franciscanos.org.br\/carisma\/wp-content\/uploads\/2019\/07\/clara_3007-768x329.jpg 768w, https:\/\/franciscanos.org.br\/carisma\/wp-content\/uploads\/2019\/07\/clara_3007-150x64.jpg 150w\" sizes=\"(max-width: 890px) 100vw, 890px\" \/><\/p>\n<p style=\"padding-left: 40px;\"><em>Conrado Vasselai, franciscano secular de Bragan\u00e7a Paulista, SP, teve o cuidado de nos oferecer a tradu\u00e7\u00e3o de um encantador texto sobre S\u00e3o Francisco, escrito em alem\u00e3o por Felix Timmermans e publicado originalmente em 1932. Um belo texto, cheio de lirismo e de poesia. Foi publicado agora pela Editora Vozes sob o t\u00edtulo de \u201cA harpa de S\u00e3o Francisco\u201d. Neste m\u00eas de agosto, quando ocorre a festa de S\u00e3o Clara (dia 11), vamos transcrever o que autor nos fala sobre esta simples e extraordin\u00e1ria mulher, em quatro vezes: Santa Clara em quatro tempos. O cap\u00edtulo consagrado a Clara, no livro de Timmermans, tem o bel\u00edssimo t\u00edtulo: Uma sagrada can\u00e7\u00e3o de amor. Nem tudo o que se diz \u00e9 verdade historicamente comprovado. Deixemos, no entanto, liberdade aos poetas. Eles t\u00eam direito. E com isso eles nos encantam. Respeitemos, pois, os arroubos l\u00edricos!<\/em><br \/>\n<strong>Frei Almir Ribeiro Guimar\u00e3es, OFM<\/strong><\/p>\n<hr \/>\n<h3>Primeiro tempo:<\/h3>\n<h3>O ENCONTRO DE FRANCISCO E CLARA<\/h3>\n<p>A lua brilhava exatamente sobre a cabana de Francisco. Irm\u00e3o Tiago, o irm\u00e3o encarregado de acord\u00e1-lo, observou este fato. Para o Irm\u00e3o Tiago, essa meia lua sobre a cabana tinha um grande significado: era como a estrela de Bel\u00e9m. Francisco encontrava-se de joelhos. Irm\u00e3o Tiago se ajoelhou tamb\u00e9m e falou: \u201cPai, eu venho lhe avisar que j\u00e1 s\u00e3o seis horas, como me pediu\u201d. Francisco nada respondeu. Elevou os bra\u00e7os e os cruzou sobre o peito como se tivesse tirando algo do ar para escond\u00ea-lo em seu cora\u00e7\u00e3o. Irm\u00e3o Tiago o imitou. Francisco levantando-se o saudou. Tiago, da mesma forma, respondeu-lhe a sauda\u00e7\u00e3o.<\/p>\n<p>Francisco retirou-se apressado, saiu porta afora e distanciou-se sobre as \u00e1rvores indo at\u00e9 uma pequena fonte. A\u00ed se deteve. Na penumbra tudo estava em sil\u00eancio, nada se ouvia, sen\u00e3o o murm\u00fario da \u00e1gua. As \u00e1rvores anunciavam a primavera. Francisco olhou ao seu redor e n\u00e3o viu ningu\u00e9m. Havia emagrecido muito pelos constantes jejuns e penit\u00eancias. Sua apar\u00eancia demonstrava que naquele tempo da quaresma havia partilhado das dores de Nosso Senhor. De vez em quando um lampejo de alegria brilhava em seus olhos.<\/p>\n<p>Inclinou-se e, com as m\u00e3os em concha, sorveu \u00e1gua da fonte e disse: \u201cClara irm\u00e3 \u00c1gua. Criatura casta e inocente, qu\u00e3o bela e qu\u00e3o boa Deus a fez para o bem-estar dos homens, para seu santo batismo e para matar sua sede. O Senhor conserve igualmente a pureza da jovem Clara para a salva\u00e7\u00e3o da humanidade\u201d.<\/p>\n<p>Em pensamento ele a viu diante de si, como a tinha visto diversas vezes na igreja, quando mendigava ou cantava na pra\u00e7a do mercado ou, sobretudo nas prega\u00e7\u00f5es quaresmais que ele fez na Igreja de S\u00e3o Rufino. \u00c0s vezes pregava como s\u00f3 para ela. De todo o cora\u00e7\u00e3o he suplicava que buscasse somente a Deus, e pelo brilho de seus olhos reconhecia que ela o escutava sol\u00edcita, pois lentamente estava se desligando do mundo.<\/p>\n<p>Quantas vezes desejara falar com ela. Delicadamente dominava seu desejo, mas hoje, ao meio-dia, quando voltava da visita a um doente, uma sua tia, falando com ele, perguntou-lhe se a jovem Clara n\u00e3o poderia conversar com ele a s\u00f3s. Francisco escolheu esta fonte como lugar do encontro&#8230;<\/p>\n<p>A \u00e1gua escorria-lhe por entre as m\u00e3os. \u201cIrm\u00e3 \u00c1gua, Irm\u00e3 \u00c1rvore! Alegrem-se comigo, logo mais vir\u00e1 ao meu encontro um anjo. Enquanto deixava as gotas de \u00e1gua cair por entre os dedos, ouviu o barulho do estalar de galhos, e rapidamente enxugou na t\u00fanica as m\u00e3os molhadas. Ali estava ela com sua tia. Esta parou e Clara, sozinha, aproximou-se dele. Trazia um longo manto sobre um vestido de seda verde claro. Francisco deu um passo em sua dire\u00e7\u00e3o e cheio de respeito lhe disse: \u201cA paz do Senhor esteja contigo!\u201d<\/p>\n<p>Viu diante de si uma mocinha franzina de 18 anos qual um sonho; um sonho de juventude e beleza. De rosto p\u00e1lido, grandes olhos azuis, o nariz afilado, boca pequena e redonda com exuberantes cabelos louros, parecia uma manh\u00e3 primaveril em forma humana. Olharam-se comovidos. O mundo ao seu redor desvaneceu-se como uma n\u00e9voa. Viam Deus um no outro; o Deus que os reuniu as m\u00e3os de ambos para rezar.<\/p>\n<p>\u201cIrm\u00e3\u201d, disse ele, fazendo um sinal para que chegasse mais perto.<\/p>\n<p>Ela se espantou. Aquele que ela tanto admirava chamando-a de irm\u00e3. Clara tomou a m\u00e3o \u00famida que lhe havia estendido e sussurrou:<\/p>\n<p>\u201cIrm\u00e3o&#8230;\u201d<\/p>\n<p>De m\u00e3os dadas permaneceram diante da fonte. O brilho do p\u00f4r do sol tingia de ouro a copa das \u00e1rvores e todo barulho emudeceu. Permaneciam em sil\u00eancio. Tinham muita coisa a dizer um ao outro; mas, agora que estavam juntos, sentiam-se tomados de tanta alegria que n\u00e3o encontravam palavras. Ela veio se encontrar com ele para queixar-se de sua tristeza e de seus medos, pois o pai queria cas\u00e1-la com um cavaleiro enquanto ansiava dedicar sua vida a Deus. Agora, perto dele, toda tristeza e todos os receios desapareceram. Embalados pela cristalina m\u00fasica dos c\u00e9us sentiam-se transportados acima do mundo e dos homens. Ela havia se esquecido de lhe perguntar o que a havia trazido at\u00e9 ali &#8211; ela estava diante dele, isso era mais do que qualquer resposta. Eles irradiavam mutuamente sua beleza e for\u00e7a interior.<\/p>\n<p>\u201cEu gostaria de partilhar de sua vida de pobreza em Cristo\u201d, sussurrou ela. \u201cDeus seja louvado pela primeira irm\u00e3 da pobreza!\u201d, exclamou ele com toda calma e rever\u00eancia. \u201cAben\u00e7oa-me, irm\u00e3o\u201d, pediu ela, e, inclinando a cabe\u00e7a, ajoelhou-se. Seus cabelos ca\u00edram-lhe sobre o rosto e com as m\u00e3os postas sobre o peito esperava sua ben\u00e7\u00e3o. Francisco, igualmente, colocou-se de joelhos. Com m\u00e3o tr\u00eamula tra\u00e7ou o sinal da cruz. Levantando-a, disse: \u201cVolte amanh\u00e3, irm\u00e3\u201d.<\/p>\n<p>\u201cEu virei, irm\u00e3o\u201d, respondeu ela. Lentamente, retirou-se, caminhando sobre musgo macio.<\/p>\n<p>Ele ficou de p\u00e9, acompanhando-a com o olhar. Estando sozinho na floresta, cobriu o rosto com as m\u00e3os.<\/p>\n<hr \/>\n<p><strong>Felix Timmermans<\/strong><br \/>\n<strong>A harpa de S\u00e3o Francisco<\/strong><br \/>\n<strong>Vozes, p. 165-168<\/strong><\/p>\n<p><strong>(continua)<\/strong><\/p>\n","protected":false},"excerpt":{"rendered":"<p>Primeiro tempo: O encontro de Francisco e Clara | Frei Almir Guimar\u00e3es<\/p>\n","protected":false},"author":3,"featured_media":176157,"comment_status":"open","ping_status":"open","sticky":false,"template":"","format":"standard","meta":[],"categories":[65],"tags":[70],"yoast_head":"<!-- This site is optimized with the Yoast SEO plugin v19.2 - https:\/\/yoast.com\/wordpress\/plugins\/seo\/ -->\n<title>Santa Clara em quatro tempos - I - Carisma - Franciscanos<\/title>\n<meta name=\"robots\" content=\"index, follow, max-snippet:-1, max-image-preview:large, max-video-preview:-1\" \/>\n<link rel=\"canonical\" href=\"https:\/\/franciscanos.org.br\/carisma\/santa-clara-em-quatro-tempos.html\" \/>\n<meta property=\"og:locale\" content=\"pt_BR\" \/>\n<meta property=\"og:type\" content=\"article\" \/>\n<meta property=\"og:title\" content=\"Santa Clara em quatro tempos - I - Carisma - Franciscanos\" \/>\n<meta property=\"og:description\" content=\"Primeiro tempo: O encontro de Francisco e Clara | Frei Almir Guimar\u00e3es\" \/>\n<meta property=\"og:url\" content=\"https:\/\/franciscanos.org.br\/carisma\/santa-clara-em-quatro-tempos.html\" \/>\n<meta property=\"og:site_name\" content=\"Carisma - Franciscanos\" \/>\n<meta property=\"article:published_time\" content=\"2019-07-30T14:14:34+00:00\" \/>\n<meta property=\"article:modified_time\" content=\"2019-08-06T18:01:30+00:00\" \/>\n<meta property=\"og:image\" content=\"https:\/\/franciscanos.org.br\/carisma\/wp-content\/uploads\/2019\/07\/clara_3007d.jpg\" \/>\n\t<meta property=\"og:image:width\" content=\"273\" \/>\n\t<meta property=\"og:image:height\" content=\"181\" \/>\n\t<meta property=\"og:image:type\" content=\"image\/jpeg\" \/>\n<meta name=\"author\" content=\"moacir\" \/>\n<meta name=\"twitter:card\" content=\"summary_large_image\" \/>\n<meta name=\"twitter:label1\" content=\"Escrito por\" \/>\n\t<meta name=\"twitter:data1\" content=\"moacir\" \/>\n\t<meta name=\"twitter:label2\" content=\"Est. tempo de leitura\" \/>\n\t<meta name=\"twitter:data2\" content=\"5 minutos\" \/>\n<script type=\"application\/ld+json\" class=\"yoast-schema-graph\">{\"@context\":\"https:\/\/schema.org\",\"@graph\":[{\"@type\":\"WebSite\",\"@id\":\"https:\/\/franciscanos.org.br\/carisma\/#website\",\"url\":\"https:\/\/franciscanos.org.br\/carisma\/\",\"name\":\"Carisma - Franciscanos\",\"description\":\"Prov\u00edncia Franciscana da Imaculada Concei\u00e7\u00e3o do Brasil - Ordem dos Frades Menores\",\"potentialAction\":[{\"@type\":\"SearchAction\",\"target\":{\"@type\":\"EntryPoint\",\"urlTemplate\":\"https:\/\/franciscanos.org.br\/carisma\/?s={search_term_string}\"},\"query-input\":\"required name=search_term_string\"}],\"inLanguage\":\"pt-BR\"},{\"@type\":\"ImageObject\",\"inLanguage\":\"pt-BR\",\"@id\":\"https:\/\/franciscanos.org.br\/carisma\/santa-clara-em-quatro-tempos.html#primaryimage\",\"url\":\"https:\/\/franciscanos.org.br\/carisma\/wp-content\/uploads\/2019\/07\/clara_3007d.jpg\",\"contentUrl\":\"https:\/\/franciscanos.org.br\/carisma\/wp-content\/uploads\/2019\/07\/clara_3007d.jpg\",\"width\":273,\"height\":181},{\"@type\":\"WebPage\",\"@id\":\"https:\/\/franciscanos.org.br\/carisma\/santa-clara-em-quatro-tempos.html#webpage\",\"url\":\"https:\/\/franciscanos.org.br\/carisma\/santa-clara-em-quatro-tempos.html\",\"name\":\"Santa Clara em quatro tempos - I - Carisma - Franciscanos\",\"isPartOf\":{\"@id\":\"https:\/\/franciscanos.org.br\/carisma\/#website\"},\"primaryImageOfPage\":{\"@id\":\"https:\/\/franciscanos.org.br\/carisma\/santa-clara-em-quatro-tempos.html#primaryimage\"},\"datePublished\":\"2019-07-30T14:14:34+00:00\",\"dateModified\":\"2019-08-06T18:01:30+00:00\",\"author\":{\"@id\":\"https:\/\/franciscanos.org.br\/carisma\/#\/schema\/person\/bf14cae4d2151ab6b6e41d96660f93a2\"},\"breadcrumb\":{\"@id\":\"https:\/\/franciscanos.org.br\/carisma\/santa-clara-em-quatro-tempos.html#breadcrumb\"},\"inLanguage\":\"pt-BR\",\"potentialAction\":[{\"@type\":\"ReadAction\",\"target\":[\"https:\/\/franciscanos.org.br\/carisma\/santa-clara-em-quatro-tempos.html\"]}]},{\"@type\":\"BreadcrumbList\",\"@id\":\"https:\/\/franciscanos.org.br\/carisma\/santa-clara-em-quatro-tempos.html#breadcrumb\",\"itemListElement\":[{\"@type\":\"ListItem\",\"position\":1,\"name\":\"Home\",\"item\":\"https:\/\/franciscanos.org.br\/carisma\"},{\"@type\":\"ListItem\",\"position\":2,\"name\":\"Santa Clara em quatro tempos &#8211; I\"}]},{\"@type\":\"Person\",\"@id\":\"https:\/\/franciscanos.org.br\/carisma\/#\/schema\/person\/bf14cae4d2151ab6b6e41d96660f93a2\",\"name\":\"moacir\",\"image\":{\"@type\":\"ImageObject\",\"inLanguage\":\"pt-BR\",\"@id\":\"https:\/\/franciscanos.org.br\/carisma\/#\/schema\/person\/image\/\",\"url\":\"https:\/\/secure.gravatar.com\/avatar\/d08aa2ce4c8dd416d4479aa8536fcf64?s=96&d=mm&r=g\",\"contentUrl\":\"https:\/\/secure.gravatar.com\/avatar\/d08aa2ce4c8dd416d4479aa8536fcf64?s=96&d=mm&r=g\",\"caption\":\"moacir\"},\"url\":\"https:\/\/franciscanos.org.br\/carisma\/author\/moacir\"}]}<\/script>\n<!-- \/ Yoast SEO plugin. -->","yoast_head_json":{"title":"Santa Clara em quatro tempos - I - Carisma - Franciscanos","robots":{"index":"index","follow":"follow","max-snippet":"max-snippet:-1","max-image-preview":"max-image-preview:large","max-video-preview":"max-video-preview:-1"},"canonical":"https:\/\/franciscanos.org.br\/carisma\/santa-clara-em-quatro-tempos.html","og_locale":"pt_BR","og_type":"article","og_title":"Santa Clara em quatro tempos - I - Carisma - Franciscanos","og_description":"Primeiro tempo: O encontro de Francisco e Clara | Frei Almir Guimar\u00e3es","og_url":"https:\/\/franciscanos.org.br\/carisma\/santa-clara-em-quatro-tempos.html","og_site_name":"Carisma - Franciscanos","article_published_time":"2019-07-30T14:14:34+00:00","article_modified_time":"2019-08-06T18:01:30+00:00","og_image":[{"width":273,"height":181,"url":"https:\/\/franciscanos.org.br\/carisma\/wp-content\/uploads\/2019\/07\/clara_3007d.jpg","type":"image\/jpeg"}],"author":"moacir","twitter_card":"summary_large_image","twitter_misc":{"Escrito por":"moacir","Est. tempo de leitura":"5 minutos"},"schema":{"@context":"https:\/\/schema.org","@graph":[{"@type":"WebSite","@id":"https:\/\/franciscanos.org.br\/carisma\/#website","url":"https:\/\/franciscanos.org.br\/carisma\/","name":"Carisma - Franciscanos","description":"Prov\u00edncia Franciscana da Imaculada Concei\u00e7\u00e3o do Brasil - Ordem dos Frades Menores","potentialAction":[{"@type":"SearchAction","target":{"@type":"EntryPoint","urlTemplate":"https:\/\/franciscanos.org.br\/carisma\/?s={search_term_string}"},"query-input":"required name=search_term_string"}],"inLanguage":"pt-BR"},{"@type":"ImageObject","inLanguage":"pt-BR","@id":"https:\/\/franciscanos.org.br\/carisma\/santa-clara-em-quatro-tempos.html#primaryimage","url":"https:\/\/franciscanos.org.br\/carisma\/wp-content\/uploads\/2019\/07\/clara_3007d.jpg","contentUrl":"https:\/\/franciscanos.org.br\/carisma\/wp-content\/uploads\/2019\/07\/clara_3007d.jpg","width":273,"height":181},{"@type":"WebPage","@id":"https:\/\/franciscanos.org.br\/carisma\/santa-clara-em-quatro-tempos.html#webpage","url":"https:\/\/franciscanos.org.br\/carisma\/santa-clara-em-quatro-tempos.html","name":"Santa Clara em quatro tempos - I - Carisma - Franciscanos","isPartOf":{"@id":"https:\/\/franciscanos.org.br\/carisma\/#website"},"primaryImageOfPage":{"@id":"https:\/\/franciscanos.org.br\/carisma\/santa-clara-em-quatro-tempos.html#primaryimage"},"datePublished":"2019-07-30T14:14:34+00:00","dateModified":"2019-08-06T18:01:30+00:00","author":{"@id":"https:\/\/franciscanos.org.br\/carisma\/#\/schema\/person\/bf14cae4d2151ab6b6e41d96660f93a2"},"breadcrumb":{"@id":"https:\/\/franciscanos.org.br\/carisma\/santa-clara-em-quatro-tempos.html#breadcrumb"},"inLanguage":"pt-BR","potentialAction":[{"@type":"ReadAction","target":["https:\/\/franciscanos.org.br\/carisma\/santa-clara-em-quatro-tempos.html"]}]},{"@type":"BreadcrumbList","@id":"https:\/\/franciscanos.org.br\/carisma\/santa-clara-em-quatro-tempos.html#breadcrumb","itemListElement":[{"@type":"ListItem","position":1,"name":"Home","item":"https:\/\/franciscanos.org.br\/carisma"},{"@type":"ListItem","position":2,"name":"Santa Clara em quatro tempos &#8211; I"}]},{"@type":"Person","@id":"https:\/\/franciscanos.org.br\/carisma\/#\/schema\/person\/bf14cae4d2151ab6b6e41d96660f93a2","name":"moacir","image":{"@type":"ImageObject","inLanguage":"pt-BR","@id":"https:\/\/franciscanos.org.br\/carisma\/#\/schema\/person\/image\/","url":"https:\/\/secure.gravatar.com\/avatar\/d08aa2ce4c8dd416d4479aa8536fcf64?s=96&d=mm&r=g","contentUrl":"https:\/\/secure.gravatar.com\/avatar\/d08aa2ce4c8dd416d4479aa8536fcf64?s=96&d=mm&r=g","caption":"moacir"},"url":"https:\/\/franciscanos.org.br\/carisma\/author\/moacir"}]}},"_links":{"self":[{"href":"https:\/\/franciscanos.org.br\/carisma\/wp-json\/wp\/v2\/posts\/176156"}],"collection":[{"href":"https:\/\/franciscanos.org.br\/carisma\/wp-json\/wp\/v2\/posts"}],"about":[{"href":"https:\/\/franciscanos.org.br\/carisma\/wp-json\/wp\/v2\/types\/post"}],"author":[{"embeddable":true,"href":"https:\/\/franciscanos.org.br\/carisma\/wp-json\/wp\/v2\/users\/3"}],"replies":[{"embeddable":true,"href":"https:\/\/franciscanos.org.br\/carisma\/wp-json\/wp\/v2\/comments?post=176156"}],"version-history":[{"count":5,"href":"https:\/\/franciscanos.org.br\/carisma\/wp-json\/wp\/v2\/posts\/176156\/revisions"}],"predecessor-version":[{"id":176445,"href":"https:\/\/franciscanos.org.br\/carisma\/wp-json\/wp\/v2\/posts\/176156\/revisions\/176445"}],"wp:featuredmedia":[{"embeddable":true,"href":"https:\/\/franciscanos.org.br\/carisma\/wp-json\/wp\/v2\/media\/176157"}],"wp:attachment":[{"href":"https:\/\/franciscanos.org.br\/carisma\/wp-json\/wp\/v2\/media?parent=176156"}],"wp:term":[{"taxonomy":"category","embeddable":true,"href":"https:\/\/franciscanos.org.br\/carisma\/wp-json\/wp\/v2\/categories?post=176156"},{"taxonomy":"post_tag","embeddable":true,"href":"https:\/\/franciscanos.org.br\/carisma\/wp-json\/wp\/v2\/tags?post=176156"}],"curies":[{"name":"wp","href":"https:\/\/api.w.org\/{rel}","templated":true}]}}