{"id":176023,"date":"2019-06-24T10:08:49","date_gmt":"2019-06-24T13:08:49","guid":{"rendered":"https:\/\/franciscanos.org.br\/carisma\/?p=176023"},"modified":"2019-06-24T10:09:25","modified_gmt":"2019-06-24T13:09:25","slug":"iii-para-onde-os-ventos-sopram","status":"publish","type":"post","link":"https:\/\/franciscanos.org.br\/carisma\/iii-para-onde-os-ventos-sopram.html","title":{"rendered":"III &#8211; Para onde os ventos sopram?"},"content":{"rendered":"<p><img loading=\"lazy\" class=\"size-full wp-image-176028 aligncenter\" src=\"https:\/\/franciscanos.org.br\/carisma\/wp-content\/uploads\/2019\/06\/ofs_240619.jpg\" alt=\"\" width=\"840\" height=\"472\" srcset=\"https:\/\/franciscanos.org.br\/carisma\/wp-content\/uploads\/2019\/06\/ofs_240619.jpg 840w, https:\/\/franciscanos.org.br\/carisma\/wp-content\/uploads\/2019\/06\/ofs_240619-450x253.jpg 450w, https:\/\/franciscanos.org.br\/carisma\/wp-content\/uploads\/2019\/06\/ofs_240619-768x432.jpg 768w, https:\/\/franciscanos.org.br\/carisma\/wp-content\/uploads\/2019\/06\/ofs_240619-150x84.jpg 150w\" sizes=\"(max-width: 840px) 100vw, 840px\" \/><\/p>\n<p style=\"padding-left: 40px;\">A sociedade de consumo, com suas fic\u00e7\u00f5es e vertigens, promete satisfazer tudo e todos, e falaciosamente identifica felicidade com o estar saciado. Saciados, cheios, preenchidos, domesticados \u2013 assim estamos, resolvidas, na festa do consumo, as nossas necessidades (ou o que pensamos que sejam). A saciedade que se obt\u00e9m pelo consumo \u00e9 uma pris\u00e3o do desejo, reduzindo a um impulso de satisfa\u00e7\u00e3o imediata. O verdadeiro desejo, por\u00e9m, \u00e9 estruturalmente assinalado por uma falta, por uma insatisfa\u00e7\u00e3o, que se torna princ\u00edpio din\u00e2mico e projetivo. O desejo \u00e9 literalmente insaci\u00e1vel porque aspira \u00e0quilo que n\u00e3o se pode possuir: o sentido. Nesta linha, o desejo n\u00e3o se sacia, mas aprofunda-se.<br \/>\n<em>Jos\u00e9 Tolentino Mendon\u00e7a, &#8220;Libertar o tempo&#8221;, p. 70<\/em><\/p>\n<p>\u2666 Os franciscanos s\u00e3o pessoas habitadas por um desejo de plenitude. Isso deve ficar bem claro. N\u00e3o basta a satisfa\u00e7\u00e3o de pequenos anseios. O desejo n\u00e3o se sacia. Aprofunda-se. Tolentino est\u00e1 coberto de raz\u00e3o. Vivemos um tempo de profundas transforma\u00e7\u00f5es, d\u00favidas, incertezas, torturantes inquieta\u00e7\u00f5es. Os franciscanos n\u00e3o escapam deste furac\u00e3o. Mundo plural. Nossas fraternidades for\u00e7osamente ser\u00e3o lugares e espa\u00e7os para estudo e discuss\u00e3o dos grandes temas da sociedade e da f\u00e9. Importante dias de estudo, retiros, reflex\u00e3o. Somos convidados a ler e estudar. Os que querem construir o futuro praticam o discernimento. N\u00e3o somos partid\u00e1rios numa religi\u00e3o feita para sempre, arrumadinha, definitiva. Inserimo-nos numa Igreja em busca de caminhos novos. Discerniremos os sinais dos tempos, para onde os ventos est\u00e3o soprando.<\/p>\n<p>\u2666 O amanh\u00e3 da Ordem Franciscana Secular n\u00e3o se consegue apenas com mudan\u00e7as organizacionais. Depende, antes de tudo, da transforma\u00e7\u00e3o do cora\u00e7\u00e3o de cada irm\u00e3o. Em nossas fraternidades locais somos convidados a viver em estado de convers\u00e3o, de penit\u00eancia e de transforma\u00e7\u00e3o. O amanh\u00e3 ser\u00e1 vi\u00e7oso na medida em que os irm\u00e3os e irm\u00e3s forem capazes de alimentar a convers\u00e3o segundo as orienta\u00e7\u00f5es do Serm\u00e3o da Montanha (Mt 5, 1-12). Como se opera e se alimenta esta convers\u00e3o? Vivendo a verdade para consigo mesmo, com leituras do Evangelho, medita\u00e7\u00e3o, constantes revis\u00f5es de vida, nova compreens\u00e3o do sacramento da reconcilia\u00e7\u00e3o ou confiss\u00e3o. N\u00e3o \u00e9 esse sinal sacramental que celebra a nossa convers\u00e3o? Ou n\u00e3o?<\/p>\n<p>\u2666 Trata-se de um prop\u00f3sito de sair da mediocridade, da superficialidade. Para que nos pr\u00f3ximos tempos a OFS d\u00ea mostras de ser um grupo significativo importante que seus membros tendam, efetivamente, para a santidade. Trata-se de fugir de toda viv\u00eancia crist\u00e3, epid\u00e9rmica, sem profundidade, rotina. Importante ser\u00e1 abeirar-se das fontes, principalmente dos escritos de S\u00e3o Francisco, dos escritos de Boaventura e da mais l\u00eddima tradi\u00e7\u00e3o franciscana.<\/p>\n<p>\u2666 Cabe aqui uma palavra do Papa Francisco em sua Exorta\u00e7\u00e3o sobre a chamada \u00e0 santidade: \u201cPe\u00e7amos ao Senhor a gra\u00e7a de n\u00e3o hesitar quando o Esp\u00edrito nos exige que demos um passo em frente; pe\u00e7amos a coragem apost\u00f3lica de comunicar o Evangelho aos outros e fazer de nossa vida um museu de recorda\u00e7\u00f5es. Em qualquer situa\u00e7\u00e3o deixemos que o Esp\u00edrito Santo nos fa\u00e7a contemplar a hist\u00f3ria na perspectiva de Jesus ressuscitado. Assim a Igreja, em vez de sair cansada, poder\u00e1 continuar em frente acolhendo as surpresas do Senhor\u201d ( <em>Gaudete et Exsultate<\/em>, n. 139).<\/p>\n<p>\u2666 A palavra fraternidade \u00e9 m\u00e1gica. N\u00e3o se pode imaginar o amanh\u00e3 dos franciscanos seculares sem n\u00edtidas express\u00f5es de estima e de bem-querer. Pensamos aqui na qualidade humana e crist\u00e3 dos relacionamentos em nossas fraternidades. A reuni\u00e3o dos irm\u00e3os, mormente a reuni\u00e3o geral, sacramento do bem-querer fraterno, ser\u00e1 sempre muito bem, preparada e vivida. Ali, a OFS se exprime como uma comunidade crist\u00e3 de base. Ali se faz a experi\u00eancia do \u201cvede como eles se estimam\u201d. Mas cuidado! N\u00e3o apenas uma viv\u00eancia estre os iguais. Os franciscanos amam servindo discretamente e sem alarido os mais necessitados, os de fora, sempre em sa\u00edda.<\/p>\n<p>\u2666 N\u00e3o podemos imaginar o amanh\u00e3 de nossas fraternidades e regionais da OFS sem s\u00f3lidas lideran\u00e7as. O l\u00edder n\u00e3o \u00e9 algu\u00e9m que que imp\u00f5e, que agarra o cargo e quer mandar. Estes agem segundo esp\u00edrito do mundo. O l\u00edder \u00e9 aquele que se \u201cimp\u00f5e\u201d pelo exemplo e por seu car\u00e1ter, por um modo de ser marcado pelo \u00e2nimo, pela confian\u00e7a nos outros e no amanh\u00e3. N\u00e3o se deveria escolher irm\u00e3os para os postos de servi\u00e7os que n\u00e3o tivessem lideran\u00e7a. Que se promova a forma\u00e7\u00e3o de lideres que, em nosso caso, s\u00e3o pessoas evang\u00e9licas at\u00e9 as mais densas de suas entranhas. Claro, com compet\u00eancia humana. L\u00edderes profundamente humanos e santos levam adiante a hist\u00f3ria do cristianismo segundo os desejos do Esp\u00edrito. Descortinam paisagens novas.<\/p>\n<p>\u2666 A OFS ter\u00e1 futuro na medida em que estiver antenada com a cultura do encontro e no exerc\u00edcio do di\u00e1logo. Como Francisco somos \u201catravessadores de fronteiras\u201d. Cultivar o encontro no seio da fraternidade, no ambiente familiar, com os vizinhos, com pessoas de outros credos, com os que mais sofrem, com aqueles que s\u00e3o mandados para governar as cidades. A vida dos franciscanos seculares \u00e9 como se fosse uma sala de encontros:<\/p>\n<p style=\"padding-left: 40px;\">&gt;&gt; Reuni\u00f5es mensais que sejam encontros de vidas e de liberdades, n\u00e3o longas, mas tonificantes.<br \/>\n&gt;&gt; Reuni\u00f5es que formem pessoas sem modismos e fanatismos.<br \/>\n&gt;&gt; Muitos de nossos encontros deveriam contar com a presen\u00e7a de nossos familiares e de visitantes.<br \/>\n&gt;&gt; Se nos dizemos fam\u00edlia ser\u00e1 fundamental que jovens participem com certa regularidade de nossos eventos e encontros.<\/p>\n<p>\u2666 Os irm\u00e3os e irm\u00e3s da OFS do presente e do amanh\u00e3 poder\u00e3o ou dever\u00e3o ter algumas (ou quase todas) destas caracter\u00edsticas:<\/p>\n<p style=\"padding-left: 40px;\">&gt;&gt; \u00caxtase diante do Alt\u00edssimo e Bom Senhor e do Senhor Jesus em sua cativante singeleza e pobreza.<br \/>\n&gt;&gt; Postura de simplicidade em tudo.<br \/>\n&gt;&gt; Amar o irm\u00e3o com amor de m\u00e3e.<br \/>\n&gt;&gt; N\u00e3o querer sobrepor-se aos outros.<br \/>\n&gt;&gt; Trabalhar com dilig\u00eancia sem perder o esp\u00edrito da santa ora\u00e7\u00e3o.<br \/>\n&gt;&gt; Ir pelo mundo e, ao mesmo, tempo ter desejo e saudade do eremit\u00e9rio.<br \/>\n&gt;&gt; Exercitar-se na pr\u00e1tica da desapropria\u00e7\u00e3o.<br \/>\n&gt;&gt; Saber extasiar-se diante de coisas simples: a beleza de uma crian\u00e7a, o esplendor de uma fonte borbulhante, a delicadeza de um ninho de beija-flor.<br \/>\n&gt;&gt; Cuidar com carinho e rigor da casa comum a todos os homens <em>(Laudato Si&#8217;<\/em>).<br \/>\n&gt;&gt; Aderir ao projeto do Papa Francisco quando ele nos impede autorreferencialidade e pede que sejamos uma Igreja em sa\u00edda.<\/p>\n<p>\u2666 Um pensamento final: \u201cA primeira coisa que se aprende com Jesus nos evangelhos n\u00e3o \u00e9 doutrina, mas um estilo de vida, uma forma de habitar o mundo, de interpreta-lo e de constru\u00ed-lo; uma maneira de tornar a vida mais humana. O caracter\u00edstico deste estilo de viver \u00e9 que ele se inspira em Jesus. Nasce da rela\u00e7\u00e3o com ele. \u00c9-nos transmitido seu Esp\u00edrito. Aprendemos sua maneira de pensar, sentir, amar, orar, sofrer, criar, confiar e morrer. Pouco a pouco vamos nos convertendo em disc\u00edpulos e disc\u00edpulas de Jesus\u201d <em>( Jos\u00e9 Antonio Pagola, Voltar a Jesus, Vozes, p. 65<\/em>).<\/p>\n<p><strong>Frei Almir Ribeiro Guimar\u00e3es, OFM<\/strong><br \/>\n<strong>Petr\u00f3polis, RJ<\/strong><\/p>\n","protected":false},"excerpt":{"rendered":"<p>Artigo de Frei Almir Guimar\u00e3es<\/p>\n","protected":false},"author":3,"featured_media":176029,"comment_status":"open","ping_status":"open","sticky":false,"template":"","format":"standard","meta":[],"categories":[14],"tags":[47],"yoast_head":"<!-- This site is optimized with the Yoast SEO plugin v19.2 - https:\/\/yoast.com\/wordpress\/plugins\/seo\/ -->\n<title>III - Para onde os ventos sopram? - Carisma - Franciscanos<\/title>\n<meta name=\"robots\" content=\"index, follow, max-snippet:-1, max-image-preview:large, max-video-preview:-1\" \/>\n<link rel=\"canonical\" href=\"https:\/\/franciscanos.org.br\/carisma\/iii-para-onde-os-ventos-sopram.html\" \/>\n<meta property=\"og:locale\" content=\"pt_BR\" \/>\n<meta property=\"og:type\" content=\"article\" \/>\n<meta property=\"og:title\" content=\"III - Para onde os ventos sopram? - Carisma - Franciscanos\" \/>\n<meta property=\"og:description\" content=\"Artigo de Frei Almir Guimar\u00e3es\" \/>\n<meta property=\"og:url\" content=\"https:\/\/franciscanos.org.br\/carisma\/iii-para-onde-os-ventos-sopram.html\" \/>\n<meta property=\"og:site_name\" content=\"Carisma - Franciscanos\" \/>\n<meta property=\"article:published_time\" content=\"2019-06-24T13:08:49+00:00\" \/>\n<meta property=\"article:modified_time\" content=\"2019-06-24T13:09:25+00:00\" \/>\n<meta property=\"og:image\" content=\"https:\/\/franciscanos.org.br\/carisma\/wp-content\/uploads\/2019\/06\/ofs_240619d.jpg\" \/>\n\t<meta property=\"og:image:width\" content=\"273\" \/>\n\t<meta property=\"og:image:height\" content=\"181\" \/>\n\t<meta property=\"og:image:type\" content=\"image\/jpeg\" \/>\n<meta name=\"author\" content=\"moacir\" \/>\n<meta name=\"twitter:card\" content=\"summary_large_image\" \/>\n<meta name=\"twitter:label1\" content=\"Escrito por\" \/>\n\t<meta name=\"twitter:data1\" content=\"moacir\" \/>\n\t<meta name=\"twitter:label2\" content=\"Est. tempo de leitura\" \/>\n\t<meta name=\"twitter:data2\" content=\"6 minutos\" \/>\n<script type=\"application\/ld+json\" class=\"yoast-schema-graph\">{\"@context\":\"https:\/\/schema.org\",\"@graph\":[{\"@type\":\"WebSite\",\"@id\":\"https:\/\/franciscanos.org.br\/carisma\/#website\",\"url\":\"https:\/\/franciscanos.org.br\/carisma\/\",\"name\":\"Carisma - Franciscanos\",\"description\":\"Prov\u00edncia Franciscana da Imaculada Concei\u00e7\u00e3o do Brasil - Ordem dos Frades Menores\",\"potentialAction\":[{\"@type\":\"SearchAction\",\"target\":{\"@type\":\"EntryPoint\",\"urlTemplate\":\"https:\/\/franciscanos.org.br\/carisma\/?s={search_term_string}\"},\"query-input\":\"required name=search_term_string\"}],\"inLanguage\":\"pt-BR\"},{\"@type\":\"ImageObject\",\"inLanguage\":\"pt-BR\",\"@id\":\"https:\/\/franciscanos.org.br\/carisma\/iii-para-onde-os-ventos-sopram.html#primaryimage\",\"url\":\"https:\/\/franciscanos.org.br\/carisma\/wp-content\/uploads\/2019\/06\/ofs_240619d.jpg\",\"contentUrl\":\"https:\/\/franciscanos.org.br\/carisma\/wp-content\/uploads\/2019\/06\/ofs_240619d.jpg\",\"width\":273,\"height\":181},{\"@type\":\"WebPage\",\"@id\":\"https:\/\/franciscanos.org.br\/carisma\/iii-para-onde-os-ventos-sopram.html#webpage\",\"url\":\"https:\/\/franciscanos.org.br\/carisma\/iii-para-onde-os-ventos-sopram.html\",\"name\":\"III - Para onde os ventos sopram? - Carisma - Franciscanos\",\"isPartOf\":{\"@id\":\"https:\/\/franciscanos.org.br\/carisma\/#website\"},\"primaryImageOfPage\":{\"@id\":\"https:\/\/franciscanos.org.br\/carisma\/iii-para-onde-os-ventos-sopram.html#primaryimage\"},\"datePublished\":\"2019-06-24T13:08:49+00:00\",\"dateModified\":\"2019-06-24T13:09:25+00:00\",\"author\":{\"@id\":\"https:\/\/franciscanos.org.br\/carisma\/#\/schema\/person\/bf14cae4d2151ab6b6e41d96660f93a2\"},\"breadcrumb\":{\"@id\":\"https:\/\/franciscanos.org.br\/carisma\/iii-para-onde-os-ventos-sopram.html#breadcrumb\"},\"inLanguage\":\"pt-BR\",\"potentialAction\":[{\"@type\":\"ReadAction\",\"target\":[\"https:\/\/franciscanos.org.br\/carisma\/iii-para-onde-os-ventos-sopram.html\"]}]},{\"@type\":\"BreadcrumbList\",\"@id\":\"https:\/\/franciscanos.org.br\/carisma\/iii-para-onde-os-ventos-sopram.html#breadcrumb\",\"itemListElement\":[{\"@type\":\"ListItem\",\"position\":1,\"name\":\"Home\",\"item\":\"https:\/\/franciscanos.org.br\/carisma\"},{\"@type\":\"ListItem\",\"position\":2,\"name\":\"III &#8211; Para onde os ventos sopram?\"}]},{\"@type\":\"Person\",\"@id\":\"https:\/\/franciscanos.org.br\/carisma\/#\/schema\/person\/bf14cae4d2151ab6b6e41d96660f93a2\",\"name\":\"moacir\",\"image\":{\"@type\":\"ImageObject\",\"inLanguage\":\"pt-BR\",\"@id\":\"https:\/\/franciscanos.org.br\/carisma\/#\/schema\/person\/image\/\",\"url\":\"https:\/\/secure.gravatar.com\/avatar\/d08aa2ce4c8dd416d4479aa8536fcf64?s=96&d=mm&r=g\",\"contentUrl\":\"https:\/\/secure.gravatar.com\/avatar\/d08aa2ce4c8dd416d4479aa8536fcf64?s=96&d=mm&r=g\",\"caption\":\"moacir\"},\"url\":\"https:\/\/franciscanos.org.br\/carisma\/author\/moacir\"}]}<\/script>\n<!-- \/ Yoast SEO plugin. -->","yoast_head_json":{"title":"III - Para onde os ventos sopram? - Carisma - Franciscanos","robots":{"index":"index","follow":"follow","max-snippet":"max-snippet:-1","max-image-preview":"max-image-preview:large","max-video-preview":"max-video-preview:-1"},"canonical":"https:\/\/franciscanos.org.br\/carisma\/iii-para-onde-os-ventos-sopram.html","og_locale":"pt_BR","og_type":"article","og_title":"III - Para onde os ventos sopram? - Carisma - Franciscanos","og_description":"Artigo de Frei Almir Guimar\u00e3es","og_url":"https:\/\/franciscanos.org.br\/carisma\/iii-para-onde-os-ventos-sopram.html","og_site_name":"Carisma - Franciscanos","article_published_time":"2019-06-24T13:08:49+00:00","article_modified_time":"2019-06-24T13:09:25+00:00","og_image":[{"width":273,"height":181,"url":"https:\/\/franciscanos.org.br\/carisma\/wp-content\/uploads\/2019\/06\/ofs_240619d.jpg","type":"image\/jpeg"}],"author":"moacir","twitter_card":"summary_large_image","twitter_misc":{"Escrito por":"moacir","Est. tempo de leitura":"6 minutos"},"schema":{"@context":"https:\/\/schema.org","@graph":[{"@type":"WebSite","@id":"https:\/\/franciscanos.org.br\/carisma\/#website","url":"https:\/\/franciscanos.org.br\/carisma\/","name":"Carisma - Franciscanos","description":"Prov\u00edncia Franciscana da Imaculada Concei\u00e7\u00e3o do Brasil - Ordem dos Frades Menores","potentialAction":[{"@type":"SearchAction","target":{"@type":"EntryPoint","urlTemplate":"https:\/\/franciscanos.org.br\/carisma\/?s={search_term_string}"},"query-input":"required name=search_term_string"}],"inLanguage":"pt-BR"},{"@type":"ImageObject","inLanguage":"pt-BR","@id":"https:\/\/franciscanos.org.br\/carisma\/iii-para-onde-os-ventos-sopram.html#primaryimage","url":"https:\/\/franciscanos.org.br\/carisma\/wp-content\/uploads\/2019\/06\/ofs_240619d.jpg","contentUrl":"https:\/\/franciscanos.org.br\/carisma\/wp-content\/uploads\/2019\/06\/ofs_240619d.jpg","width":273,"height":181},{"@type":"WebPage","@id":"https:\/\/franciscanos.org.br\/carisma\/iii-para-onde-os-ventos-sopram.html#webpage","url":"https:\/\/franciscanos.org.br\/carisma\/iii-para-onde-os-ventos-sopram.html","name":"III - Para onde os ventos sopram? - Carisma - Franciscanos","isPartOf":{"@id":"https:\/\/franciscanos.org.br\/carisma\/#website"},"primaryImageOfPage":{"@id":"https:\/\/franciscanos.org.br\/carisma\/iii-para-onde-os-ventos-sopram.html#primaryimage"},"datePublished":"2019-06-24T13:08:49+00:00","dateModified":"2019-06-24T13:09:25+00:00","author":{"@id":"https:\/\/franciscanos.org.br\/carisma\/#\/schema\/person\/bf14cae4d2151ab6b6e41d96660f93a2"},"breadcrumb":{"@id":"https:\/\/franciscanos.org.br\/carisma\/iii-para-onde-os-ventos-sopram.html#breadcrumb"},"inLanguage":"pt-BR","potentialAction":[{"@type":"ReadAction","target":["https:\/\/franciscanos.org.br\/carisma\/iii-para-onde-os-ventos-sopram.html"]}]},{"@type":"BreadcrumbList","@id":"https:\/\/franciscanos.org.br\/carisma\/iii-para-onde-os-ventos-sopram.html#breadcrumb","itemListElement":[{"@type":"ListItem","position":1,"name":"Home","item":"https:\/\/franciscanos.org.br\/carisma"},{"@type":"ListItem","position":2,"name":"III &#8211; Para onde os ventos sopram?"}]},{"@type":"Person","@id":"https:\/\/franciscanos.org.br\/carisma\/#\/schema\/person\/bf14cae4d2151ab6b6e41d96660f93a2","name":"moacir","image":{"@type":"ImageObject","inLanguage":"pt-BR","@id":"https:\/\/franciscanos.org.br\/carisma\/#\/schema\/person\/image\/","url":"https:\/\/secure.gravatar.com\/avatar\/d08aa2ce4c8dd416d4479aa8536fcf64?s=96&d=mm&r=g","contentUrl":"https:\/\/secure.gravatar.com\/avatar\/d08aa2ce4c8dd416d4479aa8536fcf64?s=96&d=mm&r=g","caption":"moacir"},"url":"https:\/\/franciscanos.org.br\/carisma\/author\/moacir"}]}},"_links":{"self":[{"href":"https:\/\/franciscanos.org.br\/carisma\/wp-json\/wp\/v2\/posts\/176023"}],"collection":[{"href":"https:\/\/franciscanos.org.br\/carisma\/wp-json\/wp\/v2\/posts"}],"about":[{"href":"https:\/\/franciscanos.org.br\/carisma\/wp-json\/wp\/v2\/types\/post"}],"author":[{"embeddable":true,"href":"https:\/\/franciscanos.org.br\/carisma\/wp-json\/wp\/v2\/users\/3"}],"replies":[{"embeddable":true,"href":"https:\/\/franciscanos.org.br\/carisma\/wp-json\/wp\/v2\/comments?post=176023"}],"version-history":[{"count":2,"href":"https:\/\/franciscanos.org.br\/carisma\/wp-json\/wp\/v2\/posts\/176023\/revisions"}],"predecessor-version":[{"id":176032,"href":"https:\/\/franciscanos.org.br\/carisma\/wp-json\/wp\/v2\/posts\/176023\/revisions\/176032"}],"wp:featuredmedia":[{"embeddable":true,"href":"https:\/\/franciscanos.org.br\/carisma\/wp-json\/wp\/v2\/media\/176029"}],"wp:attachment":[{"href":"https:\/\/franciscanos.org.br\/carisma\/wp-json\/wp\/v2\/media?parent=176023"}],"wp:term":[{"taxonomy":"category","embeddable":true,"href":"https:\/\/franciscanos.org.br\/carisma\/wp-json\/wp\/v2\/categories?post=176023"},{"taxonomy":"post_tag","embeddable":true,"href":"https:\/\/franciscanos.org.br\/carisma\/wp-json\/wp\/v2\/tags?post=176023"}],"curies":[{"name":"wp","href":"https:\/\/api.w.org\/{rel}","templated":true}]}}