{"id":175999,"date":"2019-06-17T07:27:57","date_gmt":"2019-06-17T10:27:57","guid":{"rendered":"https:\/\/franciscanos.org.br\/carisma\/?p=175999"},"modified":"2019-06-24T09:54:42","modified_gmt":"2019-06-24T12:54:42","slug":"ii-o-que-pode-nos-fazer-viver-e-vivem-bem","status":"publish","type":"post","link":"https:\/\/franciscanos.org.br\/carisma\/ii-o-que-pode-nos-fazer-viver-e-vivem-bem.html","title":{"rendered":"II. O que pode nos fazer viver e viver bem?"},"content":{"rendered":"<p><img loading=\"lazy\" class=\"alignnone wp-image-176001 size-full\" src=\"https:\/\/franciscanos.org.br\/carisma\/wp-content\/uploads\/2019\/06\/ofs_1706.jpg\" alt=\"\" width=\"840\" height=\"473\" srcset=\"https:\/\/franciscanos.org.br\/carisma\/wp-content\/uploads\/2019\/06\/ofs_1706.jpg 840w, https:\/\/franciscanos.org.br\/carisma\/wp-content\/uploads\/2019\/06\/ofs_1706-450x253.jpg 450w, https:\/\/franciscanos.org.br\/carisma\/wp-content\/uploads\/2019\/06\/ofs_1706-768x432.jpg 768w, https:\/\/franciscanos.org.br\/carisma\/wp-content\/uploads\/2019\/06\/ofs_1706-150x84.jpg 150w\" sizes=\"(max-width: 840px) 100vw, 840px\" \/><\/p>\n<p><strong>Frei Almir Ribeiro Guimar\u00e3es, OFm<\/strong><\/p>\n<p>\u2666 Viver, viver \u00e9 o que conta. Viver com gratuidade, sem ser pressionado pelas leis da urg\u00eancia, da produtividade, da concorr\u00eancia, do mercado, das oscila\u00e7\u00f5es da bolsa. N\u00e3o toleramos empurrar a hist\u00f3ria para frente de qualquer maneira, levando uma vida insossa, repetitiva, mon\u00f3tona, rotineira. Queremos ser gente e gente desperta. Aspiramos a viver em plenitude. Nada de pedacinhos soltos sem uma liga. Somos pessoas que gostamos de ser o que somos: ser homem, ser mulher, \u201ccurtir\u201d os amigos, chorar com os que choram, viver a alegria dos que se alegram. Gente que gosta de abrir caminhos novos, ainda n\u00e3o pisados, que aprecia caminhar de p\u00e9s descal\u00e7os no verde da grama, de arreganhar as janelas de manh\u00e3, de par a par e agradecer a chegada do irm\u00e3o sol ou da chuva mansa que nos aconselha a usar meias de l\u00e1 e um cachecol de cores variegadas. N\u00e3o queremos nos sobrecarregar de coisas in\u00fateis e de balangand\u00e3s apenas com brilho aparente. Viver \u00e9 que conta: gostar da brisa suave, de tomar uma x\u00edcara de caf\u00e9 com os que estimamos e de cantar aquilo que mana das profundezas de nosso ser. Viver e viver em plenitude. Sempre verificando a qualidade do viver para n\u00e3o viver em v\u00e3o.<\/p>\n<p>\u2666 \u201cAs rotinas t\u00eam um efeito saud\u00e1vel: tornando o cotidiano uma cadeia de situa\u00e7\u00f5es que podem ser aguardadas, que nos permitem habitar com confian\u00e7a o tempo. Mas o que come\u00e7a a ser bom esconde tamb\u00e9m um perigo. De repente, a rotina substitui-se \u00e0 pr\u00f3pria vida. Quando tudo se torna obvio e regulado, deixa de haver lugar para a surpresa. Cada dia \u00e9 simplesmente igual ao anterior. A nossa viagem passa para as m\u00e3os do piloto autom\u00e1tico\u201d (Jos\u00e9 Tolentino Mendon\u00e7a, A m\u00edstica do instante, Paulinas, p. 17).<\/p>\n<p>\u2666 Somos seres humanos. Corpo, cora\u00e7\u00e3o, intelig\u00eancia, afeto, sentidos. Estamos sempre aprendendo a arte de viver. Temos certeza de que fomos amados antes mesmo que tiv\u00e9ssemos sido \u201cinventados\u201d. Antes de abrirmos os olhos j\u00e1 \u00e9ramos queridos pelo Mist\u00e9rio. Fomos tomando consci\u00eancia de estarmos envolvidos num amor sem limites. \u201cCom amor eterno eu te amei&#8230;\u201d. Fomos lan\u00e7ados na vida e temos a vida toda para inventar precisamente uma arte de viver. Fato \u00e9 que esse Mist\u00e9rio nos impulsiona para frente e promete n\u00e3o nos largar.<\/p>\n<p>\u2666 Quando fazemos cessar as agita\u00e7\u00f5es ruidosas, quando alcan\u00e7amos uma certa serenidade, olhos fechados, sil\u00eancio dentro e fora, quando paramos para pensar damo-nos conta que temos uma sede de plenitude, do infinito. Sede do Mist\u00e9rio, daquele que n\u00e3o vemos com nossos olhos, mas anda nos espreitando, e quem sabe, batendo \u00e0 nossa porta para verificar se estamos em n\u00f3s mesmos. Se habitamos n\u00f3s mesmos. Se estamos em casa.<\/p>\n<p>\u2666 Somos crist\u00e3os e queremos ser disc\u00edpulos do Senhor. N\u00e3o se trata apenas do fato que nosso nome esteja inscrito nos livros da par\u00f3quia onde fomos batizados ou no registro da Ordem por ocasi\u00e3o da profiss\u00e3o. Fomos crescendo com o desejo e n\u00e3o parar. O Papa Francisco anda questionando nossa vida paralisada, cheia de mesmice. Quer que tenhamos encontros pessoais com Cristo. Seremos seus disc\u00edpulos, mas n\u00e3o disc\u00edpulos parados, medroso, mas disc\u00edpulos mission\u00e1rios, membros de uma Igreja em sa\u00edda que tem padres e leigos em sa\u00edda, com bispos que gostam do cheiro das ovelhas, de leigos tinhosos. Na Igreja, sempre na Igreja, n\u00e3o um grupo que olha superiormente sobre os outros. Na Igreja santa e pecadora.<\/p>\n<p>\u2666 H\u00e1 aqueles que querem encontrar e buscar uma fonte no seio da fam\u00edlia franciscana. Por diferentes caminhos e diversas situa\u00e7\u00f5es existenciais foram querendo simplificar suas vidas e revestir-se do Evangelho. Jogam fora o que lhes atravanca a vida. Lutam para viver no mundo mas com saudade do eremit\u00e9rio e andam com uma bacia e uma toalha tentando lavar os p\u00e9s dos peregrinos e caminheiros. Contemplam e agem. Sentem a brisa suave acariciar seu rosto e est\u00e3o sempre em prontid\u00e3o para partir em miss\u00e3o. Est\u00e3o em estado de miss\u00e3o, \u201cem sa\u00edda\u201d,<\/p>\n<p>\u2666 As fraternidades franciscanas seculares est\u00e3o espalhadas pelo mundo afora. S\u00e3o constitu\u00eddas por homens e mulheres que buscam sair de uma vida crist\u00e3 rotineira feita quase que somente de pr\u00e1ticas religiosas e pontilhada de discursos muito cerebrais. Os franciscanos seculares ser\u00e3o pessoas que desejam fazer uma profunda experi\u00eancia do Senhor e de seu Cristo. N\u00e3o se inscrevem numa piedosa associa\u00e7\u00e3o religiosa pedindo obas e pontilhada de eventos sem liga\u00e7\u00e3o uns com os outros. Est\u00e3o, evidentemente, presentes em dioceses e par\u00f3quias. Procuram ser uma presen\u00e7a forte l\u00e1 onde vivem. Querem e precisam ser sacudidos pela for\u00e7a do Evangelho.<\/p>\n<p>\u2666 N\u00e3o conv\u00e9m que ingressem na Ordem Franciscana Secular pessoas casadas ou solteiras que, no fundo, alimentam um misto de \u201csaudade\u201d ou de \u201cdesejo\u201d de serem parecidos com os religiosos de votos ou ent\u00e3o membros da hierarquia eclesi\u00e1stica. O lugar, o espa\u00e7o, o habitat do franciscano \u00e9 o mundo, o s\u00e9culo. Precisam honrar seu nome: franciscanos seculares.<\/p>\n<hr \/>\n<p><strong>MANDAMENTOS<\/strong><\/p>\n<p style=\"padding-left: 40px;\"><strong>1<\/strong>. Vivemos num mundo plural. A realidade e nossas organiza\u00e7\u00f5es de viver encontram-se sem nexo umas com as outras. Nossas fraternidades franciscanas seculares ser\u00e3o espa\u00e7os de s\u00e9rias e aprofundadas reflex\u00f5es. Ser\u00e3o promovidos dias de estudo, c\u00edrculos de reflex\u00e3o, retiros que atinjam n\u00f3 das pessoas. Somos convidados a ler, refletir, estudar. N\u00e3o somos partid\u00e1rios de uma religi\u00e3o \u00e0 la carte. Vamos construindo nosso ser de f\u00e9 no dia a dia por meio de um confronto entre a Palavra e a vida. Oferecer\u00e1 aos seus e a outros tarde de ora\u00e7\u00e3o e f\u00f3runs onde as pessoas possam se encontrar e encontrar os outros.<\/p>\n<p style=\"padding-left: 40px;\"><strong>2.<\/strong> Num mundo de posturas individualistas a Ordem Franciscana Secular ser\u00e1 um espa\u00e7o de profundas viv\u00eancias de solidariedade e de fraternismo ad intra e ad extra. N\u00e3o apenas \u201camiguinhos que se encontram com amiguinhos\u201d. Mas irm\u00e3os no mist\u00e9rio da fraternidade em Cristo.<\/p>\n<p style=\"padding-left: 40px;\"><strong>3.<\/strong> O amanh\u00e3 da OFS ser\u00e1 feito de pessoas muito conscientes de que morreram com Cristo em sua morte e com ele ressuscitaram na manh\u00e3 de P\u00e1scoa. Est\u00e3o sempre, de alguma forma, a renovar seu batismo. Adentram-se no mist\u00e9rio pascal. Fazem da Eucaristia um especial espa\u00e7o de morte e vida. Vida pascal.<\/p>\n<p style=\"padding-left: 40px;\"><strong>4. <\/strong>Num mundo que costuma se satisfazer com a superficialidade e a mediocridade, os franciscanos seculares haver\u00e3o de abandonar os territ\u00f3rios da plan\u00edcie e cultivar\u00e3o por v\u00e1rios e diferentes meios a santidade.<\/p>\n<hr \/>\n<p>VEJA TODOS OS <strong><a href=\"https:\/\/franciscanos.org.br\/carisma\/categoria\/ofs\">ARTIGOS DA ORDEM FRANCISCANA SECULAR<\/a><\/strong><\/p>\n","protected":false},"excerpt":{"rendered":"<p>Artigo de Frei Almir Guimar\u00e3es<\/p>\n","protected":false},"author":3,"featured_media":176000,"comment_status":"open","ping_status":"open","sticky":false,"template":"","format":"standard","meta":[],"categories":[14],"tags":[47],"yoast_head":"<!-- This site is optimized with the Yoast SEO plugin v19.2 - https:\/\/yoast.com\/wordpress\/plugins\/seo\/ -->\n<title>II. O que pode nos fazer viver e viver bem? - Carisma - Franciscanos<\/title>\n<meta name=\"robots\" content=\"index, follow, max-snippet:-1, max-image-preview:large, max-video-preview:-1\" \/>\n<link rel=\"canonical\" href=\"https:\/\/franciscanos.org.br\/carisma\/ii-o-que-pode-nos-fazer-viver-e-vivem-bem.html\" \/>\n<meta property=\"og:locale\" content=\"pt_BR\" \/>\n<meta property=\"og:type\" content=\"article\" \/>\n<meta property=\"og:title\" content=\"II. O que pode nos fazer viver e viver bem? - Carisma - Franciscanos\" \/>\n<meta property=\"og:description\" content=\"Artigo de Frei Almir Guimar\u00e3es\" \/>\n<meta property=\"og:url\" content=\"https:\/\/franciscanos.org.br\/carisma\/ii-o-que-pode-nos-fazer-viver-e-vivem-bem.html\" \/>\n<meta property=\"og:site_name\" content=\"Carisma - Franciscanos\" \/>\n<meta property=\"article:published_time\" content=\"2019-06-17T10:27:57+00:00\" \/>\n<meta property=\"article:modified_time\" content=\"2019-06-24T12:54:42+00:00\" \/>\n<meta property=\"og:image\" content=\"https:\/\/franciscanos.org.br\/carisma\/wp-content\/uploads\/2019\/06\/ofs_1706d.jpg\" \/>\n\t<meta property=\"og:image:width\" content=\"273\" \/>\n\t<meta property=\"og:image:height\" content=\"181\" \/>\n\t<meta property=\"og:image:type\" content=\"image\/jpeg\" \/>\n<meta name=\"author\" content=\"moacir\" \/>\n<meta name=\"twitter:card\" content=\"summary_large_image\" \/>\n<meta name=\"twitter:label1\" content=\"Escrito por\" \/>\n\t<meta name=\"twitter:data1\" content=\"moacir\" \/>\n\t<meta name=\"twitter:label2\" content=\"Est. tempo de leitura\" \/>\n\t<meta name=\"twitter:data2\" content=\"6 minutos\" \/>\n<script type=\"application\/ld+json\" class=\"yoast-schema-graph\">{\"@context\":\"https:\/\/schema.org\",\"@graph\":[{\"@type\":\"WebSite\",\"@id\":\"https:\/\/franciscanos.org.br\/carisma\/#website\",\"url\":\"https:\/\/franciscanos.org.br\/carisma\/\",\"name\":\"Carisma - Franciscanos\",\"description\":\"Prov\u00edncia Franciscana da Imaculada Concei\u00e7\u00e3o do Brasil - Ordem dos Frades Menores\",\"potentialAction\":[{\"@type\":\"SearchAction\",\"target\":{\"@type\":\"EntryPoint\",\"urlTemplate\":\"https:\/\/franciscanos.org.br\/carisma\/?s={search_term_string}\"},\"query-input\":\"required name=search_term_string\"}],\"inLanguage\":\"pt-BR\"},{\"@type\":\"ImageObject\",\"inLanguage\":\"pt-BR\",\"@id\":\"https:\/\/franciscanos.org.br\/carisma\/ii-o-que-pode-nos-fazer-viver-e-vivem-bem.html#primaryimage\",\"url\":\"https:\/\/franciscanos.org.br\/carisma\/wp-content\/uploads\/2019\/06\/ofs_1706d.jpg\",\"contentUrl\":\"https:\/\/franciscanos.org.br\/carisma\/wp-content\/uploads\/2019\/06\/ofs_1706d.jpg\",\"width\":273,\"height\":181},{\"@type\":\"WebPage\",\"@id\":\"https:\/\/franciscanos.org.br\/carisma\/ii-o-que-pode-nos-fazer-viver-e-vivem-bem.html#webpage\",\"url\":\"https:\/\/franciscanos.org.br\/carisma\/ii-o-que-pode-nos-fazer-viver-e-vivem-bem.html\",\"name\":\"II. O que pode nos fazer viver e viver bem? - Carisma - Franciscanos\",\"isPartOf\":{\"@id\":\"https:\/\/franciscanos.org.br\/carisma\/#website\"},\"primaryImageOfPage\":{\"@id\":\"https:\/\/franciscanos.org.br\/carisma\/ii-o-que-pode-nos-fazer-viver-e-vivem-bem.html#primaryimage\"},\"datePublished\":\"2019-06-17T10:27:57+00:00\",\"dateModified\":\"2019-06-24T12:54:42+00:00\",\"author\":{\"@id\":\"https:\/\/franciscanos.org.br\/carisma\/#\/schema\/person\/bf14cae4d2151ab6b6e41d96660f93a2\"},\"breadcrumb\":{\"@id\":\"https:\/\/franciscanos.org.br\/carisma\/ii-o-que-pode-nos-fazer-viver-e-vivem-bem.html#breadcrumb\"},\"inLanguage\":\"pt-BR\",\"potentialAction\":[{\"@type\":\"ReadAction\",\"target\":[\"https:\/\/franciscanos.org.br\/carisma\/ii-o-que-pode-nos-fazer-viver-e-vivem-bem.html\"]}]},{\"@type\":\"BreadcrumbList\",\"@id\":\"https:\/\/franciscanos.org.br\/carisma\/ii-o-que-pode-nos-fazer-viver-e-vivem-bem.html#breadcrumb\",\"itemListElement\":[{\"@type\":\"ListItem\",\"position\":1,\"name\":\"Home\",\"item\":\"https:\/\/franciscanos.org.br\/carisma\"},{\"@type\":\"ListItem\",\"position\":2,\"name\":\"II. O que pode nos fazer viver e viver bem?\"}]},{\"@type\":\"Person\",\"@id\":\"https:\/\/franciscanos.org.br\/carisma\/#\/schema\/person\/bf14cae4d2151ab6b6e41d96660f93a2\",\"name\":\"moacir\",\"image\":{\"@type\":\"ImageObject\",\"inLanguage\":\"pt-BR\",\"@id\":\"https:\/\/franciscanos.org.br\/carisma\/#\/schema\/person\/image\/\",\"url\":\"https:\/\/secure.gravatar.com\/avatar\/d08aa2ce4c8dd416d4479aa8536fcf64?s=96&d=mm&r=g\",\"contentUrl\":\"https:\/\/secure.gravatar.com\/avatar\/d08aa2ce4c8dd416d4479aa8536fcf64?s=96&d=mm&r=g\",\"caption\":\"moacir\"},\"url\":\"https:\/\/franciscanos.org.br\/carisma\/author\/moacir\"}]}<\/script>\n<!-- \/ Yoast SEO plugin. -->","yoast_head_json":{"title":"II. O que pode nos fazer viver e viver bem? - Carisma - Franciscanos","robots":{"index":"index","follow":"follow","max-snippet":"max-snippet:-1","max-image-preview":"max-image-preview:large","max-video-preview":"max-video-preview:-1"},"canonical":"https:\/\/franciscanos.org.br\/carisma\/ii-o-que-pode-nos-fazer-viver-e-vivem-bem.html","og_locale":"pt_BR","og_type":"article","og_title":"II. O que pode nos fazer viver e viver bem? - Carisma - Franciscanos","og_description":"Artigo de Frei Almir Guimar\u00e3es","og_url":"https:\/\/franciscanos.org.br\/carisma\/ii-o-que-pode-nos-fazer-viver-e-vivem-bem.html","og_site_name":"Carisma - Franciscanos","article_published_time":"2019-06-17T10:27:57+00:00","article_modified_time":"2019-06-24T12:54:42+00:00","og_image":[{"width":273,"height":181,"url":"https:\/\/franciscanos.org.br\/carisma\/wp-content\/uploads\/2019\/06\/ofs_1706d.jpg","type":"image\/jpeg"}],"author":"moacir","twitter_card":"summary_large_image","twitter_misc":{"Escrito por":"moacir","Est. tempo de leitura":"6 minutos"},"schema":{"@context":"https:\/\/schema.org","@graph":[{"@type":"WebSite","@id":"https:\/\/franciscanos.org.br\/carisma\/#website","url":"https:\/\/franciscanos.org.br\/carisma\/","name":"Carisma - Franciscanos","description":"Prov\u00edncia Franciscana da Imaculada Concei\u00e7\u00e3o do Brasil - Ordem dos Frades Menores","potentialAction":[{"@type":"SearchAction","target":{"@type":"EntryPoint","urlTemplate":"https:\/\/franciscanos.org.br\/carisma\/?s={search_term_string}"},"query-input":"required name=search_term_string"}],"inLanguage":"pt-BR"},{"@type":"ImageObject","inLanguage":"pt-BR","@id":"https:\/\/franciscanos.org.br\/carisma\/ii-o-que-pode-nos-fazer-viver-e-vivem-bem.html#primaryimage","url":"https:\/\/franciscanos.org.br\/carisma\/wp-content\/uploads\/2019\/06\/ofs_1706d.jpg","contentUrl":"https:\/\/franciscanos.org.br\/carisma\/wp-content\/uploads\/2019\/06\/ofs_1706d.jpg","width":273,"height":181},{"@type":"WebPage","@id":"https:\/\/franciscanos.org.br\/carisma\/ii-o-que-pode-nos-fazer-viver-e-vivem-bem.html#webpage","url":"https:\/\/franciscanos.org.br\/carisma\/ii-o-que-pode-nos-fazer-viver-e-vivem-bem.html","name":"II. O que pode nos fazer viver e viver bem? - Carisma - Franciscanos","isPartOf":{"@id":"https:\/\/franciscanos.org.br\/carisma\/#website"},"primaryImageOfPage":{"@id":"https:\/\/franciscanos.org.br\/carisma\/ii-o-que-pode-nos-fazer-viver-e-vivem-bem.html#primaryimage"},"datePublished":"2019-06-17T10:27:57+00:00","dateModified":"2019-06-24T12:54:42+00:00","author":{"@id":"https:\/\/franciscanos.org.br\/carisma\/#\/schema\/person\/bf14cae4d2151ab6b6e41d96660f93a2"},"breadcrumb":{"@id":"https:\/\/franciscanos.org.br\/carisma\/ii-o-que-pode-nos-fazer-viver-e-vivem-bem.html#breadcrumb"},"inLanguage":"pt-BR","potentialAction":[{"@type":"ReadAction","target":["https:\/\/franciscanos.org.br\/carisma\/ii-o-que-pode-nos-fazer-viver-e-vivem-bem.html"]}]},{"@type":"BreadcrumbList","@id":"https:\/\/franciscanos.org.br\/carisma\/ii-o-que-pode-nos-fazer-viver-e-vivem-bem.html#breadcrumb","itemListElement":[{"@type":"ListItem","position":1,"name":"Home","item":"https:\/\/franciscanos.org.br\/carisma"},{"@type":"ListItem","position":2,"name":"II. O que pode nos fazer viver e viver bem?"}]},{"@type":"Person","@id":"https:\/\/franciscanos.org.br\/carisma\/#\/schema\/person\/bf14cae4d2151ab6b6e41d96660f93a2","name":"moacir","image":{"@type":"ImageObject","inLanguage":"pt-BR","@id":"https:\/\/franciscanos.org.br\/carisma\/#\/schema\/person\/image\/","url":"https:\/\/secure.gravatar.com\/avatar\/d08aa2ce4c8dd416d4479aa8536fcf64?s=96&d=mm&r=g","contentUrl":"https:\/\/secure.gravatar.com\/avatar\/d08aa2ce4c8dd416d4479aa8536fcf64?s=96&d=mm&r=g","caption":"moacir"},"url":"https:\/\/franciscanos.org.br\/carisma\/author\/moacir"}]}},"_links":{"self":[{"href":"https:\/\/franciscanos.org.br\/carisma\/wp-json\/wp\/v2\/posts\/175999"}],"collection":[{"href":"https:\/\/franciscanos.org.br\/carisma\/wp-json\/wp\/v2\/posts"}],"about":[{"href":"https:\/\/franciscanos.org.br\/carisma\/wp-json\/wp\/v2\/types\/post"}],"author":[{"embeddable":true,"href":"https:\/\/franciscanos.org.br\/carisma\/wp-json\/wp\/v2\/users\/3"}],"replies":[{"embeddable":true,"href":"https:\/\/franciscanos.org.br\/carisma\/wp-json\/wp\/v2\/comments?post=175999"}],"version-history":[{"count":4,"href":"https:\/\/franciscanos.org.br\/carisma\/wp-json\/wp\/v2\/posts\/175999\/revisions"}],"predecessor-version":[{"id":176025,"href":"https:\/\/franciscanos.org.br\/carisma\/wp-json\/wp\/v2\/posts\/175999\/revisions\/176025"}],"wp:featuredmedia":[{"embeddable":true,"href":"https:\/\/franciscanos.org.br\/carisma\/wp-json\/wp\/v2\/media\/176000"}],"wp:attachment":[{"href":"https:\/\/franciscanos.org.br\/carisma\/wp-json\/wp\/v2\/media?parent=175999"}],"wp:term":[{"taxonomy":"category","embeddable":true,"href":"https:\/\/franciscanos.org.br\/carisma\/wp-json\/wp\/v2\/categories?post=175999"},{"taxonomy":"post_tag","embeddable":true,"href":"https:\/\/franciscanos.org.br\/carisma\/wp-json\/wp\/v2\/tags?post=175999"}],"curies":[{"name":"wp","href":"https:\/\/api.w.org\/{rel}","templated":true}]}}