{"id":175977,"date":"2019-06-10T08:12:41","date_gmt":"2019-06-10T11:12:41","guid":{"rendered":"https:\/\/franciscanos.org.br\/carisma\/?p=175977"},"modified":"2019-06-10T08:13:16","modified_gmt":"2019-06-10T11:13:16","slug":"i-para-que-tudo-funcione","status":"publish","type":"post","link":"https:\/\/franciscanos.org.br\/carisma\/i-para-que-tudo-funcione.html","title":{"rendered":"I. Para que tudo &#8220;funcione&#8221;"},"content":{"rendered":"<p><img loading=\"lazy\" class=\"wp-image-175979 size-full alignleft\" src=\"https:\/\/franciscanos.org.br\/carisma\/wp-content\/uploads\/2019\/06\/ofs_1006.jpg\" alt=\"\" width=\"840\" height=\"473\" srcset=\"https:\/\/franciscanos.org.br\/carisma\/wp-content\/uploads\/2019\/06\/ofs_1006.jpg 840w, https:\/\/franciscanos.org.br\/carisma\/wp-content\/uploads\/2019\/06\/ofs_1006-450x253.jpg 450w, https:\/\/franciscanos.org.br\/carisma\/wp-content\/uploads\/2019\/06\/ofs_1006-768x432.jpg 768w, https:\/\/franciscanos.org.br\/carisma\/wp-content\/uploads\/2019\/06\/ofs_1006-150x84.jpg 150w\" sizes=\"(max-width: 840px) 100vw, 840px\" \/><\/p>\n<p><strong>Frei Almir Ribeiro Guimar\u00e3es, OFM<\/strong><\/p>\n<p>Vamos refletir sobre um caminho de espiritualidade crist\u00e3 que leigos podem percorrer e que se chama Ordem Franciscana Secular (OFS). Sabemos todos que a nomenclatura atual dada \u00e0 Ordem Terceira de S\u00e3o Francisco acentua, com toda raz\u00e3o e toda propriedade, o car\u00e1ter secular desse grupo de crist\u00e3os na Igreja e no mundo. Nada de pensar que esse grupo queira ter semelhan\u00e7as muito forte com religiosos e religiosas.<\/p>\n<p>\u2666 O t\u00edtulo que demos a esta nossa reflex\u00e3o \u00e9 incorreto, errado mesmo&#8230; n\u00e3o basta que as coisas \u201cfuncionem\u201d&#8230; n\u00e3o basta cumprir os estatutos, fazer atas das reuni\u00f5es, pagar o que deve ser pago, fazer isso e aquilo, realizar impecavelmente visitas fraterno-pastorais \u00e0s fraternidades. Necess\u00e1rio, antes de tudo, que cada irm\u00e3o e cada irm\u00e3 comecem a ser \u201cfisgados\u201d pelo Senhor Jesus ressuscitado. O importante n\u00e3o \u00e9 que a m\u00e1quina gire. Necess\u00e1rio que tudo seja feito com alma, a partir do interior. O certo seria: \u201cPara que tudo d\u00ea certo e n\u00e3o entremos numa canoa furada, n\u00e3o tenhamos perdido o tempo de nossa vida\u201d. N\u00e3o somos apenas membros de uma associa\u00e7\u00e3o com camisas com estampas religiosas, usando ou n\u00e3o usando o tau. Nossas v\u00edsceras precisam ser evang\u00e9lico-franciscanas.<\/p>\n<p>\u2666 N\u00e3o basta dizer que pertencemos \u00e0 Igreja Cat\u00f3lica ou \u00e0 Ordem Franciscana. Fizemos a experi\u00eancia de um chamado que n\u00e3o dependeu de n\u00f3s. Respondemos a um apelo. Voca\u00e7\u00e3o para sermos crist\u00e3os \u00e0 maneira de Francisco e de Clara. Houve um Sopro. Sopro com s mai\u00fasculo. Sopro do Esp\u00edrito. Se n\u00e3o cuidamos do Sopro, as regras e constitui\u00e7\u00f5es n\u00e3o nos ajudam. E tudo, mesmo o Evangelho, \u00e9 letra morta.<\/p>\n<p>\u2666 Queremos eliminar todas as caricaturas de Deus que nos ensinaram a construir&#8230; Queremos abra\u00e7ar cotidianamente o Mist\u00e9rio. Que ele nos envolva inteiramente. Queremos, de fato, que a Ordem nos ensine a apaixonarmos pelo Senhor que nos envolve amorosamente. Que a Ordem seja um espa\u00e7o onde possamos aprender a rezar, a fazer uma experi\u00eancia da proximidade de Deus, saborear os salmos, sentirmo-nos amados pelo Senhor sem o \u201ceu te dou para tu me dares\u201d. N\u00e3o queremos apenas f\u00f3rmulas e melodias cantadas afinadamente, mas experimentar uma urg\u00eancia tal que sem a ora\u00e7\u00e3o venhamos a murchar e morrer. Ora\u00e7\u00e3o, segundo, Jos\u00e9 Tolentino Mendon\u00e7a, \u00e9 abra\u00e7ar a vida como ela \u00e9.<\/p>\n<p>\u2666 Estamos fartos do barulho, da agita\u00e7\u00e3o, do estridente volume das vozes, das coisas pela metade&#8230; por isso queremos que a Ordem nos ajude a arrumar as coisas por dentro, a partir do interior e n\u00e3o do exterior das vestes que resolvemos usar para tapear a vida, para fingir que vivemos..para sermos gente de verdade. Queremos simplificar nossa vida. Como fazer? Revis\u00f5es de vida, assun\u00e7\u00e3o de planos mais ousados para fazer o bem, para sermos gente de verdade, em suma, para simplificarmos a vida. Jogar fora o que anda nos atravancando.<\/p>\n<p>\u2666 Para que tenhamos uma vida que valha a pena temos que usar muitas vezes, na fala, o verbo gostar: gostar de ter nascido, gostar de viver, de ser homem, de ser mulher, de viver em fam\u00edlia, de tomar um copo de cerveja com amigos, de colocar uma rosa diante da imagem de Nossa Senhora, de saborear um panetone, de S\u00e3o Francisco, de Santa Clara&#8230; Sabemos que por vezes precisamos fazer das tripas cora\u00e7\u00e3o&#8230;\u00c9 a vida. Quem sabe em tudo isso o doce venha a se tornar amargo e o amargo, doce&#8230;<\/p>\n<p>\u2666 Gostar de nossas reuni\u00f5es e encontros com os irm\u00e3os, de lembrarmo-nos de suas alegrias e de seus apertos de cora\u00e7\u00e3o. Gostar da verdade, da verdade de verdade, n\u00e3o formalmente, educadamente, contidamente. Gostar de nossas reuni\u00f5es com a presen\u00e7a de todos, reuni\u00f5es sempre bem preparadas com a presen\u00e7a de todos, sem protagonismo dos mesmos que passam a ideia de serem os \u201cgerentes\u201d de uma firma, reuni\u00f5es realizadas no melhor e no melhor hor\u00e1rio para todos&#8230; reuni\u00f5es que, uma vez terminadas deixam em n\u00f3s um desejo de \u201cquero mais\u201d. Quando vamos nos encontrar uma outra vez?<\/p>\n<p>\u2666 Importante, nas reuni\u00f5es dos leigos franciscanos, a presen\u00e7a amiga, orientadora, perseverante, desarmada de um irm\u00e3o da Ordem Primeira. Ser\u00e1 companheiro da caminhada e n\u00e3o deixar\u00e1 que o grupo perca o sopro franciscano e clariano e se sinta ligado a esse \u201cmovimento\u201d que nasceu em Assis com Francisco, o Poverello e Clara, a transparente.<\/p>\n<p>\u2666 Os franciscanos seculares, num determinado momento da caminhada, pedem para fazer, no seio da Igreja, a profiss\u00e3o de seguir o Evangelho, segundo jeito de viver de Francisco. Nessa ocasi\u00e3o fazem vir \u00e0 tona o melhor de seu interior, desse espa\u00e7o que chamamos de vida. Na profiss\u00e3o, celebram a vida e n\u00e3o realizam apenas a um rito religioso documentado em incont\u00e1veis fotografias. Com esta profiss\u00e3o, queremos, na Ordem, continuar a matar o homem velho que come\u00e7ou a morrer com nosso batismo e que morrer\u00e1 definitivamente se fizermos da Ordem um espa\u00e7o de convers\u00e3o de vidas.<\/p>\n<p>\u2666 N\u00e3o existimos para n\u00f3s mesmos. Existimos para&#8230;. Esperamos que a Ordem nos ajude precisamente a ser para&#8230; a lutar contra toda sorte de mesquinharias, de condenar os que t\u00eam os celeiros cheios de bens (quem sabe nossos pr\u00f3prios), que nos ensine a prestar aten\u00e7\u00e3o nos jogados \u00e0 beira da estrada, que nos d\u00ea meios de inserirmo-nos em tudo a tudo o que ajude o ser humano a ser humano&#8230;por mais paradoxal que possa ser essa afirma\u00e7\u00e3o.<\/p>\n<p>\u2666 Para que as coisas \u201cfuncionem\u201d de verdade os franciscanos da terceira Ordem nunca esquecer\u00e3o que s\u00e3o leigos e que circulam em ambientes bem deles: casa, trabalho, educa\u00e7\u00e3o dos filhos e toda sorte de cuidados, luta pelos direitos dos cidad\u00e3os, respeito pela casa comum, amor sempre renovado entre marido e mulher, fam\u00edlia como Igreja dom\u00e9stica, engajamento em tudo o que possa defender os mais abandonados&#8230;<\/p>\n<p>\u2666 N\u00e3o basta, pois, que a coisas \u201cfuncionem\u201d &#8230; \u00e9 preciso que tudo se revista de alma&#8230;.<\/p>\n","protected":false},"excerpt":{"rendered":"<p>Artigo de Frei Almir Guimar\u00e3es<\/p>\n","protected":false},"author":3,"featured_media":175978,"comment_status":"open","ping_status":"open","sticky":false,"template":"","format":"standard","meta":[],"categories":[14],"tags":[103,47],"yoast_head":"<!-- This site is optimized with the Yoast SEO plugin v19.2 - https:\/\/yoast.com\/wordpress\/plugins\/seo\/ -->\n<title>I. Para que tudo &quot;funcione&quot; - Carisma - Franciscanos<\/title>\n<meta name=\"robots\" content=\"index, follow, max-snippet:-1, max-image-preview:large, max-video-preview:-1\" \/>\n<link rel=\"canonical\" href=\"https:\/\/franciscanos.org.br\/carisma\/i-para-que-tudo-funcione.html\" \/>\n<meta property=\"og:locale\" content=\"pt_BR\" \/>\n<meta property=\"og:type\" content=\"article\" \/>\n<meta property=\"og:title\" content=\"I. Para que tudo &quot;funcione&quot; - Carisma - Franciscanos\" \/>\n<meta property=\"og:description\" content=\"Artigo de Frei Almir Guimar\u00e3es\" \/>\n<meta property=\"og:url\" content=\"https:\/\/franciscanos.org.br\/carisma\/i-para-que-tudo-funcione.html\" \/>\n<meta property=\"og:site_name\" content=\"Carisma - Franciscanos\" \/>\n<meta property=\"article:published_time\" content=\"2019-06-10T11:12:41+00:00\" \/>\n<meta property=\"article:modified_time\" content=\"2019-06-10T11:13:16+00:00\" \/>\n<meta property=\"og:image\" content=\"https:\/\/franciscanos.org.br\/carisma\/wp-content\/uploads\/2019\/06\/ofs_1006d.jpg\" \/>\n\t<meta property=\"og:image:width\" content=\"273\" \/>\n\t<meta property=\"og:image:height\" content=\"181\" \/>\n\t<meta property=\"og:image:type\" content=\"image\/jpeg\" \/>\n<meta name=\"author\" content=\"moacir\" \/>\n<meta name=\"twitter:card\" content=\"summary_large_image\" \/>\n<meta name=\"twitter:label1\" content=\"Escrito por\" \/>\n\t<meta name=\"twitter:data1\" content=\"moacir\" \/>\n\t<meta name=\"twitter:label2\" content=\"Est. tempo de leitura\" \/>\n\t<meta name=\"twitter:data2\" content=\"5 minutos\" \/>\n<script type=\"application\/ld+json\" class=\"yoast-schema-graph\">{\"@context\":\"https:\/\/schema.org\",\"@graph\":[{\"@type\":\"WebSite\",\"@id\":\"https:\/\/franciscanos.org.br\/carisma\/#website\",\"url\":\"https:\/\/franciscanos.org.br\/carisma\/\",\"name\":\"Carisma - Franciscanos\",\"description\":\"Prov\u00edncia Franciscana da Imaculada Concei\u00e7\u00e3o do Brasil - Ordem dos Frades Menores\",\"potentialAction\":[{\"@type\":\"SearchAction\",\"target\":{\"@type\":\"EntryPoint\",\"urlTemplate\":\"https:\/\/franciscanos.org.br\/carisma\/?s={search_term_string}\"},\"query-input\":\"required name=search_term_string\"}],\"inLanguage\":\"pt-BR\"},{\"@type\":\"ImageObject\",\"inLanguage\":\"pt-BR\",\"@id\":\"https:\/\/franciscanos.org.br\/carisma\/i-para-que-tudo-funcione.html#primaryimage\",\"url\":\"https:\/\/franciscanos.org.br\/carisma\/wp-content\/uploads\/2019\/06\/ofs_1006d.jpg\",\"contentUrl\":\"https:\/\/franciscanos.org.br\/carisma\/wp-content\/uploads\/2019\/06\/ofs_1006d.jpg\",\"width\":273,\"height\":181},{\"@type\":\"WebPage\",\"@id\":\"https:\/\/franciscanos.org.br\/carisma\/i-para-que-tudo-funcione.html#webpage\",\"url\":\"https:\/\/franciscanos.org.br\/carisma\/i-para-que-tudo-funcione.html\",\"name\":\"I. Para que tudo \\\"funcione\\\" - Carisma - Franciscanos\",\"isPartOf\":{\"@id\":\"https:\/\/franciscanos.org.br\/carisma\/#website\"},\"primaryImageOfPage\":{\"@id\":\"https:\/\/franciscanos.org.br\/carisma\/i-para-que-tudo-funcione.html#primaryimage\"},\"datePublished\":\"2019-06-10T11:12:41+00:00\",\"dateModified\":\"2019-06-10T11:13:16+00:00\",\"author\":{\"@id\":\"https:\/\/franciscanos.org.br\/carisma\/#\/schema\/person\/bf14cae4d2151ab6b6e41d96660f93a2\"},\"breadcrumb\":{\"@id\":\"https:\/\/franciscanos.org.br\/carisma\/i-para-que-tudo-funcione.html#breadcrumb\"},\"inLanguage\":\"pt-BR\",\"potentialAction\":[{\"@type\":\"ReadAction\",\"target\":[\"https:\/\/franciscanos.org.br\/carisma\/i-para-que-tudo-funcione.html\"]}]},{\"@type\":\"BreadcrumbList\",\"@id\":\"https:\/\/franciscanos.org.br\/carisma\/i-para-que-tudo-funcione.html#breadcrumb\",\"itemListElement\":[{\"@type\":\"ListItem\",\"position\":1,\"name\":\"Home\",\"item\":\"https:\/\/franciscanos.org.br\/carisma\"},{\"@type\":\"ListItem\",\"position\":2,\"name\":\"I. Para que tudo &#8220;funcione&#8221;\"}]},{\"@type\":\"Person\",\"@id\":\"https:\/\/franciscanos.org.br\/carisma\/#\/schema\/person\/bf14cae4d2151ab6b6e41d96660f93a2\",\"name\":\"moacir\",\"image\":{\"@type\":\"ImageObject\",\"inLanguage\":\"pt-BR\",\"@id\":\"https:\/\/franciscanos.org.br\/carisma\/#\/schema\/person\/image\/\",\"url\":\"https:\/\/secure.gravatar.com\/avatar\/d08aa2ce4c8dd416d4479aa8536fcf64?s=96&d=mm&r=g\",\"contentUrl\":\"https:\/\/secure.gravatar.com\/avatar\/d08aa2ce4c8dd416d4479aa8536fcf64?s=96&d=mm&r=g\",\"caption\":\"moacir\"},\"url\":\"https:\/\/franciscanos.org.br\/carisma\/author\/moacir\"}]}<\/script>\n<!-- \/ Yoast SEO plugin. -->","yoast_head_json":{"title":"I. Para que tudo \"funcione\" - Carisma - Franciscanos","robots":{"index":"index","follow":"follow","max-snippet":"max-snippet:-1","max-image-preview":"max-image-preview:large","max-video-preview":"max-video-preview:-1"},"canonical":"https:\/\/franciscanos.org.br\/carisma\/i-para-que-tudo-funcione.html","og_locale":"pt_BR","og_type":"article","og_title":"I. Para que tudo \"funcione\" - Carisma - Franciscanos","og_description":"Artigo de Frei Almir Guimar\u00e3es","og_url":"https:\/\/franciscanos.org.br\/carisma\/i-para-que-tudo-funcione.html","og_site_name":"Carisma - Franciscanos","article_published_time":"2019-06-10T11:12:41+00:00","article_modified_time":"2019-06-10T11:13:16+00:00","og_image":[{"width":273,"height":181,"url":"https:\/\/franciscanos.org.br\/carisma\/wp-content\/uploads\/2019\/06\/ofs_1006d.jpg","type":"image\/jpeg"}],"author":"moacir","twitter_card":"summary_large_image","twitter_misc":{"Escrito por":"moacir","Est. tempo de leitura":"5 minutos"},"schema":{"@context":"https:\/\/schema.org","@graph":[{"@type":"WebSite","@id":"https:\/\/franciscanos.org.br\/carisma\/#website","url":"https:\/\/franciscanos.org.br\/carisma\/","name":"Carisma - Franciscanos","description":"Prov\u00edncia Franciscana da Imaculada Concei\u00e7\u00e3o do Brasil - Ordem dos Frades Menores","potentialAction":[{"@type":"SearchAction","target":{"@type":"EntryPoint","urlTemplate":"https:\/\/franciscanos.org.br\/carisma\/?s={search_term_string}"},"query-input":"required name=search_term_string"}],"inLanguage":"pt-BR"},{"@type":"ImageObject","inLanguage":"pt-BR","@id":"https:\/\/franciscanos.org.br\/carisma\/i-para-que-tudo-funcione.html#primaryimage","url":"https:\/\/franciscanos.org.br\/carisma\/wp-content\/uploads\/2019\/06\/ofs_1006d.jpg","contentUrl":"https:\/\/franciscanos.org.br\/carisma\/wp-content\/uploads\/2019\/06\/ofs_1006d.jpg","width":273,"height":181},{"@type":"WebPage","@id":"https:\/\/franciscanos.org.br\/carisma\/i-para-que-tudo-funcione.html#webpage","url":"https:\/\/franciscanos.org.br\/carisma\/i-para-que-tudo-funcione.html","name":"I. Para que tudo \"funcione\" - Carisma - Franciscanos","isPartOf":{"@id":"https:\/\/franciscanos.org.br\/carisma\/#website"},"primaryImageOfPage":{"@id":"https:\/\/franciscanos.org.br\/carisma\/i-para-que-tudo-funcione.html#primaryimage"},"datePublished":"2019-06-10T11:12:41+00:00","dateModified":"2019-06-10T11:13:16+00:00","author":{"@id":"https:\/\/franciscanos.org.br\/carisma\/#\/schema\/person\/bf14cae4d2151ab6b6e41d96660f93a2"},"breadcrumb":{"@id":"https:\/\/franciscanos.org.br\/carisma\/i-para-que-tudo-funcione.html#breadcrumb"},"inLanguage":"pt-BR","potentialAction":[{"@type":"ReadAction","target":["https:\/\/franciscanos.org.br\/carisma\/i-para-que-tudo-funcione.html"]}]},{"@type":"BreadcrumbList","@id":"https:\/\/franciscanos.org.br\/carisma\/i-para-que-tudo-funcione.html#breadcrumb","itemListElement":[{"@type":"ListItem","position":1,"name":"Home","item":"https:\/\/franciscanos.org.br\/carisma"},{"@type":"ListItem","position":2,"name":"I. Para que tudo &#8220;funcione&#8221;"}]},{"@type":"Person","@id":"https:\/\/franciscanos.org.br\/carisma\/#\/schema\/person\/bf14cae4d2151ab6b6e41d96660f93a2","name":"moacir","image":{"@type":"ImageObject","inLanguage":"pt-BR","@id":"https:\/\/franciscanos.org.br\/carisma\/#\/schema\/person\/image\/","url":"https:\/\/secure.gravatar.com\/avatar\/d08aa2ce4c8dd416d4479aa8536fcf64?s=96&d=mm&r=g","contentUrl":"https:\/\/secure.gravatar.com\/avatar\/d08aa2ce4c8dd416d4479aa8536fcf64?s=96&d=mm&r=g","caption":"moacir"},"url":"https:\/\/franciscanos.org.br\/carisma\/author\/moacir"}]}},"_links":{"self":[{"href":"https:\/\/franciscanos.org.br\/carisma\/wp-json\/wp\/v2\/posts\/175977"}],"collection":[{"href":"https:\/\/franciscanos.org.br\/carisma\/wp-json\/wp\/v2\/posts"}],"about":[{"href":"https:\/\/franciscanos.org.br\/carisma\/wp-json\/wp\/v2\/types\/post"}],"author":[{"embeddable":true,"href":"https:\/\/franciscanos.org.br\/carisma\/wp-json\/wp\/v2\/users\/3"}],"replies":[{"embeddable":true,"href":"https:\/\/franciscanos.org.br\/carisma\/wp-json\/wp\/v2\/comments?post=175977"}],"version-history":[{"count":2,"href":"https:\/\/franciscanos.org.br\/carisma\/wp-json\/wp\/v2\/posts\/175977\/revisions"}],"predecessor-version":[{"id":175981,"href":"https:\/\/franciscanos.org.br\/carisma\/wp-json\/wp\/v2\/posts\/175977\/revisions\/175981"}],"wp:featuredmedia":[{"embeddable":true,"href":"https:\/\/franciscanos.org.br\/carisma\/wp-json\/wp\/v2\/media\/175978"}],"wp:attachment":[{"href":"https:\/\/franciscanos.org.br\/carisma\/wp-json\/wp\/v2\/media?parent=175977"}],"wp:term":[{"taxonomy":"category","embeddable":true,"href":"https:\/\/franciscanos.org.br\/carisma\/wp-json\/wp\/v2\/categories?post=175977"},{"taxonomy":"post_tag","embeddable":true,"href":"https:\/\/franciscanos.org.br\/carisma\/wp-json\/wp\/v2\/tags?post=175977"}],"curies":[{"name":"wp","href":"https:\/\/api.w.org\/{rel}","templated":true}]}}