{"id":175953,"date":"2019-05-29T08:21:15","date_gmt":"2019-05-29T11:21:15","guid":{"rendered":"https:\/\/franciscanos.org.br\/carisma\/?p=175953"},"modified":"2019-05-29T08:21:15","modified_gmt":"2019-05-29T11:21:15","slug":"e-sempre-tempo-de-sonhar","status":"publish","type":"post","link":"https:\/\/franciscanos.org.br\/carisma\/e-sempre-tempo-de-sonhar.html","title":{"rendered":"\u00c9 sempre tempo de sonhar"},"content":{"rendered":"<p><strong><img loading=\"lazy\" class=\"alignnone size-full wp-image-175955\" src=\"https:\/\/franciscanos.org.br\/carisma\/wp-content\/uploads\/2019\/05\/franciscanamente_290519.jpg\" alt=\"\" width=\"890\" height=\"524\" srcset=\"https:\/\/franciscanos.org.br\/carisma\/wp-content\/uploads\/2019\/05\/franciscanamente_290519.jpg 890w, https:\/\/franciscanos.org.br\/carisma\/wp-content\/uploads\/2019\/05\/franciscanamente_290519-450x265.jpg 450w, https:\/\/franciscanos.org.br\/carisma\/wp-content\/uploads\/2019\/05\/franciscanamente_290519-768x452.jpg 768w, https:\/\/franciscanos.org.br\/carisma\/wp-content\/uploads\/2019\/05\/franciscanamente_290519-150x88.jpg 150w\" sizes=\"(max-width: 890px) 100vw, 890px\" \/><\/strong><\/p>\n<p>Estes alguns sonhos de Jos\u00e9 R. Carballo, ex-ministro geral da Ordem dos Frades Menores.<\/p>\n<p>O pior que pode acontecer a uma pessoa \u00e9 deixar de sonhar. Quer dizer que se perdeu a capacidade de criar o futuro, quer dizer que se renuncia a viver o presente com paix\u00e3o, quer dizer, enfim, que a morte se aproxima a passos de gigante. Por isso, eu quero sonhar e quero pensar que todos os irm\u00e3os sejam capazes de sonhar, porque queremos viver, queremos criar futuro. Por isso, os convido a sonhar comigo. Quando algu\u00e9m sonha s\u00f3, o sonho pode se tornar pura utopia, mas quando dois sonham juntos, o sonho tem possibilidade de se converter em realidade. E se em lugar de serem dois, forem cerca de 16 mil os que sonham juntos? Convido-os, queridos irm\u00e3os, a compartilhar alguns sonhos que, gra\u00e7as a Deus, n\u00e3o s\u00e3o somente meus.<\/p>\n<p>\u2666 Sonho uma vida franciscana mais contemplativa, na qual nos movamos com paix\u00e3o, abertos ao sopro do Esp\u00edrito. Um vida enraizada no encontro encantador e entusiasmado com Jesus Cristo, que nos chama a segui-lo com todo o cora\u00e7\u00e3o o tempo inteiro e a pleno risco. Sonho com uma via franciscana que se converta em grito prof\u00e9tico do Absoluto de Deus, num mundo onde se multiplicam os \u00eddolos e a f\u00e9 se dilui ou tergiversa.<\/p>\n<p>\u2666 Sonho com uma vida franciscana que viva permanentemente sob a a\u00e7\u00e3o do Esp\u00edrito e seja fiel \u00e0s suas inspira\u00e7\u00f5es. Ser\u00e1 uma vida franciscana capaz de explorar caminhos novos do Evangelho, abrindo a novas presen\u00e7as ali onde Ele sugeriu.<\/p>\n<p>\u2666 Sonho com uma vida franciscana onde a passividade, o medo, a instala\u00e7\u00e3o e o conformismo, que v\u00eam disfar\u00e7ados de l\u00f3gica e de prud\u00eancia, abram caminhos \u00e0 aud\u00e1cia e \u00e0 criatividade evang\u00e9licas, sinais da presen\u00e7a do Esp\u00edrito em n\u00f3s.<\/p>\n<p>\u2666 Sonho com uma vida franciscana que, seguindo a forma de vida que nos deixou Francisco, seja capaz de captar as desumaniza\u00e7\u00f5es de nosso tempo, e tenha a valentia de se mover para a periferia, a fronteira, at\u00e9 os claustros desumanos, ali onde ningu\u00e9m quer ir, para abra\u00e7ar os leprosos de nosso tempo e mostrar-lhes o Deus de amor.<\/p>\n<p>\u2666 Sonho com uma vida franciscana prof\u00e9tica que, partindo de uma profunda identifica\u00e7\u00e3o com Cristo, se converta em paix\u00e3o e experi\u00eancia fundante de vida, se sinta urgida a anunciar o rosto misericordioso de Deus, a fraternidade, a reconcilia\u00e7\u00e3o, a paz e a solidariedade.<\/p>\n<p>\u2666 Sonho com uma vida franciscana que se converta em mem\u00f3ria testemunhal da ternura de nosso Deus e da for\u00e7a do Esp\u00edrito.<\/p>\n<p>\u2666 Sonho com uma vida franciscana samaritana, em um mundo no qual a pessoa \u00e9 deixada pelo caminho, ferida, meio morta, violentada e insegura.<\/p>\n<p>\u2666 Sonho com uma vida franciscana voltada para a miss\u00e3o, inserida e inculturada, fruto de muita contempla\u00e7\u00e3o, de exigente desprendimento e de um grande amor \u00e0s pessoas, pois s\u00f3 assim poder\u00e1 ser geradora de uma cultura de vida e da civiliza\u00e7\u00e3o do amor.<\/p>\n<p>\u2666 Sonho com uma vida franciscana que seja profecia interpelante da fraternidade para todos, e que, em meio a um mundo dividido por rivalidades e viol\u00eancias de todo tipo, ofere\u00e7a espa\u00e7os de encontro, de acolhida, de gratuidade e de festa, de um compartilhar sereno e alegre. Uma vida franciscana que seja a mem\u00f3ria provocativa do anseio vital que envolve o cora\u00e7\u00e3o de toda pessoa, feita para viver com os outros e n\u00e3o \u00e0 margem dos outros.<\/p>\n<p>\u2666 Sonho com uma vida franciscana onde a pobreza n\u00e3o gere tantas discuss\u00f5es, mas seja uma realidade do cora\u00e7\u00e3o que gera alegria, onde a obedi\u00eancia n\u00e3o seja vivida como luta e resigna\u00e7\u00e3o, mas como uma apaixonante busca do di\u00e1logo e discernimento do querer de Deus, e onde a castidade e o celibato sejam vividos com um cora\u00e7\u00e3o aberto a todos e desprendido e, por isso, alegre.<\/p>\n<p>\u2666\u00a0Sonho com uma vida franciscana l\u00facida, capaz de olhar distante, para ver o que demais n\u00e3o veem, cheia de imagina\u00e7\u00e3o e coragem, capaz de comprometer-se na busca de formas alternativas de vida.<\/p>\n<p>\u2666 Sonho com um vida franciscana que, ao estilo de Francisco, ame com fidelidade criativa a Igreja, e seja eminentemente pascal, isto \u00e9, sinal, s\u00edmbolo, par\u00e1bola e profecia do Reino.<\/p>\n<p>\u2666 Sonho com uma vida franciscana que saiba despojar-se de tudo aquilo que a impe\u00e7a de caminhar na dire\u00e7\u00e3o que indicou Francisco h\u00e1 mais de 800 anos. Sonho com uma vida franciscana capaz de criar odres novos para vinho novo, que saiba dar respostas novas aos desafios novos, que opte por estruturas novas capazes de levar vida e vida em abund\u00e2ncia.<\/p>\n<p>\u2666 Sonho com um vida franciscana que avance, sem nada de pr\u00f3prio, para o futuro, seguindo o Senhor na hist\u00f3ria, com o fogo da paix\u00e3o que nos queima por dentro, sabendo que Ele pode fazer hoje grandes coisas com os humildes de cora\u00e7\u00e3o, como as fez h\u00e1 800 anos, com Francisco e Clara de Assis.<\/p>\n<p>\u2666 O profeta anunciou que chegar\u00e3o dias em que os jovens profetizar\u00e3o e os anci\u00e3os sonhar\u00e3o (cf. Joel 2,28). E esses dias j\u00e1 chegaram ( cf. Jo 4,35).<\/p>\n<p><em>Fragmentos, Relat\u00f3rio do Ministro Geral, Cap\u00edtulo Geral OFM, 2009<\/em><\/p>\n<hr \/>\n<p><strong>Quest\u00f5es<\/strong><br \/>\n\u2666 Como realizar um encontro encantador e entusiasmado com Cristo Jesus?<br \/>\n\u2666 Como os franciscanos conseguem ser memoria testemunhal da ternura de Deus?<br \/>\n\u2666 Por que, em nossa vida crist\u00e3 e franciscana, vivemos um sentimento de medo e de falta de desejo de mudar?<\/p>\n","protected":false},"excerpt":{"rendered":"<p>Franciscanamente<\/p>\n","protected":false},"author":3,"featured_media":175954,"comment_status":"open","ping_status":"open","sticky":false,"template":"","format":"standard","meta":[],"categories":[11],"tags":[107],"yoast_head":"<!-- This site is optimized with the Yoast SEO plugin v19.2 - https:\/\/yoast.com\/wordpress\/plugins\/seo\/ -->\n<title>\u00c9 sempre tempo de sonhar - Carisma - Franciscanos<\/title>\n<meta name=\"robots\" content=\"index, follow, max-snippet:-1, max-image-preview:large, max-video-preview:-1\" \/>\n<link rel=\"canonical\" href=\"https:\/\/franciscanos.org.br\/carisma\/e-sempre-tempo-de-sonhar.html\" \/>\n<meta property=\"og:locale\" content=\"pt_BR\" \/>\n<meta property=\"og:type\" content=\"article\" \/>\n<meta property=\"og:title\" content=\"\u00c9 sempre tempo de sonhar - Carisma - Franciscanos\" \/>\n<meta property=\"og:description\" content=\"Franciscanamente\" \/>\n<meta property=\"og:url\" content=\"https:\/\/franciscanos.org.br\/carisma\/e-sempre-tempo-de-sonhar.html\" \/>\n<meta property=\"og:site_name\" content=\"Carisma - Franciscanos\" \/>\n<meta property=\"article:published_time\" content=\"2019-05-29T11:21:15+00:00\" \/>\n<meta property=\"og:image\" content=\"https:\/\/franciscanos.org.br\/carisma\/wp-content\/uploads\/2019\/05\/franciscanamente_290519d.jpg\" \/>\n\t<meta property=\"og:image:width\" content=\"273\" \/>\n\t<meta property=\"og:image:height\" content=\"181\" \/>\n\t<meta property=\"og:image:type\" content=\"image\/jpeg\" \/>\n<meta name=\"author\" content=\"moacir\" \/>\n<meta name=\"twitter:card\" content=\"summary_large_image\" \/>\n<meta name=\"twitter:label1\" content=\"Escrito por\" \/>\n\t<meta name=\"twitter:data1\" content=\"moacir\" \/>\n\t<meta name=\"twitter:label2\" content=\"Est. tempo de leitura\" \/>\n\t<meta name=\"twitter:data2\" content=\"5 minutos\" \/>\n<script type=\"application\/ld+json\" class=\"yoast-schema-graph\">{\"@context\":\"https:\/\/schema.org\",\"@graph\":[{\"@type\":\"WebSite\",\"@id\":\"https:\/\/franciscanos.org.br\/carisma\/#website\",\"url\":\"https:\/\/franciscanos.org.br\/carisma\/\",\"name\":\"Carisma - Franciscanos\",\"description\":\"Prov\u00edncia Franciscana da Imaculada Concei\u00e7\u00e3o do Brasil - Ordem dos Frades Menores\",\"potentialAction\":[{\"@type\":\"SearchAction\",\"target\":{\"@type\":\"EntryPoint\",\"urlTemplate\":\"https:\/\/franciscanos.org.br\/carisma\/?s={search_term_string}\"},\"query-input\":\"required name=search_term_string\"}],\"inLanguage\":\"pt-BR\"},{\"@type\":\"ImageObject\",\"inLanguage\":\"pt-BR\",\"@id\":\"https:\/\/franciscanos.org.br\/carisma\/e-sempre-tempo-de-sonhar.html#primaryimage\",\"url\":\"https:\/\/franciscanos.org.br\/carisma\/wp-content\/uploads\/2019\/05\/franciscanamente_290519d.jpg\",\"contentUrl\":\"https:\/\/franciscanos.org.br\/carisma\/wp-content\/uploads\/2019\/05\/franciscanamente_290519d.jpg\",\"width\":273,\"height\":181},{\"@type\":\"WebPage\",\"@id\":\"https:\/\/franciscanos.org.br\/carisma\/e-sempre-tempo-de-sonhar.html#webpage\",\"url\":\"https:\/\/franciscanos.org.br\/carisma\/e-sempre-tempo-de-sonhar.html\",\"name\":\"\u00c9 sempre tempo de sonhar - Carisma - Franciscanos\",\"isPartOf\":{\"@id\":\"https:\/\/franciscanos.org.br\/carisma\/#website\"},\"primaryImageOfPage\":{\"@id\":\"https:\/\/franciscanos.org.br\/carisma\/e-sempre-tempo-de-sonhar.html#primaryimage\"},\"datePublished\":\"2019-05-29T11:21:15+00:00\",\"dateModified\":\"2019-05-29T11:21:15+00:00\",\"author\":{\"@id\":\"https:\/\/franciscanos.org.br\/carisma\/#\/schema\/person\/bf14cae4d2151ab6b6e41d96660f93a2\"},\"breadcrumb\":{\"@id\":\"https:\/\/franciscanos.org.br\/carisma\/e-sempre-tempo-de-sonhar.html#breadcrumb\"},\"inLanguage\":\"pt-BR\",\"potentialAction\":[{\"@type\":\"ReadAction\",\"target\":[\"https:\/\/franciscanos.org.br\/carisma\/e-sempre-tempo-de-sonhar.html\"]}]},{\"@type\":\"BreadcrumbList\",\"@id\":\"https:\/\/franciscanos.org.br\/carisma\/e-sempre-tempo-de-sonhar.html#breadcrumb\",\"itemListElement\":[{\"@type\":\"ListItem\",\"position\":1,\"name\":\"Home\",\"item\":\"https:\/\/franciscanos.org.br\/carisma\"},{\"@type\":\"ListItem\",\"position\":2,\"name\":\"\u00c9 sempre tempo de sonhar\"}]},{\"@type\":\"Person\",\"@id\":\"https:\/\/franciscanos.org.br\/carisma\/#\/schema\/person\/bf14cae4d2151ab6b6e41d96660f93a2\",\"name\":\"moacir\",\"image\":{\"@type\":\"ImageObject\",\"inLanguage\":\"pt-BR\",\"@id\":\"https:\/\/franciscanos.org.br\/carisma\/#\/schema\/person\/image\/\",\"url\":\"https:\/\/secure.gravatar.com\/avatar\/d08aa2ce4c8dd416d4479aa8536fcf64?s=96&d=mm&r=g\",\"contentUrl\":\"https:\/\/secure.gravatar.com\/avatar\/d08aa2ce4c8dd416d4479aa8536fcf64?s=96&d=mm&r=g\",\"caption\":\"moacir\"},\"url\":\"https:\/\/franciscanos.org.br\/carisma\/author\/moacir\"}]}<\/script>\n<!-- \/ Yoast SEO plugin. -->","yoast_head_json":{"title":"\u00c9 sempre tempo de sonhar - Carisma - Franciscanos","robots":{"index":"index","follow":"follow","max-snippet":"max-snippet:-1","max-image-preview":"max-image-preview:large","max-video-preview":"max-video-preview:-1"},"canonical":"https:\/\/franciscanos.org.br\/carisma\/e-sempre-tempo-de-sonhar.html","og_locale":"pt_BR","og_type":"article","og_title":"\u00c9 sempre tempo de sonhar - Carisma - Franciscanos","og_description":"Franciscanamente","og_url":"https:\/\/franciscanos.org.br\/carisma\/e-sempre-tempo-de-sonhar.html","og_site_name":"Carisma - Franciscanos","article_published_time":"2019-05-29T11:21:15+00:00","og_image":[{"width":273,"height":181,"url":"https:\/\/franciscanos.org.br\/carisma\/wp-content\/uploads\/2019\/05\/franciscanamente_290519d.jpg","type":"image\/jpeg"}],"author":"moacir","twitter_card":"summary_large_image","twitter_misc":{"Escrito por":"moacir","Est. tempo de leitura":"5 minutos"},"schema":{"@context":"https:\/\/schema.org","@graph":[{"@type":"WebSite","@id":"https:\/\/franciscanos.org.br\/carisma\/#website","url":"https:\/\/franciscanos.org.br\/carisma\/","name":"Carisma - Franciscanos","description":"Prov\u00edncia Franciscana da Imaculada Concei\u00e7\u00e3o do Brasil - Ordem dos Frades Menores","potentialAction":[{"@type":"SearchAction","target":{"@type":"EntryPoint","urlTemplate":"https:\/\/franciscanos.org.br\/carisma\/?s={search_term_string}"},"query-input":"required name=search_term_string"}],"inLanguage":"pt-BR"},{"@type":"ImageObject","inLanguage":"pt-BR","@id":"https:\/\/franciscanos.org.br\/carisma\/e-sempre-tempo-de-sonhar.html#primaryimage","url":"https:\/\/franciscanos.org.br\/carisma\/wp-content\/uploads\/2019\/05\/franciscanamente_290519d.jpg","contentUrl":"https:\/\/franciscanos.org.br\/carisma\/wp-content\/uploads\/2019\/05\/franciscanamente_290519d.jpg","width":273,"height":181},{"@type":"WebPage","@id":"https:\/\/franciscanos.org.br\/carisma\/e-sempre-tempo-de-sonhar.html#webpage","url":"https:\/\/franciscanos.org.br\/carisma\/e-sempre-tempo-de-sonhar.html","name":"\u00c9 sempre tempo de sonhar - Carisma - Franciscanos","isPartOf":{"@id":"https:\/\/franciscanos.org.br\/carisma\/#website"},"primaryImageOfPage":{"@id":"https:\/\/franciscanos.org.br\/carisma\/e-sempre-tempo-de-sonhar.html#primaryimage"},"datePublished":"2019-05-29T11:21:15+00:00","dateModified":"2019-05-29T11:21:15+00:00","author":{"@id":"https:\/\/franciscanos.org.br\/carisma\/#\/schema\/person\/bf14cae4d2151ab6b6e41d96660f93a2"},"breadcrumb":{"@id":"https:\/\/franciscanos.org.br\/carisma\/e-sempre-tempo-de-sonhar.html#breadcrumb"},"inLanguage":"pt-BR","potentialAction":[{"@type":"ReadAction","target":["https:\/\/franciscanos.org.br\/carisma\/e-sempre-tempo-de-sonhar.html"]}]},{"@type":"BreadcrumbList","@id":"https:\/\/franciscanos.org.br\/carisma\/e-sempre-tempo-de-sonhar.html#breadcrumb","itemListElement":[{"@type":"ListItem","position":1,"name":"Home","item":"https:\/\/franciscanos.org.br\/carisma"},{"@type":"ListItem","position":2,"name":"\u00c9 sempre tempo de sonhar"}]},{"@type":"Person","@id":"https:\/\/franciscanos.org.br\/carisma\/#\/schema\/person\/bf14cae4d2151ab6b6e41d96660f93a2","name":"moacir","image":{"@type":"ImageObject","inLanguage":"pt-BR","@id":"https:\/\/franciscanos.org.br\/carisma\/#\/schema\/person\/image\/","url":"https:\/\/secure.gravatar.com\/avatar\/d08aa2ce4c8dd416d4479aa8536fcf64?s=96&d=mm&r=g","contentUrl":"https:\/\/secure.gravatar.com\/avatar\/d08aa2ce4c8dd416d4479aa8536fcf64?s=96&d=mm&r=g","caption":"moacir"},"url":"https:\/\/franciscanos.org.br\/carisma\/author\/moacir"}]}},"_links":{"self":[{"href":"https:\/\/franciscanos.org.br\/carisma\/wp-json\/wp\/v2\/posts\/175953"}],"collection":[{"href":"https:\/\/franciscanos.org.br\/carisma\/wp-json\/wp\/v2\/posts"}],"about":[{"href":"https:\/\/franciscanos.org.br\/carisma\/wp-json\/wp\/v2\/types\/post"}],"author":[{"embeddable":true,"href":"https:\/\/franciscanos.org.br\/carisma\/wp-json\/wp\/v2\/users\/3"}],"replies":[{"embeddable":true,"href":"https:\/\/franciscanos.org.br\/carisma\/wp-json\/wp\/v2\/comments?post=175953"}],"version-history":[{"count":1,"href":"https:\/\/franciscanos.org.br\/carisma\/wp-json\/wp\/v2\/posts\/175953\/revisions"}],"predecessor-version":[{"id":175956,"href":"https:\/\/franciscanos.org.br\/carisma\/wp-json\/wp\/v2\/posts\/175953\/revisions\/175956"}],"wp:featuredmedia":[{"embeddable":true,"href":"https:\/\/franciscanos.org.br\/carisma\/wp-json\/wp\/v2\/media\/175954"}],"wp:attachment":[{"href":"https:\/\/franciscanos.org.br\/carisma\/wp-json\/wp\/v2\/media?parent=175953"}],"wp:term":[{"taxonomy":"category","embeddable":true,"href":"https:\/\/franciscanos.org.br\/carisma\/wp-json\/wp\/v2\/categories?post=175953"},{"taxonomy":"post_tag","embeddable":true,"href":"https:\/\/franciscanos.org.br\/carisma\/wp-json\/wp\/v2\/tags?post=175953"}],"curies":[{"name":"wp","href":"https:\/\/api.w.org\/{rel}","templated":true}]}}