{"id":175920,"date":"2019-05-21T08:37:42","date_gmt":"2019-05-21T11:37:42","guid":{"rendered":"https:\/\/franciscanos.org.br\/carisma\/?p=175920"},"modified":"2019-05-21T08:44:17","modified_gmt":"2019-05-21T11:44:17","slug":"vida-franciscana-luzes-ao-longo-da-caminhada","status":"publish","type":"post","link":"https:\/\/franciscanos.org.br\/carisma\/vida-franciscana-luzes-ao-longo-da-caminhada.html","title":{"rendered":"Vida Franciscana: Luzes ao longo da caminhada"},"content":{"rendered":"<p><img loading=\"lazy\" class=\"alignnone size-full wp-image-175921\" src=\"https:\/\/franciscanos.org.br\/carisma\/wp-content\/uploads\/2019\/05\/vida_210519_1.jpg\" alt=\"\" width=\"890\" height=\"314\" srcset=\"https:\/\/franciscanos.org.br\/carisma\/wp-content\/uploads\/2019\/05\/vida_210519_1.jpg 890w, https:\/\/franciscanos.org.br\/carisma\/wp-content\/uploads\/2019\/05\/vida_210519_1-450x159.jpg 450w, https:\/\/franciscanos.org.br\/carisma\/wp-content\/uploads\/2019\/05\/vida_210519_1-768x271.jpg 768w, https:\/\/franciscanos.org.br\/carisma\/wp-content\/uploads\/2019\/05\/vida_210519_1-150x53.jpg 150w\" sizes=\"(max-width: 890px) 100vw, 890px\" \/><\/p>\n<h2>Exorta\u00e7\u00f5es e admoesta\u00e7\u00f5es<\/h2>\n<p>A Ordem do Frades Menores em seus cap\u00edtulos eletivos e avaliativos, nas exorta\u00e7\u00f5es dos Ministros, em diretrizes para a forma\u00e7\u00e3o e a evangeliza\u00e7\u00e3o n\u00e3o quer que os frades marquem passo. Produz documentos. Quer despertar. Dizem muitos que documentos n\u00e3o mudam a vida. \u00c9 verdade: discursos n\u00e3o transformam. Renovar a partir do melhor que descansa em nossos cora\u00e7\u00f5es. Acolhendo o vigor dos que nos precederam. N\u00e3o colocando apenas remendos, mas transformando a partir do interior. Inventando o novo. Belas e oportunas estas exorta\u00e7\u00f5es e admoesta\u00e7\u00f5es elaboradas a partir de nosso patrim\u00f4nio. Com as luzes daqueles que nos ajudam a caminhar.<\/p>\n<h3><strong>I. Discernir<\/strong><\/h3>\n<p><strong>Frades Menores<\/strong><\/p>\n<p>&#8230; sentimo-nos chamados a iniciar em todo o tempo e lugar, a caminhada do discernimento evang\u00e9lico: \u201cExaminai tudo e ficai com o que \u00e9 bom\u201d (1Ts 5,21). Esse discernimento deve ser feito numa dupla perspectiva: por um lado tomar consci\u00eancia das estruturas pessoais e sociais que se op\u00f5em \u00e0 vida, para denunci\u00e1-las e contribuir para sua supera\u00e7\u00e3o; por outro lado abrir os olhos da f\u00e9 e da esperan\u00e7a para perceber, no meio das crises, os sonhos vis\u00edveis da humanidade, para dar-lhe espa\u00e7o em nossa vida e antecipar, assim, o Reino proclamado e vivido por Jesus Cristo. Quer dizer, \u00e9 preciso saber \u201cdistinguir o que vem do Esp\u00edrito daquilo que lhe \u00e9 contrario\u201d (VC 73). Como fez Francisco de Assis, que aparecia a todos, diz seu bi\u00f3grafo oficial, \u201ccomo um homem do outro mundo\u201d (1Cel 36), antecipa\u00e7\u00e3o viva de um mundo poss\u00edvel a todos. Se formos capazes de ler os sinais dos tempos, poderemos ser sinais leg\u00edveis de vida para um mundo sedento de \u201cnovos c\u00e9us e nova terra\u201d (Is 65, 17; cf Ap 21,1).<\/p>\n<p><em>O Senhor te d\u00ea paz, Capitulo Geral OFM Assis, 2003<\/em><\/p>\n<p><strong>Questionamentos:<\/strong><\/p>\n<p>\u2022 De maneira pr\u00e1tica, como se faz, na vida franciscana o discernimento evang\u00e9lico? O que aviva o carisma?<br \/>\n\u2022 O texto fala de \u201csonhos vis\u00edveis da humanidade\u201d&#8230; Que sonhos s\u00e3o esses?<br \/>\n\u2022 Francisco, homem de novo s\u00e9culo. Por que lhe atribu\u00edram esse t\u00edtulo? Qual \u00e9 a novidade de Francisco? N\u00f3s, disc\u00edpulos n\u00e3o ferventes do Poverello, que novidade podemos (ou devemos) oferecer ao mundo?<\/p>\n<h3>II. Tempo de crise, tempo de gra\u00e7a<\/h3>\n<p><strong>A realidade<\/strong><\/p>\n<p>&#8230; confirma que o trigo e a ciz\u00e2nia crescem juntos (cf. Mt 13,24-30); isto constitui um convite urgente ao discernimento evang\u00e9lico para decidir que dire\u00e7\u00e3o deve tomar nossa caminhada de transforma\u00e7\u00e3o pessoal e institucional. Percebemos a crise de f\u00e9 provocada pelo mundo atual como um momento de gra\u00e7a, um kair\u00f3s, que nos desafia a recriar nossa experi\u00eancia de crentes em sintonia com os desafios de uma \u00e9poca em crise. \u00c9 uma ocasi\u00e3o de experimentar um credo que fa\u00e7a emergir a totalidade da pessoa e comprometa com a paz e com o bem, uma \u00e9tica da coer\u00eancia que supere a fragmenta\u00e7\u00e3o mediante uma caminhada de harmoniza\u00e7\u00e3o e de integra\u00e7\u00e3o: pensamentos e obras, ora\u00e7\u00e3o e a\u00e7\u00e3o, palavra e trabalho, f\u00e9 e vida, aspira\u00e7\u00f5es do cora\u00e7\u00e3o para a f\u00e9 e para a esperan\u00e7a e sua encarna\u00e7\u00e3o em formas vis\u00edveis (a\u00e7\u00f5es, ritos, estruturas).<\/p>\n<p><em>O Senhor te d\u00ea a paz, Capitulo Geral OFM Assis, 2003<\/em><\/p>\n<p><strong>Questionamentos:<\/strong><\/p>\n<p>\u2666 \u201cRecriar nossa experi\u00eancia de crentes\u201d&#8230; O que pode querer dizer isto?<br \/>\n\u2666 \u201cUm credo que fa\u00e7a emergir a totalidade da pessoa?\u201d &#8211; Seria um credo n\u00e3o apenas de verdades e de no\u00e7\u00f5es repetidas mas principalmente no cora\u00e7\u00e3o da vida, no conv\u00edvio com os outros, acreditar que nos colocamos a servi\u00e7o de for\u00e7a e de um dinamismo de Deus em nossa casa e em nossa vida de mission\u00e1rios, responde aos nossos anseios mais profundos e n\u00e3o apenas na seguran\u00e7a de ritos e de leis? Seria isso?<\/p>\n<p>\u2666 Refletir sobre estas linhas de Jos\u00e9 Antonio Pagola: \u201cNa f\u00e9, o importante n\u00e3o \u00e9 afirmar que se cr\u00ea em Deus, mas saber em que Deus se cr\u00ea. Nada \u00e9 mais decisivo do que a ideia que cada um se faz de Deus. Se creio num Deus autorit\u00e1rio e justiceiro, acabarei procurando dominar e julgar a todos. Se creio num Deus que \u00e9 amor e perd\u00e3o, viverei amando e perdoando. Esta pode ser a pergunta: em que Deus creio: num Deus que corresponde \u00e0s minhas ambi\u00e7\u00f5es e interesses ou no Deus vivo revelado em Jesus? A f\u00e9, por outro lado, n\u00e3o \u00e9 uma esp\u00e9cie de \u201ccapital\u201d que recebemos no batismo e do qual podemos dispor para o resto da vida. A f\u00e9 \u00e9 uma atitude viva que nos mantem atentos a Deus, abertos a cada dia ao mist\u00e9rio de sua proximidade e amor a cada ser humano\u201d (Pagola, Lucas, p. 33).<\/p>\n<p><strong>Frei Almir Guimar\u00e3es<\/strong><\/p>\n","protected":false},"excerpt":{"rendered":"<p>Artigo de Frei Almir Guimar\u00e3es<\/p>\n","protected":false},"author":3,"featured_media":175922,"comment_status":"open","ping_status":"open","sticky":false,"template":"","format":"standard","meta":[],"categories":[11],"tags":[107],"yoast_head":"<!-- This site is optimized with the Yoast SEO plugin v19.2 - https:\/\/yoast.com\/wordpress\/plugins\/seo\/ -->\n<title>Vida Franciscana: Luzes ao longo da caminhada - Carisma - Franciscanos<\/title>\n<meta name=\"robots\" content=\"index, follow, max-snippet:-1, max-image-preview:large, max-video-preview:-1\" \/>\n<link rel=\"canonical\" href=\"https:\/\/franciscanos.org.br\/carisma\/vida-franciscana-luzes-ao-longo-da-caminhada.html\" \/>\n<meta property=\"og:locale\" content=\"pt_BR\" \/>\n<meta property=\"og:type\" content=\"article\" \/>\n<meta property=\"og:title\" content=\"Vida Franciscana: Luzes ao longo da caminhada - Carisma - Franciscanos\" \/>\n<meta property=\"og:description\" content=\"Artigo de Frei Almir Guimar\u00e3es\" \/>\n<meta property=\"og:url\" content=\"https:\/\/franciscanos.org.br\/carisma\/vida-franciscana-luzes-ao-longo-da-caminhada.html\" \/>\n<meta property=\"og:site_name\" content=\"Carisma - Franciscanos\" \/>\n<meta property=\"article:published_time\" content=\"2019-05-21T11:37:42+00:00\" \/>\n<meta property=\"article:modified_time\" content=\"2019-05-21T11:44:17+00:00\" \/>\n<meta property=\"og:image\" content=\"https:\/\/franciscanos.org.br\/carisma\/wp-content\/uploads\/2019\/05\/vida_210519.jpg\" \/>\n\t<meta property=\"og:image:width\" content=\"273\" \/>\n\t<meta property=\"og:image:height\" content=\"181\" \/>\n\t<meta property=\"og:image:type\" content=\"image\/jpeg\" \/>\n<meta name=\"author\" content=\"moacir\" \/>\n<meta name=\"twitter:card\" content=\"summary_large_image\" \/>\n<meta name=\"twitter:label1\" content=\"Escrito por\" \/>\n\t<meta name=\"twitter:data1\" content=\"moacir\" \/>\n\t<meta name=\"twitter:label2\" content=\"Est. tempo de leitura\" \/>\n\t<meta name=\"twitter:data2\" content=\"4 minutos\" \/>\n<script type=\"application\/ld+json\" class=\"yoast-schema-graph\">{\"@context\":\"https:\/\/schema.org\",\"@graph\":[{\"@type\":\"WebSite\",\"@id\":\"https:\/\/franciscanos.org.br\/carisma\/#website\",\"url\":\"https:\/\/franciscanos.org.br\/carisma\/\",\"name\":\"Carisma - Franciscanos\",\"description\":\"Prov\u00edncia Franciscana da Imaculada Concei\u00e7\u00e3o do Brasil - Ordem dos Frades Menores\",\"potentialAction\":[{\"@type\":\"SearchAction\",\"target\":{\"@type\":\"EntryPoint\",\"urlTemplate\":\"https:\/\/franciscanos.org.br\/carisma\/?s={search_term_string}\"},\"query-input\":\"required name=search_term_string\"}],\"inLanguage\":\"pt-BR\"},{\"@type\":\"ImageObject\",\"inLanguage\":\"pt-BR\",\"@id\":\"https:\/\/franciscanos.org.br\/carisma\/vida-franciscana-luzes-ao-longo-da-caminhada.html#primaryimage\",\"url\":\"https:\/\/franciscanos.org.br\/carisma\/wp-content\/uploads\/2019\/05\/vida_210519.jpg\",\"contentUrl\":\"https:\/\/franciscanos.org.br\/carisma\/wp-content\/uploads\/2019\/05\/vida_210519.jpg\",\"width\":273,\"height\":181},{\"@type\":\"WebPage\",\"@id\":\"https:\/\/franciscanos.org.br\/carisma\/vida-franciscana-luzes-ao-longo-da-caminhada.html#webpage\",\"url\":\"https:\/\/franciscanos.org.br\/carisma\/vida-franciscana-luzes-ao-longo-da-caminhada.html\",\"name\":\"Vida Franciscana: Luzes ao longo da caminhada - Carisma - Franciscanos\",\"isPartOf\":{\"@id\":\"https:\/\/franciscanos.org.br\/carisma\/#website\"},\"primaryImageOfPage\":{\"@id\":\"https:\/\/franciscanos.org.br\/carisma\/vida-franciscana-luzes-ao-longo-da-caminhada.html#primaryimage\"},\"datePublished\":\"2019-05-21T11:37:42+00:00\",\"dateModified\":\"2019-05-21T11:44:17+00:00\",\"author\":{\"@id\":\"https:\/\/franciscanos.org.br\/carisma\/#\/schema\/person\/bf14cae4d2151ab6b6e41d96660f93a2\"},\"breadcrumb\":{\"@id\":\"https:\/\/franciscanos.org.br\/carisma\/vida-franciscana-luzes-ao-longo-da-caminhada.html#breadcrumb\"},\"inLanguage\":\"pt-BR\",\"potentialAction\":[{\"@type\":\"ReadAction\",\"target\":[\"https:\/\/franciscanos.org.br\/carisma\/vida-franciscana-luzes-ao-longo-da-caminhada.html\"]}]},{\"@type\":\"BreadcrumbList\",\"@id\":\"https:\/\/franciscanos.org.br\/carisma\/vida-franciscana-luzes-ao-longo-da-caminhada.html#breadcrumb\",\"itemListElement\":[{\"@type\":\"ListItem\",\"position\":1,\"name\":\"Home\",\"item\":\"https:\/\/franciscanos.org.br\/carisma\"},{\"@type\":\"ListItem\",\"position\":2,\"name\":\"Vida Franciscana: Luzes ao longo da caminhada\"}]},{\"@type\":\"Person\",\"@id\":\"https:\/\/franciscanos.org.br\/carisma\/#\/schema\/person\/bf14cae4d2151ab6b6e41d96660f93a2\",\"name\":\"moacir\",\"image\":{\"@type\":\"ImageObject\",\"inLanguage\":\"pt-BR\",\"@id\":\"https:\/\/franciscanos.org.br\/carisma\/#\/schema\/person\/image\/\",\"url\":\"https:\/\/secure.gravatar.com\/avatar\/d08aa2ce4c8dd416d4479aa8536fcf64?s=96&d=mm&r=g\",\"contentUrl\":\"https:\/\/secure.gravatar.com\/avatar\/d08aa2ce4c8dd416d4479aa8536fcf64?s=96&d=mm&r=g\",\"caption\":\"moacir\"},\"url\":\"https:\/\/franciscanos.org.br\/carisma\/author\/moacir\"}]}<\/script>\n<!-- \/ Yoast SEO plugin. -->","yoast_head_json":{"title":"Vida Franciscana: Luzes ao longo da caminhada - Carisma - Franciscanos","robots":{"index":"index","follow":"follow","max-snippet":"max-snippet:-1","max-image-preview":"max-image-preview:large","max-video-preview":"max-video-preview:-1"},"canonical":"https:\/\/franciscanos.org.br\/carisma\/vida-franciscana-luzes-ao-longo-da-caminhada.html","og_locale":"pt_BR","og_type":"article","og_title":"Vida Franciscana: Luzes ao longo da caminhada - Carisma - Franciscanos","og_description":"Artigo de Frei Almir Guimar\u00e3es","og_url":"https:\/\/franciscanos.org.br\/carisma\/vida-franciscana-luzes-ao-longo-da-caminhada.html","og_site_name":"Carisma - Franciscanos","article_published_time":"2019-05-21T11:37:42+00:00","article_modified_time":"2019-05-21T11:44:17+00:00","og_image":[{"width":273,"height":181,"url":"https:\/\/franciscanos.org.br\/carisma\/wp-content\/uploads\/2019\/05\/vida_210519.jpg","type":"image\/jpeg"}],"author":"moacir","twitter_card":"summary_large_image","twitter_misc":{"Escrito por":"moacir","Est. tempo de leitura":"4 minutos"},"schema":{"@context":"https:\/\/schema.org","@graph":[{"@type":"WebSite","@id":"https:\/\/franciscanos.org.br\/carisma\/#website","url":"https:\/\/franciscanos.org.br\/carisma\/","name":"Carisma - Franciscanos","description":"Prov\u00edncia Franciscana da Imaculada Concei\u00e7\u00e3o do Brasil - Ordem dos Frades Menores","potentialAction":[{"@type":"SearchAction","target":{"@type":"EntryPoint","urlTemplate":"https:\/\/franciscanos.org.br\/carisma\/?s={search_term_string}"},"query-input":"required name=search_term_string"}],"inLanguage":"pt-BR"},{"@type":"ImageObject","inLanguage":"pt-BR","@id":"https:\/\/franciscanos.org.br\/carisma\/vida-franciscana-luzes-ao-longo-da-caminhada.html#primaryimage","url":"https:\/\/franciscanos.org.br\/carisma\/wp-content\/uploads\/2019\/05\/vida_210519.jpg","contentUrl":"https:\/\/franciscanos.org.br\/carisma\/wp-content\/uploads\/2019\/05\/vida_210519.jpg","width":273,"height":181},{"@type":"WebPage","@id":"https:\/\/franciscanos.org.br\/carisma\/vida-franciscana-luzes-ao-longo-da-caminhada.html#webpage","url":"https:\/\/franciscanos.org.br\/carisma\/vida-franciscana-luzes-ao-longo-da-caminhada.html","name":"Vida Franciscana: Luzes ao longo da caminhada - Carisma - Franciscanos","isPartOf":{"@id":"https:\/\/franciscanos.org.br\/carisma\/#website"},"primaryImageOfPage":{"@id":"https:\/\/franciscanos.org.br\/carisma\/vida-franciscana-luzes-ao-longo-da-caminhada.html#primaryimage"},"datePublished":"2019-05-21T11:37:42+00:00","dateModified":"2019-05-21T11:44:17+00:00","author":{"@id":"https:\/\/franciscanos.org.br\/carisma\/#\/schema\/person\/bf14cae4d2151ab6b6e41d96660f93a2"},"breadcrumb":{"@id":"https:\/\/franciscanos.org.br\/carisma\/vida-franciscana-luzes-ao-longo-da-caminhada.html#breadcrumb"},"inLanguage":"pt-BR","potentialAction":[{"@type":"ReadAction","target":["https:\/\/franciscanos.org.br\/carisma\/vida-franciscana-luzes-ao-longo-da-caminhada.html"]}]},{"@type":"BreadcrumbList","@id":"https:\/\/franciscanos.org.br\/carisma\/vida-franciscana-luzes-ao-longo-da-caminhada.html#breadcrumb","itemListElement":[{"@type":"ListItem","position":1,"name":"Home","item":"https:\/\/franciscanos.org.br\/carisma"},{"@type":"ListItem","position":2,"name":"Vida Franciscana: Luzes ao longo da caminhada"}]},{"@type":"Person","@id":"https:\/\/franciscanos.org.br\/carisma\/#\/schema\/person\/bf14cae4d2151ab6b6e41d96660f93a2","name":"moacir","image":{"@type":"ImageObject","inLanguage":"pt-BR","@id":"https:\/\/franciscanos.org.br\/carisma\/#\/schema\/person\/image\/","url":"https:\/\/secure.gravatar.com\/avatar\/d08aa2ce4c8dd416d4479aa8536fcf64?s=96&d=mm&r=g","contentUrl":"https:\/\/secure.gravatar.com\/avatar\/d08aa2ce4c8dd416d4479aa8536fcf64?s=96&d=mm&r=g","caption":"moacir"},"url":"https:\/\/franciscanos.org.br\/carisma\/author\/moacir"}]}},"_links":{"self":[{"href":"https:\/\/franciscanos.org.br\/carisma\/wp-json\/wp\/v2\/posts\/175920"}],"collection":[{"href":"https:\/\/franciscanos.org.br\/carisma\/wp-json\/wp\/v2\/posts"}],"about":[{"href":"https:\/\/franciscanos.org.br\/carisma\/wp-json\/wp\/v2\/types\/post"}],"author":[{"embeddable":true,"href":"https:\/\/franciscanos.org.br\/carisma\/wp-json\/wp\/v2\/users\/3"}],"replies":[{"embeddable":true,"href":"https:\/\/franciscanos.org.br\/carisma\/wp-json\/wp\/v2\/comments?post=175920"}],"version-history":[{"count":3,"href":"https:\/\/franciscanos.org.br\/carisma\/wp-json\/wp\/v2\/posts\/175920\/revisions"}],"predecessor-version":[{"id":175932,"href":"https:\/\/franciscanos.org.br\/carisma\/wp-json\/wp\/v2\/posts\/175920\/revisions\/175932"}],"wp:featuredmedia":[{"embeddable":true,"href":"https:\/\/franciscanos.org.br\/carisma\/wp-json\/wp\/v2\/media\/175922"}],"wp:attachment":[{"href":"https:\/\/franciscanos.org.br\/carisma\/wp-json\/wp\/v2\/media?parent=175920"}],"wp:term":[{"taxonomy":"category","embeddable":true,"href":"https:\/\/franciscanos.org.br\/carisma\/wp-json\/wp\/v2\/categories?post=175920"},{"taxonomy":"post_tag","embeddable":true,"href":"https:\/\/franciscanos.org.br\/carisma\/wp-json\/wp\/v2\/tags?post=175920"}],"curies":[{"name":"wp","href":"https:\/\/api.w.org\/{rel}","templated":true}]}}