{"id":175749,"date":"2019-03-19T14:39:52","date_gmt":"2019-03-19T17:39:52","guid":{"rendered":"https:\/\/franciscanos.org.br\/carisma\/?p=175749"},"modified":"2019-03-19T14:45:22","modified_gmt":"2019-03-19T17:45:22","slug":"saudacao-ao-irmao-paulo-machado-da-costa-e-silva-ofs","status":"publish","type":"post","link":"https:\/\/franciscanos.org.br\/carisma\/saudacao-ao-irmao-paulo-machado-da-costa-e-silva-ofs.html","title":{"rendered":"Sauda\u00e7\u00e3o ao irm\u00e3o Paulo Machado da costa e silva, OFS"},"content":{"rendered":"<p><img loading=\"lazy\" class=\"aligncenter size-full wp-image-175750\" src=\"https:\/\/franciscanos.org.br\/carisma\/wp-content\/uploads\/2019\/03\/paulo_190319.jpg\" alt=\"\" width=\"840\" height=\"381\" srcset=\"https:\/\/franciscanos.org.br\/carisma\/wp-content\/uploads\/2019\/03\/paulo_190319.jpg 840w, https:\/\/franciscanos.org.br\/carisma\/wp-content\/uploads\/2019\/03\/paulo_190319-450x204.jpg 450w, https:\/\/franciscanos.org.br\/carisma\/wp-content\/uploads\/2019\/03\/paulo_190319-768x348.jpg 768w, https:\/\/franciscanos.org.br\/carisma\/wp-content\/uploads\/2019\/03\/paulo_190319-150x68.jpg 150w\" sizes=\"(max-width: 840px) 100vw, 840px\" \/><\/p>\n<p style=\"text-align: center;\"><em>\u201cLouvado sejas, meu Senhor, por nossa Irm\u00e3 a Morte corporal, da qual homem algum pode escapar.<\/em><\/p>\n<p style=\"text-align: center;\"><em>&#8230;Felizes os que ela achar conforme \u00e0 tua sant\u00edssima vontade, porque a morte segunda n\u00e3o lhes far\u00e1 mal!\u201d<\/em><\/p>\n<p>Foi dentro desta experi\u00eancia que o nosso querido irm\u00e3o, Paulo Machado da Costa e Silva, teve a ilumina\u00e7\u00e3o e a certeza da plena liberta\u00e7\u00e3o, partindo para a casa do Pai, no dia 18 de mar\u00e7o de 2019.<\/p>\n<p>Alegra-te, irm\u00e3o, e rejubila em meio a teus sofrimentos e tribula\u00e7\u00f5es, pois de hoje em diante vives em paz, no reino de deus.<\/p>\n<p>Ningu\u00e9m desconhece o desejo de S\u00e3o Francisco de ser cavalheiro. Inicialmente, dos nobres, dos senhores feudais, depois do Senhor: \u201cFrancisco, o que vale mais, servir ao Senhor ou ao vassalo? Ent\u00e3o, porque est\u00e1s correndo atr\u00e1s do vassalo?\u201d<\/p>\n<p>Ent\u00e3o, Francisco resolve servir ao Senhor, e recomendava aos seus frades \u201cconsiderar a vida como um servi\u00e7o cavalheiresco ao Senhor, \u201csob o sinal da cruz\u201d<\/p>\n<p>O movimento da Cavalaria Medieval, que tanto encantava os jovens da \u00e9poca, n\u00e3o deixou Francisco indiferente a este fasc\u00ednio, e como todo jovem, via no cavaleiro, nos ideais da cavalaria, um arqu\u00e9tipo do ideal humano, a descri\u00e7\u00e3o ideal de um modelo humano, caracterizado pela nobreza de alma, honradez, coragem e cortesia. Ideais estes, que n\u00e3o faltavam ao Paulo Machado.<\/p>\n<p>Neste sentido podemos considerar a vida do nosso irm\u00e3o Paulo Machado, nestes 102 anos exist\u00eancia entre n\u00f3s, particularmente, na Ordem Franciscana Secular: um verdadeiro cavalheiro do Senhor, cumprindo perfeitamente o C\u00f3digo da Cavalaria que, a biografa franciscana Maria Sticco resume este c\u00f3digo em cinco pontos, quais sejam.<\/p>\n<p style=\"padding-left: 30px;\"><strong>A Obedi\u00eancia ao Senhor<\/strong>. Obedecer \u00e9 captar o desejo do Senhor. Fazer a Sua vontade.<\/p>\n<p style=\"padding-left: 30px;\"><strong>A Pobreza<\/strong>: \u00e9 o estar nu de corpo e de cora\u00e7\u00e3o para revestir-se da \u00fanica riqueza que \u00e9 o Senhor.<\/p>\n<p style=\"padding-left: 30px;\"><strong>A Pureza de cora\u00e7\u00e3o:<\/strong> ou seja, puro de cora\u00e7\u00e3o. O interior do homem deve ser purificado de tudo o que \u00e9 mau, sobretudo dos maus desejos e dos pecados.<\/p>\n<p style=\"padding-left: 30px;\"><strong>O artesanal:<\/strong> \u201cE eu trabalhava com as minhas m\u00e3os e quero trabalhar. E quero firmemente que todos os outros irm\u00e3os se ocupem num trabalho honesto\u201d. Neste sentido a vida do Paulo foi exemplar, trabalhando e servindo a todos at\u00e9 os \u00faltimos<br \/>\ndias.<\/p>\n<p style=\"padding-left: 30px;\"><strong>A jovialidade:<\/strong> algu\u00e9m que consegue livrar-se da tirania dos sentidos, da escravid\u00e3o do dinheiro, da dureza do poder, da ambi\u00e7\u00e3o mundana&#8230; conquista a liberdade do esp\u00edrito, e esta \u00e9 a causa da mais pura alegria.<\/p>\n<p>Cumprindo e observando fielmente este c\u00f3digo, Paulo foi um verdadeiro Cavaleiro do Senhor Jesus Cristo!<\/p>\n<p>Toda hist\u00f3ria do homem \u00e9 uma hist\u00f3ria de uma inspira\u00e7\u00e3o, de supera\u00e7\u00e3o, de edifica\u00e7\u00e3o. O que n\u00e3o foi diferente para Francisco e Paulo Machado. Duas coisas s\u00e3o necess\u00e1rias a um cavaleiro para este empreendimento: uma espada e uma harpa.<\/p>\n<p>A espada simboliza o uso dr\u00e1stico e agressivo do poder masculino. Com a espada o cavaleiro enfrenta o mundo, assume o controle da situa\u00e7\u00e3o, posiciona-se firmemente, derrota o advers\u00e1rio. A espada corta os problemas. Todos n\u00f3s precisamos do poder da espada. No caso, para Paulo Machado, a espada era a espada da Justi\u00e7a, profiss\u00e3o que ele abra\u00e7ou e cumpriu com galhardia sua miss\u00e3o nesta vida.<\/p>\n<p>A harpa \u00e9 o lado l\u00edrico e sentimental do cavaleiro, que constr\u00f3i os seus relacionamentos, demonstrando sentimento e amor. O que n\u00e3o faltou ao Paulo Machado para com a sua esposa, seus filhos e filhas, netos e bisnetos. E tamb\u00e9m \u00e0 Ordem Franciscana Secular em todos os n\u00edveis em que serviu: local, Regional, Nacional e Internacional.<\/p>\n<p>Este \u00e9 o aspecto franciscano-cavalheiresco do Paulo Machado, que eu queria destacar: tinha a cortesia como virtude, a nobreza de atitudes, a benignidade, sabia acolher a grandeza do outro e o jeito materno do Amor.<\/p>\n<p>Parab\u00e9ns, Paulo Machado pelo seu exemplo de vida! E que suas virtudes permane\u00e7am vivas em seus queridos familiares, amigos e irm\u00e3os e irm\u00e3s da Ordem Franciscana Secular!<\/p>\n<p><strong>Paz e Bem!<\/strong><\/p>\n<p><strong>Rosalvo Mota, OFS<\/strong><\/p>\n","protected":false},"excerpt":{"rendered":"<p>Texto de Rosalvo Mota, OFS<\/p>\n","protected":false},"author":3,"featured_media":175751,"comment_status":"open","ping_status":"open","sticky":false,"template":"","format":"standard","meta":[],"categories":[14],"tags":[47],"yoast_head":"<!-- This site is optimized with the Yoast SEO plugin v19.2 - https:\/\/yoast.com\/wordpress\/plugins\/seo\/ -->\n<title>Sauda\u00e7\u00e3o ao irm\u00e3o Paulo Machado da costa e silva, OFS - Carisma - Franciscanos<\/title>\n<meta name=\"robots\" content=\"index, follow, max-snippet:-1, max-image-preview:large, max-video-preview:-1\" \/>\n<link rel=\"canonical\" href=\"https:\/\/franciscanos.org.br\/carisma\/saudacao-ao-irmao-paulo-machado-da-costa-e-silva-ofs.html\" \/>\n<meta property=\"og:locale\" content=\"pt_BR\" \/>\n<meta property=\"og:type\" content=\"article\" \/>\n<meta property=\"og:title\" content=\"Sauda\u00e7\u00e3o ao irm\u00e3o Paulo Machado da costa e silva, OFS - Carisma - Franciscanos\" \/>\n<meta property=\"og:description\" content=\"Texto de Rosalvo Mota, OFS\" \/>\n<meta property=\"og:url\" content=\"https:\/\/franciscanos.org.br\/carisma\/saudacao-ao-irmao-paulo-machado-da-costa-e-silva-ofs.html\" \/>\n<meta property=\"og:site_name\" content=\"Carisma - Franciscanos\" \/>\n<meta property=\"article:published_time\" content=\"2019-03-19T17:39:52+00:00\" \/>\n<meta property=\"article:modified_time\" content=\"2019-03-19T17:45:22+00:00\" \/>\n<meta property=\"og:image\" content=\"https:\/\/franciscanos.org.br\/carisma\/wp-content\/uploads\/2019\/03\/paulo_190319d.jpg\" \/>\n\t<meta property=\"og:image:width\" content=\"273\" \/>\n\t<meta property=\"og:image:height\" content=\"181\" \/>\n\t<meta property=\"og:image:type\" content=\"image\/jpeg\" \/>\n<meta name=\"author\" content=\"moacir\" \/>\n<meta name=\"twitter:card\" content=\"summary_large_image\" \/>\n<meta name=\"twitter:label1\" content=\"Escrito por\" \/>\n\t<meta name=\"twitter:data1\" content=\"moacir\" \/>\n\t<meta name=\"twitter:label2\" content=\"Est. tempo de leitura\" \/>\n\t<meta name=\"twitter:data2\" content=\"3 minutos\" \/>\n<script type=\"application\/ld+json\" class=\"yoast-schema-graph\">{\"@context\":\"https:\/\/schema.org\",\"@graph\":[{\"@type\":\"WebSite\",\"@id\":\"https:\/\/franciscanos.org.br\/carisma\/#website\",\"url\":\"https:\/\/franciscanos.org.br\/carisma\/\",\"name\":\"Carisma - Franciscanos\",\"description\":\"Prov\u00edncia Franciscana da Imaculada Concei\u00e7\u00e3o do Brasil - Ordem dos Frades Menores\",\"potentialAction\":[{\"@type\":\"SearchAction\",\"target\":{\"@type\":\"EntryPoint\",\"urlTemplate\":\"https:\/\/franciscanos.org.br\/carisma\/?s={search_term_string}\"},\"query-input\":\"required name=search_term_string\"}],\"inLanguage\":\"pt-BR\"},{\"@type\":\"ImageObject\",\"inLanguage\":\"pt-BR\",\"@id\":\"https:\/\/franciscanos.org.br\/carisma\/saudacao-ao-irmao-paulo-machado-da-costa-e-silva-ofs.html#primaryimage\",\"url\":\"https:\/\/franciscanos.org.br\/carisma\/wp-content\/uploads\/2019\/03\/paulo_190319d.jpg\",\"contentUrl\":\"https:\/\/franciscanos.org.br\/carisma\/wp-content\/uploads\/2019\/03\/paulo_190319d.jpg\",\"width\":273,\"height\":181},{\"@type\":\"WebPage\",\"@id\":\"https:\/\/franciscanos.org.br\/carisma\/saudacao-ao-irmao-paulo-machado-da-costa-e-silva-ofs.html#webpage\",\"url\":\"https:\/\/franciscanos.org.br\/carisma\/saudacao-ao-irmao-paulo-machado-da-costa-e-silva-ofs.html\",\"name\":\"Sauda\u00e7\u00e3o ao irm\u00e3o Paulo Machado da costa e silva, OFS - Carisma - Franciscanos\",\"isPartOf\":{\"@id\":\"https:\/\/franciscanos.org.br\/carisma\/#website\"},\"primaryImageOfPage\":{\"@id\":\"https:\/\/franciscanos.org.br\/carisma\/saudacao-ao-irmao-paulo-machado-da-costa-e-silva-ofs.html#primaryimage\"},\"datePublished\":\"2019-03-19T17:39:52+00:00\",\"dateModified\":\"2019-03-19T17:45:22+00:00\",\"author\":{\"@id\":\"https:\/\/franciscanos.org.br\/carisma\/#\/schema\/person\/bf14cae4d2151ab6b6e41d96660f93a2\"},\"breadcrumb\":{\"@id\":\"https:\/\/franciscanos.org.br\/carisma\/saudacao-ao-irmao-paulo-machado-da-costa-e-silva-ofs.html#breadcrumb\"},\"inLanguage\":\"pt-BR\",\"potentialAction\":[{\"@type\":\"ReadAction\",\"target\":[\"https:\/\/franciscanos.org.br\/carisma\/saudacao-ao-irmao-paulo-machado-da-costa-e-silva-ofs.html\"]}]},{\"@type\":\"BreadcrumbList\",\"@id\":\"https:\/\/franciscanos.org.br\/carisma\/saudacao-ao-irmao-paulo-machado-da-costa-e-silva-ofs.html#breadcrumb\",\"itemListElement\":[{\"@type\":\"ListItem\",\"position\":1,\"name\":\"Home\",\"item\":\"https:\/\/franciscanos.org.br\/carisma\"},{\"@type\":\"ListItem\",\"position\":2,\"name\":\"Sauda\u00e7\u00e3o ao irm\u00e3o Paulo Machado da costa e silva, OFS\"}]},{\"@type\":\"Person\",\"@id\":\"https:\/\/franciscanos.org.br\/carisma\/#\/schema\/person\/bf14cae4d2151ab6b6e41d96660f93a2\",\"name\":\"moacir\",\"image\":{\"@type\":\"ImageObject\",\"inLanguage\":\"pt-BR\",\"@id\":\"https:\/\/franciscanos.org.br\/carisma\/#\/schema\/person\/image\/\",\"url\":\"https:\/\/secure.gravatar.com\/avatar\/d08aa2ce4c8dd416d4479aa8536fcf64?s=96&d=mm&r=g\",\"contentUrl\":\"https:\/\/secure.gravatar.com\/avatar\/d08aa2ce4c8dd416d4479aa8536fcf64?s=96&d=mm&r=g\",\"caption\":\"moacir\"},\"url\":\"https:\/\/franciscanos.org.br\/carisma\/author\/moacir\"}]}<\/script>\n<!-- \/ Yoast SEO plugin. -->","yoast_head_json":{"title":"Sauda\u00e7\u00e3o ao irm\u00e3o Paulo Machado da costa e silva, OFS - Carisma - Franciscanos","robots":{"index":"index","follow":"follow","max-snippet":"max-snippet:-1","max-image-preview":"max-image-preview:large","max-video-preview":"max-video-preview:-1"},"canonical":"https:\/\/franciscanos.org.br\/carisma\/saudacao-ao-irmao-paulo-machado-da-costa-e-silva-ofs.html","og_locale":"pt_BR","og_type":"article","og_title":"Sauda\u00e7\u00e3o ao irm\u00e3o Paulo Machado da costa e silva, OFS - Carisma - Franciscanos","og_description":"Texto de Rosalvo Mota, OFS","og_url":"https:\/\/franciscanos.org.br\/carisma\/saudacao-ao-irmao-paulo-machado-da-costa-e-silva-ofs.html","og_site_name":"Carisma - Franciscanos","article_published_time":"2019-03-19T17:39:52+00:00","article_modified_time":"2019-03-19T17:45:22+00:00","og_image":[{"width":273,"height":181,"url":"https:\/\/franciscanos.org.br\/carisma\/wp-content\/uploads\/2019\/03\/paulo_190319d.jpg","type":"image\/jpeg"}],"author":"moacir","twitter_card":"summary_large_image","twitter_misc":{"Escrito por":"moacir","Est. tempo de leitura":"3 minutos"},"schema":{"@context":"https:\/\/schema.org","@graph":[{"@type":"WebSite","@id":"https:\/\/franciscanos.org.br\/carisma\/#website","url":"https:\/\/franciscanos.org.br\/carisma\/","name":"Carisma - Franciscanos","description":"Prov\u00edncia Franciscana da Imaculada Concei\u00e7\u00e3o do Brasil - Ordem dos Frades Menores","potentialAction":[{"@type":"SearchAction","target":{"@type":"EntryPoint","urlTemplate":"https:\/\/franciscanos.org.br\/carisma\/?s={search_term_string}"},"query-input":"required name=search_term_string"}],"inLanguage":"pt-BR"},{"@type":"ImageObject","inLanguage":"pt-BR","@id":"https:\/\/franciscanos.org.br\/carisma\/saudacao-ao-irmao-paulo-machado-da-costa-e-silva-ofs.html#primaryimage","url":"https:\/\/franciscanos.org.br\/carisma\/wp-content\/uploads\/2019\/03\/paulo_190319d.jpg","contentUrl":"https:\/\/franciscanos.org.br\/carisma\/wp-content\/uploads\/2019\/03\/paulo_190319d.jpg","width":273,"height":181},{"@type":"WebPage","@id":"https:\/\/franciscanos.org.br\/carisma\/saudacao-ao-irmao-paulo-machado-da-costa-e-silva-ofs.html#webpage","url":"https:\/\/franciscanos.org.br\/carisma\/saudacao-ao-irmao-paulo-machado-da-costa-e-silva-ofs.html","name":"Sauda\u00e7\u00e3o ao irm\u00e3o Paulo Machado da costa e silva, OFS - Carisma - Franciscanos","isPartOf":{"@id":"https:\/\/franciscanos.org.br\/carisma\/#website"},"primaryImageOfPage":{"@id":"https:\/\/franciscanos.org.br\/carisma\/saudacao-ao-irmao-paulo-machado-da-costa-e-silva-ofs.html#primaryimage"},"datePublished":"2019-03-19T17:39:52+00:00","dateModified":"2019-03-19T17:45:22+00:00","author":{"@id":"https:\/\/franciscanos.org.br\/carisma\/#\/schema\/person\/bf14cae4d2151ab6b6e41d96660f93a2"},"breadcrumb":{"@id":"https:\/\/franciscanos.org.br\/carisma\/saudacao-ao-irmao-paulo-machado-da-costa-e-silva-ofs.html#breadcrumb"},"inLanguage":"pt-BR","potentialAction":[{"@type":"ReadAction","target":["https:\/\/franciscanos.org.br\/carisma\/saudacao-ao-irmao-paulo-machado-da-costa-e-silva-ofs.html"]}]},{"@type":"BreadcrumbList","@id":"https:\/\/franciscanos.org.br\/carisma\/saudacao-ao-irmao-paulo-machado-da-costa-e-silva-ofs.html#breadcrumb","itemListElement":[{"@type":"ListItem","position":1,"name":"Home","item":"https:\/\/franciscanos.org.br\/carisma"},{"@type":"ListItem","position":2,"name":"Sauda\u00e7\u00e3o ao irm\u00e3o Paulo Machado da costa e silva, OFS"}]},{"@type":"Person","@id":"https:\/\/franciscanos.org.br\/carisma\/#\/schema\/person\/bf14cae4d2151ab6b6e41d96660f93a2","name":"moacir","image":{"@type":"ImageObject","inLanguage":"pt-BR","@id":"https:\/\/franciscanos.org.br\/carisma\/#\/schema\/person\/image\/","url":"https:\/\/secure.gravatar.com\/avatar\/d08aa2ce4c8dd416d4479aa8536fcf64?s=96&d=mm&r=g","contentUrl":"https:\/\/secure.gravatar.com\/avatar\/d08aa2ce4c8dd416d4479aa8536fcf64?s=96&d=mm&r=g","caption":"moacir"},"url":"https:\/\/franciscanos.org.br\/carisma\/author\/moacir"}]}},"_links":{"self":[{"href":"https:\/\/franciscanos.org.br\/carisma\/wp-json\/wp\/v2\/posts\/175749"}],"collection":[{"href":"https:\/\/franciscanos.org.br\/carisma\/wp-json\/wp\/v2\/posts"}],"about":[{"href":"https:\/\/franciscanos.org.br\/carisma\/wp-json\/wp\/v2\/types\/post"}],"author":[{"embeddable":true,"href":"https:\/\/franciscanos.org.br\/carisma\/wp-json\/wp\/v2\/users\/3"}],"replies":[{"embeddable":true,"href":"https:\/\/franciscanos.org.br\/carisma\/wp-json\/wp\/v2\/comments?post=175749"}],"version-history":[{"count":2,"href":"https:\/\/franciscanos.org.br\/carisma\/wp-json\/wp\/v2\/posts\/175749\/revisions"}],"predecessor-version":[{"id":175753,"href":"https:\/\/franciscanos.org.br\/carisma\/wp-json\/wp\/v2\/posts\/175749\/revisions\/175753"}],"wp:featuredmedia":[{"embeddable":true,"href":"https:\/\/franciscanos.org.br\/carisma\/wp-json\/wp\/v2\/media\/175751"}],"wp:attachment":[{"href":"https:\/\/franciscanos.org.br\/carisma\/wp-json\/wp\/v2\/media?parent=175749"}],"wp:term":[{"taxonomy":"category","embeddable":true,"href":"https:\/\/franciscanos.org.br\/carisma\/wp-json\/wp\/v2\/categories?post=175749"},{"taxonomy":"post_tag","embeddable":true,"href":"https:\/\/franciscanos.org.br\/carisma\/wp-json\/wp\/v2\/tags?post=175749"}],"curies":[{"name":"wp","href":"https:\/\/api.w.org\/{rel}","templated":true}]}}