{"id":175729,"date":"2019-03-14T08:52:27","date_gmt":"2019-03-14T11:52:27","guid":{"rendered":"https:\/\/franciscanos.org.br\/carisma\/?p=175729"},"modified":"2019-03-14T08:52:27","modified_gmt":"2019-03-14T11:52:27","slug":"restaurar-a-igreja","status":"publish","type":"post","link":"https:\/\/franciscanos.org.br\/carisma\/restaurar-a-igreja.html","title":{"rendered":"Restaurar a Igreja"},"content":{"rendered":"<p><img loading=\"lazy\" class=\"size-full wp-image-175730 aligncenter\" src=\"https:\/\/franciscanos.org.br\/carisma\/wp-content\/uploads\/2019\/03\/damiao_1403.jpg\" alt=\"\" width=\"890\" height=\"502\" srcset=\"https:\/\/franciscanos.org.br\/carisma\/wp-content\/uploads\/2019\/03\/damiao_1403.jpg 890w, https:\/\/franciscanos.org.br\/carisma\/wp-content\/uploads\/2019\/03\/damiao_1403-450x254.jpg 450w, https:\/\/franciscanos.org.br\/carisma\/wp-content\/uploads\/2019\/03\/damiao_1403-768x433.jpg 768w, https:\/\/franciscanos.org.br\/carisma\/wp-content\/uploads\/2019\/03\/damiao_1403-150x85.jpg 150w\" sizes=\"(max-width: 890px) 100vw, 890px\" \/><\/p>\n<p><strong>ORDEM FRANCISCANA SECULAR<\/strong><\/p>\n<p><strong>Frei Almir Guimar\u00e3es<\/strong><\/p>\n<p style=\"padding-left: 30px;\"><em>Passando perto de S\u00e3o Dami\u00e3o, o Senhor inspirou Francisco que visitasse aquela igreja e orasse. Entrando, p\u00f4s-se em fervorosa ora\u00e7\u00e3o diante da imagem de um Crucifixo, o qual piedosa e benignamente lhe falou: \u201cFrancisco, n\u00e3o v\u00eas que a minha casa est\u00e1 em ru\u00ednas? Vai, pois, e restaura-a para mim\u201d. Tr\u00eamulo e at\u00f4nito, disse: \u201cCom muito boa vontade o farei, Senhor\u201d.<\/em><br \/>\n<strong>Tr\u00eas Companheiros, 13<\/strong><\/p>\n<p><strong>1.<\/strong> Francisco de Assis, num momento de sua vida, compreendeu que o Senhor queria que ele fosse reconstrutor da Igreja. Primeiramente, ele pensou que deveria ser pedreiro e trabalhar pela recupera\u00e7\u00e3o das capelas de sua cidade. Mais tarde ele e n\u00f3s compreendemos que os disc\u00edpulos do <em>Poverello<\/em>, com seu jeito de viver e com a for\u00e7a do Evangelho, sem postura de autorreferencialidade, colocam-se como oper\u00e1rios de uma Igreja conforme o cora\u00e7\u00e3o de Deus. Que colabora\u00e7\u00e3o os irm\u00e3os e irm\u00e3s da Penit\u00eancia podem dar no sentido de tornar cada vez mais belo o rosto da Esposa do Ressuscitado que \u00e9 a Igreja? Sentimo-nos muito \u00e0 vontade com o jeito de exercer seu minist\u00e9rio o Papa Francisco.<\/p>\n<p><strong>2<\/strong>. Inegavelmente, os franciscanos seculares s\u00e3o seguidores de Jesus vivo e ressuscitado. Querem e professam em sua vida de todos os dias seguir o Evangelho por meio de um compromisso que abarca toda sua vida. Fazem a profiss\u00e3o de seguir o Evangelho. \u201cAntes de tudo, n\u00f3s crentes devemos reavivar nossa ades\u00e3o profunda \u00e0 pessoa de Jesus Cristo. S\u00f3 quando vivermos \u201cseduzidos\u201d por ele e trabalhados pela for\u00e7a regeneradora de sua pessoa, poderemos transmitir hoje seu esp\u00edrito e sua vis\u00e3o de vida. Do contr\u00e1rio, proclamaremos com os l\u00e1bios doutrinas sublimes, mas vamos continuar vivendo uma f\u00e9 med\u00edocre e pouco convincente\u2019 (<em>Jos\u00e9 Antonio Pagola<\/em>).<\/p>\n<p><strong>3.<\/strong> Os franciscanos s\u00e3o pessoas que respeitam a vida, advogados da vida, porque a vida vem de Deus. Vida humana desde o feto, passando por todas as esta\u00e7\u00f5es da exist\u00eancia. Respeito pelas crian\u00e7as, pelos mais explorados da face da terra, pelas v\u00edtimas da sociedade da indiferen\u00e7a e da idolatria do mercado. Vida dos doentes, idosos, encarcerados. Respeito pela vida do que est\u00e3o se despedindo da vida. Respeito pela vida da casa comum que \u00e9 o planeta.<\/p>\n<p><strong>4.<\/strong> Por onde passam os franciscanos criam la\u00e7os com as pessoas. N\u00e3o s\u00e3o \u201cdiplomatas\u201d, quer dizer, n\u00e3o est\u00e3o a fim de agradar a todo mundo. Dizem a verdade com carinho e firmeza. S\u00e3o pessoas que constroem pontes. Tentam dirimir diverg\u00eancias. Fazem-se presentes nas associa\u00e7\u00f5es de bairro e nos grupos de pr\u00e9dios. Constituem presen\u00e7a significativa. S\u00e3o gente e gente de verdade.<\/p>\n<p><strong>5.<\/strong> Vivem com a preocupa\u00e7\u00e3o de que o Amor seja amado. Seu apostolado primeiro se faz pelo testemunho. Aceitam atividades evangelizadoras e pastorais nas par\u00f3quias e comunidades e as exercer\u00e3o de maneira franciscana. Est\u00e3o sempre dispostos a servir, se poss\u00edvel da maneira mais discreta poss\u00edvel.<\/p>\n<p><strong>6.<\/strong> Vivem um sadio dilaceramento entre o eremit\u00e9rio e o ir pelo mundo. Cultivam uma grande intimidade com o Senhor. Gostam dos salmos. Gostam da ora\u00e7\u00e3o no quarto, a portas fechadas, ora\u00e7\u00e3o que \u00e9 apenas e nada mais do que abra\u00e7o e acolhida do Senhor, do Amado, do Mist\u00e9rio. Andam querendo retiros espirituais em sil\u00eancio para refazerem o tecido espiritual esgar\u00e7ado com tanta fuga da verdade.<\/p>\n<p><strong>7<\/strong>. No vestir, no falar, no morar, no comer, no conviver s\u00e3o pessoas descomplicadas. Descomplicado \u00e9 o que \u00e9 simples, que n\u00e3o tem dobras e partes menos vis\u00edveis. N\u00e3o se fazem mais importantes do que s\u00e3o.<\/p>\n<p><strong>8<\/strong>. Vivem grande sensibilidade para com o fraterno: amam com amor de m\u00e3e. S\u00e3o capazes de quebrar o jejum da sexta-feira da paix\u00e3o para comer uvas com um irm\u00e3o desesperado de fome em sua enfermidade. Seu DNA \u00e9 o fraternismo.<\/p>\n<p><strong>9.<\/strong> Exercitam-se na arte da desapropria\u00e7\u00e3o. N\u00e3o s\u00e3o donos de si. Est\u00e3o nas m\u00e3os de Deus.<\/p>\n<p><strong>10.<\/strong> Reescrevem, enquanto podem, a vida de Cristo Jesus, o Evangelho em sua vida pessoal, no seio de suas fraternidades e com sua presen\u00e7a no meio do mundo.<\/p>\n<p><strong>11<\/strong>. S\u00e3o corteses. Exercem um verdadeiro minist\u00e9rio da cortesia. Ajoelham-se cavalheirescamente diante de seu Senhor. Reverenciam as chagas do leproso. S\u00e3o corteses com todo o criado.<\/p>\n<p><strong>12<\/strong>. N\u00e3o s\u00e3o \u201ccultuadores\u201d do poder. Gostam de refletir sobre o lava-p\u00e9s. Em sua casa, no trabalho servem&#8230;<\/p>\n<p><strong>13<\/strong>. Os franciscanos aprenderam e continuam aprendendo a dialogar, conversar, valorizar, construir pontes. N\u00e3o s\u00e3o intransigentes. Est\u00e3o \u00e0 vontade com os de dentro e os de fora. Fazem lugar em seus cora\u00e7\u00f5es para pessoas que seguem outros credos.<\/p>\n<hr \/>\n<p><strong>Para refletir<\/strong><\/p>\n<h2>Do fundamentalismo para o di\u00e1logo<\/h2>\n<p>O crescimento do fundamentalismo \u00e9 mais um aspecto de nosso tempo. Em termos gerais, pretende garantir com clareza e seguran\u00e7a a identidade atrav\u00e9s da nega\u00e7\u00e3o sistem\u00e1tica do outro, do diferente; tenta caminhos de justifica\u00e7\u00e3o para romper os la\u00e7os de uma humanidade comum; considera mais importante a perten\u00e7a a uma ideologia do que perten\u00e7a ao g\u00eanero humano, com necessidades e desejos comuns. Os defensores dessa ideologia baseiam-se na convic\u00e7\u00e3o de serem superiores: possuem a verdade e, a priori, consideram os outros no erro; n\u00e3o percebem a falta do di\u00e1logo. A tenta\u00e7\u00e3o do fundamentalismo \u00e9 uma amea\u00e7a para todos os grupos e para todos os campos: cient\u00edfico, religioso, pol\u00edtico, econ\u00f4mico, art\u00edstico&#8230; Do fundamentalismo brota a intoler\u00e2ncia, o autoritarismo, a coer\u00e7\u00e3o, o dogmatismo, o fanatismo, o sectarismo, o sexismo, o racismo, a xenofobia e todas as formas de nega\u00e7\u00e3o ou de domina\u00e7\u00e3o sobre o outro: no fundo constitui a ant\u00edtese da fraternidade universal, um caminho seguro para alimentar o \u00f3dio e a vingan\u00e7a.<\/p>\n<p><em>&#8220;O Senhor te d\u00ea a paz&#8221;, Documento do Cap\u00edtulo Geral da Ordem dos Frades Menores, Assis, Pentecostes de 2003, n. 14<\/em><\/p>\n","protected":false},"excerpt":{"rendered":"<p>Artigo de Frei Almir Guimar\u00e3es<\/p>\n","protected":false},"author":3,"featured_media":175731,"comment_status":"open","ping_status":"open","sticky":false,"template":"","format":"standard","meta":[],"categories":[14],"tags":[47],"yoast_head":"<!-- This site is optimized with the Yoast SEO plugin v19.2 - https:\/\/yoast.com\/wordpress\/plugins\/seo\/ -->\n<title>Restaurar a Igreja - Carisma - Franciscanos<\/title>\n<meta name=\"robots\" content=\"index, follow, max-snippet:-1, max-image-preview:large, max-video-preview:-1\" \/>\n<link rel=\"canonical\" href=\"https:\/\/franciscanos.org.br\/carisma\/restaurar-a-igreja.html\" \/>\n<meta property=\"og:locale\" content=\"pt_BR\" \/>\n<meta property=\"og:type\" content=\"article\" \/>\n<meta property=\"og:title\" content=\"Restaurar a Igreja - Carisma - Franciscanos\" \/>\n<meta property=\"og:description\" content=\"Artigo de Frei Almir Guimar\u00e3es\" \/>\n<meta property=\"og:url\" content=\"https:\/\/franciscanos.org.br\/carisma\/restaurar-a-igreja.html\" \/>\n<meta property=\"og:site_name\" content=\"Carisma - Franciscanos\" \/>\n<meta property=\"article:published_time\" content=\"2019-03-14T11:52:27+00:00\" \/>\n<meta property=\"og:image\" content=\"https:\/\/franciscanos.org.br\/carisma\/wp-content\/uploads\/2019\/03\/damiao_1403d.jpg\" \/>\n\t<meta property=\"og:image:width\" content=\"273\" \/>\n\t<meta property=\"og:image:height\" content=\"181\" \/>\n\t<meta property=\"og:image:type\" content=\"image\/jpeg\" \/>\n<meta name=\"author\" content=\"moacir\" \/>\n<meta name=\"twitter:card\" content=\"summary_large_image\" \/>\n<meta name=\"twitter:label1\" content=\"Escrito por\" \/>\n\t<meta name=\"twitter:data1\" content=\"moacir\" \/>\n\t<meta name=\"twitter:label2\" content=\"Est. tempo de leitura\" \/>\n\t<meta name=\"twitter:data2\" content=\"5 minutos\" \/>\n<script type=\"application\/ld+json\" class=\"yoast-schema-graph\">{\"@context\":\"https:\/\/schema.org\",\"@graph\":[{\"@type\":\"WebSite\",\"@id\":\"https:\/\/franciscanos.org.br\/carisma\/#website\",\"url\":\"https:\/\/franciscanos.org.br\/carisma\/\",\"name\":\"Carisma - Franciscanos\",\"description\":\"Prov\u00edncia Franciscana da Imaculada Concei\u00e7\u00e3o do Brasil - Ordem dos Frades Menores\",\"potentialAction\":[{\"@type\":\"SearchAction\",\"target\":{\"@type\":\"EntryPoint\",\"urlTemplate\":\"https:\/\/franciscanos.org.br\/carisma\/?s={search_term_string}\"},\"query-input\":\"required name=search_term_string\"}],\"inLanguage\":\"pt-BR\"},{\"@type\":\"ImageObject\",\"inLanguage\":\"pt-BR\",\"@id\":\"https:\/\/franciscanos.org.br\/carisma\/restaurar-a-igreja.html#primaryimage\",\"url\":\"https:\/\/franciscanos.org.br\/carisma\/wp-content\/uploads\/2019\/03\/damiao_1403d.jpg\",\"contentUrl\":\"https:\/\/franciscanos.org.br\/carisma\/wp-content\/uploads\/2019\/03\/damiao_1403d.jpg\",\"width\":273,\"height\":181},{\"@type\":\"WebPage\",\"@id\":\"https:\/\/franciscanos.org.br\/carisma\/restaurar-a-igreja.html#webpage\",\"url\":\"https:\/\/franciscanos.org.br\/carisma\/restaurar-a-igreja.html\",\"name\":\"Restaurar a Igreja - Carisma - Franciscanos\",\"isPartOf\":{\"@id\":\"https:\/\/franciscanos.org.br\/carisma\/#website\"},\"primaryImageOfPage\":{\"@id\":\"https:\/\/franciscanos.org.br\/carisma\/restaurar-a-igreja.html#primaryimage\"},\"datePublished\":\"2019-03-14T11:52:27+00:00\",\"dateModified\":\"2019-03-14T11:52:27+00:00\",\"author\":{\"@id\":\"https:\/\/franciscanos.org.br\/carisma\/#\/schema\/person\/bf14cae4d2151ab6b6e41d96660f93a2\"},\"breadcrumb\":{\"@id\":\"https:\/\/franciscanos.org.br\/carisma\/restaurar-a-igreja.html#breadcrumb\"},\"inLanguage\":\"pt-BR\",\"potentialAction\":[{\"@type\":\"ReadAction\",\"target\":[\"https:\/\/franciscanos.org.br\/carisma\/restaurar-a-igreja.html\"]}]},{\"@type\":\"BreadcrumbList\",\"@id\":\"https:\/\/franciscanos.org.br\/carisma\/restaurar-a-igreja.html#breadcrumb\",\"itemListElement\":[{\"@type\":\"ListItem\",\"position\":1,\"name\":\"Home\",\"item\":\"https:\/\/franciscanos.org.br\/carisma\"},{\"@type\":\"ListItem\",\"position\":2,\"name\":\"Restaurar a Igreja\"}]},{\"@type\":\"Person\",\"@id\":\"https:\/\/franciscanos.org.br\/carisma\/#\/schema\/person\/bf14cae4d2151ab6b6e41d96660f93a2\",\"name\":\"moacir\",\"image\":{\"@type\":\"ImageObject\",\"inLanguage\":\"pt-BR\",\"@id\":\"https:\/\/franciscanos.org.br\/carisma\/#\/schema\/person\/image\/\",\"url\":\"https:\/\/secure.gravatar.com\/avatar\/d08aa2ce4c8dd416d4479aa8536fcf64?s=96&d=mm&r=g\",\"contentUrl\":\"https:\/\/secure.gravatar.com\/avatar\/d08aa2ce4c8dd416d4479aa8536fcf64?s=96&d=mm&r=g\",\"caption\":\"moacir\"},\"url\":\"https:\/\/franciscanos.org.br\/carisma\/author\/moacir\"}]}<\/script>\n<!-- \/ Yoast SEO plugin. -->","yoast_head_json":{"title":"Restaurar a Igreja - Carisma - Franciscanos","robots":{"index":"index","follow":"follow","max-snippet":"max-snippet:-1","max-image-preview":"max-image-preview:large","max-video-preview":"max-video-preview:-1"},"canonical":"https:\/\/franciscanos.org.br\/carisma\/restaurar-a-igreja.html","og_locale":"pt_BR","og_type":"article","og_title":"Restaurar a Igreja - Carisma - Franciscanos","og_description":"Artigo de Frei Almir Guimar\u00e3es","og_url":"https:\/\/franciscanos.org.br\/carisma\/restaurar-a-igreja.html","og_site_name":"Carisma - Franciscanos","article_published_time":"2019-03-14T11:52:27+00:00","og_image":[{"width":273,"height":181,"url":"https:\/\/franciscanos.org.br\/carisma\/wp-content\/uploads\/2019\/03\/damiao_1403d.jpg","type":"image\/jpeg"}],"author":"moacir","twitter_card":"summary_large_image","twitter_misc":{"Escrito por":"moacir","Est. tempo de leitura":"5 minutos"},"schema":{"@context":"https:\/\/schema.org","@graph":[{"@type":"WebSite","@id":"https:\/\/franciscanos.org.br\/carisma\/#website","url":"https:\/\/franciscanos.org.br\/carisma\/","name":"Carisma - Franciscanos","description":"Prov\u00edncia Franciscana da Imaculada Concei\u00e7\u00e3o do Brasil - Ordem dos Frades Menores","potentialAction":[{"@type":"SearchAction","target":{"@type":"EntryPoint","urlTemplate":"https:\/\/franciscanos.org.br\/carisma\/?s={search_term_string}"},"query-input":"required name=search_term_string"}],"inLanguage":"pt-BR"},{"@type":"ImageObject","inLanguage":"pt-BR","@id":"https:\/\/franciscanos.org.br\/carisma\/restaurar-a-igreja.html#primaryimage","url":"https:\/\/franciscanos.org.br\/carisma\/wp-content\/uploads\/2019\/03\/damiao_1403d.jpg","contentUrl":"https:\/\/franciscanos.org.br\/carisma\/wp-content\/uploads\/2019\/03\/damiao_1403d.jpg","width":273,"height":181},{"@type":"WebPage","@id":"https:\/\/franciscanos.org.br\/carisma\/restaurar-a-igreja.html#webpage","url":"https:\/\/franciscanos.org.br\/carisma\/restaurar-a-igreja.html","name":"Restaurar a Igreja - Carisma - Franciscanos","isPartOf":{"@id":"https:\/\/franciscanos.org.br\/carisma\/#website"},"primaryImageOfPage":{"@id":"https:\/\/franciscanos.org.br\/carisma\/restaurar-a-igreja.html#primaryimage"},"datePublished":"2019-03-14T11:52:27+00:00","dateModified":"2019-03-14T11:52:27+00:00","author":{"@id":"https:\/\/franciscanos.org.br\/carisma\/#\/schema\/person\/bf14cae4d2151ab6b6e41d96660f93a2"},"breadcrumb":{"@id":"https:\/\/franciscanos.org.br\/carisma\/restaurar-a-igreja.html#breadcrumb"},"inLanguage":"pt-BR","potentialAction":[{"@type":"ReadAction","target":["https:\/\/franciscanos.org.br\/carisma\/restaurar-a-igreja.html"]}]},{"@type":"BreadcrumbList","@id":"https:\/\/franciscanos.org.br\/carisma\/restaurar-a-igreja.html#breadcrumb","itemListElement":[{"@type":"ListItem","position":1,"name":"Home","item":"https:\/\/franciscanos.org.br\/carisma"},{"@type":"ListItem","position":2,"name":"Restaurar a Igreja"}]},{"@type":"Person","@id":"https:\/\/franciscanos.org.br\/carisma\/#\/schema\/person\/bf14cae4d2151ab6b6e41d96660f93a2","name":"moacir","image":{"@type":"ImageObject","inLanguage":"pt-BR","@id":"https:\/\/franciscanos.org.br\/carisma\/#\/schema\/person\/image\/","url":"https:\/\/secure.gravatar.com\/avatar\/d08aa2ce4c8dd416d4479aa8536fcf64?s=96&d=mm&r=g","contentUrl":"https:\/\/secure.gravatar.com\/avatar\/d08aa2ce4c8dd416d4479aa8536fcf64?s=96&d=mm&r=g","caption":"moacir"},"url":"https:\/\/franciscanos.org.br\/carisma\/author\/moacir"}]}},"_links":{"self":[{"href":"https:\/\/franciscanos.org.br\/carisma\/wp-json\/wp\/v2\/posts\/175729"}],"collection":[{"href":"https:\/\/franciscanos.org.br\/carisma\/wp-json\/wp\/v2\/posts"}],"about":[{"href":"https:\/\/franciscanos.org.br\/carisma\/wp-json\/wp\/v2\/types\/post"}],"author":[{"embeddable":true,"href":"https:\/\/franciscanos.org.br\/carisma\/wp-json\/wp\/v2\/users\/3"}],"replies":[{"embeddable":true,"href":"https:\/\/franciscanos.org.br\/carisma\/wp-json\/wp\/v2\/comments?post=175729"}],"version-history":[{"count":1,"href":"https:\/\/franciscanos.org.br\/carisma\/wp-json\/wp\/v2\/posts\/175729\/revisions"}],"predecessor-version":[{"id":175732,"href":"https:\/\/franciscanos.org.br\/carisma\/wp-json\/wp\/v2\/posts\/175729\/revisions\/175732"}],"wp:featuredmedia":[{"embeddable":true,"href":"https:\/\/franciscanos.org.br\/carisma\/wp-json\/wp\/v2\/media\/175731"}],"wp:attachment":[{"href":"https:\/\/franciscanos.org.br\/carisma\/wp-json\/wp\/v2\/media?parent=175729"}],"wp:term":[{"taxonomy":"category","embeddable":true,"href":"https:\/\/franciscanos.org.br\/carisma\/wp-json\/wp\/v2\/categories?post=175729"},{"taxonomy":"post_tag","embeddable":true,"href":"https:\/\/franciscanos.org.br\/carisma\/wp-json\/wp\/v2\/tags?post=175729"}],"curies":[{"name":"wp","href":"https:\/\/api.w.org\/{rel}","templated":true}]}}